{"id":46150,"date":"2011-05-03T13:36:22","date_gmt":"2011-05-03T12:36:22","guid":{"rendered":"http:\/\/www.visit-ulcinj.com\/blog\/?p=46150"},"modified":"2011-05-05T15:23:25","modified_gmt":"2011-05-05T14:23:25","slug":"armend-milla-ne-top-33-kenget-e-top-fest-8","status":"publish","type":"post","link":"https:\/\/www.visit-ulcinj.com\/blog\/2011\/05\/03\/armend-milla-ne-top-33-kenget-e-top-fest-8\/","title":{"rendered":"Armend Milla ne TOP 33 kenget e Top fest 8"},"content":{"rendered":"<p><a href=\"http:\/\/www.visit-ulcinj.com\/blog\/wp-content\/uploads\/2011\/05\/Armend-Milla-ne-TOP-33-kenget-e-Top-fest-8.jpg\"><img loading=\"lazy\" class=\"alignleft size-full wp-image-46151\" title=\"Armend Milla ne TOP 33 kenget e Top fest 8\" src=\"http:\/\/www.visit-ulcinj.com\/blog\/wp-content\/uploads\/2011\/05\/Armend-Milla-ne-TOP-33-kenget-e-Top-fest-8.jpg\" alt=\"\" width=\"340\" height=\"540\" \/><\/a>Edicioni i 8 i Top Fest-it mbase ishte nje nder edicionet me te mira deri me tani sepse ne kete edicion pervec kengetareve te njohur te estrades shqipetare jane paraqitur edhe kengetare te rinj edhe talente te rinj. &gt;Gjithashtu duhet thene se ne kete edicion jane paraqitur shume kenge te mira dhe kualitative.<\/p>\n<p><strong>Lajme nga Ulqini: Armend, na trego pak me teper per Edicionin e Top Fest 8?<\/strong><br \/>\n<strong><br \/>\nArmendi:<\/strong> Edicioni i 8 i Top Festit eshte thjeshte nje kulminacion i talenteve dhe kengeve ne skenen Shqipetare. Eshte nje festival i kenges moderne qe eshte i cmuar nga vete fakti qe perfshin te gjitha rrymat e muzikes pa dallime. Duhet theksuar nje gje qe eshte shume e rendesishme dhe ajo eshte qe ne Top Fest 8 kendohet live, dhe kengetari me se miri cmohet kur kendon live sepse aty tregohet vertet kualiteti i kengetarit por edhe i kenges dhe performances ne pergjithsi.<\/p>\n<p><strong>Lajme nga Ulqini: Cfar mund te thuash per kengen tende &#8220;Bota Jone&#8221;?<\/strong><\/p>\n<p><strong>Armendi: <\/strong>Kenga &#8220;Bota jone\u201d eshte nje kenge qe paraqet thjesht nje melos Shqiptare, me motive etno duke perfshire gjithashtu muziken moderne ne prapavije. Thjesht kam qejf ta quaj nje kombinim i nje gjeje \u2018te vjeter\u2019 dhe nje gjeje \u2018te re \u2019 cka e ben akoma me interesante kengen. Kenga \u201cBota Jone\u201d eshte kompozuar nga Eduart Hallulli, violinist i shkelqyer qe 20 vite ka jetuar ne Viene te Austrise dhe i cili thjesht e perjeton melosin shqiptare ndryshe nga te tjeret. Domethene, vete fakti qe ai eshte i afte qe te kombinoj at \u2018te vjetren\u2019 dhe \u2018te rene\u2019 kjo e ben nje kompozitor te jete shquar ne at qe ben. Tekstin e ka shkruajtur nje shok i imi nga Tirana Andi Kazani, dhe teksti pershkruan jeten sociale te Shqiptareve.<\/p>\n<p><strong>Lajme nga Ulqini: Tani je ne TOP 33 kenget e Top Fest-it, cfar mund te na thuash per kete?<\/strong><\/p>\n<p><strong>Armendi:<\/strong> Eshte thjeshte nje kenaqsi e madhe te jem ne TOP 33 kenget, sidomos per faktin qe sa me teper qe jam i ngjitur ne skenen e Top Fest-it dhe punoj me orkestren e perkryer, me udheheqesin artistik Dorian Gjonin, dhe tere stafin e regjis dhe teknikes, duke mos lene anash edhe koleget kengetar, te jep nje ndjenj qe thjesht nuk mund te pershkruhet me fjale. Kjo ndjenj e bene akoma me te madhe konceptin e Top Fest-it. Jane 3 jave te gjysem finaleve dhe tani ka mbaruar java e dyte, pas javes se trete do kemi informacione se kush do kaloj ne finale domethene ne TOP 16 kenget me te mira te keti edicioni. Ne finale do ndahen edhe disa cmime tjera pervec cmimit te madh, si psh Best New Artist, Best Performance, Best Ballad etj.<\/p>\n<p><strong>Lajme nga Ulqini: Pjesmarrja jote ne \u2018Ethet\u2019 edhe pjesmarrja ne \u2018Top Fest 8\u2019?<\/strong><\/p>\n<p><strong>Armendi: <\/strong>Kur morra pjese te \u2018Ethet\u2019 isha vec 15 vjec, dhe ajo ishte nje ndjenj, nje eksperience, nje shoqeri qe thjesht do e mbaj mend tere jeten; me vjen edhe shume mire qe me shumicen e \u2018Etheisteve\u2019 kam mbetur ne kontakt dhe e kultivoj le te themi at shoqeri. Pasi mbaruan \u2018ethet\u2019, kaluan 6 vite, 4 nga ato ne studime ne Dubrovnik ne Kroaci, dhe tani prap jam ngjitur ne skenen Shqiptare, por tani me me shume eksperience, dhe si para 6 viteve si tani me rremben nje emocion qe nuk spjegohet dot me fjale, dhe ajo eshte thjesht nje kenaqsi e madhe per mua.<\/p>\n<p><strong>Lajme nga Ulqini:  Si perfundim, cilat jane planet e tua per te ardhmen ne muzike?<\/strong><\/p>\n<p><strong>Armendi: <\/strong>Po te ma shtronit kete pyetje para 3 muajve, pergjigja do ishte thjesht \u201cnuk e kam idene\u201d po ngaqe ma shtruat kete pyetje tani, pergjigja eshte qe kam nje ide\u2026Eduart Hallulli nuk eshte vetem kompozitori i kenges sime, ai thjesht eshte mik shume i mire i imi, dhe duke  biseduar kemi rene ne dakord qe pas projektit te Top Festit do bejme nje projekt apo kenge tjeter qe do shfaqet ne ndonje prej festivaleve te tjera, keshtu qe tani per tani do e leme surprize, por do jete nje kenge shume energjike dhe shume e mire. : )<\/p>\n<p><strong>Lajme nga Ulqini :<\/strong> P\u00ebr fund Armend Milla ju fal\u00ebnderojm\u00eb p\u00ebr intervist\u00ebn q\u00eb dhuruat p\u00ebr vizitor\u00ebt e Lajmeve nga Ulqini.<\/p>\n<p><strong>Armend Milla<\/strong><strong>:<\/strong> Ju falenderoj juve perzermersisht per kete interviste dhe ju uroj suksese ne punen tuaj!<\/p>\n<!--YouTube Error: bad URL entered-->\n","protected":false},"excerpt":{"rendered":"<p>Edicioni i 8 i Top Fest-it mbase ishte nje nder edicionet me te mira deri me tani sepse ne kete edicion pervec kengetareve te njohur te estrades shqipetare jane paraqitur edhe kengetare te rinj edhe talente te rinj. &gt;Gjithashtu duhet thene se ne kete edicion jane paraqitur shume kenge te mira dhe kualitative. Lajme nga [&hellip;]<\/p>\n","protected":false},"author":1,"featured_media":0,"comment_status":"open","ping_status":"closed","sticky":false,"template":"","format":"standard","meta":{"spay_email":"","jetpack_publicize_message":"","jetpack_is_tweetstorm":false,"jetpack_publicize_feature_enabled":true},"categories":[1],"tags":[18168,95,3797,17978,200,18],"jetpack_publicize_connections":[],"yoast_head":"<!-- This site is optimized with the Yoast SEO plugin v19.1 - https:\/\/yoast.com\/wordpress\/plugins\/seo\/ -->\n<title>Armend Milla ne TOP 33 kenget e Top fest 8 - Lajme nga Ulqini<\/title>\n<meta name=\"description\" content=\"Edicioni i 8 i Top Fest-it mbase ishte nje nder edicionet me te mira deri me tani sepse ne kete edicion pervec kengetareve te njohur te estrades\" \/>\n<meta name=\"robots\" content=\"index, follow, max-snippet:-1, max-image-preview:large, max-video-preview:-1\" \/>\n<link rel=\"canonical\" href=\"https:\/\/www.visit-ulcinj.com\/blog\/2011\/05\/03\/armend-milla-ne-top-33-kenget-e-top-fest-8\/\" \/>\n<meta property=\"og:locale\" content=\"en_US\" \/>\n<meta property=\"og:type\" content=\"article\" \/>\n<meta property=\"og:title\" content=\"Armend Milla ne TOP 33 kenget e Top fest 8 - Lajme nga Ulqini\" \/>\n<meta property=\"og:description\" content=\"Edicioni i 8 i Top Fest-it mbase ishte nje nder edicionet me te mira deri me tani sepse ne kete edicion pervec kengetareve te njohur te estrades\" \/>\n<meta property=\"og:url\" content=\"https:\/\/www.visit-ulcinj.com\/blog\/2011\/05\/03\/armend-milla-ne-top-33-kenget-e-top-fest-8\/\" \/>\n<meta property=\"og:site_name\" content=\"Lajme nga Ulqini\" \/>\n<meta property=\"article:published_time\" content=\"2011-05-03T12:36:22+00:00\" \/>\n<meta property=\"article:modified_time\" content=\"2011-05-05T14:23:25+00:00\" \/>\n<meta property=\"og:image\" content=\"http:\/\/www.visit-ulcinj.com\/blog\/wp-content\/uploads\/2011\/05\/Armend-Milla-ne-TOP-33-kenget-e-Top-fest-8.jpg\" \/>\n<meta name=\"twitter:label1\" content=\"Written by\" \/>\n\t<meta name=\"twitter:data1\" content=\"ulqini\" \/>\n\t<meta name=\"twitter:label2\" content=\"Est. reading time\" \/>\n\t<meta name=\"twitter:data2\" content=\"4 minutes\" \/>\n<script type=\"application\/ld+json\" class=\"yoast-schema-graph\">{\"@context\":\"https:\/\/schema.org\",\"@graph\":[{\"@type\":\"WebSite\",\"@id\":\"https:\/\/www.visit-ulcinj.com\/blog\/#website\",\"url\":\"https:\/\/www.visit-ulcinj.com\/blog\/\",\"name\":\"Lajme nga Ulqini\",\"description\":\"Lajme,Vijesti,Ulqini,Ulqin,Crna Gora,Mali i Zi\",\"potentialAction\":[{\"@type\":\"SearchAction\",\"target\":{\"@type\":\"EntryPoint\",\"urlTemplate\":\"https:\/\/www.visit-ulcinj.com\/blog\/?s={search_term_string}\"},\"query-input\":\"required name=search_term_string\"}],\"inLanguage\":\"en-US\"},{\"@type\":\"ImageObject\",\"inLanguage\":\"en-US\",\"@id\":\"https:\/\/www.visit-ulcinj.com\/blog\/2011\/05\/03\/armend-milla-ne-top-33-kenget-e-top-fest-8\/#primaryimage\",\"url\":\"http:\/\/www.visit-ulcinj.com\/blog\/wp-content\/uploads\/2011\/05\/Armend-Milla-ne-TOP-33-kenget-e-Top-fest-8.jpg\",\"contentUrl\":\"http:\/\/www.visit-ulcinj.com\/blog\/wp-content\/uploads\/2011\/05\/Armend-Milla-ne-TOP-33-kenget-e-Top-fest-8.jpg\"},{\"@type\":\"WebPage\",\"@id\":\"https:\/\/www.visit-ulcinj.com\/blog\/2011\/05\/03\/armend-milla-ne-top-33-kenget-e-top-fest-8\/#webpage\",\"url\":\"https:\/\/www.visit-ulcinj.com\/blog\/2011\/05\/03\/armend-milla-ne-top-33-kenget-e-top-fest-8\/\",\"name\":\"Armend Milla ne TOP 33 kenget e Top fest 8 - Lajme nga Ulqini\",\"isPartOf\":{\"@id\":\"https:\/\/www.visit-ulcinj.com\/blog\/#website\"},\"primaryImageOfPage\":{\"@id\":\"https:\/\/www.visit-ulcinj.com\/blog\/2011\/05\/03\/armend-milla-ne-top-33-kenget-e-top-fest-8\/#primaryimage\"},\"datePublished\":\"2011-05-03T12:36:22+00:00\",\"dateModified\":\"2011-05-05T14:23:25+00:00\",\"author\":{\"@id\":\"https:\/\/www.visit-ulcinj.com\/blog\/#\/schema\/person\/dcab619c614d3038751c63bc2aadc06d\"},\"description\":\"Edicioni i 8 i Top Fest-it mbase ishte nje nder edicionet me te mira deri me tani sepse ne kete edicion pervec kengetareve te njohur te estrades\",\"breadcrumb\":{\"@id\":\"https:\/\/www.visit-ulcinj.com\/blog\/2011\/05\/03\/armend-milla-ne-top-33-kenget-e-top-fest-8\/#breadcrumb\"},\"inLanguage\":\"en-US\",\"potentialAction\":[{\"@type\":\"ReadAction\",\"target\":[\"https:\/\/www.visit-ulcinj.com\/blog\/2011\/05\/03\/armend-milla-ne-top-33-kenget-e-top-fest-8\/\"]}]},{\"@type\":\"BreadcrumbList\",\"@id\":\"https:\/\/www.visit-ulcinj.com\/blog\/2011\/05\/03\/armend-milla-ne-top-33-kenget-e-top-fest-8\/#breadcrumb\",\"itemListElement\":[{\"@type\":\"ListItem\",\"position\":1,\"name\":\"Armend Milla ne TOP 33 kenget e Top fest 8\"}]},{\"@type\":\"Person\",\"@id\":\"https:\/\/www.visit-ulcinj.com\/blog\/#\/schema\/person\/dcab619c614d3038751c63bc2aadc06d\",\"name\":\"ulqini\",\"sameAs\":[\"http:\/\/www.visit-ulcinj.com\"],\"url\":\"https:\/\/www.visit-ulcinj.com\/blog\/author\/admin\/\"}]}<\/script>\n<!-- \/ Yoast SEO plugin. -->","yoast_head_json":{"title":"Armend Milla ne TOP 33 kenget e Top fest 8 - Lajme nga Ulqini","description":"Edicioni i 8 i Top Fest-it mbase ishte nje nder edicionet me te mira deri me tani sepse ne kete edicion pervec kengetareve te njohur te estrades","robots":{"index":"index","follow":"follow","max-snippet":"max-snippet:-1","max-image-preview":"max-image-preview:large","max-video-preview":"max-video-preview:-1"},"canonical":"https:\/\/www.visit-ulcinj.com\/blog\/2011\/05\/03\/armend-milla-ne-top-33-kenget-e-top-fest-8\/","og_locale":"en_US","og_type":"article","og_title":"Armend Milla ne TOP 33 kenget e Top fest 8 - Lajme nga Ulqini","og_description":"Edicioni i 8 i Top Fest-it mbase ishte nje nder edicionet me te mira deri me tani sepse ne kete edicion pervec kengetareve te njohur te estrades","og_url":"https:\/\/www.visit-ulcinj.com\/blog\/2011\/05\/03\/armend-milla-ne-top-33-kenget-e-top-fest-8\/","og_site_name":"Lajme nga Ulqini","article_published_time":"2011-05-03T12:36:22+00:00","article_modified_time":"2011-05-05T14:23:25+00:00","og_image":[{"url":"http:\/\/www.visit-ulcinj.com\/blog\/wp-content\/uploads\/2011\/05\/Armend-Milla-ne-TOP-33-kenget-e-Top-fest-8.jpg"}],"twitter_misc":{"Written by":"ulqini","Est. reading time":"4 minutes"},"schema":{"@context":"https:\/\/schema.org","@graph":[{"@type":"WebSite","@id":"https:\/\/www.visit-ulcinj.com\/blog\/#website","url":"https:\/\/www.visit-ulcinj.com\/blog\/","name":"Lajme nga Ulqini","description":"Lajme,Vijesti,Ulqini,Ulqin,Crna Gora,Mali i Zi","potentialAction":[{"@type":"SearchAction","target":{"@type":"EntryPoint","urlTemplate":"https:\/\/www.visit-ulcinj.com\/blog\/?s={search_term_string}"},"query-input":"required name=search_term_string"}],"inLanguage":"en-US"},{"@type":"ImageObject","inLanguage":"en-US","@id":"https:\/\/www.visit-ulcinj.com\/blog\/2011\/05\/03\/armend-milla-ne-top-33-kenget-e-top-fest-8\/#primaryimage","url":"http:\/\/www.visit-ulcinj.com\/blog\/wp-content\/uploads\/2011\/05\/Armend-Milla-ne-TOP-33-kenget-e-Top-fest-8.jpg","contentUrl":"http:\/\/www.visit-ulcinj.com\/blog\/wp-content\/uploads\/2011\/05\/Armend-Milla-ne-TOP-33-kenget-e-Top-fest-8.jpg"},{"@type":"WebPage","@id":"https:\/\/www.visit-ulcinj.com\/blog\/2011\/05\/03\/armend-milla-ne-top-33-kenget-e-top-fest-8\/#webpage","url":"https:\/\/www.visit-ulcinj.com\/blog\/2011\/05\/03\/armend-milla-ne-top-33-kenget-e-top-fest-8\/","name":"Armend Milla ne TOP 33 kenget e Top fest 8 - Lajme nga Ulqini","isPartOf":{"@id":"https:\/\/www.visit-ulcinj.com\/blog\/#website"},"primaryImageOfPage":{"@id":"https:\/\/www.visit-ulcinj.com\/blog\/2011\/05\/03\/armend-milla-ne-top-33-kenget-e-top-fest-8\/#primaryimage"},"datePublished":"2011-05-03T12:36:22+00:00","dateModified":"2011-05-05T14:23:25+00:00","author":{"@id":"https:\/\/www.visit-ulcinj.com\/blog\/#\/schema\/person\/dcab619c614d3038751c63bc2aadc06d"},"description":"Edicioni i 8 i Top Fest-it mbase ishte nje nder edicionet me te mira deri me tani sepse ne kete edicion pervec kengetareve te njohur te estrades","breadcrumb":{"@id":"https:\/\/www.visit-ulcinj.com\/blog\/2011\/05\/03\/armend-milla-ne-top-33-kenget-e-top-fest-8\/#breadcrumb"},"inLanguage":"en-US","potentialAction":[{"@type":"ReadAction","target":["https:\/\/www.visit-ulcinj.com\/blog\/2011\/05\/03\/armend-milla-ne-top-33-kenget-e-top-fest-8\/"]}]},{"@type":"BreadcrumbList","@id":"https:\/\/www.visit-ulcinj.com\/blog\/2011\/05\/03\/armend-milla-ne-top-33-kenget-e-top-fest-8\/#breadcrumb","itemListElement":[{"@type":"ListItem","position":1,"name":"Armend Milla ne TOP 33 kenget e Top fest 8"}]},{"@type":"Person","@id":"https:\/\/www.visit-ulcinj.com\/blog\/#\/schema\/person\/dcab619c614d3038751c63bc2aadc06d","name":"ulqini","sameAs":["http:\/\/www.visit-ulcinj.com"],"url":"https:\/\/www.visit-ulcinj.com\/blog\/author\/admin\/"}]}},"jetpack_featured_media_url":"","jetpack_sharing_enabled":true,"jetpack_shortlink":"https:\/\/wp.me\/pe6lTn-c0m","_links":{"self":[{"href":"https:\/\/www.visit-ulcinj.com\/blog\/wp-json\/wp\/v2\/posts\/46150"}],"collection":[{"href":"https:\/\/www.visit-ulcinj.com\/blog\/wp-json\/wp\/v2\/posts"}],"about":[{"href":"https:\/\/www.visit-ulcinj.com\/blog\/wp-json\/wp\/v2\/types\/post"}],"author":[{"embeddable":true,"href":"https:\/\/www.visit-ulcinj.com\/blog\/wp-json\/wp\/v2\/users\/1"}],"replies":[{"embeddable":true,"href":"https:\/\/www.visit-ulcinj.com\/blog\/wp-json\/wp\/v2\/comments?post=46150"}],"version-history":[{"count":0,"href":"https:\/\/www.visit-ulcinj.com\/blog\/wp-json\/wp\/v2\/posts\/46150\/revisions"}],"wp:attachment":[{"href":"https:\/\/www.visit-ulcinj.com\/blog\/wp-json\/wp\/v2\/media?parent=46150"}],"wp:term":[{"taxonomy":"category","embeddable":true,"href":"https:\/\/www.visit-ulcinj.com\/blog\/wp-json\/wp\/v2\/categories?post=46150"},{"taxonomy":"post_tag","embeddable":true,"href":"https:\/\/www.visit-ulcinj.com\/blog\/wp-json\/wp\/v2\/tags?post=46150"}],"curies":[{"name":"wp","href":"https:\/\/api.w.org\/{rel}","templated":true}]}}