{"id":46167,"date":"2011-05-03T17:08:53","date_gmt":"2011-05-03T16:08:53","guid":{"rendered":"http:\/\/www.visit-ulcinj.com\/blog\/?p=46167"},"modified":"2011-05-04T14:56:28","modified_gmt":"2011-05-04T13:56:28","slug":"floktar-berber-salon-cufi","status":"publish","type":"post","link":"https:\/\/www.visit-ulcinj.com\/blog\/2011\/05\/03\/floktar-berber-salon-cufi\/","title":{"rendered":"Floktar, berber salon CUFI"},"content":{"rendered":"<p><a href=\"http:\/\/www.visit-ulcinj.com\/blog\/wp-content\/uploads\/2011\/05\/Cufo-Frizer_Ulqin.jpg\"><img loading=\"lazy\" class=\"alignleft size-full wp-image-46168\" title=\"Cufo Frizer_Ulqin\" src=\"http:\/\/www.visit-ulcinj.com\/blog\/wp-content\/uploads\/2011\/05\/Cufo-Frizer_Ulqin.jpg\" alt=\"\" width=\"508\" height=\"620\" \/><\/a>Nj\u00eb virtuoz p\u00ebr flok\u00ebt e juaj&#8230;nj\u00eb mjesht\u00ebr e frizurave t\u00eb ndryshme, duke filluar nga ato klasike deri te ato moderne..<br \/>\n Ke Cufi &#8220;qethen&#8221; t\u00eb thom\u00eb m\u00eb mir\u00eb &#8220;friziraten&#8221; persona t\u00eb bot\u00ebs politike, sporti, f\u00ebmi t\u00eb cil\u00ebt i sjellin prind\u00ebrit, dhe ato t\u00eb moshuarit.. Vin nga Rana, Kalaja, Pazari dhe rethina,..t\u00eb gjith\u00eb e njohin..<br \/>\n\u00cbsht\u00eb nj\u00eb njeri i sinqert\u00eb, modest dhe i &#8220;but\u00eb&#8221; si\u00e7 thot\u00eb populli yn\u00eb&#8230;gjithmon\u00eb ju pret\u00eb me nj\u00eb shprehje e cila m\u00eb duket se \u00ebsht\u00eb karakteristike ve\u00e7 p\u00ebr Cufin,.. &#8220;ku je, t\u00eb pres\u00eb tash disa dit\u00eb&#8221;..dhe k\u00ebshtu vazhdon biseda..\u00ebsht\u00eb i informuar p\u00ebr t\u00eb gjitha ngjarjet nga bota e politik\u00ebs dhe asaj &#8220;tjetr\u00ebs&#8221;..<br \/>\nCufi \u00ebsht\u00eb nj\u00eb kombinim i nj\u00eb &#8220;berberi&#8221; i jasht\u00ebzakon\u00ebsh\u00ebm i Pazarit ton\u00eb, i cili e ruan tradit\u00ebn e asaj qendre aq\u00eb t\u00eb njohur te zemr\u00ebs te qytetit ton\u00eb,..me k\u00ebt\u00eb bashkohoren, moderne&#8230;<\/p>\n<p><a href=\"http:\/\/www.visit-ulcinj.com\/blog\/wp-content\/uploads\/2011\/05\/Cufo-Frizer_Ulqin.1.jpg\"><img loading=\"lazy\" class=\"alignleft size-medium wp-image-46169\" title=\"Cufo Frizer_Ulqin.1\" src=\"http:\/\/www.visit-ulcinj.com\/blog\/wp-content\/uploads\/2011\/05\/Cufo-Frizer_Ulqin.1-225x300.jpg\" alt=\"\" width=\"225\" height=\"300\" srcset=\"https:\/\/www.visit-ulcinj.com\/blog\/wp-content\/uploads\/2011\/05\/Cufo-Frizer_Ulqin.1-225x300.jpg 225w, https:\/\/www.visit-ulcinj.com\/blog\/wp-content\/uploads\/2011\/05\/Cufo-Frizer_Ulqin.1.jpg 540w\" sizes=\"(max-width: 225px) 100vw, 225px\" \/><\/a>Cufi \u00ebsht\u00eb nj\u00eb njeri i cili i adaptohet &#8220;myshterive&#8221; dhe p\u00ebr \u00e7do &#8220;myshteri&#8221;, pavarur nga mosha e ka t\u00eb &#8220;pregaditur&#8221; tem\u00ebn..<br \/>\nBejtexhit e Ulqinit kishin me th\u00ebn\u00eb se e ka &#8220;xhevapin n\u00eb xhep&#8221; gjithmon\u00eb, p\u00ebr secilin&#8230;<br \/>\n&#8220;Butiku&#8221; n\u00eb t\u00eb cilin mund\u00eb t\u00eb fitoni nj\u00eb pamje m\u00eb t\u00eb bukur dhe m\u00eb t\u00eb mir\u00eb gjendet p\u00ebrball\u00eb gjimnazit..<br \/>\nDuart e k\u00ebti mjeshtri, pas nj\u00eb &#8220;terapie&#8221; normale me siguri do t\u00eb ju sjellin nj\u00eb disponim m\u00eb t\u00eb mir\u00eb&#8230;<br \/>\nCufi e ka m\u00ebsuar &#8220;zanatin&#8221;ke Bylo Sadiku n\u00eb qend\u00ebr t\u00eb Pazarit ..dhe pas nj\u00eb kohe t\u00eb gjat\u00eb n\u00ebn patronatin e k\u00ebtij mjeshtri, ka vazhduar pun\u00ebn si &#8220;frizer&#8221; duke e ushtru k\u00ebt\u00eb mjeshtri deri n\u00eb perfekcioniz\u00ebm..<\/p>\n<p>&nbsp;<\/p>\n<p><strong><a href=\"http:\/\/www.facebook.com\/profile.php?id=1359492972\">Ismet Karamanaga Facebook<\/a><\/strong><br \/>\n<!--YouTube Error: bad URL entered--><\/p>\n","protected":false},"excerpt":{"rendered":"<p>Nj\u00eb virtuoz p\u00ebr flok\u00ebt e juaj&#8230;nj\u00eb mjesht\u00ebr e frizurave t\u00eb ndryshme, duke filluar nga ato klasike deri te ato moderne.. Ke Cufi &#8220;qethen&#8221; t\u00eb thom\u00eb m\u00eb mir\u00eb &#8220;friziraten&#8221; persona t\u00eb bot\u00ebs politike, sporti, f\u00ebmi t\u00eb cil\u00ebt i sjellin prind\u00ebrit, dhe ato t\u00eb moshuarit.. Vin nga Rana, Kalaja, Pazari dhe rethina,..t\u00eb gjith\u00eb e njohin.. \u00cbsht\u00eb nj\u00eb [&hellip;]<\/p>\n","protected":false},"author":1,"featured_media":0,"comment_status":"open","ping_status":"closed","sticky":false,"template":"","format":"standard","meta":{"spay_email":"","jetpack_publicize_message":"","jetpack_is_tweetstorm":false,"jetpack_publicize_feature_enabled":true},"categories":[11],"tags":[18170,19,200,18],"jetpack_publicize_connections":[],"yoast_head":"<!-- This site is optimized with the Yoast SEO plugin v19.1 - https:\/\/yoast.com\/wordpress\/plugins\/seo\/ -->\n<title>Floktar, berber salon CUFI - Lajme nga Ulqini<\/title>\n<meta name=\"description\" content=\"Nj\u00eb virtuoz p\u00ebr flok\u00ebt e juaj...nj\u00eb mjesht\u00ebr e frizurave t\u00eb ndryshme, duke filluar nga ato klasike deri te ato moderne.. Ke Cufi &quot;qethen&quot; t\u00eb thom\u00eb m\u00eb mir\u00eb\" \/>\n<meta name=\"robots\" content=\"index, follow, max-snippet:-1, max-image-preview:large, max-video-preview:-1\" \/>\n<link rel=\"canonical\" href=\"https:\/\/www.visit-ulcinj.com\/blog\/2011\/05\/03\/floktar-berber-salon-cufi\/\" \/>\n<meta property=\"og:locale\" content=\"en_US\" \/>\n<meta property=\"og:type\" content=\"article\" \/>\n<meta property=\"og:title\" content=\"Floktar, berber salon CUFI - Lajme nga Ulqini\" \/>\n<meta property=\"og:description\" content=\"Nj\u00eb virtuoz p\u00ebr flok\u00ebt e juaj...nj\u00eb mjesht\u00ebr e frizurave t\u00eb ndryshme, duke filluar nga ato klasike deri te ato moderne.. Ke Cufi &quot;qethen&quot; t\u00eb thom\u00eb m\u00eb mir\u00eb\" \/>\n<meta property=\"og:url\" content=\"https:\/\/www.visit-ulcinj.com\/blog\/2011\/05\/03\/floktar-berber-salon-cufi\/\" \/>\n<meta property=\"og:site_name\" content=\"Lajme nga Ulqini\" \/>\n<meta property=\"article:published_time\" content=\"2011-05-03T16:08:53+00:00\" \/>\n<meta property=\"article:modified_time\" content=\"2011-05-04T13:56:28+00:00\" \/>\n<meta property=\"og:image\" content=\"http:\/\/www.visit-ulcinj.com\/blog\/wp-content\/uploads\/2011\/05\/Cufo-Frizer_Ulqin.jpg\" \/>\n<meta name=\"twitter:label1\" content=\"Written by\" \/>\n\t<meta name=\"twitter:data1\" content=\"ulqini\" \/>\n\t<meta name=\"twitter:label2\" content=\"Est. reading time\" \/>\n\t<meta name=\"twitter:data2\" content=\"1 minute\" \/>\n<script type=\"application\/ld+json\" class=\"yoast-schema-graph\">{\"@context\":\"https:\/\/schema.org\",\"@graph\":[{\"@type\":\"WebSite\",\"@id\":\"https:\/\/www.visit-ulcinj.com\/blog\/#website\",\"url\":\"https:\/\/www.visit-ulcinj.com\/blog\/\",\"name\":\"Lajme nga Ulqini\",\"description\":\"Lajme,Vijesti,Ulqini,Ulqin,Crna Gora,Mali i Zi\",\"potentialAction\":[{\"@type\":\"SearchAction\",\"target\":{\"@type\":\"EntryPoint\",\"urlTemplate\":\"https:\/\/www.visit-ulcinj.com\/blog\/?s={search_term_string}\"},\"query-input\":\"required name=search_term_string\"}],\"inLanguage\":\"en-US\"},{\"@type\":\"ImageObject\",\"inLanguage\":\"en-US\",\"@id\":\"https:\/\/www.visit-ulcinj.com\/blog\/2011\/05\/03\/floktar-berber-salon-cufi\/#primaryimage\",\"url\":\"https:\/\/www.visit-ulcinj.com\/blog\/wp-content\/uploads\/2011\/05\/Cufo-Frizer_Ulqin.jpg\",\"contentUrl\":\"https:\/\/www.visit-ulcinj.com\/blog\/wp-content\/uploads\/2011\/05\/Cufo-Frizer_Ulqin.jpg\",\"width\":\"540\",\"height\":\"720\"},{\"@type\":\"WebPage\",\"@id\":\"https:\/\/www.visit-ulcinj.com\/blog\/2011\/05\/03\/floktar-berber-salon-cufi\/#webpage\",\"url\":\"https:\/\/www.visit-ulcinj.com\/blog\/2011\/05\/03\/floktar-berber-salon-cufi\/\",\"name\":\"Floktar, berber salon CUFI - Lajme nga Ulqini\",\"isPartOf\":{\"@id\":\"https:\/\/www.visit-ulcinj.com\/blog\/#website\"},\"primaryImageOfPage\":{\"@id\":\"https:\/\/www.visit-ulcinj.com\/blog\/2011\/05\/03\/floktar-berber-salon-cufi\/#primaryimage\"},\"datePublished\":\"2011-05-03T16:08:53+00:00\",\"dateModified\":\"2011-05-04T13:56:28+00:00\",\"author\":{\"@id\":\"https:\/\/www.visit-ulcinj.com\/blog\/#\/schema\/person\/dcab619c614d3038751c63bc2aadc06d\"},\"description\":\"Nj\u00eb virtuoz p\u00ebr flok\u00ebt e juaj...nj\u00eb mjesht\u00ebr e frizurave t\u00eb ndryshme, duke filluar nga ato klasike deri te ato moderne.. Ke Cufi \\\"qethen\\\" t\u00eb thom\u00eb m\u00eb mir\u00eb\",\"breadcrumb\":{\"@id\":\"https:\/\/www.visit-ulcinj.com\/blog\/2011\/05\/03\/floktar-berber-salon-cufi\/#breadcrumb\"},\"inLanguage\":\"en-US\",\"potentialAction\":[{\"@type\":\"ReadAction\",\"target\":[\"https:\/\/www.visit-ulcinj.com\/blog\/2011\/05\/03\/floktar-berber-salon-cufi\/\"]}]},{\"@type\":\"BreadcrumbList\",\"@id\":\"https:\/\/www.visit-ulcinj.com\/blog\/2011\/05\/03\/floktar-berber-salon-cufi\/#breadcrumb\",\"itemListElement\":[{\"@type\":\"ListItem\",\"position\":1,\"name\":\"Floktar, berber salon CUFI\"}]},{\"@type\":\"Person\",\"@id\":\"https:\/\/www.visit-ulcinj.com\/blog\/#\/schema\/person\/dcab619c614d3038751c63bc2aadc06d\",\"name\":\"ulqini\",\"sameAs\":[\"http:\/\/www.visit-ulcinj.com\"],\"url\":\"https:\/\/www.visit-ulcinj.com\/blog\/author\/admin\/\"}]}<\/script>\n<!-- \/ Yoast SEO plugin. -->","yoast_head_json":{"title":"Floktar, berber salon CUFI - Lajme nga Ulqini","description":"Nj\u00eb virtuoz p\u00ebr flok\u00ebt e juaj...nj\u00eb mjesht\u00ebr e frizurave t\u00eb ndryshme, duke filluar nga ato klasike deri te ato moderne.. Ke Cufi \"qethen\" t\u00eb thom\u00eb m\u00eb mir\u00eb","robots":{"index":"index","follow":"follow","max-snippet":"max-snippet:-1","max-image-preview":"max-image-preview:large","max-video-preview":"max-video-preview:-1"},"canonical":"https:\/\/www.visit-ulcinj.com\/blog\/2011\/05\/03\/floktar-berber-salon-cufi\/","og_locale":"en_US","og_type":"article","og_title":"Floktar, berber salon CUFI - Lajme nga Ulqini","og_description":"Nj\u00eb virtuoz p\u00ebr flok\u00ebt e juaj...nj\u00eb mjesht\u00ebr e frizurave t\u00eb ndryshme, duke filluar nga ato klasike deri te ato moderne.. Ke Cufi \"qethen\" t\u00eb thom\u00eb m\u00eb mir\u00eb","og_url":"https:\/\/www.visit-ulcinj.com\/blog\/2011\/05\/03\/floktar-berber-salon-cufi\/","og_site_name":"Lajme nga Ulqini","article_published_time":"2011-05-03T16:08:53+00:00","article_modified_time":"2011-05-04T13:56:28+00:00","og_image":[{"url":"http:\/\/www.visit-ulcinj.com\/blog\/wp-content\/uploads\/2011\/05\/Cufo-Frizer_Ulqin.jpg"}],"twitter_misc":{"Written by":"ulqini","Est. reading time":"1 minute"},"schema":{"@context":"https:\/\/schema.org","@graph":[{"@type":"WebSite","@id":"https:\/\/www.visit-ulcinj.com\/blog\/#website","url":"https:\/\/www.visit-ulcinj.com\/blog\/","name":"Lajme nga Ulqini","description":"Lajme,Vijesti,Ulqini,Ulqin,Crna Gora,Mali i Zi","potentialAction":[{"@type":"SearchAction","target":{"@type":"EntryPoint","urlTemplate":"https:\/\/www.visit-ulcinj.com\/blog\/?s={search_term_string}"},"query-input":"required name=search_term_string"}],"inLanguage":"en-US"},{"@type":"ImageObject","inLanguage":"en-US","@id":"https:\/\/www.visit-ulcinj.com\/blog\/2011\/05\/03\/floktar-berber-salon-cufi\/#primaryimage","url":"https:\/\/www.visit-ulcinj.com\/blog\/wp-content\/uploads\/2011\/05\/Cufo-Frizer_Ulqin.jpg","contentUrl":"https:\/\/www.visit-ulcinj.com\/blog\/wp-content\/uploads\/2011\/05\/Cufo-Frizer_Ulqin.jpg","width":"540","height":"720"},{"@type":"WebPage","@id":"https:\/\/www.visit-ulcinj.com\/blog\/2011\/05\/03\/floktar-berber-salon-cufi\/#webpage","url":"https:\/\/www.visit-ulcinj.com\/blog\/2011\/05\/03\/floktar-berber-salon-cufi\/","name":"Floktar, berber salon CUFI - Lajme nga Ulqini","isPartOf":{"@id":"https:\/\/www.visit-ulcinj.com\/blog\/#website"},"primaryImageOfPage":{"@id":"https:\/\/www.visit-ulcinj.com\/blog\/2011\/05\/03\/floktar-berber-salon-cufi\/#primaryimage"},"datePublished":"2011-05-03T16:08:53+00:00","dateModified":"2011-05-04T13:56:28+00:00","author":{"@id":"https:\/\/www.visit-ulcinj.com\/blog\/#\/schema\/person\/dcab619c614d3038751c63bc2aadc06d"},"description":"Nj\u00eb virtuoz p\u00ebr flok\u00ebt e juaj...nj\u00eb mjesht\u00ebr e frizurave t\u00eb ndryshme, duke filluar nga ato klasike deri te ato moderne.. Ke Cufi \"qethen\" t\u00eb thom\u00eb m\u00eb mir\u00eb","breadcrumb":{"@id":"https:\/\/www.visit-ulcinj.com\/blog\/2011\/05\/03\/floktar-berber-salon-cufi\/#breadcrumb"},"inLanguage":"en-US","potentialAction":[{"@type":"ReadAction","target":["https:\/\/www.visit-ulcinj.com\/blog\/2011\/05\/03\/floktar-berber-salon-cufi\/"]}]},{"@type":"BreadcrumbList","@id":"https:\/\/www.visit-ulcinj.com\/blog\/2011\/05\/03\/floktar-berber-salon-cufi\/#breadcrumb","itemListElement":[{"@type":"ListItem","position":1,"name":"Floktar, berber salon CUFI"}]},{"@type":"Person","@id":"https:\/\/www.visit-ulcinj.com\/blog\/#\/schema\/person\/dcab619c614d3038751c63bc2aadc06d","name":"ulqini","sameAs":["http:\/\/www.visit-ulcinj.com"],"url":"https:\/\/www.visit-ulcinj.com\/blog\/author\/admin\/"}]}},"jetpack_featured_media_url":"","jetpack_sharing_enabled":true,"jetpack_shortlink":"https:\/\/wp.me\/pe6lTn-c0D","_links":{"self":[{"href":"https:\/\/www.visit-ulcinj.com\/blog\/wp-json\/wp\/v2\/posts\/46167"}],"collection":[{"href":"https:\/\/www.visit-ulcinj.com\/blog\/wp-json\/wp\/v2\/posts"}],"about":[{"href":"https:\/\/www.visit-ulcinj.com\/blog\/wp-json\/wp\/v2\/types\/post"}],"author":[{"embeddable":true,"href":"https:\/\/www.visit-ulcinj.com\/blog\/wp-json\/wp\/v2\/users\/1"}],"replies":[{"embeddable":true,"href":"https:\/\/www.visit-ulcinj.com\/blog\/wp-json\/wp\/v2\/comments?post=46167"}],"version-history":[{"count":0,"href":"https:\/\/www.visit-ulcinj.com\/blog\/wp-json\/wp\/v2\/posts\/46167\/revisions"}],"wp:attachment":[{"href":"https:\/\/www.visit-ulcinj.com\/blog\/wp-json\/wp\/v2\/media?parent=46167"}],"wp:term":[{"taxonomy":"category","embeddable":true,"href":"https:\/\/www.visit-ulcinj.com\/blog\/wp-json\/wp\/v2\/categories?post=46167"},{"taxonomy":"post_tag","embeddable":true,"href":"https:\/\/www.visit-ulcinj.com\/blog\/wp-json\/wp\/v2\/tags?post=46167"}],"curies":[{"name":"wp","href":"https:\/\/api.w.org\/{rel}","templated":true}]}}