{"id":46180,"date":"2011-05-04T15:14:37","date_gmt":"2011-05-04T14:14:37","guid":{"rendered":"http:\/\/www.visit-ulcinj.com\/blog\/?p=46180"},"modified":"2011-05-04T15:15:05","modified_gmt":"2011-05-04T14:15:05","slug":"le-montenegro-europe-de-lest-les-nouveaux-bons-plans-vacances","status":"publish","type":"post","link":"https:\/\/www.visit-ulcinj.com\/blog\/2011\/05\/04\/le-montenegro-europe-de-lest-les-nouveaux-bons-plans-vacances\/","title":{"rendered":"Le Mont\u00e9n\u00e9gro: Europe de l&#8217;Est &#8211; les nouveaux bons plans vacances"},"content":{"rendered":"<p><strong><a href=\"http:\/\/www.visit-ulcinj.com\/blog\/wp-content\/uploads\/2011\/05\/Le-Mont\u00e9n\u00e9gro.jpg\"><img loading=\"lazy\" class=\"alignleft size-full wp-image-46181\" title=\"Le Mont\u00e9n\u00e9gro\" src=\"http:\/\/www.visit-ulcinj.com\/blog\/wp-content\/uploads\/2011\/05\/Le-Mont\u00e9n\u00e9gro.jpg\" alt=\"\" width=\"350\" height=\"450\" \/><\/a>Mer ou montagne, les pays de l&#8217;Est regorgent de destinations o\u00f9 il fait bon buller. Et, sur place, votre pouvoir d&#8217;achat est doubl\u00e9!<\/strong><\/p>\n<h3>Le Mont\u00e9n\u00e9gro<\/h3>\n<p>Peut-on trouver encore mieux que la tr\u00e8s \u00e0 la mode Croatie? A notre avis, oui: le Mont\u00e9n\u00e9gro, petit pays au sud de la Croatie, sur l&#8217;Adriatique. Au programme, 295 km de c\u00f4tes, des plages, des parcs naturels montagneux, des habitants chaleureux\u2026 Le pays utilise l&#8217;euro ce qui facilite les comparaisons. Et tous les touristes sont unanimes: ici,m\u00eame les petits budgets profitent pleinement des vacances!<\/p>\n<p><strong>On y va comment?<\/strong><br \/>\nEn avion! Paris \u2013 Dubrovnik + bus \u00e0 partir de 155\u20ac A\/R cet \u00e9t\u00e9 avec Easyjet<br \/>\nEn voiture? Trop loin! 350\u20ac et 20 heures de route \u00e0 partir de Paris.<\/p>\n<p><strong>Pour en profiter un max<\/strong><br \/>\nPassez une semaine active dans les montagnes et les parcs, suivie d&#8217;une semaine de farniente. Bullez une journ\u00e9e \u00e0 Dubrovnik (escale obligatoire en vol low-cost) avant de rejoindre le Mont\u00e9n\u00e9gro. Logez-vous chez l&#8217;habitant pour moins de 20\u20ac\/nuit dans l&#8217;un des nombreux petits villages de la c\u00f4te.<\/p>\n<p>Bien pr\u00e9parer son voyage<br \/>\nWeb: <a title=\"Opens external link in new window\" href=\"http:\/\/www.montenegro.travel\/\" target=\"_blank\">montenegro.travel<\/a> (en anglais)<br \/>\nGuide : Mont\u00e9n\u00e9gro, Evasion Hachette, 14,50\u20ac<\/p>\n<h3>La Croatie<\/h3>\n<p>Envie d&#8217;\u00eeles, de soleil, de bonnes tables, de cit\u00e9s historiques, de fiesta? Alors foncez sur la Croatie. Sur chacune des<strong> \u00eeles de l&#8217;Adriatique<\/strong>, des criques et de l&#8217;eau translucide- mais pas de plages\u2026 Toutes les \u00eeles se ressemblent, inutile donc de toutes les visiter. Optez donc pour le farniente et l&#8217;Istrie au nord du pays ou les \u00eeles du Kvarner, accessibles en voiture de France! Et sur place, les prix des menus ne vous donneront pas envie de cuisiner.&gt;<\/p>\n<p><strong>On y va comment?<\/strong><br \/>\nEn avion? Paris \u2013 Split \u00e0 partir de 100\u20ac A\/R cet \u00e9t\u00e9 avec Easyjet<br \/>\nEn voiture? Pas si loin, 175\u20ac et 10 heures de route \u00e0 partir de Marseille.<\/p>\n<p><strong>Pour en profiter un max<\/strong><br \/>\nLogez syst\u00e9matiquement chez l&#8217;habitant. Solution moins co\u00fbteuse que les h\u00f4tels et \u00e0 peine plus que les campings. Oubliez le mois d&#8217;ao\u00fbt o\u00f9 les Italiens prennent d&#8217;assaut le pays. Ne logez pas \u00e0 Dubrovnik, plus ch\u00e8re que le reste du pays car tr\u00e8s touristique.<\/p>\n<p><strong>Bien pr\u00e9parer son voyage<\/strong><br \/>\nWeb: <a title=\"Opens external link in new window\" href=\"http:\/\/www.croatia.hr\/\" target=\"_blank\">croatia.hr<br \/>\n<\/a>Guide :Lonely planetCroatie, 15\u20ac<\/p>\n<h3>La Slov\u00e9nie<\/h3>\n<p>La Slov\u00e9nie se trouve \u00e0 l&#8217;autre bout des Alpes! C&#8217;est la destination id\u00e9ale pour des vacances sportives. Ce tout petit pays offre un panel incroyable d&#8217;activit\u00e9s: randonn\u00e9es enchanteresses, canyoning, <strong>rafting<\/strong>\u2026avec des tarifs au moins 30% inf\u00e9rieurs \u00e0 ceux pratiqu\u00e9s en France. Une fois \u00e9puis\u00e9 par toutes ces activit\u00e9s, direction l&#8217;un des nombreux spas, l\u00e0 aussi tr\u00e8s abordables, qui se comptent par dizaines dans le pays. On peut m\u00eame aller faire trempette dans la mer Adriatique car la Slov\u00e9nie poss\u00e8de aussi une c\u00f4te!<\/p>\n<p><strong>On y va comment?<\/strong><br \/>\nEn avion? Paris \u2013 Ljubljana \u00e0 partir de 83\u20ac A\/R cet \u00e9t\u00e9 avec Easyjet<br \/>\nEn voiture? Pas si loin, 200\u20ac et 9 heures de route de Lyon.<\/p>\n<p><strong>Pour en profiter un max<\/strong><br \/>\nAllez-y en voiture et en famille (7 heures de Strasbourg). Attardez-vous 2 jours dans la vibrante Ljubljana et ne loupez pas les grottes de Skocjan.<\/p>\n<p><strong>Bien pr\u00e9parer son voyage <\/strong><br \/>\nWeb: <a title=\"Opens external link in new window\" href=\"http:\/\/www.slovenia.info\/\" target=\"_blank\">slovenia.info<\/a><br \/>\nGuide: Cartoville Ljubljana et la Slov\u00e9nie, Gallimard 8,40\u20ac<\/p>\n<h3>La Slovaquie<\/h3>\n<p>Au coeur de l&#8217;Europe, la Slovaquie poss\u00e8de, au nord, des montagnes \u00e0 la puret\u00e9 intacte, les Hautes Tatras. Pas si hautes que \u00e7a, puisque le point culminant est \u00e0 2655m, mais id\u00e9ales pour la <strong>randonn\u00e9e<\/strong>. Les massifs sont magnifiques et en grande partie \u00e9pargn\u00e9s par le tourisme de masse: campagne charmante, maisons pittoresques en bois et en pierre, bottes de foin \u00e0 l&#8217;ancienne\u2026 Sur place, impossible de se ruiner tant les prix sont bas.<\/p>\n<p><strong>On y va comment?<\/strong><br \/>\nEn avion ?Paris \u2013 Bratislava \u00e0 partir de 62\u20ac A\/R cet \u00e9t\u00e9 avec Ryanair<br \/>\nEn voiture? Jouable! 160\u20ac et 12 heures de route en partant de Paris.<\/p>\n<p><strong>Pour en profiter un max<\/strong><br \/>\nFaites une escapade \u00e0 Vienne (\u00e0 une petite heure en train de Bratislava). Pr\u00e9f\u00e9rez toujours loger chez l&#8217;habitant, plut\u00f4t sympathique. Et les restaurants sont si bon march\u00e9, pourquoi s&#8217;en priver?<\/p>\n<p><strong>Bien pr\u00e9parer son voyage<\/strong><br \/>\nWeb: <a title=\"Opens external link in new window\" href=\"http:\/\/www.slovakia.travel\/\" target=\"_blank\">slovakia.travel<\/a> (en anglais)<br \/>\nGuide: Guide duroutard Hongrie, Rep. tch\u00e8que et Slovaquie,12,90 e<\/p>\n<h3>La Bulgarie<\/h3>\n<p>La Bulgarie suscite un int\u00e9r\u00eat grandissant. Normal: elle m\u00eale plages de sable fin, montagnes et spas. Dans les tr\u00e8s nombreuses<strong> stations baln\u00e9aires<\/strong> qui bordent la mer Noire, vous retrouverez les m\u00eames activit\u00e9s que sur la C\u00f4te d&#8217;Azur (aquaparks, nautisme, bars, bo\u00eetes\u2026) mais \u00e0 des prix au minimum 2 fois moins \u00e9lev\u00e9s. Seul hic, il peut y avoir beaucoupde monde. Allemands, Scandinaves et Anglais connaissent d\u00e9j\u00e0 ce bon plan\u2026<\/p>\n<p><strong>On y va comment?<\/strong><br \/>\nEn avion! Paris \u2013 Sofia \u00e0 partir de 115\u20ac A\/R cet \u00e9t\u00e9 avec Wizz air<br \/>\nEn voiture ? Beaucoup trop loin! 340\u20ac et 26 heures de route \u00e0 partir de Paris.<\/p>\n<p><strong>Pour en profiter un max<\/strong><br \/>\nAbusez des transports en communtr\u00e8s abordables. Logez chez les habitants pour environ 15\u20ac par nuit. Ne passez pas \u00e0 c\u00f4t\u00e9 des petits villages pittoresques du centre du pays.<\/p>\n<p><strong>Bien pr\u00e9parer son voyage<\/strong><br \/>\nWeb: <a title=\"Opens external link in new window\" href=\"http:\/\/www.la-bulgarie.fr\/\" target=\"_blank\">la-bulgarie.fr<br \/>\n<\/a>Guide: Le Guide vert de la Bulgarie, 15,40\u20ac, Ed. Michelin<\/p>\n<p>&nbsp;<\/p>\n<p><a href=\"http:\/\/www.reponseatout.com\/europe-est-nouveaux-bons-plans-vacances-a-9462,63.html\" target=\"_blank\"><strong>Source\u00a0: R\u00e9ponse \u00e0 Tout<\/strong><\/a><\/p>\n<p><strong><!--YouTube Error: bad URL entered--><br \/>\n<\/strong><\/p>\n","protected":false},"excerpt":{"rendered":"<p>Mer ou montagne, les pays de l&#8217;Est regorgent de destinations o\u00f9 il fait bon buller. Et, sur place, votre pouvoir d&#8217;achat est doubl\u00e9! Le Mont\u00e9n\u00e9gro Peut-on trouver encore mieux que la tr\u00e8s \u00e0 la mode Croatie? A notre avis, oui: le Mont\u00e9n\u00e9gro, petit pays au sud de la Croatie, sur l&#8217;Adriatique. Au programme, 295 km [&hellip;]<\/p>\n","protected":false},"author":1,"featured_media":0,"comment_status":"open","ping_status":"closed","sticky":false,"template":"","format":"standard","meta":{"spay_email":"","jetpack_publicize_message":"","jetpack_is_tweetstorm":false,"jetpack_publicize_feature_enabled":true},"categories":[13],"tags":[21,2142,19,3754],"jetpack_publicize_connections":[],"yoast_head":"<!-- This site is optimized with the Yoast SEO plugin v19.1 - https:\/\/yoast.com\/wordpress\/plugins\/seo\/ -->\n<title>Le Mont\u00e9n\u00e9gro: Europe de l&#039;Est - les nouveaux bons plans vacances - Lajme nga Ulqini<\/title>\n<meta name=\"description\" content=\"Mer ou montagne, les pays de l&#039;Est regorgent de destinations o\u00f9 il fait bon buller. Et, sur place, votre pouvoir d&#039;achat est doubl\u00e9! Le Mont\u00e9n\u00e9gro Peut-on\" \/>\n<meta name=\"robots\" content=\"index, follow, max-snippet:-1, max-image-preview:large, max-video-preview:-1\" \/>\n<link rel=\"canonical\" href=\"https:\/\/www.visit-ulcinj.com\/blog\/2011\/05\/04\/le-montenegro-europe-de-lest-les-nouveaux-bons-plans-vacances\/\" \/>\n<meta property=\"og:locale\" content=\"en_US\" \/>\n<meta property=\"og:type\" content=\"article\" \/>\n<meta property=\"og:title\" content=\"Le Mont\u00e9n\u00e9gro: Europe de l&#039;Est - les nouveaux bons plans vacances - Lajme nga Ulqini\" \/>\n<meta property=\"og:description\" content=\"Mer ou montagne, les pays de l&#039;Est regorgent de destinations o\u00f9 il fait bon buller. Et, sur place, votre pouvoir d&#039;achat est doubl\u00e9! Le Mont\u00e9n\u00e9gro Peut-on\" \/>\n<meta property=\"og:url\" content=\"https:\/\/www.visit-ulcinj.com\/blog\/2011\/05\/04\/le-montenegro-europe-de-lest-les-nouveaux-bons-plans-vacances\/\" \/>\n<meta property=\"og:site_name\" content=\"Lajme nga Ulqini\" \/>\n<meta property=\"article:published_time\" content=\"2011-05-04T14:14:37+00:00\" \/>\n<meta property=\"article:modified_time\" content=\"2011-05-04T14:15:05+00:00\" \/>\n<meta name=\"twitter:label1\" content=\"Written by\" \/>\n\t<meta name=\"twitter:data1\" content=\"ulqini\" \/>\n\t<meta name=\"twitter:label2\" content=\"Est. reading time\" \/>\n\t<meta name=\"twitter:data2\" content=\"4 minutes\" \/>\n<script type=\"application\/ld+json\" class=\"yoast-schema-graph\">{\"@context\":\"https:\/\/schema.org\",\"@graph\":[{\"@type\":\"WebSite\",\"@id\":\"https:\/\/www.visit-ulcinj.com\/blog\/#website\",\"url\":\"https:\/\/www.visit-ulcinj.com\/blog\/\",\"name\":\"Lajme nga Ulqini\",\"description\":\"Lajme,Vijesti,Ulqini,Ulqin,Crna Gora,Mali i Zi\",\"potentialAction\":[{\"@type\":\"SearchAction\",\"target\":{\"@type\":\"EntryPoint\",\"urlTemplate\":\"https:\/\/www.visit-ulcinj.com\/blog\/?s={search_term_string}\"},\"query-input\":\"required name=search_term_string\"}],\"inLanguage\":\"en-US\"},{\"@type\":\"WebPage\",\"@id\":\"https:\/\/www.visit-ulcinj.com\/blog\/2011\/05\/04\/le-montenegro-europe-de-lest-les-nouveaux-bons-plans-vacances\/#webpage\",\"url\":\"https:\/\/www.visit-ulcinj.com\/blog\/2011\/05\/04\/le-montenegro-europe-de-lest-les-nouveaux-bons-plans-vacances\/\",\"name\":\"Le Mont\u00e9n\u00e9gro: Europe de l'Est - les nouveaux bons plans vacances - Lajme nga Ulqini\",\"isPartOf\":{\"@id\":\"https:\/\/www.visit-ulcinj.com\/blog\/#website\"},\"datePublished\":\"2011-05-04T14:14:37+00:00\",\"dateModified\":\"2011-05-04T14:15:05+00:00\",\"author\":{\"@id\":\"https:\/\/www.visit-ulcinj.com\/blog\/#\/schema\/person\/dcab619c614d3038751c63bc2aadc06d\"},\"description\":\"Mer ou montagne, les pays de l'Est regorgent de destinations o\u00f9 il fait bon buller. Et, sur place, votre pouvoir d'achat est doubl\u00e9! Le Mont\u00e9n\u00e9gro Peut-on\",\"breadcrumb\":{\"@id\":\"https:\/\/www.visit-ulcinj.com\/blog\/2011\/05\/04\/le-montenegro-europe-de-lest-les-nouveaux-bons-plans-vacances\/#breadcrumb\"},\"inLanguage\":\"en-US\",\"potentialAction\":[{\"@type\":\"ReadAction\",\"target\":[\"https:\/\/www.visit-ulcinj.com\/blog\/2011\/05\/04\/le-montenegro-europe-de-lest-les-nouveaux-bons-plans-vacances\/\"]}]},{\"@type\":\"BreadcrumbList\",\"@id\":\"https:\/\/www.visit-ulcinj.com\/blog\/2011\/05\/04\/le-montenegro-europe-de-lest-les-nouveaux-bons-plans-vacances\/#breadcrumb\",\"itemListElement\":[{\"@type\":\"ListItem\",\"position\":1,\"name\":\"Le Mont\u00e9n\u00e9gro: Europe de l&#8217;Est &#8211; les nouveaux bons plans vacances\"}]},{\"@type\":\"Person\",\"@id\":\"https:\/\/www.visit-ulcinj.com\/blog\/#\/schema\/person\/dcab619c614d3038751c63bc2aadc06d\",\"name\":\"ulqini\",\"sameAs\":[\"http:\/\/www.visit-ulcinj.com\"],\"url\":\"https:\/\/www.visit-ulcinj.com\/blog\/author\/admin\/\"}]}<\/script>\n<!-- \/ Yoast SEO plugin. -->","yoast_head_json":{"title":"Le Mont\u00e9n\u00e9gro: Europe de l'Est - les nouveaux bons plans vacances - Lajme nga Ulqini","description":"Mer ou montagne, les pays de l'Est regorgent de destinations o\u00f9 il fait bon buller. Et, sur place, votre pouvoir d'achat est doubl\u00e9! Le Mont\u00e9n\u00e9gro Peut-on","robots":{"index":"index","follow":"follow","max-snippet":"max-snippet:-1","max-image-preview":"max-image-preview:large","max-video-preview":"max-video-preview:-1"},"canonical":"https:\/\/www.visit-ulcinj.com\/blog\/2011\/05\/04\/le-montenegro-europe-de-lest-les-nouveaux-bons-plans-vacances\/","og_locale":"en_US","og_type":"article","og_title":"Le Mont\u00e9n\u00e9gro: Europe de l'Est - les nouveaux bons plans vacances - Lajme nga Ulqini","og_description":"Mer ou montagne, les pays de l'Est regorgent de destinations o\u00f9 il fait bon buller. Et, sur place, votre pouvoir d'achat est doubl\u00e9! Le Mont\u00e9n\u00e9gro Peut-on","og_url":"https:\/\/www.visit-ulcinj.com\/blog\/2011\/05\/04\/le-montenegro-europe-de-lest-les-nouveaux-bons-plans-vacances\/","og_site_name":"Lajme nga Ulqini","article_published_time":"2011-05-04T14:14:37+00:00","article_modified_time":"2011-05-04T14:15:05+00:00","twitter_misc":{"Written by":"ulqini","Est. reading time":"4 minutes"},"schema":{"@context":"https:\/\/schema.org","@graph":[{"@type":"WebSite","@id":"https:\/\/www.visit-ulcinj.com\/blog\/#website","url":"https:\/\/www.visit-ulcinj.com\/blog\/","name":"Lajme nga Ulqini","description":"Lajme,Vijesti,Ulqini,Ulqin,Crna Gora,Mali i Zi","potentialAction":[{"@type":"SearchAction","target":{"@type":"EntryPoint","urlTemplate":"https:\/\/www.visit-ulcinj.com\/blog\/?s={search_term_string}"},"query-input":"required name=search_term_string"}],"inLanguage":"en-US"},{"@type":"WebPage","@id":"https:\/\/www.visit-ulcinj.com\/blog\/2011\/05\/04\/le-montenegro-europe-de-lest-les-nouveaux-bons-plans-vacances\/#webpage","url":"https:\/\/www.visit-ulcinj.com\/blog\/2011\/05\/04\/le-montenegro-europe-de-lest-les-nouveaux-bons-plans-vacances\/","name":"Le Mont\u00e9n\u00e9gro: Europe de l'Est - les nouveaux bons plans vacances - Lajme nga Ulqini","isPartOf":{"@id":"https:\/\/www.visit-ulcinj.com\/blog\/#website"},"datePublished":"2011-05-04T14:14:37+00:00","dateModified":"2011-05-04T14:15:05+00:00","author":{"@id":"https:\/\/www.visit-ulcinj.com\/blog\/#\/schema\/person\/dcab619c614d3038751c63bc2aadc06d"},"description":"Mer ou montagne, les pays de l'Est regorgent de destinations o\u00f9 il fait bon buller. Et, sur place, votre pouvoir d'achat est doubl\u00e9! Le Mont\u00e9n\u00e9gro Peut-on","breadcrumb":{"@id":"https:\/\/www.visit-ulcinj.com\/blog\/2011\/05\/04\/le-montenegro-europe-de-lest-les-nouveaux-bons-plans-vacances\/#breadcrumb"},"inLanguage":"en-US","potentialAction":[{"@type":"ReadAction","target":["https:\/\/www.visit-ulcinj.com\/blog\/2011\/05\/04\/le-montenegro-europe-de-lest-les-nouveaux-bons-plans-vacances\/"]}]},{"@type":"BreadcrumbList","@id":"https:\/\/www.visit-ulcinj.com\/blog\/2011\/05\/04\/le-montenegro-europe-de-lest-les-nouveaux-bons-plans-vacances\/#breadcrumb","itemListElement":[{"@type":"ListItem","position":1,"name":"Le Mont\u00e9n\u00e9gro: Europe de l&#8217;Est &#8211; les nouveaux bons plans vacances"}]},{"@type":"Person","@id":"https:\/\/www.visit-ulcinj.com\/blog\/#\/schema\/person\/dcab619c614d3038751c63bc2aadc06d","name":"ulqini","sameAs":["http:\/\/www.visit-ulcinj.com"],"url":"https:\/\/www.visit-ulcinj.com\/blog\/author\/admin\/"}]}},"jetpack_featured_media_url":"","jetpack_sharing_enabled":true,"jetpack_shortlink":"https:\/\/wp.me\/pe6lTn-c0Q","_links":{"self":[{"href":"https:\/\/www.visit-ulcinj.com\/blog\/wp-json\/wp\/v2\/posts\/46180"}],"collection":[{"href":"https:\/\/www.visit-ulcinj.com\/blog\/wp-json\/wp\/v2\/posts"}],"about":[{"href":"https:\/\/www.visit-ulcinj.com\/blog\/wp-json\/wp\/v2\/types\/post"}],"author":[{"embeddable":true,"href":"https:\/\/www.visit-ulcinj.com\/blog\/wp-json\/wp\/v2\/users\/1"}],"replies":[{"embeddable":true,"href":"https:\/\/www.visit-ulcinj.com\/blog\/wp-json\/wp\/v2\/comments?post=46180"}],"version-history":[{"count":0,"href":"https:\/\/www.visit-ulcinj.com\/blog\/wp-json\/wp\/v2\/posts\/46180\/revisions"}],"wp:attachment":[{"href":"https:\/\/www.visit-ulcinj.com\/blog\/wp-json\/wp\/v2\/media?parent=46180"}],"wp:term":[{"taxonomy":"category","embeddable":true,"href":"https:\/\/www.visit-ulcinj.com\/blog\/wp-json\/wp\/v2\/categories?post=46180"},{"taxonomy":"post_tag","embeddable":true,"href":"https:\/\/www.visit-ulcinj.com\/blog\/wp-json\/wp\/v2\/tags?post=46180"}],"curies":[{"name":"wp","href":"https:\/\/api.w.org\/{rel}","templated":true}]}}