{"id":46195,"date":"2011-05-05T08:07:56","date_gmt":"2011-05-05T07:07:56","guid":{"rendered":"http:\/\/www.visit-ulcinj.com\/blog\/?p=46195"},"modified":"2011-05-09T15:21:29","modified_gmt":"2011-05-09T14:21:29","slug":"historia-e-shqiptareve-nga-ulqini-qe-kane-lyer-shtepine-e-bardhe","status":"publish","type":"post","link":"https:\/\/www.visit-ulcinj.com\/blog\/2011\/05\/05\/historia-e-shqiptareve-nga-ulqini-qe-kane-lyer-shtepine-e-bardhe\/","title":{"rendered":"Historia e ulqinak\u00ebve q\u00eb kan\u00eb lyer Sht\u00ebpin\u00eb e Bardh\u00eb"},"content":{"rendered":"<p><strong>Historia e shqiptar\u00ebve q\u00eb kan\u00eb lyer Sht\u00ebpin\u00eb e Bardh\u00eb<\/strong><\/p>\n<div id=\"attachment_46199\" style=\"width: 518px\" class=\"wp-caption alignleft\"><a href=\"http:\/\/www.visit-ulcinj.com\/blog\/wp-content\/uploads\/2011\/05\/Shqiptaret-nga-Ulqini-qe-kane-lyer-Shtepin\u00eb-e-Bardhe.3.jpg\"><img aria-describedby=\"caption-attachment-46199\" loading=\"lazy\" class=\"size-full wp-image-46199 \" title=\"Shqiptaret nga Ulqini  qe kane lyer Shtepin\u00eb e Bardhe.3\" src=\"http:\/\/www.visit-ulcinj.com\/blog\/wp-content\/uploads\/2011\/05\/Shqiptaret-nga-Ulqini-qe-kane-lyer-Shtepin\u00eb-e-Bardhe.3.jpg\" alt=\"Familja Elezaj n\u00eb New York.\" width=\"508\" height=\"383\" \/><\/a><p id=\"caption-attachment-46199\" class=\"wp-caption-text\">Familja Elezaj n\u00eb New York.<\/p><\/div>\n<p><strong><em>Marash Elezaj me v\u00ebllez\u00ebr, t\u00eb ardhur nga Ulqini, e kan\u00eb \u00e7uar lart kompanin\u00eb e tyre, duke ndjekur rrug\u00ebn dhe k\u00ebshillat e babait \u2013 Vajza e tij, Kristina Elezaj (Kebe) \u00ebsht\u00eb nj\u00eb nga k\u00ebng\u00ebtaret e njohura q\u00eb do t\u00eb k\u00ebndoj\u00eb n\u00eb fest\u00ebn e 20-vjetorit t\u00eb gazet\u00ebs \u201cIllyria\u201d<br \/>\n<a href=\"http:\/\/www.visit-ulcinj.com\/blog\/wp-content\/uploads\/2011\/05\/Shqiptaret-nga-Ulqini-qe-kane-lyer-Shtepin\u00eb-e-Bardhe.jpg\"><img loading=\"lazy\" class=\"alignleft size-full wp-image-46196\" title=\"Shqiptaret nga Ulqini  qe kane lyer Shtepin\u00eb e Bardhe\" src=\"http:\/\/www.visit-ulcinj.com\/blog\/wp-content\/uploads\/2011\/05\/Shqiptaret-nga-Ulqini-qe-kane-lyer-Shtepin\u00eb-e-Bardhe.jpg\" alt=\"\" width=\"508\" height=\"380\" \/><\/a><\/em><\/strong><\/p>\n<p>N\u00eb sall\u00ebn e Sht\u00ebpis\u00eb s\u00eb Bardh\u00eb ku Presidenti mban konferencat e shtypit: Nga e majta: Marash Elezaj, Safet Marsenovic dhe Pjet\u00ebr Elezaj.<\/p>\n<p><strong>Nga Vehbi Bajrami<\/strong><\/p>\n<p>NEW YORK &#8211; Mes shqiptar\u00ebve n\u00eb Amerik\u00eb gjen personazhe e histori nga m\u00eb interesantet. Gjat\u00eb p\u00ebrgatitjeve p\u00ebr festimin e 20-vjetorit t\u00eb gazet\u00ebs \u201cIllyria\u201d rasti e solli t\u00eb takohesha me nj\u00eb shqiptar, i cili bashk\u00eb me dy v\u00ebllez\u00ebrit e tij, kan\u00eb pasur fatin e rrall\u00eb q\u00eb merreshin me lyerjen e Sht\u00ebpis\u00eb s\u00eb Bardh\u00eb, duke p\u00ebrfshir\u00eb edhe mjediset ku punon Presidenti Barack Obama si dhe ato private ku jeton familja e tij.<\/p>\n<p>Kontrata t\u00eb tilla nuk i jepen \u00e7far\u00ebdo kompanie. Mir\u00ebpo, n\u00eb k\u00ebt\u00eb rast, b\u00ebhet fjal\u00eb p\u00ebr nj\u00eb nga m\u00eb t\u00eb mirat n\u00eb k\u00ebt\u00eb biznes, nj\u00eb q\u00eb n\u00eb list\u00ebn e saj t\u00eb klient\u00ebve p\u00ebrfshin\u00eb personazhe t\u00eb m\u00ebdhenj t\u00eb jet\u00ebs amerikane, institucione t\u00eb njohura t\u00eb politik\u00ebs e biznesit.<\/p>\n<p>Njeriu q\u00eb drejton k\u00ebt\u00eb kompani dhe q\u00eb \u00ebsht\u00eb besuar me lyerjen e nd\u00ebrtes\u00ebs m\u00eb t\u00eb r\u00ebnd\u00ebsishme n\u00eb SHBA \u00ebsht\u00eb Marash Elezaj, me prejardhje nga Ulqini e me banim n\u00eb New York. Disa mund ta njohin si babain e k\u00ebng\u00ebtares s\u00eb re, Kristina Elezaj, e njohur mes fansave t\u00eb saj si \u201cKebe\u201d dhe prezantuar n\u00eb bot\u00ebn e muzik\u00ebs amerikane nga legjendat e sht\u00ebpis\u00eb diskografike \u201cMotown\u201d, Nick Ashford dhe Valerie Simpson.<\/p>\n<p>Kristina do t\u00eb interpretoj\u00eb n\u00eb kremtimin e 20 vjetorit t\u00eb gazet\u00ebs \u201cIllyria\u201d n\u00eb Manhattan m\u00eb 22 maj.<\/p>\n<p>Vet\u00eb Marash Elezaj \u00ebsht\u00eb nj\u00eb njeri i qet\u00eb q\u00eb sukseset ia dedikon babait Zef Gjon Elezajt, ardhur nga Ulqini n\u00eb Amerik\u00eb m\u00eb 1970. Babai i tij pasi m\u00ebsoi mir\u00eb pun\u00ebn e bojatisjes, n\u00eb m\u00eb pak se dy vite hapi kompanin\u00eb \u201cElezaj LTD\u201d e cila q\u00eb nga ajo koh\u00eb ka njohur vet\u00ebm suksese.<\/p>\n<p>\u201cBabai qe nj\u00eb pun\u00ebtor i palodhur, me aft\u00ebsi t\u00eb jasht\u00ebzakonshme n\u00eb profesionin e tij. Ndon\u00ebse ka vite n\u00eb pension, edhe sot mua dhe dy v\u00ebllez\u00ebrve na jep k\u00ebshilla shum\u00eb t\u00eb vlefshme, t\u00eb cilat na ndihmojn\u00eb t\u00eb kemi sukses n\u00eb pun\u00ebn ton\u00eb\u201d, thot\u00eb Marashi, gjat\u00eb nj\u00eb interviste me gazet\u00ebn \u201cIllyria\u201d.<\/p>\n<p>Nj\u00eb nga k\u00ebshillat e babait t\u00eb tij \u00ebsht\u00eb: Jepi klientit m\u00eb shum\u00eb se sa pret.<\/p>\n<p>\u201cSi shqiptar, ai kurr\u00eb nuk u dor\u00ebzua. Pasi n\u00ebnshkruante kontratat dhe u jepte fjal\u00ebn klient\u00ebve, ata gjithmon\u00eb ndaheshin t\u00eb k\u00ebnaqur me pun\u00ebn e tij. Ne po vazhdojm\u00eb t\u00eb punojm\u00eb sipas m\u00ebsimeve t\u00eb tij\u201d, thot\u00eb Marashi.<\/p>\n<p>Klient\u00eb t\u00eb kompanis\u00eb s\u00eb tij jan\u00eb figura t\u00eb shquara t\u00eb artit, sportit, biznesit e politik\u00ebs. Disa prej tyre jan\u00eb yje t\u00eb muzik\u00ebs si Madonna, Mick Jagger, Bon Jovi, Paul Simon, Billy Joel etj. Kompania e tij, p\u00ebrve\u00e7se n\u00eb New York ka b\u00ebr\u00eb pun\u00eb edhe n\u00eb shtete t\u00eb tjera si n\u00eb Dallas (ku ngjyrosi sht\u00ebpin\u00eb e pronarit t\u00eb Texas Rangers), n\u00eb Florida, Utah, New Mexico e deri n\u00eb Bahamas.<\/p>\n<p>Kompania \u201cElezaj LTD\u201d nuk ka website si\u00e7 kan\u00eb shum\u00eb kompani t\u00eb njohura. Ajo nuk ka b\u00ebr\u00eb kurr\u00eb reklam\u00eb n\u00eb gazeta, radio e TV. Emrin e madh e ka krijuar me kualitet e perfeksioniz\u00ebm. Nj\u00eb klient i k\u00ebnaqur e rekomandon k\u00ebt\u00eb kompani te nj\u00eb tjet\u00ebr dhe k\u00ebshtu numri \u00ebsht\u00eb shtuar vazhdimisht.<\/p>\n<p>Ka qen\u00eb ky zinxhir rekomandimesh q\u00eb n\u00eb vitin 2009, ka b\u00ebr\u00eb q\u00eb t\u00eb marr\u00eb nj\u00eb k\u00ebrkes\u00eb t\u00eb pazakont\u00eb: t\u00eb lyej\u00eb banes\u00ebn e Presidentit t\u00eb Shteteve t\u00eb Bashkuara t\u00eb Amerik\u00ebs. Nj\u00eb moment vler\u00ebsimi profesional dhe njer\u00ebzor, nj\u00eb shprehje e konsiderat\u00ebs p\u00ebr pun\u00ebn e v\u00ebllez\u00ebrve Elezaj\u00a0 dhe e besimit maksimal p\u00ebr kompanin\u00eb e tyre.<\/p>\n<p>\u201cBesoj se emri i mir\u00eb q\u00eb kemi krijuar n\u00eb biznes ka qen\u00eb arsyeja kryesore\u201d, thot\u00eb Marashi, i cili drejton kompanin\u00eb bashk\u00eb me v\u00ebllez\u00ebrit Pjetrin dhe Nikoll\u00ebn.<\/p>\n<p>P\u00ebrgjegj\u00ebsia ishte sigurisht e madhe, por e till\u00eb ishte edhe krenaria profesionale dhe atdhetare.<\/p>\n<p>\u201cGjithmon\u00eb jemi p\u00ebrpjekur t\u00eb b\u00ebjm\u00eb pun\u00eb nga e cila klient\u00ebt jan\u00eb ndar\u00eb t\u00eb k\u00ebnaqur\u201d, thot\u00eb ai.<\/p>\n<p>P\u00ebr shtat\u00eb muaj me radh\u00eb, ata kan\u00eb lyer me ngjyrat e k\u00ebrkuara t\u00eb gjitha dhomat n\u00eb pjes\u00ebn e kompleksit t\u00eb Sht\u00ebpis\u00eb s\u00eb Bardh\u00eb q\u00eb p\u00ebrdoret tradicionalisht si banes\u00eb private nga president\u00ebt e Amerik\u00ebs. Ata lyen dhom\u00ebn e fjetjes s\u00eb Presidentit, t\u00eb familjes, si dhe t\u00eb gjitha dhomat e tjera t\u00eb p\u00ebrdorimit t\u00eb p\u00ebrditsh\u00ebm. P\u00ebrve\u00e7 tyre ishin edhe dhomat e fjetjes s\u00eb president\u00ebve q\u00eb i paraprin\u00eb Barack Obama-s.<\/p>\n<p>Kompania \u201cElezaj LTD\u201d b\u00ebn pun\u00eb t\u00eb sofistikuar dhe luksoze, n\u00eb mure e mobilje, me kombinim ngjyrash nga m\u00eb t\u00eb ndryshmet, ashtu si\u00e7 k\u00ebrkojn\u00eb klient\u00ebt. \u00c7mimet e saj jan\u00eb mjaft t\u00eb shtrenjta por lista e klient\u00ebve t\u00eb shquar ka njohur vet\u00ebm rritje.<\/p>\n<p>\u201cN\u00eb kuptimin afatgjat\u00eb, nuk \u00ebsht\u00eb dhe aq shtrenjt\u00eb\u201d, shpjegon Marashi. \u201cKur ne lyejm\u00eb muret e nj\u00eb banese private apo zyrtare e tregtare, p\u00ebr 30 vjet nuk ka m\u00eb nevoj\u00eb p\u00ebr nj\u00eb ngjyrosje tjet\u00ebr\u201d.<\/p>\n<p>Lidhja e fort\u00eb familjare \u00ebsht\u00eb nj\u00eb tjet\u00ebr \u00e7el\u00ebs i suksesit t\u00eb k\u00ebsaj kompanie. Familja Elezaj ka sot mbi 20 an\u00ebtar\u00eb dhe t\u00eb gjith\u00eb jetojn\u00eb af\u00ebr nj\u00ebri tjetrit n\u00eb periferin\u00eb e New York-ut.<\/p>\n<p>\u201cPunojm\u00eb bashk\u00eb, merremi vesh shum\u00eb mir\u00eb n\u00eb biznes dhe jetojm\u00eb af\u00ebr nj\u00ebri tjetrit\u201d, tregon Marash Elezaj. \u201cMbit \u00eb gjitha, jemi t\u00eb k\u00ebnaqur p\u00ebr mund\u00ebsit\u00eb q\u00eb na dha ky vend i bekuar, si n\u00eb biznes, ashtu edhe n\u00eb aspektet e tjera t\u00eb jet\u00ebs. Nuk ka si Amerika\u201d.<\/p>\n<p><a href=\"http:\/\/www.visit-ulcinj.com\/blog\/wp-content\/uploads\/2011\/05\/Shqiptaret-nga-Ulqini-qe-kane-lyer-Shtepin\u00eb-e-Bardhe.1.jpg\"><img loading=\"lazy\" class=\"size-full wp-image-46197  alignleft\" title=\"Shqiptaret nga Ulqini  qe kane lyer Shtepin\u00eb e Bardhe.1\" src=\"http:\/\/www.visit-ulcinj.com\/blog\/wp-content\/uploads\/2011\/05\/Shqiptaret-nga-Ulqini-qe-kane-lyer-Shtepin\u00eb-e-Bardhe.1.jpg\" alt=\"Pjet\u00ebr Elezaj n\u00eb Zyr\u00ebn Ovale t\u00eb Sht\u00ebpis\u00eb s\u00eb Bardh\u00eb ku punon \u00e7do dit\u00eb Presidenti i Shteteve t\u00eb Bashkuara.\" width=\"508\" height=\"380\" \/><\/a><\/p>\n<p>Pjet\u00ebr Elezaj n\u00eb Zyr\u00ebn Ovale t\u00eb Sht\u00ebpis\u00eb s\u00eb Bardh\u00eb ku punon \u00e7do dit\u00eb Presidenti i Shteteve t\u00eb Bashkuara.<\/p>\n<p><a href=\"http:\/\/www.visit-ulcinj.com\/blog\/wp-content\/uploads\/2011\/05\/Shqiptaret-nga-Ulqini-qe-kane-lyer-Shtepin\u00eb-e-Bardhe.2.jpg\"><img loading=\"lazy\" class=\"size-full wp-image-46198 alignleft\" title=\"Shqiptaret nga Ulqini  qe kane lyer Shtepin\u00eb e Bardhe.2\" src=\"http:\/\/www.visit-ulcinj.com\/blog\/wp-content\/uploads\/2011\/05\/Shqiptaret-nga-Ulqini-qe-kane-lyer-Shtepin\u00eb-e-Bardhe.2.jpg\" alt=\"Marash Elezaj para Sht\u00ebpis\u00eb s\u00eb Bardh\u00eb.\" width=\"508\" height=\"380\" \/><\/a><\/p>\n<p>Marash Elezaj para Sht\u00ebpis\u00eb s\u00eb Bardh\u00eb.<\/p>\n<p><strong>Illyria Newspaper<\/strong><\/p>\n<p><strong>Souvenirs by Kristine Elezaj<br \/>\n<!--YouTube Error: bad URL entered--><\/strong><\/p>\n","protected":false},"excerpt":{"rendered":"<p>Historia e shqiptar\u00ebve q\u00eb kan\u00eb lyer Sht\u00ebpin\u00eb e Bardh\u00eb Marash Elezaj me v\u00ebllez\u00ebr, t\u00eb ardhur nga Ulqini, e kan\u00eb \u00e7uar lart kompanin\u00eb e tyre, duke ndjekur rrug\u00ebn dhe k\u00ebshillat e babait \u2013 Vajza e tij, Kristina Elezaj (Kebe) \u00ebsht\u00eb nj\u00eb nga k\u00ebng\u00ebtaret e njohura q\u00eb do t\u00eb k\u00ebndoj\u00eb n\u00eb fest\u00ebn e 20-vjetorit t\u00eb gazet\u00ebs \u201cIllyria\u201d [&hellip;]<\/p>\n","protected":false},"author":1,"featured_media":0,"comment_status":"open","ping_status":"closed","sticky":false,"template":"","format":"standard","meta":{"spay_email":"","jetpack_publicize_message":"","jetpack_is_tweetstorm":false,"jetpack_publicize_feature_enabled":true},"categories":[1,11],"tags":[18174,18176,18175],"jetpack_publicize_connections":[],"yoast_head":"<!-- This site is optimized with the Yoast SEO plugin v19.1 - https:\/\/yoast.com\/wordpress\/plugins\/seo\/ -->\n<title>Historia e ulqinak\u00ebve q\u00eb kan\u00eb lyer Sht\u00ebpin\u00eb e Bardh\u00eb - Lajme nga Ulqini<\/title>\n<meta name=\"description\" content=\"Historia e shqiptar\u00ebve q\u00eb kan\u00eb lyer Sht\u00ebpin\u00eb e Bardh\u00eb Marash Elezaj me v\u00ebllez\u00ebr, t\u00eb ardhur nga Ulqini, e kan\u00eb \u00e7uar lart kompanin\u00eb e tyre, duke ndjekur\" \/>\n<meta name=\"robots\" content=\"index, follow, max-snippet:-1, max-image-preview:large, max-video-preview:-1\" \/>\n<link rel=\"canonical\" href=\"https:\/\/www.visit-ulcinj.com\/blog\/2011\/05\/05\/historia-e-shqiptareve-nga-ulqini-qe-kane-lyer-shtepine-e-bardhe\/\" \/>\n<meta property=\"og:locale\" content=\"en_US\" \/>\n<meta property=\"og:type\" content=\"article\" \/>\n<meta property=\"og:title\" content=\"Historia e ulqinak\u00ebve q\u00eb kan\u00eb lyer Sht\u00ebpin\u00eb e Bardh\u00eb - Lajme nga Ulqini\" \/>\n<meta property=\"og:description\" content=\"Historia e shqiptar\u00ebve q\u00eb kan\u00eb lyer Sht\u00ebpin\u00eb e Bardh\u00eb Marash Elezaj me v\u00ebllez\u00ebr, t\u00eb ardhur nga Ulqini, e kan\u00eb \u00e7uar lart kompanin\u00eb e tyre, duke ndjekur\" \/>\n<meta property=\"og:url\" content=\"https:\/\/www.visit-ulcinj.com\/blog\/2011\/05\/05\/historia-e-shqiptareve-nga-ulqini-qe-kane-lyer-shtepine-e-bardhe\/\" \/>\n<meta property=\"og:site_name\" content=\"Lajme nga Ulqini\" \/>\n<meta property=\"article:published_time\" content=\"2011-05-05T07:07:56+00:00\" \/>\n<meta property=\"article:modified_time\" content=\"2011-05-09T14:21:29+00:00\" \/>\n<meta name=\"twitter:label1\" content=\"Written by\" \/>\n\t<meta name=\"twitter:data1\" content=\"ulqini\" \/>\n\t<meta name=\"twitter:label2\" content=\"Est. reading time\" \/>\n\t<meta name=\"twitter:data2\" content=\"5 minutes\" \/>\n<script type=\"application\/ld+json\" class=\"yoast-schema-graph\">{\"@context\":\"https:\/\/schema.org\",\"@graph\":[{\"@type\":\"WebSite\",\"@id\":\"https:\/\/www.visit-ulcinj.com\/blog\/#website\",\"url\":\"https:\/\/www.visit-ulcinj.com\/blog\/\",\"name\":\"Lajme nga Ulqini\",\"description\":\"Lajme,Vijesti,Ulqini,Ulqin,Crna Gora,Mali i Zi\",\"potentialAction\":[{\"@type\":\"SearchAction\",\"target\":{\"@type\":\"EntryPoint\",\"urlTemplate\":\"https:\/\/www.visit-ulcinj.com\/blog\/?s={search_term_string}\"},\"query-input\":\"required name=search_term_string\"}],\"inLanguage\":\"en-US\"},{\"@type\":\"WebPage\",\"@id\":\"https:\/\/www.visit-ulcinj.com\/blog\/2011\/05\/05\/historia-e-shqiptareve-nga-ulqini-qe-kane-lyer-shtepine-e-bardhe\/#webpage\",\"url\":\"https:\/\/www.visit-ulcinj.com\/blog\/2011\/05\/05\/historia-e-shqiptareve-nga-ulqini-qe-kane-lyer-shtepine-e-bardhe\/\",\"name\":\"Historia e ulqinak\u00ebve q\u00eb kan\u00eb lyer Sht\u00ebpin\u00eb e Bardh\u00eb - Lajme nga Ulqini\",\"isPartOf\":{\"@id\":\"https:\/\/www.visit-ulcinj.com\/blog\/#website\"},\"datePublished\":\"2011-05-05T07:07:56+00:00\",\"dateModified\":\"2011-05-09T14:21:29+00:00\",\"author\":{\"@id\":\"https:\/\/www.visit-ulcinj.com\/blog\/#\/schema\/person\/dcab619c614d3038751c63bc2aadc06d\"},\"description\":\"Historia e shqiptar\u00ebve q\u00eb kan\u00eb lyer Sht\u00ebpin\u00eb e Bardh\u00eb Marash Elezaj me v\u00ebllez\u00ebr, t\u00eb ardhur nga Ulqini, e kan\u00eb \u00e7uar lart kompanin\u00eb e tyre, duke ndjekur\",\"breadcrumb\":{\"@id\":\"https:\/\/www.visit-ulcinj.com\/blog\/2011\/05\/05\/historia-e-shqiptareve-nga-ulqini-qe-kane-lyer-shtepine-e-bardhe\/#breadcrumb\"},\"inLanguage\":\"en-US\",\"potentialAction\":[{\"@type\":\"ReadAction\",\"target\":[\"https:\/\/www.visit-ulcinj.com\/blog\/2011\/05\/05\/historia-e-shqiptareve-nga-ulqini-qe-kane-lyer-shtepine-e-bardhe\/\"]}]},{\"@type\":\"BreadcrumbList\",\"@id\":\"https:\/\/www.visit-ulcinj.com\/blog\/2011\/05\/05\/historia-e-shqiptareve-nga-ulqini-qe-kane-lyer-shtepine-e-bardhe\/#breadcrumb\",\"itemListElement\":[{\"@type\":\"ListItem\",\"position\":1,\"name\":\"Historia e ulqinak\u00ebve q\u00eb kan\u00eb lyer Sht\u00ebpin\u00eb e Bardh\u00eb\"}]},{\"@type\":\"Person\",\"@id\":\"https:\/\/www.visit-ulcinj.com\/blog\/#\/schema\/person\/dcab619c614d3038751c63bc2aadc06d\",\"name\":\"ulqini\",\"sameAs\":[\"http:\/\/www.visit-ulcinj.com\"],\"url\":\"https:\/\/www.visit-ulcinj.com\/blog\/author\/admin\/\"}]}<\/script>\n<!-- \/ Yoast SEO plugin. -->","yoast_head_json":{"title":"Historia e ulqinak\u00ebve q\u00eb kan\u00eb lyer Sht\u00ebpin\u00eb e Bardh\u00eb - Lajme nga Ulqini","description":"Historia e shqiptar\u00ebve q\u00eb kan\u00eb lyer Sht\u00ebpin\u00eb e Bardh\u00eb Marash Elezaj me v\u00ebllez\u00ebr, t\u00eb ardhur nga Ulqini, e kan\u00eb \u00e7uar lart kompanin\u00eb e tyre, duke ndjekur","robots":{"index":"index","follow":"follow","max-snippet":"max-snippet:-1","max-image-preview":"max-image-preview:large","max-video-preview":"max-video-preview:-1"},"canonical":"https:\/\/www.visit-ulcinj.com\/blog\/2011\/05\/05\/historia-e-shqiptareve-nga-ulqini-qe-kane-lyer-shtepine-e-bardhe\/","og_locale":"en_US","og_type":"article","og_title":"Historia e ulqinak\u00ebve q\u00eb kan\u00eb lyer Sht\u00ebpin\u00eb e Bardh\u00eb - Lajme nga Ulqini","og_description":"Historia e shqiptar\u00ebve q\u00eb kan\u00eb lyer Sht\u00ebpin\u00eb e Bardh\u00eb Marash Elezaj me v\u00ebllez\u00ebr, t\u00eb ardhur nga Ulqini, e kan\u00eb \u00e7uar lart kompanin\u00eb e tyre, duke ndjekur","og_url":"https:\/\/www.visit-ulcinj.com\/blog\/2011\/05\/05\/historia-e-shqiptareve-nga-ulqini-qe-kane-lyer-shtepine-e-bardhe\/","og_site_name":"Lajme nga Ulqini","article_published_time":"2011-05-05T07:07:56+00:00","article_modified_time":"2011-05-09T14:21:29+00:00","twitter_misc":{"Written by":"ulqini","Est. reading time":"5 minutes"},"schema":{"@context":"https:\/\/schema.org","@graph":[{"@type":"WebSite","@id":"https:\/\/www.visit-ulcinj.com\/blog\/#website","url":"https:\/\/www.visit-ulcinj.com\/blog\/","name":"Lajme nga Ulqini","description":"Lajme,Vijesti,Ulqini,Ulqin,Crna Gora,Mali i Zi","potentialAction":[{"@type":"SearchAction","target":{"@type":"EntryPoint","urlTemplate":"https:\/\/www.visit-ulcinj.com\/blog\/?s={search_term_string}"},"query-input":"required name=search_term_string"}],"inLanguage":"en-US"},{"@type":"WebPage","@id":"https:\/\/www.visit-ulcinj.com\/blog\/2011\/05\/05\/historia-e-shqiptareve-nga-ulqini-qe-kane-lyer-shtepine-e-bardhe\/#webpage","url":"https:\/\/www.visit-ulcinj.com\/blog\/2011\/05\/05\/historia-e-shqiptareve-nga-ulqini-qe-kane-lyer-shtepine-e-bardhe\/","name":"Historia e ulqinak\u00ebve q\u00eb kan\u00eb lyer Sht\u00ebpin\u00eb e Bardh\u00eb - Lajme nga Ulqini","isPartOf":{"@id":"https:\/\/www.visit-ulcinj.com\/blog\/#website"},"datePublished":"2011-05-05T07:07:56+00:00","dateModified":"2011-05-09T14:21:29+00:00","author":{"@id":"https:\/\/www.visit-ulcinj.com\/blog\/#\/schema\/person\/dcab619c614d3038751c63bc2aadc06d"},"description":"Historia e shqiptar\u00ebve q\u00eb kan\u00eb lyer Sht\u00ebpin\u00eb e Bardh\u00eb Marash Elezaj me v\u00ebllez\u00ebr, t\u00eb ardhur nga Ulqini, e kan\u00eb \u00e7uar lart kompanin\u00eb e tyre, duke ndjekur","breadcrumb":{"@id":"https:\/\/www.visit-ulcinj.com\/blog\/2011\/05\/05\/historia-e-shqiptareve-nga-ulqini-qe-kane-lyer-shtepine-e-bardhe\/#breadcrumb"},"inLanguage":"en-US","potentialAction":[{"@type":"ReadAction","target":["https:\/\/www.visit-ulcinj.com\/blog\/2011\/05\/05\/historia-e-shqiptareve-nga-ulqini-qe-kane-lyer-shtepine-e-bardhe\/"]}]},{"@type":"BreadcrumbList","@id":"https:\/\/www.visit-ulcinj.com\/blog\/2011\/05\/05\/historia-e-shqiptareve-nga-ulqini-qe-kane-lyer-shtepine-e-bardhe\/#breadcrumb","itemListElement":[{"@type":"ListItem","position":1,"name":"Historia e ulqinak\u00ebve q\u00eb kan\u00eb lyer Sht\u00ebpin\u00eb e Bardh\u00eb"}]},{"@type":"Person","@id":"https:\/\/www.visit-ulcinj.com\/blog\/#\/schema\/person\/dcab619c614d3038751c63bc2aadc06d","name":"ulqini","sameAs":["http:\/\/www.visit-ulcinj.com"],"url":"https:\/\/www.visit-ulcinj.com\/blog\/author\/admin\/"}]}},"jetpack_featured_media_url":"","jetpack_sharing_enabled":true,"jetpack_shortlink":"https:\/\/wp.me\/pe6lTn-c15","_links":{"self":[{"href":"https:\/\/www.visit-ulcinj.com\/blog\/wp-json\/wp\/v2\/posts\/46195"}],"collection":[{"href":"https:\/\/www.visit-ulcinj.com\/blog\/wp-json\/wp\/v2\/posts"}],"about":[{"href":"https:\/\/www.visit-ulcinj.com\/blog\/wp-json\/wp\/v2\/types\/post"}],"author":[{"embeddable":true,"href":"https:\/\/www.visit-ulcinj.com\/blog\/wp-json\/wp\/v2\/users\/1"}],"replies":[{"embeddable":true,"href":"https:\/\/www.visit-ulcinj.com\/blog\/wp-json\/wp\/v2\/comments?post=46195"}],"version-history":[{"count":0,"href":"https:\/\/www.visit-ulcinj.com\/blog\/wp-json\/wp\/v2\/posts\/46195\/revisions"}],"wp:attachment":[{"href":"https:\/\/www.visit-ulcinj.com\/blog\/wp-json\/wp\/v2\/media?parent=46195"}],"wp:term":[{"taxonomy":"category","embeddable":true,"href":"https:\/\/www.visit-ulcinj.com\/blog\/wp-json\/wp\/v2\/categories?post=46195"},{"taxonomy":"post_tag","embeddable":true,"href":"https:\/\/www.visit-ulcinj.com\/blog\/wp-json\/wp\/v2\/tags?post=46195"}],"curies":[{"name":"wp","href":"https:\/\/api.w.org\/{rel}","templated":true}]}}