{"id":46216,"date":"2011-05-06T13:58:00","date_gmt":"2011-05-06T12:58:00","guid":{"rendered":"http:\/\/www.visit-ulcinj.com\/blog\/?p=46216"},"modified":"2011-05-09T10:37:27","modified_gmt":"2011-05-09T09:37:27","slug":"me-9-maj-ojq-horizonti-i-ri-shenon-diten-e-evropes-ne-piano-resaturant","status":"publish","type":"post","link":"https:\/\/www.visit-ulcinj.com\/blog\/2011\/05\/06\/me-9-maj-ojq-horizonti-i-ri-shenon-diten-e-evropes-ne-piano-resaturant\/","title":{"rendered":"Me 9. maj OJQ Horizonti i Ri sh\u00ebnon Dit\u00ebn e Evrop\u00ebs n\u00eb Piano Resaturant"},"content":{"rendered":"<p><a href=\"http:\/\/www.visit-ulcinj.com\/blog\/wp-content\/uploads\/2011\/05\/OJQ-Horizonti-i-Ri-sh\u00ebnon-Dit\u00ebn-e-Evrop\u00ebs.jpg\"><img loading=\"lazy\" class=\"alignleft size-full wp-image-46218\" title=\"OJQ Horizonti i Ri sh\u00ebnon Dit\u00ebn e Evrop\u00ebs\" src=\"http:\/\/www.visit-ulcinj.com\/blog\/wp-content\/uploads\/2011\/05\/OJQ-Horizonti-i-Ri-sh\u00ebnon-Dit\u00ebn-e-Evrop\u00ebs.jpg\" alt=\"\" width=\"508\" height=\"300\" \/><\/a>OJQ \u201cHorizonti i Ri \u201c ne kuad\u00ebr te projektit \u201cN\u00cb PRAG T\u00cb INTEGRIMEVE\u201d t\u00eb cilin e mb\u00ebshtet\u00eb Ambasada Amerikane n\u00eb Podgoric\u00eb, me dat\u00ebn 9 maj 2011 (t\u00eb h\u00ebn\u00ebn) organizon sh\u00ebnimin e Dit\u00ebs se Evrop\u00ebs n\u00eb Ulqin.<br \/>\nCeremonia e sh\u00ebnimit t\u00eb Dit\u00ebs s\u00eb Evrop\u00ebs do t\u00eb mbahet n\u00eb platon\u00eb para Shopping Center \u201cL\u201d dhe Resaturant &#8220;PIANO&#8221;, t\u00eb h\u00ebn\u00ebn me 9. maj 2011, me fillim n\u00eb ora 11h. Ju mirepresim!<\/p>\n<p><strong> <\/strong><strong><a href=\"http:\/\/www.facebook.com\/event.php?eid=169255376466144\">EUROPE DAY CELEBRATION <\/a><\/strong><strong> <\/strong><\/p>\n<p>&nbsp;<\/p>\n<h4><strong><a href=\"http:\/\/www.facebook.com\/profile.php?id=100001634242248\">Horizonti Ngo<\/a><\/strong><\/h4>\n<!--YouTube Error: bad URL entered-->\n","protected":false},"excerpt":{"rendered":"<p>OJQ \u201cHorizonti i Ri \u201c ne kuad\u00ebr te projektit \u201cN\u00cb PRAG T\u00cb INTEGRIMEVE\u201d t\u00eb cilin e mb\u00ebshtet\u00eb Ambasada Amerikane n\u00eb Podgoric\u00eb, me dat\u00ebn 9 maj 2011 (t\u00eb h\u00ebn\u00ebn) organizon sh\u00ebnimin e Dit\u00ebs se Evrop\u00ebs n\u00eb Ulqin. Ceremonia e sh\u00ebnimit t\u00eb Dit\u00ebs s\u00eb Evrop\u00ebs do t\u00eb mbahet n\u00eb platon\u00eb para Shopping Center \u201cL\u201d dhe Resaturant &#8220;PIANO&#8221;, [&hellip;]<\/p>\n","protected":false},"author":1,"featured_media":0,"comment_status":"open","ping_status":"closed","sticky":false,"template":"","format":"standard","meta":{"spay_email":"","jetpack_publicize_message":"","jetpack_is_tweetstorm":false,"jetpack_publicize_feature_enabled":true},"categories":[8],"tags":[18177,18181,95,18178,18179,18180,200,18],"jetpack_publicize_connections":[],"yoast_head":"<!-- This site is optimized with the Yoast SEO plugin v19.1 - https:\/\/yoast.com\/wordpress\/plugins\/seo\/ -->\n<title>Me 9. maj OJQ Horizonti i Ri sh\u00ebnon Dit\u00ebn e Evrop\u00ebs n\u00eb Piano Resaturant - Lajme nga Ulqini<\/title>\n<meta name=\"description\" content=\"OJQ \u201cHorizonti i Ri \u201c ne kuad\u00ebr te projektit \u201cN\u00cb PRAG T\u00cb INTEGRIMEVE\u201d t\u00eb cilin e mb\u00ebshtet\u00eb Ambasada Amerikane n\u00eb Podgoric\u00eb, me dat\u00ebn 9 maj 2011 (t\u00eb h\u00ebn\u00ebn)\" \/>\n<meta name=\"robots\" content=\"index, follow, max-snippet:-1, max-image-preview:large, max-video-preview:-1\" \/>\n<link rel=\"canonical\" href=\"https:\/\/www.visit-ulcinj.com\/blog\/2011\/05\/06\/me-9-maj-ojq-horizonti-i-ri-shenon-diten-e-evropes-ne-piano-resaturant\/\" \/>\n<meta property=\"og:locale\" content=\"en_US\" \/>\n<meta property=\"og:type\" content=\"article\" \/>\n<meta property=\"og:title\" content=\"Me 9. maj OJQ Horizonti i Ri sh\u00ebnon Dit\u00ebn e Evrop\u00ebs n\u00eb Piano Resaturant - Lajme nga Ulqini\" \/>\n<meta property=\"og:description\" content=\"OJQ \u201cHorizonti i Ri \u201c ne kuad\u00ebr te projektit \u201cN\u00cb PRAG T\u00cb INTEGRIMEVE\u201d t\u00eb cilin e mb\u00ebshtet\u00eb Ambasada Amerikane n\u00eb Podgoric\u00eb, me dat\u00ebn 9 maj 2011 (t\u00eb h\u00ebn\u00ebn)\" \/>\n<meta property=\"og:url\" content=\"https:\/\/www.visit-ulcinj.com\/blog\/2011\/05\/06\/me-9-maj-ojq-horizonti-i-ri-shenon-diten-e-evropes-ne-piano-resaturant\/\" \/>\n<meta property=\"og:site_name\" content=\"Lajme nga Ulqini\" \/>\n<meta property=\"article:published_time\" content=\"2011-05-06T12:58:00+00:00\" \/>\n<meta property=\"article:modified_time\" content=\"2011-05-09T09:37:27+00:00\" \/>\n<meta name=\"twitter:label1\" content=\"Written by\" \/>\n\t<meta name=\"twitter:data1\" content=\"ulqini\" \/>\n<script type=\"application\/ld+json\" class=\"yoast-schema-graph\">{\"@context\":\"https:\/\/schema.org\",\"@graph\":[{\"@type\":\"WebSite\",\"@id\":\"https:\/\/www.visit-ulcinj.com\/blog\/#website\",\"url\":\"https:\/\/www.visit-ulcinj.com\/blog\/\",\"name\":\"Lajme nga Ulqini\",\"description\":\"Lajme,Vijesti,Ulqini,Ulqin,Crna Gora,Mali i Zi\",\"potentialAction\":[{\"@type\":\"SearchAction\",\"target\":{\"@type\":\"EntryPoint\",\"urlTemplate\":\"https:\/\/www.visit-ulcinj.com\/blog\/?s={search_term_string}\"},\"query-input\":\"required name=search_term_string\"}],\"inLanguage\":\"en-US\"},{\"@type\":\"WebPage\",\"@id\":\"https:\/\/www.visit-ulcinj.com\/blog\/2011\/05\/06\/me-9-maj-ojq-horizonti-i-ri-shenon-diten-e-evropes-ne-piano-resaturant\/#webpage\",\"url\":\"https:\/\/www.visit-ulcinj.com\/blog\/2011\/05\/06\/me-9-maj-ojq-horizonti-i-ri-shenon-diten-e-evropes-ne-piano-resaturant\/\",\"name\":\"Me 9. maj OJQ Horizonti i Ri sh\u00ebnon Dit\u00ebn e Evrop\u00ebs n\u00eb Piano Resaturant - Lajme nga Ulqini\",\"isPartOf\":{\"@id\":\"https:\/\/www.visit-ulcinj.com\/blog\/#website\"},\"datePublished\":\"2011-05-06T12:58:00+00:00\",\"dateModified\":\"2011-05-09T09:37:27+00:00\",\"author\":{\"@id\":\"https:\/\/www.visit-ulcinj.com\/blog\/#\/schema\/person\/dcab619c614d3038751c63bc2aadc06d\"},\"description\":\"OJQ \u201cHorizonti i Ri \u201c ne kuad\u00ebr te projektit \u201cN\u00cb PRAG T\u00cb INTEGRIMEVE\u201d t\u00eb cilin e mb\u00ebshtet\u00eb Ambasada Amerikane n\u00eb Podgoric\u00eb, me dat\u00ebn 9 maj 2011 (t\u00eb h\u00ebn\u00ebn)\",\"breadcrumb\":{\"@id\":\"https:\/\/www.visit-ulcinj.com\/blog\/2011\/05\/06\/me-9-maj-ojq-horizonti-i-ri-shenon-diten-e-evropes-ne-piano-resaturant\/#breadcrumb\"},\"inLanguage\":\"en-US\",\"potentialAction\":[{\"@type\":\"ReadAction\",\"target\":[\"https:\/\/www.visit-ulcinj.com\/blog\/2011\/05\/06\/me-9-maj-ojq-horizonti-i-ri-shenon-diten-e-evropes-ne-piano-resaturant\/\"]}]},{\"@type\":\"BreadcrumbList\",\"@id\":\"https:\/\/www.visit-ulcinj.com\/blog\/2011\/05\/06\/me-9-maj-ojq-horizonti-i-ri-shenon-diten-e-evropes-ne-piano-resaturant\/#breadcrumb\",\"itemListElement\":[{\"@type\":\"ListItem\",\"position\":1,\"name\":\"Me 9. maj OJQ Horizonti i Ri sh\u00ebnon Dit\u00ebn e Evrop\u00ebs n\u00eb Piano Resaturant\"}]},{\"@type\":\"Person\",\"@id\":\"https:\/\/www.visit-ulcinj.com\/blog\/#\/schema\/person\/dcab619c614d3038751c63bc2aadc06d\",\"name\":\"ulqini\",\"sameAs\":[\"http:\/\/www.visit-ulcinj.com\"],\"url\":\"https:\/\/www.visit-ulcinj.com\/blog\/author\/admin\/\"}]}<\/script>\n<!-- \/ Yoast SEO plugin. -->","yoast_head_json":{"title":"Me 9. maj OJQ Horizonti i Ri sh\u00ebnon Dit\u00ebn e Evrop\u00ebs n\u00eb Piano Resaturant - Lajme nga Ulqini","description":"OJQ \u201cHorizonti i Ri \u201c ne kuad\u00ebr te projektit \u201cN\u00cb PRAG T\u00cb INTEGRIMEVE\u201d t\u00eb cilin e mb\u00ebshtet\u00eb Ambasada Amerikane n\u00eb Podgoric\u00eb, me dat\u00ebn 9 maj 2011 (t\u00eb h\u00ebn\u00ebn)","robots":{"index":"index","follow":"follow","max-snippet":"max-snippet:-1","max-image-preview":"max-image-preview:large","max-video-preview":"max-video-preview:-1"},"canonical":"https:\/\/www.visit-ulcinj.com\/blog\/2011\/05\/06\/me-9-maj-ojq-horizonti-i-ri-shenon-diten-e-evropes-ne-piano-resaturant\/","og_locale":"en_US","og_type":"article","og_title":"Me 9. maj OJQ Horizonti i Ri sh\u00ebnon Dit\u00ebn e Evrop\u00ebs n\u00eb Piano Resaturant - Lajme nga Ulqini","og_description":"OJQ \u201cHorizonti i Ri \u201c ne kuad\u00ebr te projektit \u201cN\u00cb PRAG T\u00cb INTEGRIMEVE\u201d t\u00eb cilin e mb\u00ebshtet\u00eb Ambasada Amerikane n\u00eb Podgoric\u00eb, me dat\u00ebn 9 maj 2011 (t\u00eb h\u00ebn\u00ebn)","og_url":"https:\/\/www.visit-ulcinj.com\/blog\/2011\/05\/06\/me-9-maj-ojq-horizonti-i-ri-shenon-diten-e-evropes-ne-piano-resaturant\/","og_site_name":"Lajme nga Ulqini","article_published_time":"2011-05-06T12:58:00+00:00","article_modified_time":"2011-05-09T09:37:27+00:00","twitter_misc":{"Written by":"ulqini"},"schema":{"@context":"https:\/\/schema.org","@graph":[{"@type":"WebSite","@id":"https:\/\/www.visit-ulcinj.com\/blog\/#website","url":"https:\/\/www.visit-ulcinj.com\/blog\/","name":"Lajme nga Ulqini","description":"Lajme,Vijesti,Ulqini,Ulqin,Crna Gora,Mali i Zi","potentialAction":[{"@type":"SearchAction","target":{"@type":"EntryPoint","urlTemplate":"https:\/\/www.visit-ulcinj.com\/blog\/?s={search_term_string}"},"query-input":"required name=search_term_string"}],"inLanguage":"en-US"},{"@type":"WebPage","@id":"https:\/\/www.visit-ulcinj.com\/blog\/2011\/05\/06\/me-9-maj-ojq-horizonti-i-ri-shenon-diten-e-evropes-ne-piano-resaturant\/#webpage","url":"https:\/\/www.visit-ulcinj.com\/blog\/2011\/05\/06\/me-9-maj-ojq-horizonti-i-ri-shenon-diten-e-evropes-ne-piano-resaturant\/","name":"Me 9. maj OJQ Horizonti i Ri sh\u00ebnon Dit\u00ebn e Evrop\u00ebs n\u00eb Piano Resaturant - Lajme nga Ulqini","isPartOf":{"@id":"https:\/\/www.visit-ulcinj.com\/blog\/#website"},"datePublished":"2011-05-06T12:58:00+00:00","dateModified":"2011-05-09T09:37:27+00:00","author":{"@id":"https:\/\/www.visit-ulcinj.com\/blog\/#\/schema\/person\/dcab619c614d3038751c63bc2aadc06d"},"description":"OJQ \u201cHorizonti i Ri \u201c ne kuad\u00ebr te projektit \u201cN\u00cb PRAG T\u00cb INTEGRIMEVE\u201d t\u00eb cilin e mb\u00ebshtet\u00eb Ambasada Amerikane n\u00eb Podgoric\u00eb, me dat\u00ebn 9 maj 2011 (t\u00eb h\u00ebn\u00ebn)","breadcrumb":{"@id":"https:\/\/www.visit-ulcinj.com\/blog\/2011\/05\/06\/me-9-maj-ojq-horizonti-i-ri-shenon-diten-e-evropes-ne-piano-resaturant\/#breadcrumb"},"inLanguage":"en-US","potentialAction":[{"@type":"ReadAction","target":["https:\/\/www.visit-ulcinj.com\/blog\/2011\/05\/06\/me-9-maj-ojq-horizonti-i-ri-shenon-diten-e-evropes-ne-piano-resaturant\/"]}]},{"@type":"BreadcrumbList","@id":"https:\/\/www.visit-ulcinj.com\/blog\/2011\/05\/06\/me-9-maj-ojq-horizonti-i-ri-shenon-diten-e-evropes-ne-piano-resaturant\/#breadcrumb","itemListElement":[{"@type":"ListItem","position":1,"name":"Me 9. maj OJQ Horizonti i Ri sh\u00ebnon Dit\u00ebn e Evrop\u00ebs n\u00eb Piano Resaturant"}]},{"@type":"Person","@id":"https:\/\/www.visit-ulcinj.com\/blog\/#\/schema\/person\/dcab619c614d3038751c63bc2aadc06d","name":"ulqini","sameAs":["http:\/\/www.visit-ulcinj.com"],"url":"https:\/\/www.visit-ulcinj.com\/blog\/author\/admin\/"}]}},"jetpack_featured_media_url":"","jetpack_sharing_enabled":true,"jetpack_shortlink":"https:\/\/wp.me\/pe6lTn-c1q","_links":{"self":[{"href":"https:\/\/www.visit-ulcinj.com\/blog\/wp-json\/wp\/v2\/posts\/46216"}],"collection":[{"href":"https:\/\/www.visit-ulcinj.com\/blog\/wp-json\/wp\/v2\/posts"}],"about":[{"href":"https:\/\/www.visit-ulcinj.com\/blog\/wp-json\/wp\/v2\/types\/post"}],"author":[{"embeddable":true,"href":"https:\/\/www.visit-ulcinj.com\/blog\/wp-json\/wp\/v2\/users\/1"}],"replies":[{"embeddable":true,"href":"https:\/\/www.visit-ulcinj.com\/blog\/wp-json\/wp\/v2\/comments?post=46216"}],"version-history":[{"count":0,"href":"https:\/\/www.visit-ulcinj.com\/blog\/wp-json\/wp\/v2\/posts\/46216\/revisions"}],"wp:attachment":[{"href":"https:\/\/www.visit-ulcinj.com\/blog\/wp-json\/wp\/v2\/media?parent=46216"}],"wp:term":[{"taxonomy":"category","embeddable":true,"href":"https:\/\/www.visit-ulcinj.com\/blog\/wp-json\/wp\/v2\/categories?post=46216"},{"taxonomy":"post_tag","embeddable":true,"href":"https:\/\/www.visit-ulcinj.com\/blog\/wp-json\/wp\/v2\/tags?post=46216"}],"curies":[{"name":"wp","href":"https:\/\/api.w.org\/{rel}","templated":true}]}}