{"id":46251,"date":"2011-05-07T11:35:09","date_gmt":"2011-05-07T10:35:09","guid":{"rendered":"http:\/\/www.visit-ulcinj.com\/blog\/?p=46251"},"modified":"2011-05-11T10:16:05","modified_gmt":"2011-05-11T09:16:05","slug":"ana-malit-turizmi-rural-dhe-malor-i-ulqinit","status":"publish","type":"post","link":"https:\/\/www.visit-ulcinj.com\/blog\/2011\/05\/07\/ana-malit-turizmi-rural-dhe-malor-i-ulqinit\/","title":{"rendered":"Ana Malit : Turizmi Rural dhe Malor i Ulqinit"},"content":{"rendered":"<p><strong><a href=\"http:\/\/www.visit-ulcinj.com\/blog\/wp-content\/uploads\/2011\/05\/Ana-Malit_Turizmi-Rural-dhe-Malor-i-Ulqinit.29.jpg\"><img loading=\"lazy\" class=\"alignleft size-full wp-image-46281\" title=\"Ana Malit_Turizmi Rural dhe Malor i Ulqinit.29,Amull ,Bojk ,Brajsh ,Katerkoll\u00eb ,Kllezna e Nalt ,Kllezna e Posht ,Dragin\u00eb ,Kaliman ,Kosiq ,Kravar,Kryth\u00eb, Leskovc ,Lisna Bor\u00eb , Megjure\u00e7 , Mill\u00eb, Sukubin\u00eb ,Fraskanjel ,Shas,Shtoder,ulqin,ulqini,mali i zi,\" src=\"http:\/\/www.visit-ulcinj.com\/blog\/wp-content\/uploads\/2011\/05\/Ana-Malit_Turizmi-Rural-dhe-Malor-i-Ulqinit.29.jpg\" alt=\"\" width=\"508\" height=\"380\" \/><\/a><\/strong>Pothuajse t\u00eb gjith\u00eb banor\u00ebt e Kosoves dhe \u00a0veriut t\u00eb Shqip\u00ebris\u00eb q\u00eb jetojn\u00eb dhe punojn\u00eb si emigrant\u00eb n\u00eb Itali dhe vende t\u00eb tjera t\u00eb Evrop\u00ebs Per\u00ebndimore kan\u00eb zgjedhur pik\u00ebn e kalimit kufitar Sukubin &#8211; Muriqan, 13 km nga Shkodra, p\u00ebr t\u00eb hyr\u00eb n\u00eb Shqip\u00ebri dhe p\u00ebr t\u00eb vazhduar rrug\u00ebn ne destinacione tjera. Ky fakt \u00ebsht\u00eb m\u00eb bind\u00ebs kur statistikat e marra nga pika e kufitare e Muriqanit flasin p\u00ebr rreth 3500 deri 4500 persona q\u00eb hyjn\u00eb \u00e7do dit\u00eb nga kjo pik\u00eb kufitare. Kostoja m\u00eb e lir\u00eb, rruga m\u00eb e mir\u00eb, si dhe sh\u00ebrbimi m\u00eb i shpejt\u00eb n\u00eb dy an\u00ebt e dogan\u00ebs jan\u00eb disa nga arsyet q\u00eb kan\u00eb joshur emigrant\u00ebt t\u00eb zgjedhin Muriqanin. Emigrant\u00ebt hyjn\u00eb n\u00eb Mal t\u00eb Zi n\u00eb portin e Tivarit, nga aty udh\u00ebtojn\u00eb drejt Ulqinit dhe m\u00eb pas n\u00eb pik\u00ebn e kalimit kufitar t\u00eb Muriqanit. I gjith\u00eb udh\u00ebtimi nuk zgjat m\u00eb shum\u00eb se 60 km, por nuk \u00ebsht\u00eb vet\u00ebm distanca e vog\u00ebl nga porti i Tivarit ajo q\u00eb i shtyn, por edhe sh\u00ebrbimi i shpejt\u00eb pa radh\u00eb ajo q\u00eb ka b\u00ebr\u00eb p\u00ebr vete emigrant\u00ebt t\u00eb ndjekin k\u00ebt\u00eb linj\u00eb udh\u00ebtimi p\u00ebr t\u00eb hyr\u00eb n\u00eb atdhe.<\/p>\n<div id=\"attachment_46287\" style=\"width: 518px\" class=\"wp-caption alignleft\"><a href=\"http:\/\/www.visit-ulcinj.com\/blog\/wp-content\/uploads\/2011\/05\/Ana-Malit_Turizmi-Rural-dhe-Malor-i-Ulqinit.30.jpg\"><img aria-describedby=\"caption-attachment-46287\" loading=\"lazy\" class=\"size-full wp-image-46287\" title=\"Ana Malit_Turizmi Rural dhe Malor i Ulqinit.30,Ulqini,Ulqin,Mali i Zi,Amull ,Bojk ,Brajsh ,Katerkoll\u00eb ,Kllezna e Nalt ,Kllezna e Posht ,Dragin\u00eb ,Kaliman ,Kosiq ,Kravar,Kryth\u00eb, Leskovc ,Lisna Bor\u00eb , Megjure\u00e7 , Mill\u00eb, Sukubin\u00eb ,Fraskanjel ,Shas,Shtoder\" src=\"http:\/\/www.visit-ulcinj.com\/blog\/wp-content\/uploads\/2011\/05\/Ana-Malit_Turizmi-Rural-dhe-Malor-i-Ulqinit.30.jpg\" alt=\"\" width=\"508\" height=\"380\" srcset=\"https:\/\/www.visit-ulcinj.com\/blog\/wp-content\/uploads\/2011\/05\/Ana-Malit_Turizmi-Rural-dhe-Malor-i-Ulqinit.30.jpg 720w, https:\/\/www.visit-ulcinj.com\/blog\/wp-content\/uploads\/2011\/05\/Ana-Malit_Turizmi-Rural-dhe-Malor-i-Ulqinit.30-300x225.jpg 300w\" sizes=\"(max-width: 508px) 100vw, 508px\" \/><\/a><p id=\"caption-attachment-46287\" class=\"wp-caption-text\">Foto nga Tahir Tahiri<\/p><\/div>\n<p>Turizmi eshte nje sektor me potenciale rritjeje, kjo per shkak te burimeve natyrore si dhe te vendeve me karakter historik dhe kulturor qe ndodhen ne te dyja anet e zones se programimit. Secila pjese e kufirit ka potencialet e saj individuale: natyre terheqese, bregdet te mrekullueshem, liqene terheqese, parqe kombetare, vende historike si dhe mundesi per zhvillimin e sporteve malore dhe turizmit rural.<\/p>\n<p><strong>N\u00eb territorin e Ulqinit ka disa rajone n\u00eb t\u00eb cilat \u00ebsht\u00eb mjaft mir\u00eb i zhvilluar turizmi rural dhe ai malor. <\/strong><\/p>\n<p>Ana Malit me fshatrat e veta \u00a0Amull ,Bojk ,Brajsh ,Katerkoll\u00eb ,Kllezna e Nalt ,Kllezna e Posht ,Dragin\u00eb ,Kaliman ,Kosiq ,Kravar,Kryth\u00eb, Leskovc ,Lisna Bor\u00eb , Megjure\u00e7 , Mill\u00eb, Sukubin\u00eb ,Fraskanjel ,Shas,Shtoder ofrojn\u00eb mund\u00ebsi pa fund p\u00ebr turiz\u00ebm rural dhe malor q\u00eb vet\u00ebm duke i\u00a0 prekur mund ti shijosh dhe p\u00ebrjetosh nga af\u00ebr eksperienca t\u00eb paharueshme.<br \/>\nUlqini eshte nje nga qytetet me te vizituara te vendit tone. Gjate kesaj vere, ne qytetin historik mberriten vizitore te shumte, numer i cili ne krahasim me vitet e kaluara eshte i larte. Pjesa me e madhe e tyre kane qendruar ne qytet vetem disa ore, kohe e mjaftueshme per te vizituar muzeun historik te Ulqinit, e me pas jane larguar ne drejtim te destinacioneve te tjera turistike te vendit tone. Banoret vendas dhe autoritetet lokale e njohin mire rendesine qe ka turizmi per te ardhmen e qytetit, por jane te ndergjegjshem edhe per te metat e organizimit te tij.<br \/>\n<a href=\"http:\/\/www.visit-ulcinj.com\/blog\/wp-content\/uploads\/2011\/05\/Ana-Malit_Turizmi-Rural-dhe-Malor-i-Ulqinit.14.jpg\"><img loading=\"lazy\" class=\"alignleft size-full wp-image-46265\" title=\"Ana Malit_Turizmi Rural dhe Malor i Ulqinit.14,Amull ,Bojk ,Brajsh ,Katerkoll\u00eb ,Kllezna e Nalt ,Kllezna e Posht ,Dragin\u00eb ,Kaliman ,Kosiq ,Kravar,Kryth\u00eb, Leskovc ,Lisna Bor\u00eb , Megjure\u00e7 , Mill\u00eb, Sukubin\u00eb ,Fraskanjel ,Shas,Shtoder,Ulqin,Ulqini,Mali i Zi,\" src=\"http:\/\/www.visit-ulcinj.com\/blog\/wp-content\/uploads\/2011\/05\/Ana-Malit_Turizmi-Rural-dhe-Malor-i-Ulqinit.14.jpg\" alt=\"\" width=\"508\" height=\"380\" \/><\/a><\/p>\n<p><strong>Kalaja e Ulqinit dhe qyteti antik Shasi, destinacioni i preferuar<\/strong><\/p>\n<p><strong>Qyteti antik Shasi<\/strong>, gjate viteve te fundit, ka qene pika me e preferuar ne shkalle vendi per turistet shqiptare dhe te huaj. Anamalsit \u00a0thone se \u201ckush nuk ka vizituar qyteti antik te Shasit , nuk ka vizituar Ulqinin\u201d. Numri i vizitoreve kosovare ne Muzeun Historik t\u00eb Ulqinit dhe qytetin antik te Shasit ka pasur nje rritje te vazhdueshme, ndersa nuk kane munguar vizitoret nga ane te ndryshme te globit.<br \/>\nAnamalsit thone se qyteti ka vene ne dispozicion te vizitoreve jo vetem mikpritjen dhe bujarine, por edhe disa nga vlerat e tij tradicionale.<\/p>\n<p>Numri gjithnje e ne rritje i vizitoreve eshte nje tregues i rendesise historike dhe turistike qe ka rajoni i An\u00ebs s\u00eb Malit.<br \/>\nUlqini, se bashku me Ane te Malit,me fshatrat Amull ,Bojk ,Brajsh ,Katerkoll\u00eb ,Kllezna e Nalt ,Kllezna e Posht ,Dragin\u00eb ,Kaliman ,Kosiq ,Kravar,Kryth\u00eb, Leskovc ,Lisna Bor\u00eb , Megjure\u00e7 , Mill\u00eb, Sukubin\u00eb ,Fraskanjel ,Shas,Shtoder si fshatra qe bartin pjese te rendesishme nga historia e kombit tone, duhet te mbeshteten me shume nga qyteti i Ulqinit.<\/p>\n<p>Popullsia e An\u00ebs s\u00eb Malit \u00ebsht\u00eb e ndar\u00eb n\u00eb 20 fshatra, t\u00eb cilat deri n\u00eb\u00a0vitet 1970 kan\u00eb qen\u00eb t\u00eb mir\u00eb populluara, por p\u00ebr arsye t\u00eb kushteve jo t\u00eb\u00a0mira ekonomike anamalasit deytrohen t\u00eb emigrojn\u00eb. Sipas regjistrimit\u00a0t\u00eb fundit t\u00eb popullsis\u00eb, i cili u zhvillua n\u00eb vitin 2003 Ana e Malit kishte\u00a05538 banor\u00eb, apo 627 m\u00eb pak se n\u00eb regjistrimin e vitit 1991.<\/p>\n<p>Kjo trev\u00eb p\u00ebrbehet nga popullsia fshatare.\u00a0Struktura e popullsis\u00eb n\u00eb p\u00ebrb\u00ebrje t\u00eb saj ka t\u00eb\u00a0gjitha grupmoshat, por pjesa m\u00eb e madhe e saj\u00a0\u00ebsht\u00eb n\u00eb mosh\u00eb aktive, n\u00eb mosh\u00eb pune. Mosha\u00a0mesatare e popullsis\u00eb \u00ebsht\u00eb relativisht e re, por\u00a0p\u00ebr shkak t\u00eb papun\u00ebsis\u00eb kjo popullsi aktive\u00a0\u00ebsht\u00eb pak\u00ebsuar kryesisht p\u00ebr shkak t\u00eb migrimit\u00a0t\u00eb ndjesh\u00ebm t\u00eb rinis\u00eb. Popullsia e k\u00ebsaj treve\u00a0malore p\u00ebrballet p\u00ebrdit\u00eb me kushte relativisht\u00a0t\u00eb v\u00ebshtira jetese p\u00ebr vet\u00eb faktin se k\u00ebtu\u00a0mungojn\u00eb investime n\u00eb fusha t\u00eb ndryshme\u00a0ekonomike, pavar\u00ebsisht nga resurset e\u00a0mrekullueshme q\u00eb i ka fal\u00eb Zoti.\u00a0Popullsia e An\u00ebs s\u00eb Malit \u00ebsht\u00eb e ndar\u00eb n\u00eb 20\u00a0fshatra, t\u00eb cilat deri n\u00eb vitet 1970 kan\u00eb qen\u00eb t\u00eb\u00a0mir\u00ebpopulluara, por p\u00ebr arsye t\u00eb kushteve jo t\u00eb \u00a0m i r a \u00a0e k o n omi k e\u00a0 a n ama l a s i t\u00a0 deytrohen t\u00eb\u00a0 emi g r o j n \u00eb .<br \/>\nS i p a s\u00a0regjistrimit t\u00eb\u00a0fundit t\u00eb popullsis\u00eb,\u00a0i cili u\u00a0zhvillua n\u00eb\u00a0vitin 2003\u00a0Ana e Malit\u00a0kishte 5538\u00a0banor\u00eb, apo\u00a0627 m\u00eb pak se\u00a0n\u00eb regjistrimin\u00a0e vitit\u00a01991.<\/p>\n<p>Kalimi i te ardhurave qe perftohen nga taksat e biznesit te madh ne komun te Ulqinit duhet te jen ne favor te permiresimit te infrastruktures se qytetit te Ulqinit dhe infrastruktures se Anes se Malit ku \u00a0do te zhvillonte dukshem kushtet e ofertes turistike.<\/p>\n<p>Malet madheshtore pyjet e ahut, livadhet, burimet e ftohta si dhe potencialet e ve\u00e7anta qe ka Ana Malit si zone malore turistike dhe klimaterike te vleresuara per bukurite natyrore, ofrojne mundesi te medha per ushtrimin e turizmit ne te gjitha stinet e vitit.<br \/>\nBefasia dhe bukuria, qe te ofron kjo zone, fillon qe me pranine e pyjeve te dendura, ku perve\u00e7 atyre te ahut qe mbizoterojne ne kete zone, nuk mungojne edhe pyjet e tjera te larmishme me, Panjen, Frasherin, Villin, Bungun, Shkozen, Delline, Thanen, Arren e Lajthine, pa perjashtuar ketu edhe bimesine e ulet qe ia shton edhe me shume bukurine kesaj zone mbreselenese. Nje nga pikat piktoreske ne kete mrekulli natyrore eshte padyshim edhe qyteti antik i Shasit me 365 kisha aq dit sa ka viti,nje pike e ransishme ku \u00a0do te zhvillonte dukshem kushtet e ofertes turistike te Anes se Malit.<br \/>\n<a href=\"http:\/\/www.visit-ulcinj.com\/blog\/wp-content\/uploads\/2011\/05\/Ana-Malit_Turizmi-Rural-dhe-Malor-i-Ulqinit.19.jpg\"><img loading=\"lazy\" class=\"alignleft size-full wp-image-46270\" title=\"Ana Malit_Turizmi Rural dhe Malor i Ulqinit.19,Amull ,Bojk ,Brajsh ,Katerkoll\u00eb ,Kllezna e Nalt ,Kllezna e Posht ,Dragin\u00eb ,Kaliman ,Kosiq ,Kravar,Kryth\u00eb, Leskovc ,Lisna Bor\u00eb , Megjure\u00e7 , Mill\u00eb, Sukubin\u00eb ,Fraskanjel ,Shas,Shtoder,Ulqin,Ulqini,Mali i Zi,Muriqan,\" src=\"http:\/\/www.visit-ulcinj.com\/blog\/wp-content\/uploads\/2011\/05\/Ana-Malit_Turizmi-Rural-dhe-Malor-i-Ulqinit.19.jpg\" alt=\"\" width=\"508\" height=\"380\" \/><\/a><\/p>\n<p><strong>Ana Malit park zoologjik natyror<\/strong><\/p>\n<p>Quhet i tille nga banoret e saj dhe nga vizitoret, pasi ka nje hapesire te admirueshme, e cila i ofron kushte te mira jetese disa llojeve te ndryshme te kafsheve te egra si;\u00a0 Dhia e eger, derri i eger, kaprolli, dhelpra, ujku, lepuri, pa anashkaluar rreqebullin, zardafin e iriqin.<br \/>\nPo perve\u00e7 shumellojshmerise se kafsheve te egra, pylli i Anes Malit \u00a0eshte mjaft i pasur edhe me shpende te ndryshem si shqiponja, skifteri, thelleza, pellumbi, gjeli e pula e eger e shume shpende te tjere qe folenizojne atje. Nuk duhen lene pa u permendur edhe pasurite e lumit te Bunes, qe buron ne liqe te Shkodres ku gjendet shume lloje te tjera peshqi ,por gjithashtu zduhet te lehet\u00a0 anash as liqeni i Shasit me pasurit e saj natyrore.<br \/>\nResurset natyrore te kesaj zone jane te lidhura se bashku edhe me trashegimine kulturore dhe historike te banoreve vendas, duke formuar keshtu, bazat me te rendesishme per zhvillimin e turizmit.<br \/>\nAty do t\u00eb gjeni ujin e past\u00ebr t\u00eb detit, sh\u00ebrbim dhe cilesi t\u00eb lart\u00eb, kuzhin\u00eb tradicionale e moderne, laguna, liqene lumenj etj. Aty ofrohen shum\u00eb mund\u00ebsi p\u00ebr t\u00eb gjith\u00eb ata q\u00eb t\u00ebrhiqen nga natyra, eko-turizmi. Gjithashtu ka zogj e kafsh\u00eb t\u00eb tjera t\u00eb cilat ofrojn\u00eb mund\u00ebsine e praktikimit t\u00eb gjuetis\u00eb, n\u00eb eko-sistemin e pasur te\u00a0zones.<\/p>\n<p>Bregdeti i Ulqinit duke q\u00ebn\u00eb i populluar q\u00eb n\u00eb antikitet, krijon mund\u00ebsi, p\u00ebr t\u2019u njohur edhe me historin\u00eb e saj, kultur\u00ebn e te vecantat e tyre.<br \/>\nInteresi per antikitetin dhe burimet kulturore t\u00eb Ulqinit dhe Anes se Malit lidhen kryesisht me dy aspekte, vet\u00eb lasht\u00ebsine dhe historin\u00eb e kultur\u00ebn e saj, si nje nga v\u00ebndet m\u00eb t\u00eb vjetra t\u00eb Evrop\u00ebs, gjithashtu dhe fale zhvillimit te saj mes kufijve t\u00eb lindjes dhe per\u00ebndimit. Bukuria dhe pozicioni i saj gjeografik, b\u00ebjn\u00eb q\u00eb Ulqini t\u00eb ofroje shume m\u00eb teper, p\u00ebr t\u2019u pare e treguar gjithe vizitoreve dhe turisteve qe vijne dhe vizitojne kete zone, duke mos ofruar vetem pushim per det dhe diell por gjithashtu nje trashegimi te tere historike, kulturore, natyrore\u00a0etj.<\/p>\n<p>Ka shume fakte historike,objekte kulturore dhe arkeologjike me mjaft vlera p\u00ebr t\u2019u vizituar,te cilat jane gjurme dhe d\u00ebshmi e gjalle e nje popullimi q\u00eb n\u00eb er\u00ebn Paleolitike. N\u00eb lasht\u00ebsi shum\u00eb qytete t\u00eb r\u00ebnd\u00ebsishme ilire lul\u00ebzuan pikerisht p\u00ebrgjate bregdetit. Edhe gjat\u00eb mesjet\u00ebs disa nga qytetet bregdetare si\u00e7 ishte Ulqini jan\u00eb dalluar p\u00ebr zhvillimin e tyre duke ofruar nj\u00eb trash\u00ebgimi t\u00eb pasur kulturore, e cila \u00ebsht\u00eb materializuar n\u00eb monumentet e shumta kulturore, t\u00eb cilat mund t\u2019i ndeshim n\u00eb gjith\u00eb bregdetin e Ulqinit.<\/p>\n<p><strong>N\u00eb rase ndaloheni p\u00ebr t\u00eb buajtur n\u00eb An\u00eb t\u00eb Malit n\u00eb ndonj\u00eb sht\u00ebpi private,ju duhet t\u00eb ndajni p\u00ebr nj\u00eb nat\u00eb buajtje prej 3\u20ac deri 6\u20ac p\u00ebr person,(\u00e7mimi mvaret nga komoditeti).<\/strong><\/p>\n<p><strong>Mir\u00eb se vini n\u00eb An\u00eb t\u00eb Malit<\/strong><\/p>\n<p><strong>H.B<\/strong><br \/>\n<strong>Lajme nga Ulqini<\/strong><\/p>\n<p><a title=\"FOTO GALERIJA E ANES MALIT\" href=\"http:\/\/www.visit-ulcinj.com\/gallery\/main.php?g2_itemId=116\" target=\"_blank\"><strong> Shikoni Fotogalerin e Anes s\u00eb Malit<\/strong><\/a><br \/>\n\n\t\t<style type=\"text\/css\">\n\t\t\t#gallery-1 {\n\t\t\t\tmargin: auto;\n\t\t\t}\n\t\t\t#gallery-1 .gallery-item {\n\t\t\t\tfloat: left;\n\t\t\t\tmargin-top: 10px;\n\t\t\t\ttext-align: center;\n\t\t\t\twidth: 33%;\n\t\t\t}\n\t\t\t#gallery-1 img {\n\t\t\t\tborder: 2px solid #cfcfcf;\n\t\t\t}\n\t\t\t#gallery-1 .gallery-caption {\n\t\t\t\tmargin-left: 0;\n\t\t\t}\n\t\t\t\/* see gallery_shortcode() in wp-includes\/media.php *\/\n\t\t<\/style>\n\t\t<div id='gallery-1' class='gallery galleryid-46251 gallery-columns-3 gallery-size-thumbnail'><dl class='gallery-item'>\n\t\t\t<dt class='gallery-icon landscape'>\n\t\t\t\t<a href='https:\/\/www.visit-ulcinj.com\/blog\/wp-content\/uploads\/2011\/05\/Ana-Malit_Turizmi-Rural-dhe-Malor-i-Ulqinit.1.jpg'><img width=\"150\" height=\"150\" src=\"https:\/\/www.visit-ulcinj.com\/blog\/wp-content\/uploads\/2011\/05\/Ana-Malit_Turizmi-Rural-dhe-Malor-i-Ulqinit.1-150x150.jpg\" class=\"attachment-thumbnail size-thumbnail\" alt=\"\" loading=\"lazy\" \/><\/a>\n\t\t\t<\/dt><\/dl><dl class='gallery-item'>\n\t\t\t<dt class='gallery-icon landscape'>\n\t\t\t\t<a href='https:\/\/www.visit-ulcinj.com\/blog\/wp-content\/uploads\/2011\/05\/Ana-Malit_Turizmi-Rural-dhe-Malor-i-Ulqinit.2.jpg'><img width=\"150\" height=\"150\" src=\"https:\/\/www.visit-ulcinj.com\/blog\/wp-content\/uploads\/2011\/05\/Ana-Malit_Turizmi-Rural-dhe-Malor-i-Ulqinit.2-150x150.jpg\" class=\"attachment-thumbnail size-thumbnail\" alt=\"\" loading=\"lazy\" \/><\/a>\n\t\t\t<\/dt><\/dl><dl class='gallery-item'>\n\t\t\t<dt class='gallery-icon landscape'>\n\t\t\t\t<a href='https:\/\/www.visit-ulcinj.com\/blog\/wp-content\/uploads\/2011\/05\/Ana-Malit_Turizmi-Rural-dhe-Malor-i-Ulqinit.4.jpg'><img width=\"150\" height=\"150\" src=\"https:\/\/www.visit-ulcinj.com\/blog\/wp-content\/uploads\/2011\/05\/Ana-Malit_Turizmi-Rural-dhe-Malor-i-Ulqinit.4-150x150.jpg\" class=\"attachment-thumbnail size-thumbnail\" alt=\"\" loading=\"lazy\" \/><\/a>\n\t\t\t<\/dt><\/dl><br style=\"clear: both\" \/><dl class='gallery-item'>\n\t\t\t<dt class='gallery-icon landscape'>\n\t\t\t\t<a href='https:\/\/www.visit-ulcinj.com\/blog\/wp-content\/uploads\/2011\/05\/Ana-Malit_Turizmi-Rural-dhe-Malor-i-Ulqinit.5.jpg'><img width=\"150\" height=\"150\" src=\"https:\/\/www.visit-ulcinj.com\/blog\/wp-content\/uploads\/2011\/05\/Ana-Malit_Turizmi-Rural-dhe-Malor-i-Ulqinit.5-150x150.jpg\" class=\"attachment-thumbnail size-thumbnail\" alt=\"\" loading=\"lazy\" \/><\/a>\n\t\t\t<\/dt><\/dl><dl class='gallery-item'>\n\t\t\t<dt class='gallery-icon landscape'>\n\t\t\t\t<a href='https:\/\/www.visit-ulcinj.com\/blog\/wp-content\/uploads\/2011\/05\/Ana-Malit_Turizmi-Rural-dhe-Malor-i-Ulqinit.6.jpg'><img width=\"150\" height=\"150\" src=\"https:\/\/www.visit-ulcinj.com\/blog\/wp-content\/uploads\/2011\/05\/Ana-Malit_Turizmi-Rural-dhe-Malor-i-Ulqinit.6-150x150.jpg\" class=\"attachment-thumbnail size-thumbnail\" alt=\"\" loading=\"lazy\" \/><\/a>\n\t\t\t<\/dt><\/dl><dl class='gallery-item'>\n\t\t\t<dt class='gallery-icon landscape'>\n\t\t\t\t<a href='https:\/\/www.visit-ulcinj.com\/blog\/wp-content\/uploads\/2011\/05\/Ana-Malit_Turizmi-Rural-dhe-Malor-i-Ulqinit.7.jpg'><img width=\"150\" height=\"150\" src=\"https:\/\/www.visit-ulcinj.com\/blog\/wp-content\/uploads\/2011\/05\/Ana-Malit_Turizmi-Rural-dhe-Malor-i-Ulqinit.7-150x150.jpg\" class=\"attachment-thumbnail size-thumbnail\" alt=\"\" loading=\"lazy\" \/><\/a>\n\t\t\t<\/dt><\/dl><br style=\"clear: both\" \/><dl class='gallery-item'>\n\t\t\t<dt class='gallery-icon landscape'>\n\t\t\t\t<a href='https:\/\/www.visit-ulcinj.com\/blog\/wp-content\/uploads\/2011\/05\/Ana-Malit_Turizmi-Rural-dhe-Malor-i-Ulqinit.8.jpg'><img width=\"150\" height=\"150\" src=\"https:\/\/www.visit-ulcinj.com\/blog\/wp-content\/uploads\/2011\/05\/Ana-Malit_Turizmi-Rural-dhe-Malor-i-Ulqinit.8-150x150.jpg\" class=\"attachment-thumbnail size-thumbnail\" alt=\"\" loading=\"lazy\" \/><\/a>\n\t\t\t<\/dt><\/dl><dl class='gallery-item'>\n\t\t\t<dt class='gallery-icon landscape'>\n\t\t\t\t<a href='https:\/\/www.visit-ulcinj.com\/blog\/wp-content\/uploads\/2011\/05\/Ana-Malit_Turizmi-Rural-dhe-Malor-i-Ulqinit.9.jpg'><img width=\"150\" height=\"150\" src=\"https:\/\/www.visit-ulcinj.com\/blog\/wp-content\/uploads\/2011\/05\/Ana-Malit_Turizmi-Rural-dhe-Malor-i-Ulqinit.9-150x150.jpg\" class=\"attachment-thumbnail size-thumbnail\" alt=\"\" loading=\"lazy\" \/><\/a>\n\t\t\t<\/dt><\/dl><dl class='gallery-item'>\n\t\t\t<dt class='gallery-icon landscape'>\n\t\t\t\t<a href='https:\/\/www.visit-ulcinj.com\/blog\/wp-content\/uploads\/2011\/05\/Ana-Malit_Turizmi-Rural-dhe-Malor-i-Ulqinit.10.jpg'><img width=\"150\" height=\"150\" src=\"https:\/\/www.visit-ulcinj.com\/blog\/wp-content\/uploads\/2011\/05\/Ana-Malit_Turizmi-Rural-dhe-Malor-i-Ulqinit.10-150x150.jpg\" class=\"attachment-thumbnail size-thumbnail\" alt=\"\" loading=\"lazy\" \/><\/a>\n\t\t\t<\/dt><\/dl><br style=\"clear: both\" \/><dl class='gallery-item'>\n\t\t\t<dt class='gallery-icon landscape'>\n\t\t\t\t<a href='https:\/\/www.visit-ulcinj.com\/blog\/wp-content\/uploads\/2011\/05\/Ana-Malit_Turizmi-Rural-dhe-Malor-i-Ulqinit.11.jpg'><img width=\"150\" height=\"150\" src=\"https:\/\/www.visit-ulcinj.com\/blog\/wp-content\/uploads\/2011\/05\/Ana-Malit_Turizmi-Rural-dhe-Malor-i-Ulqinit.11-150x150.jpg\" class=\"attachment-thumbnail size-thumbnail\" alt=\"\" loading=\"lazy\" \/><\/a>\n\t\t\t<\/dt><\/dl><dl class='gallery-item'>\n\t\t\t<dt class='gallery-icon landscape'>\n\t\t\t\t<a href='https:\/\/www.visit-ulcinj.com\/blog\/wp-content\/uploads\/2011\/05\/Ana-Malit_Turizmi-Rural-dhe-Malor-i-Ulqinit.12.jpg'><img width=\"150\" height=\"150\" src=\"https:\/\/www.visit-ulcinj.com\/blog\/wp-content\/uploads\/2011\/05\/Ana-Malit_Turizmi-Rural-dhe-Malor-i-Ulqinit.12-150x150.jpg\" class=\"attachment-thumbnail size-thumbnail\" alt=\"\" loading=\"lazy\" \/><\/a>\n\t\t\t<\/dt><\/dl><dl class='gallery-item'>\n\t\t\t<dt class='gallery-icon landscape'>\n\t\t\t\t<a href='https:\/\/www.visit-ulcinj.com\/blog\/wp-content\/uploads\/2011\/05\/Ana-Malit_Turizmi-Rural-dhe-Malor-i-Ulqinit.13.jpg'><img width=\"150\" height=\"150\" src=\"https:\/\/www.visit-ulcinj.com\/blog\/wp-content\/uploads\/2011\/05\/Ana-Malit_Turizmi-Rural-dhe-Malor-i-Ulqinit.13-150x150.jpg\" class=\"attachment-thumbnail size-thumbnail\" alt=\"\" loading=\"lazy\" \/><\/a>\n\t\t\t<\/dt><\/dl><br style=\"clear: both\" \/><dl class='gallery-item'>\n\t\t\t<dt class='gallery-icon landscape'>\n\t\t\t\t<a href='https:\/\/www.visit-ulcinj.com\/blog\/wp-content\/uploads\/2011\/05\/Ana-Malit_Turizmi-Rural-dhe-Malor-i-Ulqinit.14.jpg'><img width=\"150\" height=\"150\" src=\"https:\/\/www.visit-ulcinj.com\/blog\/wp-content\/uploads\/2011\/05\/Ana-Malit_Turizmi-Rural-dhe-Malor-i-Ulqinit.14-150x150.jpg\" class=\"attachment-thumbnail size-thumbnail\" alt=\"\" loading=\"lazy\" \/><\/a>\n\t\t\t<\/dt><\/dl><dl class='gallery-item'>\n\t\t\t<dt class='gallery-icon landscape'>\n\t\t\t\t<a href='https:\/\/www.visit-ulcinj.com\/blog\/wp-content\/uploads\/2011\/05\/Ana-Malit_Turizmi-Rural-dhe-Malor-i-Ulqinit.15.jpg'><img width=\"150\" height=\"150\" src=\"https:\/\/www.visit-ulcinj.com\/blog\/wp-content\/uploads\/2011\/05\/Ana-Malit_Turizmi-Rural-dhe-Malor-i-Ulqinit.15-150x150.jpg\" class=\"attachment-thumbnail size-thumbnail\" alt=\"\" loading=\"lazy\" \/><\/a>\n\t\t\t<\/dt><\/dl><dl class='gallery-item'>\n\t\t\t<dt class='gallery-icon landscape'>\n\t\t\t\t<a href='https:\/\/www.visit-ulcinj.com\/blog\/wp-content\/uploads\/2011\/05\/Ana-Malit_Turizmi-Rural-dhe-Malor-i-Ulqinit.16.jpg'><img width=\"150\" height=\"150\" src=\"https:\/\/www.visit-ulcinj.com\/blog\/wp-content\/uploads\/2011\/05\/Ana-Malit_Turizmi-Rural-dhe-Malor-i-Ulqinit.16-150x150.jpg\" class=\"attachment-thumbnail size-thumbnail\" alt=\"\" loading=\"lazy\" \/><\/a>\n\t\t\t<\/dt><\/dl><br style=\"clear: both\" \/><dl class='gallery-item'>\n\t\t\t<dt class='gallery-icon portrait'>\n\t\t\t\t<a href='https:\/\/www.visit-ulcinj.com\/blog\/wp-content\/uploads\/2011\/05\/Ana-Malit_Turizmi-Rural-dhe-Malor-i-Ulqinit.17.jpg'><img width=\"150\" height=\"150\" src=\"https:\/\/www.visit-ulcinj.com\/blog\/wp-content\/uploads\/2011\/05\/Ana-Malit_Turizmi-Rural-dhe-Malor-i-Ulqinit.17-150x150.jpg\" class=\"attachment-thumbnail size-thumbnail\" alt=\"\" loading=\"lazy\" \/><\/a>\n\t\t\t<\/dt><\/dl><dl class='gallery-item'>\n\t\t\t<dt class='gallery-icon portrait'>\n\t\t\t\t<a href='https:\/\/www.visit-ulcinj.com\/blog\/wp-content\/uploads\/2011\/05\/Ana-Malit_Turizmi-Rural-dhe-Malor-i-Ulqinit.18.jpg'><img width=\"150\" height=\"150\" src=\"https:\/\/www.visit-ulcinj.com\/blog\/wp-content\/uploads\/2011\/05\/Ana-Malit_Turizmi-Rural-dhe-Malor-i-Ulqinit.18-150x150.jpg\" class=\"attachment-thumbnail size-thumbnail\" alt=\"\" loading=\"lazy\" \/><\/a>\n\t\t\t<\/dt><\/dl><dl class='gallery-item'>\n\t\t\t<dt class='gallery-icon landscape'>\n\t\t\t\t<a href='https:\/\/www.visit-ulcinj.com\/blog\/wp-content\/uploads\/2011\/05\/Ana-Malit_Turizmi-Rural-dhe-Malor-i-Ulqinit.19.jpg'><img width=\"150\" height=\"150\" src=\"https:\/\/www.visit-ulcinj.com\/blog\/wp-content\/uploads\/2011\/05\/Ana-Malit_Turizmi-Rural-dhe-Malor-i-Ulqinit.19-150x150.jpg\" class=\"attachment-thumbnail size-thumbnail\" alt=\"\" loading=\"lazy\" \/><\/a>\n\t\t\t<\/dt><\/dl><br style=\"clear: both\" \/><dl class='gallery-item'>\n\t\t\t<dt class='gallery-icon landscape'>\n\t\t\t\t<a href='https:\/\/www.visit-ulcinj.com\/blog\/wp-content\/uploads\/2011\/05\/Ana-Malit_Turizmi-Rural-dhe-Malor-i-Ulqinit.20.jpg'><img width=\"150\" height=\"150\" src=\"https:\/\/www.visit-ulcinj.com\/blog\/wp-content\/uploads\/2011\/05\/Ana-Malit_Turizmi-Rural-dhe-Malor-i-Ulqinit.20-150x150.jpg\" class=\"attachment-thumbnail size-thumbnail\" alt=\"\" loading=\"lazy\" \/><\/a>\n\t\t\t<\/dt><\/dl><dl class='gallery-item'>\n\t\t\t<dt class='gallery-icon landscape'>\n\t\t\t\t<a href='https:\/\/www.visit-ulcinj.com\/blog\/wp-content\/uploads\/2011\/05\/Ana-Malit_Turizmi-Rural-dhe-Malor-i-Ulqinit.21.jpg'><img width=\"150\" height=\"150\" src=\"https:\/\/www.visit-ulcinj.com\/blog\/wp-content\/uploads\/2011\/05\/Ana-Malit_Turizmi-Rural-dhe-Malor-i-Ulqinit.21-150x150.jpg\" class=\"attachment-thumbnail size-thumbnail\" alt=\"\" loading=\"lazy\" \/><\/a>\n\t\t\t<\/dt><\/dl><dl class='gallery-item'>\n\t\t\t<dt class='gallery-icon landscape'>\n\t\t\t\t<a href='https:\/\/www.visit-ulcinj.com\/blog\/wp-content\/uploads\/2011\/05\/Ana-Malit_Turizmi-Rural-dhe-Malor-i-Ulqinit.22.jpg'><img width=\"150\" height=\"150\" src=\"https:\/\/www.visit-ulcinj.com\/blog\/wp-content\/uploads\/2011\/05\/Ana-Malit_Turizmi-Rural-dhe-Malor-i-Ulqinit.22-150x150.jpg\" class=\"attachment-thumbnail size-thumbnail\" alt=\"\" loading=\"lazy\" \/><\/a>\n\t\t\t<\/dt><\/dl><br style=\"clear: both\" \/><dl class='gallery-item'>\n\t\t\t<dt class='gallery-icon landscape'>\n\t\t\t\t<a href='https:\/\/www.visit-ulcinj.com\/blog\/wp-content\/uploads\/2011\/05\/Ana-Malit_Turizmi-Rural-dhe-Malor-i-Ulqinit.23.jpg'><img width=\"150\" height=\"150\" src=\"https:\/\/www.visit-ulcinj.com\/blog\/wp-content\/uploads\/2011\/05\/Ana-Malit_Turizmi-Rural-dhe-Malor-i-Ulqinit.23-150x150.jpg\" class=\"attachment-thumbnail size-thumbnail\" alt=\"\" loading=\"lazy\" \/><\/a>\n\t\t\t<\/dt><\/dl><dl class='gallery-item'>\n\t\t\t<dt class='gallery-icon landscape'>\n\t\t\t\t<a href='https:\/\/www.visit-ulcinj.com\/blog\/wp-content\/uploads\/2011\/05\/Ana-Malit_Turizmi-Rural-dhe-Malor-i-Ulqinit.24.jpg'><img width=\"150\" height=\"150\" src=\"https:\/\/www.visit-ulcinj.com\/blog\/wp-content\/uploads\/2011\/05\/Ana-Malit_Turizmi-Rural-dhe-Malor-i-Ulqinit.24-150x150.jpg\" class=\"attachment-thumbnail size-thumbnail\" alt=\"\" loading=\"lazy\" \/><\/a>\n\t\t\t<\/dt><\/dl><dl class='gallery-item'>\n\t\t\t<dt class='gallery-icon landscape'>\n\t\t\t\t<a href='https:\/\/www.visit-ulcinj.com\/blog\/wp-content\/uploads\/2011\/05\/Ana-Malit_Turizmi-Rural-dhe-Malor-i-Ulqinit.25.jpg'><img width=\"150\" height=\"150\" src=\"https:\/\/www.visit-ulcinj.com\/blog\/wp-content\/uploads\/2011\/05\/Ana-Malit_Turizmi-Rural-dhe-Malor-i-Ulqinit.25-150x150.jpg\" class=\"attachment-thumbnail size-thumbnail\" alt=\"\" loading=\"lazy\" \/><\/a>\n\t\t\t<\/dt><\/dl><br style=\"clear: both\" \/><dl class='gallery-item'>\n\t\t\t<dt class='gallery-icon landscape'>\n\t\t\t\t<a href='https:\/\/www.visit-ulcinj.com\/blog\/wp-content\/uploads\/2011\/05\/Ana-Malit_Turizmi-Rural-dhe-Malor-i-Ulqinit.26.jpg'><img width=\"150\" height=\"150\" src=\"https:\/\/www.visit-ulcinj.com\/blog\/wp-content\/uploads\/2011\/05\/Ana-Malit_Turizmi-Rural-dhe-Malor-i-Ulqinit.26-150x150.jpg\" class=\"attachment-thumbnail size-thumbnail\" alt=\"\" loading=\"lazy\" \/><\/a>\n\t\t\t<\/dt><\/dl><dl class='gallery-item'>\n\t\t\t<dt class='gallery-icon portrait'>\n\t\t\t\t<a href='https:\/\/www.visit-ulcinj.com\/blog\/wp-content\/uploads\/2011\/05\/Ana-Malit_Turizmi-Rural-dhe-Malor-i-Ulqinit.27.jpg'><img width=\"150\" height=\"150\" src=\"https:\/\/www.visit-ulcinj.com\/blog\/wp-content\/uploads\/2011\/05\/Ana-Malit_Turizmi-Rural-dhe-Malor-i-Ulqinit.27-150x150.jpg\" class=\"attachment-thumbnail size-thumbnail\" alt=\"\" loading=\"lazy\" \/><\/a>\n\t\t\t<\/dt><\/dl><dl class='gallery-item'>\n\t\t\t<dt class='gallery-icon landscape'>\n\t\t\t\t<a href='https:\/\/www.visit-ulcinj.com\/blog\/wp-content\/uploads\/2011\/05\/Ana-Malit_Turizmi-Rural-dhe-Malor-i-Ulqinit.jpg'><img width=\"150\" height=\"150\" src=\"https:\/\/www.visit-ulcinj.com\/blog\/wp-content\/uploads\/2011\/05\/Ana-Malit_Turizmi-Rural-dhe-Malor-i-Ulqinit-150x150.jpg\" class=\"attachment-thumbnail size-thumbnail\" alt=\"\" loading=\"lazy\" \/><\/a>\n\t\t\t<\/dt><\/dl><br style=\"clear: both\" \/><dl class='gallery-item'>\n\t\t\t<dt class='gallery-icon landscape'>\n\t\t\t\t<a href='https:\/\/www.visit-ulcinj.com\/blog\/wp-content\/uploads\/2011\/05\/Ana-Malit_Turizmi-Rural-dhe-Malor-i-Ulqinit.28.jpg'><img width=\"150\" height=\"150\" src=\"https:\/\/www.visit-ulcinj.com\/blog\/wp-content\/uploads\/2011\/05\/Ana-Malit_Turizmi-Rural-dhe-Malor-i-Ulqinit.28-150x150.jpg\" class=\"attachment-thumbnail size-thumbnail\" alt=\"\" loading=\"lazy\" \/><\/a>\n\t\t\t<\/dt><\/dl><dl class='gallery-item'>\n\t\t\t<dt class='gallery-icon landscape'>\n\t\t\t\t<a href='https:\/\/www.visit-ulcinj.com\/blog\/wp-content\/uploads\/2011\/05\/Ana-Malit_Turizmi-Rural-dhe-Malor-i-Ulqinit.29.jpg'><img width=\"150\" height=\"150\" src=\"https:\/\/www.visit-ulcinj.com\/blog\/wp-content\/uploads\/2011\/05\/Ana-Malit_Turizmi-Rural-dhe-Malor-i-Ulqinit.29-150x150.jpg\" class=\"attachment-thumbnail size-thumbnail\" alt=\"\" loading=\"lazy\" \/><\/a>\n\t\t\t<\/dt><\/dl><dl class='gallery-item'>\n\t\t\t<dt class='gallery-icon landscape'>\n\t\t\t\t<a href='https:\/\/www.visit-ulcinj.com\/blog\/wp-content\/uploads\/2011\/05\/Ana-Malit_Turizmi-Rural-dhe-Malor-i-Ulqinit.30.jpg'><img width=\"150\" height=\"150\" src=\"https:\/\/www.visit-ulcinj.com\/blog\/wp-content\/uploads\/2011\/05\/Ana-Malit_Turizmi-Rural-dhe-Malor-i-Ulqinit.30-150x150.jpg\" class=\"attachment-thumbnail size-thumbnail\" alt=\"\" loading=\"lazy\" \/><\/a>\n\t\t\t<\/dt><\/dl><br style=\"clear: both\" \/>\n\t\t<\/div>\n<br \/>\n<iframe loading=\"lazy\" frameborder=\"0\" width=\"508\" height=\"340\" src=\"http:\/\/www.dailymotion.com\/embed\/video\/ximomz?theme=none&#038;autoPlay=1&#038;wmode=transparent\"><\/iframe><br \/><a href=\"http:\/\/www.dailymotion.com\/video\/ximomz_shasi-ilir-i-365-kishave-dokumentar-top-channel_travel\" target=\"_blank\">Shasi ilir i 365 kishave &#8211; dokumentar top channel<\/a><br \/>\n<iframe loading=\"lazy\" width=\"508\" height=\"360\" src=\"http:\/\/www.youtube.com\/embed\/aN5IViKE4pI\" frameborder=\"0\" allowfullscreen><\/iframe><\/p>\n","protected":false},"excerpt":{"rendered":"<p>Pothuajse t\u00eb gjith\u00eb banor\u00ebt e Kosoves dhe \u00a0veriut t\u00eb Shqip\u00ebris\u00eb q\u00eb jetojn\u00eb dhe punojn\u00eb si emigrant\u00eb n\u00eb Itali dhe vende t\u00eb tjera t\u00eb Evrop\u00ebs Per\u00ebndimore kan\u00eb zgjedhur pik\u00ebn e kalimit kufitar Sukubin &#8211; Muriqan, 13 km nga Shkodra, p\u00ebr t\u00eb hyr\u00eb n\u00eb Shqip\u00ebri dhe p\u00ebr t\u00eb vazhduar rrug\u00ebn ne destinacione tjera. Ky fakt \u00ebsht\u00eb m\u00eb [&hellip;]<\/p>\n","protected":false},"author":1,"featured_media":0,"comment_status":"open","ping_status":"closed","sticky":false,"template":"","format":"standard","meta":{"spay_email":"","jetpack_publicize_message":"","jetpack_is_tweetstorm":false,"jetpack_publicize_feature_enabled":true},"categories":[10,1],"tags":[14351,212,15136,17401,15139,10203,14359,214,16210,17402,3507,3717,14364,15140,3512,95,15141,14366,2083,15143,2800,18185,18184,200,18],"jetpack_publicize_connections":[],"yoast_head":"<!-- This site is optimized with the Yoast SEO plugin v19.1 - https:\/\/yoast.com\/wordpress\/plugins\/seo\/ -->\n<title>Ana Malit : Turizmi Rural dhe Malor i Ulqinit - Lajme nga Ulqini<\/title>\n<meta name=\"description\" content=\"Pothuajse t\u00eb gjith\u00eb banor\u00ebt e Kosoves dhe \u00a0veriut t\u00eb Shqip\u00ebris\u00eb q\u00eb jetojn\u00eb dhe punojn\u00eb si emigrant\u00eb n\u00eb Itali dhe vende t\u00eb tjera t\u00eb Evrop\u00ebs Per\u00ebndimore\" \/>\n<meta name=\"robots\" content=\"index, follow, max-snippet:-1, max-image-preview:large, max-video-preview:-1\" \/>\n<link rel=\"canonical\" href=\"https:\/\/www.visit-ulcinj.com\/blog\/2011\/05\/07\/ana-malit-turizmi-rural-dhe-malor-i-ulqinit\/\" \/>\n<meta property=\"og:locale\" content=\"en_US\" \/>\n<meta property=\"og:type\" content=\"article\" \/>\n<meta property=\"og:title\" content=\"Ana Malit : Turizmi Rural dhe Malor i Ulqinit - Lajme nga Ulqini\" \/>\n<meta property=\"og:description\" content=\"Pothuajse t\u00eb gjith\u00eb banor\u00ebt e Kosoves dhe \u00a0veriut t\u00eb Shqip\u00ebris\u00eb q\u00eb jetojn\u00eb dhe punojn\u00eb si emigrant\u00eb n\u00eb Itali dhe vende t\u00eb tjera t\u00eb Evrop\u00ebs Per\u00ebndimore\" \/>\n<meta property=\"og:url\" content=\"https:\/\/www.visit-ulcinj.com\/blog\/2011\/05\/07\/ana-malit-turizmi-rural-dhe-malor-i-ulqinit\/\" \/>\n<meta property=\"og:site_name\" content=\"Lajme nga Ulqini\" \/>\n<meta property=\"article:published_time\" content=\"2011-05-07T10:35:09+00:00\" \/>\n<meta property=\"article:modified_time\" content=\"2011-05-11T09:16:05+00:00\" \/>\n<meta property=\"og:image\" content=\"https:\/\/www.visit-ulcinj.com\/blog\/wp-content\/uploads\/2011\/05\/Ana-Malit_Turizmi-Rural-dhe-Malor-i-Ulqinit.1-150x150.jpg\" \/>\n<meta name=\"twitter:label1\" content=\"Written by\" \/>\n\t<meta name=\"twitter:data1\" content=\"ulqini\" \/>\n\t<meta name=\"twitter:label2\" content=\"Est. reading time\" \/>\n\t<meta name=\"twitter:data2\" content=\"8 minutes\" \/>\n<script type=\"application\/ld+json\" class=\"yoast-schema-graph\">{\"@context\":\"https:\/\/schema.org\",\"@graph\":[{\"@type\":\"WebSite\",\"@id\":\"https:\/\/www.visit-ulcinj.com\/blog\/#website\",\"url\":\"https:\/\/www.visit-ulcinj.com\/blog\/\",\"name\":\"Lajme nga Ulqini\",\"description\":\"Lajme,Vijesti,Ulqini,Ulqin,Crna Gora,Mali i Zi\",\"potentialAction\":[{\"@type\":\"SearchAction\",\"target\":{\"@type\":\"EntryPoint\",\"urlTemplate\":\"https:\/\/www.visit-ulcinj.com\/blog\/?s={search_term_string}\"},\"query-input\":\"required name=search_term_string\"}],\"inLanguage\":\"en-US\"},{\"@type\":\"ImageObject\",\"inLanguage\":\"en-US\",\"@id\":\"https:\/\/www.visit-ulcinj.com\/blog\/2011\/05\/07\/ana-malit-turizmi-rural-dhe-malor-i-ulqinit\/#primaryimage\",\"url\":\"https:\/\/www.visit-ulcinj.com\/blog\/wp-content\/uploads\/2011\/05\/Ana-Malit_Turizmi-Rural-dhe-Malor-i-Ulqinit.29.jpg\",\"contentUrl\":\"https:\/\/www.visit-ulcinj.com\/blog\/wp-content\/uploads\/2011\/05\/Ana-Malit_Turizmi-Rural-dhe-Malor-i-Ulqinit.29.jpg\",\"width\":\"640\",\"height\":\"422\"},{\"@type\":\"WebPage\",\"@id\":\"https:\/\/www.visit-ulcinj.com\/blog\/2011\/05\/07\/ana-malit-turizmi-rural-dhe-malor-i-ulqinit\/#webpage\",\"url\":\"https:\/\/www.visit-ulcinj.com\/blog\/2011\/05\/07\/ana-malit-turizmi-rural-dhe-malor-i-ulqinit\/\",\"name\":\"Ana Malit : Turizmi Rural dhe Malor i Ulqinit - Lajme nga Ulqini\",\"isPartOf\":{\"@id\":\"https:\/\/www.visit-ulcinj.com\/blog\/#website\"},\"primaryImageOfPage\":{\"@id\":\"https:\/\/www.visit-ulcinj.com\/blog\/2011\/05\/07\/ana-malit-turizmi-rural-dhe-malor-i-ulqinit\/#primaryimage\"},\"datePublished\":\"2011-05-07T10:35:09+00:00\",\"dateModified\":\"2011-05-11T09:16:05+00:00\",\"author\":{\"@id\":\"https:\/\/www.visit-ulcinj.com\/blog\/#\/schema\/person\/dcab619c614d3038751c63bc2aadc06d\"},\"description\":\"Pothuajse t\u00eb gjith\u00eb banor\u00ebt e Kosoves dhe \u00a0veriut t\u00eb Shqip\u00ebris\u00eb q\u00eb jetojn\u00eb dhe punojn\u00eb si emigrant\u00eb n\u00eb Itali dhe vende t\u00eb tjera t\u00eb Evrop\u00ebs Per\u00ebndimore\",\"breadcrumb\":{\"@id\":\"https:\/\/www.visit-ulcinj.com\/blog\/2011\/05\/07\/ana-malit-turizmi-rural-dhe-malor-i-ulqinit\/#breadcrumb\"},\"inLanguage\":\"en-US\",\"potentialAction\":[{\"@type\":\"ReadAction\",\"target\":[\"https:\/\/www.visit-ulcinj.com\/blog\/2011\/05\/07\/ana-malit-turizmi-rural-dhe-malor-i-ulqinit\/\"]}]},{\"@type\":\"BreadcrumbList\",\"@id\":\"https:\/\/www.visit-ulcinj.com\/blog\/2011\/05\/07\/ana-malit-turizmi-rural-dhe-malor-i-ulqinit\/#breadcrumb\",\"itemListElement\":[{\"@type\":\"ListItem\",\"position\":1,\"name\":\"Ana Malit : Turizmi Rural dhe Malor i Ulqinit\"}]},{\"@type\":\"Person\",\"@id\":\"https:\/\/www.visit-ulcinj.com\/blog\/#\/schema\/person\/dcab619c614d3038751c63bc2aadc06d\",\"name\":\"ulqini\",\"sameAs\":[\"http:\/\/www.visit-ulcinj.com\"],\"url\":\"https:\/\/www.visit-ulcinj.com\/blog\/author\/admin\/\"}]}<\/script>\n<!-- \/ Yoast SEO plugin. -->","yoast_head_json":{"title":"Ana Malit : Turizmi Rural dhe Malor i Ulqinit - Lajme nga Ulqini","description":"Pothuajse t\u00eb gjith\u00eb banor\u00ebt e Kosoves dhe \u00a0veriut t\u00eb Shqip\u00ebris\u00eb q\u00eb jetojn\u00eb dhe punojn\u00eb si emigrant\u00eb n\u00eb Itali dhe vende t\u00eb tjera t\u00eb Evrop\u00ebs Per\u00ebndimore","robots":{"index":"index","follow":"follow","max-snippet":"max-snippet:-1","max-image-preview":"max-image-preview:large","max-video-preview":"max-video-preview:-1"},"canonical":"https:\/\/www.visit-ulcinj.com\/blog\/2011\/05\/07\/ana-malit-turizmi-rural-dhe-malor-i-ulqinit\/","og_locale":"en_US","og_type":"article","og_title":"Ana Malit : Turizmi Rural dhe Malor i Ulqinit - Lajme nga Ulqini","og_description":"Pothuajse t\u00eb gjith\u00eb banor\u00ebt e Kosoves dhe \u00a0veriut t\u00eb Shqip\u00ebris\u00eb q\u00eb jetojn\u00eb dhe punojn\u00eb si emigrant\u00eb n\u00eb Itali dhe vende t\u00eb tjera t\u00eb Evrop\u00ebs Per\u00ebndimore","og_url":"https:\/\/www.visit-ulcinj.com\/blog\/2011\/05\/07\/ana-malit-turizmi-rural-dhe-malor-i-ulqinit\/","og_site_name":"Lajme nga Ulqini","article_published_time":"2011-05-07T10:35:09+00:00","article_modified_time":"2011-05-11T09:16:05+00:00","og_image":[{"url":"https:\/\/www.visit-ulcinj.com\/blog\/wp-content\/uploads\/2011\/05\/Ana-Malit_Turizmi-Rural-dhe-Malor-i-Ulqinit.1-150x150.jpg"}],"twitter_misc":{"Written by":"ulqini","Est. reading time":"8 minutes"},"schema":{"@context":"https:\/\/schema.org","@graph":[{"@type":"WebSite","@id":"https:\/\/www.visit-ulcinj.com\/blog\/#website","url":"https:\/\/www.visit-ulcinj.com\/blog\/","name":"Lajme nga Ulqini","description":"Lajme,Vijesti,Ulqini,Ulqin,Crna Gora,Mali i Zi","potentialAction":[{"@type":"SearchAction","target":{"@type":"EntryPoint","urlTemplate":"https:\/\/www.visit-ulcinj.com\/blog\/?s={search_term_string}"},"query-input":"required name=search_term_string"}],"inLanguage":"en-US"},{"@type":"ImageObject","inLanguage":"en-US","@id":"https:\/\/www.visit-ulcinj.com\/blog\/2011\/05\/07\/ana-malit-turizmi-rural-dhe-malor-i-ulqinit\/#primaryimage","url":"https:\/\/www.visit-ulcinj.com\/blog\/wp-content\/uploads\/2011\/05\/Ana-Malit_Turizmi-Rural-dhe-Malor-i-Ulqinit.29.jpg","contentUrl":"https:\/\/www.visit-ulcinj.com\/blog\/wp-content\/uploads\/2011\/05\/Ana-Malit_Turizmi-Rural-dhe-Malor-i-Ulqinit.29.jpg","width":"640","height":"422"},{"@type":"WebPage","@id":"https:\/\/www.visit-ulcinj.com\/blog\/2011\/05\/07\/ana-malit-turizmi-rural-dhe-malor-i-ulqinit\/#webpage","url":"https:\/\/www.visit-ulcinj.com\/blog\/2011\/05\/07\/ana-malit-turizmi-rural-dhe-malor-i-ulqinit\/","name":"Ana Malit : Turizmi Rural dhe Malor i Ulqinit - Lajme nga Ulqini","isPartOf":{"@id":"https:\/\/www.visit-ulcinj.com\/blog\/#website"},"primaryImageOfPage":{"@id":"https:\/\/www.visit-ulcinj.com\/blog\/2011\/05\/07\/ana-malit-turizmi-rural-dhe-malor-i-ulqinit\/#primaryimage"},"datePublished":"2011-05-07T10:35:09+00:00","dateModified":"2011-05-11T09:16:05+00:00","author":{"@id":"https:\/\/www.visit-ulcinj.com\/blog\/#\/schema\/person\/dcab619c614d3038751c63bc2aadc06d"},"description":"Pothuajse t\u00eb gjith\u00eb banor\u00ebt e Kosoves dhe \u00a0veriut t\u00eb Shqip\u00ebris\u00eb q\u00eb jetojn\u00eb dhe punojn\u00eb si emigrant\u00eb n\u00eb Itali dhe vende t\u00eb tjera t\u00eb Evrop\u00ebs Per\u00ebndimore","breadcrumb":{"@id":"https:\/\/www.visit-ulcinj.com\/blog\/2011\/05\/07\/ana-malit-turizmi-rural-dhe-malor-i-ulqinit\/#breadcrumb"},"inLanguage":"en-US","potentialAction":[{"@type":"ReadAction","target":["https:\/\/www.visit-ulcinj.com\/blog\/2011\/05\/07\/ana-malit-turizmi-rural-dhe-malor-i-ulqinit\/"]}]},{"@type":"BreadcrumbList","@id":"https:\/\/www.visit-ulcinj.com\/blog\/2011\/05\/07\/ana-malit-turizmi-rural-dhe-malor-i-ulqinit\/#breadcrumb","itemListElement":[{"@type":"ListItem","position":1,"name":"Ana Malit : Turizmi Rural dhe Malor i Ulqinit"}]},{"@type":"Person","@id":"https:\/\/www.visit-ulcinj.com\/blog\/#\/schema\/person\/dcab619c614d3038751c63bc2aadc06d","name":"ulqini","sameAs":["http:\/\/www.visit-ulcinj.com"],"url":"https:\/\/www.visit-ulcinj.com\/blog\/author\/admin\/"}]}},"jetpack_featured_media_url":"","jetpack_sharing_enabled":true,"jetpack_shortlink":"https:\/\/wp.me\/pe6lTn-c1Z","_links":{"self":[{"href":"https:\/\/www.visit-ulcinj.com\/blog\/wp-json\/wp\/v2\/posts\/46251"}],"collection":[{"href":"https:\/\/www.visit-ulcinj.com\/blog\/wp-json\/wp\/v2\/posts"}],"about":[{"href":"https:\/\/www.visit-ulcinj.com\/blog\/wp-json\/wp\/v2\/types\/post"}],"author":[{"embeddable":true,"href":"https:\/\/www.visit-ulcinj.com\/blog\/wp-json\/wp\/v2\/users\/1"}],"replies":[{"embeddable":true,"href":"https:\/\/www.visit-ulcinj.com\/blog\/wp-json\/wp\/v2\/comments?post=46251"}],"version-history":[{"count":0,"href":"https:\/\/www.visit-ulcinj.com\/blog\/wp-json\/wp\/v2\/posts\/46251\/revisions"}],"wp:attachment":[{"href":"https:\/\/www.visit-ulcinj.com\/blog\/wp-json\/wp\/v2\/media?parent=46251"}],"wp:term":[{"taxonomy":"category","embeddable":true,"href":"https:\/\/www.visit-ulcinj.com\/blog\/wp-json\/wp\/v2\/categories?post=46251"},{"taxonomy":"post_tag","embeddable":true,"href":"https:\/\/www.visit-ulcinj.com\/blog\/wp-json\/wp\/v2\/tags?post=46251"}],"curies":[{"name":"wp","href":"https:\/\/api.w.org\/{rel}","templated":true}]}}