{"id":46294,"date":"2011-05-07T16:17:37","date_gmt":"2011-05-07T15:17:37","guid":{"rendered":"http:\/\/www.visit-ulcinj.com\/blog\/?p=46294"},"modified":"2011-05-07T16:17:59","modified_gmt":"2011-05-07T15:17:59","slug":"najljepse-plaze-na-crnogorskom-primorju-nestaju","status":"publish","type":"post","link":"https:\/\/www.visit-ulcinj.com\/blog\/2011\/05\/07\/najljepse-plaze-na-crnogorskom-primorju-nestaju\/","title":{"rendered":"Najljep\u0161e pla\u017ee na crnogorskom primorju nestaju"},"content":{"rendered":"<p><a href=\"http:\/\/www.visit-ulcinj.com\/blog\/wp-content\/uploads\/2011\/05\/Ada-Bojana-Nestaje.jpg\"><img loading=\"lazy\" class=\"alignleft size-full wp-image-46295\" title=\"Ada Bojana Nestaje\" src=\"http:\/\/www.visit-ulcinj.com\/blog\/wp-content\/uploads\/2011\/05\/Ada-Bojana-Nestaje.jpg\" alt=\"\" width=\"508\" height=\"380\" \/><\/a>Stru\u010dnjaci isti\u010du da je proces nestajanja pla\u017ea dobio ubrzanje posljednjih godina zbog ljudske pohlepe i neznanja.<br \/>\nPosljednjih decenija i godina, prije svega, zbog nemara ljudi nestaju najlep\u0161e pla\u017ee na Crnogorskom primorju. Ipak, osim ekologa, malo je drugih koji su zbog toga zabrinuti, prenosi radio Doj\u010de vele<\/p>\n<p>U prilogu radija navodi se da vlast u Crnoj Gori kao da ne vidi da ubrzano nestaje jedan od najva\u017enijih resursa zemlje na kojem se prakti\u010dno zasniva crnogorski turizam.<\/p>\n<p>To je rezultanta nespremnosti da se sagleda problem, ali i saznanja da treba ulo\u017eiti velika sredstva, koje Crna Gora nema, da bi se sanirale ove posljedice. Osim monitoringa, time se \u010dak ne bavi ni Javno preduze\u0107e za upravljanje morskim dobrom.<\/p>\n<p><strong>Nestaje Ada Bojana<\/strong><\/p>\n<p>Stru\u010dnjaci isti\u010du da je proces nestajanja pla\u017ea dobio ubrzanje posljednjih godina zbog ljudske pohlepe i neznanja. Tako je, na primer, ve\u0107 golim okom vidljivo su\u017eavanje prekrasne pjeskovite pla\u017ee na Adi Bojani, kod Ulcinja, \u010dija \u0161irina na pojedinim mjestima vi\u0161e ne prelazi 10 metara, a ranije je iznosila pet puta vi\u0161e!<\/p>\n<p>Izvr\u0161ni direktor ekolo\u0161ke organizacije &#8220;Zeleni korak&#8221; D\u017eelal Hod\u017ei\u0107 za Doj\u010de vele ka\u017ee: &#8220;Za posljednjih, najvi\u0161e \u0161est godina, nestalo je petnaestak metara pla\u017ee na Adi Bojani. Ovaj proces je zahvatio i susjednu Veliku pla\u017eu, iako se na njoj manje to primje\u0107uje, zbog njene du\u017eine\u201d.<\/p>\n<p>&nbsp;<\/p>\n<h3><strong><a><strong><strong><strong><strong> <\/strong><\/strong><\/strong><\/strong><\/a><strong><strong><strong><a title=\"Vijesti\" href=\"http:\/\/www.vijesti.me\/vijesti\/najljepse-plaze-crnogorskom-primorju-nestaju-clanak-18811\" target=\"_blank\"><strong><strong><strong><strong>Pro\u010ditaj vijest do kraja &gt;&gt; Vijesti<\/strong><\/strong><\/strong><\/strong><\/a><\/strong><\/strong><\/strong><\/strong><\/h3>\n<p><strong><strong><strong><strong><strong><strong><strong><strong><!--YouTube Error: bad URL entered--><br \/>\n<\/strong><\/strong><\/strong><\/strong><\/strong><\/strong><\/strong><\/strong><\/p>\n","protected":false},"excerpt":{"rendered":"<p>Stru\u010dnjaci isti\u010du da je proces nestajanja pla\u017ea dobio ubrzanje posljednjih godina zbog ljudske pohlepe i neznanja. Posljednjih decenija i godina, prije svega, zbog nemara ljudi nestaju najlep\u0161e pla\u017ee na Crnogorskom primorju. Ipak, osim ekologa, malo je drugih koji su zbog toga zabrinuti, prenosi radio Doj\u010de vele U prilogu radija navodi se da vlast u Crnoj [&hellip;]<\/p>\n","protected":false},"author":1,"featured_media":0,"comment_status":"open","ping_status":"closed","sticky":false,"template":"","format":"standard","meta":{"spay_email":"","jetpack_publicize_message":"","jetpack_is_tweetstorm":false,"jetpack_publicize_feature_enabled":true},"categories":[8337],"tags":[4032,138,20,11258,19],"jetpack_publicize_connections":[],"yoast_head":"<!-- This site is optimized with the Yoast SEO plugin v19.1 - https:\/\/yoast.com\/wordpress\/plugins\/seo\/ -->\n<title>Najljep\u0161e pla\u017ee na crnogorskom primorju nestaju - Lajme nga Ulqini<\/title>\n<meta name=\"description\" content=\"Stru\u010dnjaci isti\u010du da je proces nestajanja pla\u017ea dobio ubrzanje posljednjih godina zbog ljudske pohlepe i neznanja. Posljednjih decenija i godina, prije\" \/>\n<meta name=\"robots\" content=\"index, follow, max-snippet:-1, max-image-preview:large, max-video-preview:-1\" \/>\n<link rel=\"canonical\" href=\"https:\/\/www.visit-ulcinj.com\/blog\/2011\/05\/07\/najljepse-plaze-na-crnogorskom-primorju-nestaju\/\" \/>\n<meta property=\"og:locale\" content=\"en_US\" \/>\n<meta property=\"og:type\" content=\"article\" \/>\n<meta property=\"og:title\" content=\"Najljep\u0161e pla\u017ee na crnogorskom primorju nestaju - Lajme nga Ulqini\" \/>\n<meta property=\"og:description\" content=\"Stru\u010dnjaci isti\u010du da je proces nestajanja pla\u017ea dobio ubrzanje posljednjih godina zbog ljudske pohlepe i neznanja. Posljednjih decenija i godina, prije\" \/>\n<meta property=\"og:url\" content=\"https:\/\/www.visit-ulcinj.com\/blog\/2011\/05\/07\/najljepse-plaze-na-crnogorskom-primorju-nestaju\/\" \/>\n<meta property=\"og:site_name\" content=\"Lajme nga Ulqini\" \/>\n<meta property=\"article:published_time\" content=\"2011-05-07T15:17:37+00:00\" \/>\n<meta property=\"article:modified_time\" content=\"2011-05-07T15:17:59+00:00\" \/>\n<meta property=\"og:image\" content=\"http:\/\/www.visit-ulcinj.com\/blog\/wp-content\/uploads\/2011\/05\/Ada-Bojana-Nestaje.jpg\" \/>\n<meta name=\"twitter:label1\" content=\"Written by\" \/>\n\t<meta name=\"twitter:data1\" content=\"ulqini\" \/>\n\t<meta name=\"twitter:label2\" content=\"Est. reading time\" \/>\n\t<meta name=\"twitter:data2\" content=\"1 minute\" \/>\n<script type=\"application\/ld+json\" class=\"yoast-schema-graph\">{\"@context\":\"https:\/\/schema.org\",\"@graph\":[{\"@type\":\"WebSite\",\"@id\":\"https:\/\/www.visit-ulcinj.com\/blog\/#website\",\"url\":\"https:\/\/www.visit-ulcinj.com\/blog\/\",\"name\":\"Lajme nga Ulqini\",\"description\":\"Lajme,Vijesti,Ulqini,Ulqin,Crna Gora,Mali i Zi\",\"potentialAction\":[{\"@type\":\"SearchAction\",\"target\":{\"@type\":\"EntryPoint\",\"urlTemplate\":\"https:\/\/www.visit-ulcinj.com\/blog\/?s={search_term_string}\"},\"query-input\":\"required name=search_term_string\"}],\"inLanguage\":\"en-US\"},{\"@type\":\"ImageObject\",\"inLanguage\":\"en-US\",\"@id\":\"https:\/\/www.visit-ulcinj.com\/blog\/2011\/05\/07\/najljepse-plaze-na-crnogorskom-primorju-nestaju\/#primaryimage\",\"url\":\"https:\/\/www.visit-ulcinj.com\/blog\/wp-content\/uploads\/2011\/05\/Ada-Bojana-Nestaje.jpg\",\"contentUrl\":\"https:\/\/www.visit-ulcinj.com\/blog\/wp-content\/uploads\/2011\/05\/Ada-Bojana-Nestaje.jpg\",\"width\":\"800\",\"height\":\"533\"},{\"@type\":\"WebPage\",\"@id\":\"https:\/\/www.visit-ulcinj.com\/blog\/2011\/05\/07\/najljepse-plaze-na-crnogorskom-primorju-nestaju\/#webpage\",\"url\":\"https:\/\/www.visit-ulcinj.com\/blog\/2011\/05\/07\/najljepse-plaze-na-crnogorskom-primorju-nestaju\/\",\"name\":\"Najljep\u0161e pla\u017ee na crnogorskom primorju nestaju - Lajme nga Ulqini\",\"isPartOf\":{\"@id\":\"https:\/\/www.visit-ulcinj.com\/blog\/#website\"},\"primaryImageOfPage\":{\"@id\":\"https:\/\/www.visit-ulcinj.com\/blog\/2011\/05\/07\/najljepse-plaze-na-crnogorskom-primorju-nestaju\/#primaryimage\"},\"datePublished\":\"2011-05-07T15:17:37+00:00\",\"dateModified\":\"2011-05-07T15:17:59+00:00\",\"author\":{\"@id\":\"https:\/\/www.visit-ulcinj.com\/blog\/#\/schema\/person\/dcab619c614d3038751c63bc2aadc06d\"},\"description\":\"Stru\u010dnjaci isti\u010du da je proces nestajanja pla\u017ea dobio ubrzanje posljednjih godina zbog ljudske pohlepe i neznanja. Posljednjih decenija i godina, prije\",\"breadcrumb\":{\"@id\":\"https:\/\/www.visit-ulcinj.com\/blog\/2011\/05\/07\/najljepse-plaze-na-crnogorskom-primorju-nestaju\/#breadcrumb\"},\"inLanguage\":\"en-US\",\"potentialAction\":[{\"@type\":\"ReadAction\",\"target\":[\"https:\/\/www.visit-ulcinj.com\/blog\/2011\/05\/07\/najljepse-plaze-na-crnogorskom-primorju-nestaju\/\"]}]},{\"@type\":\"BreadcrumbList\",\"@id\":\"https:\/\/www.visit-ulcinj.com\/blog\/2011\/05\/07\/najljepse-plaze-na-crnogorskom-primorju-nestaju\/#breadcrumb\",\"itemListElement\":[{\"@type\":\"ListItem\",\"position\":1,\"name\":\"Najljep\u0161e pla\u017ee na crnogorskom primorju nestaju\"}]},{\"@type\":\"Person\",\"@id\":\"https:\/\/www.visit-ulcinj.com\/blog\/#\/schema\/person\/dcab619c614d3038751c63bc2aadc06d\",\"name\":\"ulqini\",\"sameAs\":[\"http:\/\/www.visit-ulcinj.com\"],\"url\":\"https:\/\/www.visit-ulcinj.com\/blog\/author\/admin\/\"}]}<\/script>\n<!-- \/ Yoast SEO plugin. -->","yoast_head_json":{"title":"Najljep\u0161e pla\u017ee na crnogorskom primorju nestaju - Lajme nga Ulqini","description":"Stru\u010dnjaci isti\u010du da je proces nestajanja pla\u017ea dobio ubrzanje posljednjih godina zbog ljudske pohlepe i neznanja. Posljednjih decenija i godina, prije","robots":{"index":"index","follow":"follow","max-snippet":"max-snippet:-1","max-image-preview":"max-image-preview:large","max-video-preview":"max-video-preview:-1"},"canonical":"https:\/\/www.visit-ulcinj.com\/blog\/2011\/05\/07\/najljepse-plaze-na-crnogorskom-primorju-nestaju\/","og_locale":"en_US","og_type":"article","og_title":"Najljep\u0161e pla\u017ee na crnogorskom primorju nestaju - Lajme nga Ulqini","og_description":"Stru\u010dnjaci isti\u010du da je proces nestajanja pla\u017ea dobio ubrzanje posljednjih godina zbog ljudske pohlepe i neznanja. Posljednjih decenija i godina, prije","og_url":"https:\/\/www.visit-ulcinj.com\/blog\/2011\/05\/07\/najljepse-plaze-na-crnogorskom-primorju-nestaju\/","og_site_name":"Lajme nga Ulqini","article_published_time":"2011-05-07T15:17:37+00:00","article_modified_time":"2011-05-07T15:17:59+00:00","og_image":[{"url":"http:\/\/www.visit-ulcinj.com\/blog\/wp-content\/uploads\/2011\/05\/Ada-Bojana-Nestaje.jpg"}],"twitter_misc":{"Written by":"ulqini","Est. reading time":"1 minute"},"schema":{"@context":"https:\/\/schema.org","@graph":[{"@type":"WebSite","@id":"https:\/\/www.visit-ulcinj.com\/blog\/#website","url":"https:\/\/www.visit-ulcinj.com\/blog\/","name":"Lajme nga Ulqini","description":"Lajme,Vijesti,Ulqini,Ulqin,Crna Gora,Mali i Zi","potentialAction":[{"@type":"SearchAction","target":{"@type":"EntryPoint","urlTemplate":"https:\/\/www.visit-ulcinj.com\/blog\/?s={search_term_string}"},"query-input":"required name=search_term_string"}],"inLanguage":"en-US"},{"@type":"ImageObject","inLanguage":"en-US","@id":"https:\/\/www.visit-ulcinj.com\/blog\/2011\/05\/07\/najljepse-plaze-na-crnogorskom-primorju-nestaju\/#primaryimage","url":"https:\/\/www.visit-ulcinj.com\/blog\/wp-content\/uploads\/2011\/05\/Ada-Bojana-Nestaje.jpg","contentUrl":"https:\/\/www.visit-ulcinj.com\/blog\/wp-content\/uploads\/2011\/05\/Ada-Bojana-Nestaje.jpg","width":"800","height":"533"},{"@type":"WebPage","@id":"https:\/\/www.visit-ulcinj.com\/blog\/2011\/05\/07\/najljepse-plaze-na-crnogorskom-primorju-nestaju\/#webpage","url":"https:\/\/www.visit-ulcinj.com\/blog\/2011\/05\/07\/najljepse-plaze-na-crnogorskom-primorju-nestaju\/","name":"Najljep\u0161e pla\u017ee na crnogorskom primorju nestaju - Lajme nga Ulqini","isPartOf":{"@id":"https:\/\/www.visit-ulcinj.com\/blog\/#website"},"primaryImageOfPage":{"@id":"https:\/\/www.visit-ulcinj.com\/blog\/2011\/05\/07\/najljepse-plaze-na-crnogorskom-primorju-nestaju\/#primaryimage"},"datePublished":"2011-05-07T15:17:37+00:00","dateModified":"2011-05-07T15:17:59+00:00","author":{"@id":"https:\/\/www.visit-ulcinj.com\/blog\/#\/schema\/person\/dcab619c614d3038751c63bc2aadc06d"},"description":"Stru\u010dnjaci isti\u010du da je proces nestajanja pla\u017ea dobio ubrzanje posljednjih godina zbog ljudske pohlepe i neznanja. Posljednjih decenija i godina, prije","breadcrumb":{"@id":"https:\/\/www.visit-ulcinj.com\/blog\/2011\/05\/07\/najljepse-plaze-na-crnogorskom-primorju-nestaju\/#breadcrumb"},"inLanguage":"en-US","potentialAction":[{"@type":"ReadAction","target":["https:\/\/www.visit-ulcinj.com\/blog\/2011\/05\/07\/najljepse-plaze-na-crnogorskom-primorju-nestaju\/"]}]},{"@type":"BreadcrumbList","@id":"https:\/\/www.visit-ulcinj.com\/blog\/2011\/05\/07\/najljepse-plaze-na-crnogorskom-primorju-nestaju\/#breadcrumb","itemListElement":[{"@type":"ListItem","position":1,"name":"Najljep\u0161e pla\u017ee na crnogorskom primorju nestaju"}]},{"@type":"Person","@id":"https:\/\/www.visit-ulcinj.com\/blog\/#\/schema\/person\/dcab619c614d3038751c63bc2aadc06d","name":"ulqini","sameAs":["http:\/\/www.visit-ulcinj.com"],"url":"https:\/\/www.visit-ulcinj.com\/blog\/author\/admin\/"}]}},"jetpack_featured_media_url":"","jetpack_sharing_enabled":true,"jetpack_shortlink":"https:\/\/wp.me\/pe6lTn-c2G","_links":{"self":[{"href":"https:\/\/www.visit-ulcinj.com\/blog\/wp-json\/wp\/v2\/posts\/46294"}],"collection":[{"href":"https:\/\/www.visit-ulcinj.com\/blog\/wp-json\/wp\/v2\/posts"}],"about":[{"href":"https:\/\/www.visit-ulcinj.com\/blog\/wp-json\/wp\/v2\/types\/post"}],"author":[{"embeddable":true,"href":"https:\/\/www.visit-ulcinj.com\/blog\/wp-json\/wp\/v2\/users\/1"}],"replies":[{"embeddable":true,"href":"https:\/\/www.visit-ulcinj.com\/blog\/wp-json\/wp\/v2\/comments?post=46294"}],"version-history":[{"count":0,"href":"https:\/\/www.visit-ulcinj.com\/blog\/wp-json\/wp\/v2\/posts\/46294\/revisions"}],"wp:attachment":[{"href":"https:\/\/www.visit-ulcinj.com\/blog\/wp-json\/wp\/v2\/media?parent=46294"}],"wp:term":[{"taxonomy":"category","embeddable":true,"href":"https:\/\/www.visit-ulcinj.com\/blog\/wp-json\/wp\/v2\/categories?post=46294"},{"taxonomy":"post_tag","embeddable":true,"href":"https:\/\/www.visit-ulcinj.com\/blog\/wp-json\/wp\/v2\/tags?post=46294"}],"curies":[{"name":"wp","href":"https:\/\/api.w.org\/{rel}","templated":true}]}}