{"id":4631,"date":"2008-10-17T14:27:33","date_gmt":"2008-10-17T19:27:33","guid":{"rendered":"http:\/\/www.visit-ulcinj.com\/blog\/?p=4631"},"modified":"2008-10-17T14:27:33","modified_gmt":"2008-10-17T19:27:33","slug":"crna-gora-odabrala-adekvatan-model-razvoja-turizma","status":"publish","type":"post","link":"https:\/\/www.visit-ulcinj.com\/blog\/2008\/10\/17\/crna-gora-odabrala-adekvatan-model-razvoja-turizma\/","title":{"rendered":"Crna Gora odabrala adekvatan model razvoja turizma"},"content":{"rendered":"<p><a href=\"http:\/\/www.gov.me\/img\/1224252920.jpg\"><img loading=\"lazy\" class=\"alignleft\" title=\"Investicionoj konferenciji u hotelijerstvu (HICAP) u Hong Kongu \" src=\"http:\/\/www.gov.me\/img\/1224252920.jpg\" alt=\"\" width=\"307\" height=\"210\" \/><\/a>Ministar turizma i za\u0161tite \u017eivotne sredine Predrag Nenezi? predvodi delegaciju Crne Gore koja u?estvuje na Investicionoj konferencije u hotelijerstvu HICAP, koja se  odr\u017eava u Hong Kongu.<br \/>\n&#8220;U fokusu rada ove presti\u017ene konferencije  je svjetska finansijska kriza i njen uticaj na turisti?ka kretanja i investicije u ovom sektoru, a zatim globalne klimatske promjene u svijetlu daljih pravaca razvoja turizma. Kao posebno va\u017ena tema razmatra se pitanje va\u017enosti po\u0161tovanja principa odr\u017eivog razvoja, prije svega odnosa prema \u017eivotnoj sredini i kori\u0161?enja obnovljivi izvora energije, prilikom izgradnje novih turisti?kih kapaciteta visokog turizma\u201c, saop\u0161teno je iz Ministarstva turizma i za\u0161tite \u017eivotne sredine.<br \/>\nTokom trajanja skupa crnogorska delegacija sastala se sa Predsjednikom Svjetskog centra za turizam i putovanja, \u017dan Klod Baumgartenom, predsjednikom i izvr\u0161nim direktorom presti\u017enog lanca luksuznih hotela &#8220;Six Senses\u201c, Sonu Shivdasanijem, predsjednikom lanca &#8220;Jumeirah Hotels &amp; Resorts\u201c iz Dubaia, podpredsjednikom za razvoj Starwood grupe, u ?ijem sastavu se nalazi preko 900 hotela i mnogim drugim predstavnicima iz hotelske industrije.<br \/>\n&#8220;Ocijenjeno je da je Crna Gora odabrala adekvatan model razvoja turizma, primjeren svojim potencijalima. Prisustvo i interesovanje nekih od najpoznatijih svjetskih investitora i brendova u dr\u017eavi osigurava brzo dostizanje postavljenog cilja, visokokvalitetne turisti?ke destinacije. Isto tako, dosada\u0161nji rezultati, okvir za strane investicije i ukupni stepen dru\u0161tvenog razvoja ocijenjeni su kao solidna osnova za dolazak novih, krupnih partnera koji ?e doprinijeti ostvarenju ovog cilja, uz puno po\u0161tovanje najsavremenijih standarda za\u0161tite \u017eivotne sredine\u201c, navode u Ministarstvu turizma.<br \/>\nPoruke sa ove konferencije su optimisti?ke i u najve?oj mjeri u saglasnosti sa procjenama Svjetske turisti?ke organizacije o odr\u017eivosti ovog sektora, njegovoj sposobnosti da se prilagodi najnovijim kretanjima na svetskim tr\u017ei\u0161tima kapitala i o?ekivanjima da u periodu od narednih godinu dana ne do?e do zna?ajnijeg pada investicija, a zatim povrati ubrzani tempo, koji je u ovoj grani prisutan od po?etka 2002. godine.<br \/>\nPokrovitelji ove konferencije su, izme?u ostalih, Jumeirah Hotels, Starwood grupa, Hyatt, Fairmont \u2013 Raffles Hotel International, Interkontinetal hotel Group, Hilton Hotels i drugi.<br \/>\n<strong>Izvor \/Ministarstvo turizma i za\u0161tite \u017eivotne sredine<em><\/em><\/strong><\/p>\n","protected":false},"excerpt":{"rendered":"<p>Ministar turizma i za\u0161tite \u017eivotne sredine Predrag Nenezi? predvodi delegaciju Crne Gore koja u?estvuje na Investicionoj konferencije u hotelijerstvu HICAP, koja se odr\u017eava u Hong Kongu. &#8220;U fokusu rada ove presti\u017ene konferencije je svjetska finansijska kriza i njen uticaj na turisti?ka kretanja i investicije u ovom sektoru, a zatim globalne klimatske promjene u svijetlu daljih [&hellip;]<\/p>\n","protected":false},"author":1,"featured_media":0,"comment_status":"open","ping_status":"closed","sticky":false,"template":"","format":"standard","meta":{"spay_email":"","jetpack_publicize_message":"","jetpack_is_tweetstorm":false,"jetpack_publicize_feature_enabled":true},"categories":[15],"tags":[],"jetpack_publicize_connections":[],"yoast_head":"<!-- This site is optimized with the Yoast SEO plugin v19.1 - https:\/\/yoast.com\/wordpress\/plugins\/seo\/ -->\n<title>Crna Gora odabrala adekvatan model razvoja turizma - Lajme nga Ulqini<\/title>\n<meta name=\"description\" content=\"Ministar turizma i za\u0161tite \u017eivotne sredine Predrag Nenezi? predvodi delegaciju Crne Gore koja u?estvuje na Investicionoj konferencije u hotelijerstvu\" \/>\n<meta name=\"robots\" content=\"index, follow, max-snippet:-1, max-image-preview:large, max-video-preview:-1\" \/>\n<link rel=\"canonical\" href=\"https:\/\/www.visit-ulcinj.com\/blog\/2008\/10\/17\/crna-gora-odabrala-adekvatan-model-razvoja-turizma\/\" \/>\n<meta property=\"og:locale\" content=\"en_US\" \/>\n<meta property=\"og:type\" content=\"article\" \/>\n<meta property=\"og:title\" content=\"Crna Gora odabrala adekvatan model razvoja turizma - Lajme nga Ulqini\" \/>\n<meta property=\"og:description\" content=\"Ministar turizma i za\u0161tite \u017eivotne sredine Predrag Nenezi? predvodi delegaciju Crne Gore koja u?estvuje na Investicionoj konferencije u hotelijerstvu\" \/>\n<meta property=\"og:url\" content=\"https:\/\/www.visit-ulcinj.com\/blog\/2008\/10\/17\/crna-gora-odabrala-adekvatan-model-razvoja-turizma\/\" \/>\n<meta property=\"og:site_name\" content=\"Lajme nga Ulqini\" \/>\n<meta property=\"article:published_time\" content=\"2008-10-17T19:27:33+00:00\" \/>\n<meta property=\"og:image\" content=\"http:\/\/www.gov.me\/img\/1224252920.jpg\" \/>\n<meta name=\"twitter:label1\" content=\"Written by\" \/>\n\t<meta name=\"twitter:data1\" content=\"ulqini\" \/>\n\t<meta name=\"twitter:label2\" content=\"Est. reading time\" \/>\n\t<meta name=\"twitter:data2\" content=\"2 minutes\" \/>\n<script type=\"application\/ld+json\" class=\"yoast-schema-graph\">{\"@context\":\"https:\/\/schema.org\",\"@graph\":[{\"@type\":\"WebSite\",\"@id\":\"https:\/\/www.visit-ulcinj.com\/blog\/#website\",\"url\":\"https:\/\/www.visit-ulcinj.com\/blog\/\",\"name\":\"Lajme nga Ulqini\",\"description\":\"Lajme,Vijesti,Ulqini,Ulqin,Crna Gora,Mali i Zi\",\"potentialAction\":[{\"@type\":\"SearchAction\",\"target\":{\"@type\":\"EntryPoint\",\"urlTemplate\":\"https:\/\/www.visit-ulcinj.com\/blog\/?s={search_term_string}\"},\"query-input\":\"required name=search_term_string\"}],\"inLanguage\":\"en-US\"},{\"@type\":\"ImageObject\",\"inLanguage\":\"en-US\",\"@id\":\"https:\/\/www.visit-ulcinj.com\/blog\/2008\/10\/17\/crna-gora-odabrala-adekvatan-model-razvoja-turizma\/#primaryimage\",\"url\":\"http:\/\/www.gov.me\/img\/1224252920.jpg\",\"contentUrl\":\"http:\/\/www.gov.me\/img\/1224252920.jpg\"},{\"@type\":\"WebPage\",\"@id\":\"https:\/\/www.visit-ulcinj.com\/blog\/2008\/10\/17\/crna-gora-odabrala-adekvatan-model-razvoja-turizma\/#webpage\",\"url\":\"https:\/\/www.visit-ulcinj.com\/blog\/2008\/10\/17\/crna-gora-odabrala-adekvatan-model-razvoja-turizma\/\",\"name\":\"Crna Gora odabrala adekvatan model razvoja turizma - Lajme nga Ulqini\",\"isPartOf\":{\"@id\":\"https:\/\/www.visit-ulcinj.com\/blog\/#website\"},\"primaryImageOfPage\":{\"@id\":\"https:\/\/www.visit-ulcinj.com\/blog\/2008\/10\/17\/crna-gora-odabrala-adekvatan-model-razvoja-turizma\/#primaryimage\"},\"datePublished\":\"2008-10-17T19:27:33+00:00\",\"dateModified\":\"2008-10-17T19:27:33+00:00\",\"author\":{\"@id\":\"https:\/\/www.visit-ulcinj.com\/blog\/#\/schema\/person\/dcab619c614d3038751c63bc2aadc06d\"},\"description\":\"Ministar turizma i za\u0161tite \u017eivotne sredine Predrag Nenezi? predvodi delegaciju Crne Gore koja u?estvuje na Investicionoj konferencije u hotelijerstvu\",\"breadcrumb\":{\"@id\":\"https:\/\/www.visit-ulcinj.com\/blog\/2008\/10\/17\/crna-gora-odabrala-adekvatan-model-razvoja-turizma\/#breadcrumb\"},\"inLanguage\":\"en-US\",\"potentialAction\":[{\"@type\":\"ReadAction\",\"target\":[\"https:\/\/www.visit-ulcinj.com\/blog\/2008\/10\/17\/crna-gora-odabrala-adekvatan-model-razvoja-turizma\/\"]}]},{\"@type\":\"BreadcrumbList\",\"@id\":\"https:\/\/www.visit-ulcinj.com\/blog\/2008\/10\/17\/crna-gora-odabrala-adekvatan-model-razvoja-turizma\/#breadcrumb\",\"itemListElement\":[{\"@type\":\"ListItem\",\"position\":1,\"name\":\"Crna Gora odabrala adekvatan model razvoja turizma\"}]},{\"@type\":\"Person\",\"@id\":\"https:\/\/www.visit-ulcinj.com\/blog\/#\/schema\/person\/dcab619c614d3038751c63bc2aadc06d\",\"name\":\"ulqini\",\"sameAs\":[\"http:\/\/www.visit-ulcinj.com\"],\"url\":\"https:\/\/www.visit-ulcinj.com\/blog\/author\/admin\/\"}]}<\/script>\n<!-- \/ Yoast SEO plugin. -->","yoast_head_json":{"title":"Crna Gora odabrala adekvatan model razvoja turizma - Lajme nga Ulqini","description":"Ministar turizma i za\u0161tite \u017eivotne sredine Predrag Nenezi? predvodi delegaciju Crne Gore koja u?estvuje na Investicionoj konferencije u hotelijerstvu","robots":{"index":"index","follow":"follow","max-snippet":"max-snippet:-1","max-image-preview":"max-image-preview:large","max-video-preview":"max-video-preview:-1"},"canonical":"https:\/\/www.visit-ulcinj.com\/blog\/2008\/10\/17\/crna-gora-odabrala-adekvatan-model-razvoja-turizma\/","og_locale":"en_US","og_type":"article","og_title":"Crna Gora odabrala adekvatan model razvoja turizma - Lajme nga Ulqini","og_description":"Ministar turizma i za\u0161tite \u017eivotne sredine Predrag Nenezi? predvodi delegaciju Crne Gore koja u?estvuje na Investicionoj konferencije u hotelijerstvu","og_url":"https:\/\/www.visit-ulcinj.com\/blog\/2008\/10\/17\/crna-gora-odabrala-adekvatan-model-razvoja-turizma\/","og_site_name":"Lajme nga Ulqini","article_published_time":"2008-10-17T19:27:33+00:00","og_image":[{"url":"http:\/\/www.gov.me\/img\/1224252920.jpg"}],"twitter_misc":{"Written by":"ulqini","Est. reading time":"2 minutes"},"schema":{"@context":"https:\/\/schema.org","@graph":[{"@type":"WebSite","@id":"https:\/\/www.visit-ulcinj.com\/blog\/#website","url":"https:\/\/www.visit-ulcinj.com\/blog\/","name":"Lajme nga Ulqini","description":"Lajme,Vijesti,Ulqini,Ulqin,Crna Gora,Mali i Zi","potentialAction":[{"@type":"SearchAction","target":{"@type":"EntryPoint","urlTemplate":"https:\/\/www.visit-ulcinj.com\/blog\/?s={search_term_string}"},"query-input":"required name=search_term_string"}],"inLanguage":"en-US"},{"@type":"ImageObject","inLanguage":"en-US","@id":"https:\/\/www.visit-ulcinj.com\/blog\/2008\/10\/17\/crna-gora-odabrala-adekvatan-model-razvoja-turizma\/#primaryimage","url":"http:\/\/www.gov.me\/img\/1224252920.jpg","contentUrl":"http:\/\/www.gov.me\/img\/1224252920.jpg"},{"@type":"WebPage","@id":"https:\/\/www.visit-ulcinj.com\/blog\/2008\/10\/17\/crna-gora-odabrala-adekvatan-model-razvoja-turizma\/#webpage","url":"https:\/\/www.visit-ulcinj.com\/blog\/2008\/10\/17\/crna-gora-odabrala-adekvatan-model-razvoja-turizma\/","name":"Crna Gora odabrala adekvatan model razvoja turizma - Lajme nga Ulqini","isPartOf":{"@id":"https:\/\/www.visit-ulcinj.com\/blog\/#website"},"primaryImageOfPage":{"@id":"https:\/\/www.visit-ulcinj.com\/blog\/2008\/10\/17\/crna-gora-odabrala-adekvatan-model-razvoja-turizma\/#primaryimage"},"datePublished":"2008-10-17T19:27:33+00:00","dateModified":"2008-10-17T19:27:33+00:00","author":{"@id":"https:\/\/www.visit-ulcinj.com\/blog\/#\/schema\/person\/dcab619c614d3038751c63bc2aadc06d"},"description":"Ministar turizma i za\u0161tite \u017eivotne sredine Predrag Nenezi? predvodi delegaciju Crne Gore koja u?estvuje na Investicionoj konferencije u hotelijerstvu","breadcrumb":{"@id":"https:\/\/www.visit-ulcinj.com\/blog\/2008\/10\/17\/crna-gora-odabrala-adekvatan-model-razvoja-turizma\/#breadcrumb"},"inLanguage":"en-US","potentialAction":[{"@type":"ReadAction","target":["https:\/\/www.visit-ulcinj.com\/blog\/2008\/10\/17\/crna-gora-odabrala-adekvatan-model-razvoja-turizma\/"]}]},{"@type":"BreadcrumbList","@id":"https:\/\/www.visit-ulcinj.com\/blog\/2008\/10\/17\/crna-gora-odabrala-adekvatan-model-razvoja-turizma\/#breadcrumb","itemListElement":[{"@type":"ListItem","position":1,"name":"Crna Gora odabrala adekvatan model razvoja turizma"}]},{"@type":"Person","@id":"https:\/\/www.visit-ulcinj.com\/blog\/#\/schema\/person\/dcab619c614d3038751c63bc2aadc06d","name":"ulqini","sameAs":["http:\/\/www.visit-ulcinj.com"],"url":"https:\/\/www.visit-ulcinj.com\/blog\/author\/admin\/"}]}},"jetpack_featured_media_url":"","jetpack_sharing_enabled":true,"jetpack_shortlink":"https:\/\/wp.me\/pe6lTn-1cH","_links":{"self":[{"href":"https:\/\/www.visit-ulcinj.com\/blog\/wp-json\/wp\/v2\/posts\/4631"}],"collection":[{"href":"https:\/\/www.visit-ulcinj.com\/blog\/wp-json\/wp\/v2\/posts"}],"about":[{"href":"https:\/\/www.visit-ulcinj.com\/blog\/wp-json\/wp\/v2\/types\/post"}],"author":[{"embeddable":true,"href":"https:\/\/www.visit-ulcinj.com\/blog\/wp-json\/wp\/v2\/users\/1"}],"replies":[{"embeddable":true,"href":"https:\/\/www.visit-ulcinj.com\/blog\/wp-json\/wp\/v2\/comments?post=4631"}],"version-history":[{"count":0,"href":"https:\/\/www.visit-ulcinj.com\/blog\/wp-json\/wp\/v2\/posts\/4631\/revisions"}],"wp:attachment":[{"href":"https:\/\/www.visit-ulcinj.com\/blog\/wp-json\/wp\/v2\/media?parent=4631"}],"wp:term":[{"taxonomy":"category","embeddable":true,"href":"https:\/\/www.visit-ulcinj.com\/blog\/wp-json\/wp\/v2\/categories?post=4631"},{"taxonomy":"post_tag","embeddable":true,"href":"https:\/\/www.visit-ulcinj.com\/blog\/wp-json\/wp\/v2\/tags?post=4631"}],"curies":[{"name":"wp","href":"https:\/\/api.w.org\/{rel}","templated":true}]}}