{"id":46317,"date":"2011-05-07T18:54:51","date_gmt":"2011-05-07T17:54:51","guid":{"rendered":"http:\/\/www.visit-ulcinj.com\/blog\/?p=46317"},"modified":"2011-05-07T19:07:45","modified_gmt":"2011-05-07T18:07:45","slug":"ex-president-bill-clinton-in-montenegrobalkan-networking-video","status":"publish","type":"post","link":"https:\/\/www.visit-ulcinj.com\/blog\/2011\/05\/07\/ex-president-bill-clinton-in-montenegrobalkan-networking-video\/","title":{"rendered":"Ex-President Bill Clinton in Montenegro,Balkan Networking &#8211; Video"},"content":{"rendered":"<p><a href=\"http:\/\/www.visit-ulcinj.com\/blog\/wp-content\/uploads\/2011\/05\/president-bill-clinton-in-montenegro-Balkan-Networking.jpg\"><img loading=\"lazy\" class=\"alignleft size-full wp-image-46318\" title=\"president bill clinton in montenegro, Balkan Networking\" src=\"http:\/\/www.visit-ulcinj.com\/blog\/wp-content\/uploads\/2011\/05\/president-bill-clinton-in-montenegro-Balkan-Networking.jpg\" alt=\"\" width=\"508\" height=\"368\" \/><\/a>Inaugural Conference of the Balkan Networking for Social Empowerment of South-Eastern Europe with Keynote addresses by Bill Clinton, founder of the William J. Clinton Foundation and 42nd President of the United States will be held in Budva , May 22, under the auspices of the Government of Montenegro and the Atlas Foundation.<\/p>\n<p><strong>RTV ATLAS<\/strong><\/p>\n<p><strong>Bill Clinton merr pjes\u00eb n\u00eb nj\u00eb konferenc\u00eb n\u00eb Budv\u00eb t\u00eb Malit t\u00eb Zi<\/strong><\/p>\n<p>Me ftes\u00eb t\u00eb Qeveris\u00eb s\u00eb Malit t\u00eb Zi dhe t\u00eb Grupit malazias \u201cAtlas\u201d, ish- presidenti i Shteteve t\u00eb Bashkuara t\u00eb Amerik\u00ebs, Bil Clinton, do t\u00eb jet\u00eb mysafiri special n\u00eb Konferenc\u00ebn inauguruese t\u00eb iniciativ\u00ebs ballkanike p\u00ebr p\u00ebrforcimin e shoq\u00ebris\u00eb s\u00eb Evrop\u00ebs Juglindore, e cila do t\u00eb mbahet m\u00eb 22 t\u00eb k\u00ebtij muaji n\u00eb qytetin bregdetar turistik t\u00eb Malit t\u00eb Zi, n\u00eb Budv\u00eb.<\/p>\n<p><strong>KosovaLive<\/strong><br \/>\n<!--YouTube Error: bad URL entered--><\/p>\n","protected":false},"excerpt":{"rendered":"<p>Inaugural Conference of the Balkan Networking for Social Empowerment of South-Eastern Europe with Keynote addresses by Bill Clinton, founder of the William J. Clinton Foundation and 42nd President of the United States will be held in Budva , May 22, under the auspices of the Government of Montenegro and the Atlas Foundation. RTV ATLAS Bill [&hellip;]<\/p>\n","protected":false},"author":1,"featured_media":0,"comment_status":"open","ping_status":"closed","sticky":false,"template":"","format":"standard","meta":{"spay_email":"","jetpack_publicize_message":"","jetpack_is_tweetstorm":false,"jetpack_publicize_feature_enabled":true},"categories":[14],"tags":[18191,18189,18190,79],"jetpack_publicize_connections":[],"yoast_head":"<!-- This site is optimized with the Yoast SEO plugin v19.1 - https:\/\/yoast.com\/wordpress\/plugins\/seo\/ -->\n<title>Ex-President Bill Clinton in Montenegro,Balkan Networking - Video - Lajme nga Ulqini<\/title>\n<meta name=\"description\" content=\"Inaugural Conference of the Balkan Networking for Social Empowerment of South-Eastern Europe with Keynote addresses by Bill Clinton, founder of the\" \/>\n<meta name=\"robots\" content=\"index, follow, max-snippet:-1, max-image-preview:large, max-video-preview:-1\" \/>\n<link rel=\"canonical\" href=\"https:\/\/www.visit-ulcinj.com\/blog\/2011\/05\/07\/ex-president-bill-clinton-in-montenegrobalkan-networking-video\/\" \/>\n<meta property=\"og:locale\" content=\"en_US\" \/>\n<meta property=\"og:type\" content=\"article\" \/>\n<meta property=\"og:title\" content=\"Ex-President Bill Clinton in Montenegro,Balkan Networking - Video - Lajme nga Ulqini\" \/>\n<meta property=\"og:description\" content=\"Inaugural Conference of the Balkan Networking for Social Empowerment of South-Eastern Europe with Keynote addresses by Bill Clinton, founder of the\" \/>\n<meta property=\"og:url\" content=\"https:\/\/www.visit-ulcinj.com\/blog\/2011\/05\/07\/ex-president-bill-clinton-in-montenegrobalkan-networking-video\/\" \/>\n<meta property=\"og:site_name\" content=\"Lajme nga Ulqini\" \/>\n<meta property=\"article:published_time\" content=\"2011-05-07T17:54:51+00:00\" \/>\n<meta property=\"article:modified_time\" content=\"2011-05-07T18:07:45+00:00\" \/>\n<meta property=\"og:image\" content=\"http:\/\/www.visit-ulcinj.com\/blog\/wp-content\/uploads\/2011\/05\/president-bill-clinton-in-montenegro-Balkan-Networking.jpg\" \/>\n<meta name=\"twitter:label1\" content=\"Written by\" \/>\n\t<meta name=\"twitter:data1\" content=\"ulqini\" \/>\n\t<meta name=\"twitter:label2\" content=\"Est. reading time\" \/>\n\t<meta name=\"twitter:data2\" content=\"1 minute\" \/>\n<script type=\"application\/ld+json\" class=\"yoast-schema-graph\">{\"@context\":\"https:\/\/schema.org\",\"@graph\":[{\"@type\":\"WebSite\",\"@id\":\"https:\/\/www.visit-ulcinj.com\/blog\/#website\",\"url\":\"https:\/\/www.visit-ulcinj.com\/blog\/\",\"name\":\"Lajme nga Ulqini\",\"description\":\"Lajme,Vijesti,Ulqini,Ulqin,Crna Gora,Mali i Zi\",\"potentialAction\":[{\"@type\":\"SearchAction\",\"target\":{\"@type\":\"EntryPoint\",\"urlTemplate\":\"https:\/\/www.visit-ulcinj.com\/blog\/?s={search_term_string}\"},\"query-input\":\"required name=search_term_string\"}],\"inLanguage\":\"en-US\"},{\"@type\":\"ImageObject\",\"inLanguage\":\"en-US\",\"@id\":\"https:\/\/www.visit-ulcinj.com\/blog\/2011\/05\/07\/ex-president-bill-clinton-in-montenegrobalkan-networking-video\/#primaryimage\",\"url\":\"http:\/\/www.visit-ulcinj.com\/blog\/wp-content\/uploads\/2011\/05\/president-bill-clinton-in-montenegro-Balkan-Networking.jpg\",\"contentUrl\":\"http:\/\/www.visit-ulcinj.com\/blog\/wp-content\/uploads\/2011\/05\/president-bill-clinton-in-montenegro-Balkan-Networking.jpg\"},{\"@type\":\"WebPage\",\"@id\":\"https:\/\/www.visit-ulcinj.com\/blog\/2011\/05\/07\/ex-president-bill-clinton-in-montenegrobalkan-networking-video\/#webpage\",\"url\":\"https:\/\/www.visit-ulcinj.com\/blog\/2011\/05\/07\/ex-president-bill-clinton-in-montenegrobalkan-networking-video\/\",\"name\":\"Ex-President Bill Clinton in Montenegro,Balkan Networking - Video - Lajme nga Ulqini\",\"isPartOf\":{\"@id\":\"https:\/\/www.visit-ulcinj.com\/blog\/#website\"},\"primaryImageOfPage\":{\"@id\":\"https:\/\/www.visit-ulcinj.com\/blog\/2011\/05\/07\/ex-president-bill-clinton-in-montenegrobalkan-networking-video\/#primaryimage\"},\"datePublished\":\"2011-05-07T17:54:51+00:00\",\"dateModified\":\"2011-05-07T18:07:45+00:00\",\"author\":{\"@id\":\"https:\/\/www.visit-ulcinj.com\/blog\/#\/schema\/person\/dcab619c614d3038751c63bc2aadc06d\"},\"description\":\"Inaugural Conference of the Balkan Networking for Social Empowerment of South-Eastern Europe with Keynote addresses by Bill Clinton, founder of the\",\"breadcrumb\":{\"@id\":\"https:\/\/www.visit-ulcinj.com\/blog\/2011\/05\/07\/ex-president-bill-clinton-in-montenegrobalkan-networking-video\/#breadcrumb\"},\"inLanguage\":\"en-US\",\"potentialAction\":[{\"@type\":\"ReadAction\",\"target\":[\"https:\/\/www.visit-ulcinj.com\/blog\/2011\/05\/07\/ex-president-bill-clinton-in-montenegrobalkan-networking-video\/\"]}]},{\"@type\":\"BreadcrumbList\",\"@id\":\"https:\/\/www.visit-ulcinj.com\/blog\/2011\/05\/07\/ex-president-bill-clinton-in-montenegrobalkan-networking-video\/#breadcrumb\",\"itemListElement\":[{\"@type\":\"ListItem\",\"position\":1,\"name\":\"Ex-President Bill Clinton in Montenegro,Balkan Networking &#8211; Video\"}]},{\"@type\":\"Person\",\"@id\":\"https:\/\/www.visit-ulcinj.com\/blog\/#\/schema\/person\/dcab619c614d3038751c63bc2aadc06d\",\"name\":\"ulqini\",\"sameAs\":[\"http:\/\/www.visit-ulcinj.com\"],\"url\":\"https:\/\/www.visit-ulcinj.com\/blog\/author\/admin\/\"}]}<\/script>\n<!-- \/ Yoast SEO plugin. -->","yoast_head_json":{"title":"Ex-President Bill Clinton in Montenegro,Balkan Networking - Video - Lajme nga Ulqini","description":"Inaugural Conference of the Balkan Networking for Social Empowerment of South-Eastern Europe with Keynote addresses by Bill Clinton, founder of the","robots":{"index":"index","follow":"follow","max-snippet":"max-snippet:-1","max-image-preview":"max-image-preview:large","max-video-preview":"max-video-preview:-1"},"canonical":"https:\/\/www.visit-ulcinj.com\/blog\/2011\/05\/07\/ex-president-bill-clinton-in-montenegrobalkan-networking-video\/","og_locale":"en_US","og_type":"article","og_title":"Ex-President Bill Clinton in Montenegro,Balkan Networking - Video - Lajme nga Ulqini","og_description":"Inaugural Conference of the Balkan Networking for Social Empowerment of South-Eastern Europe with Keynote addresses by Bill Clinton, founder of the","og_url":"https:\/\/www.visit-ulcinj.com\/blog\/2011\/05\/07\/ex-president-bill-clinton-in-montenegrobalkan-networking-video\/","og_site_name":"Lajme nga Ulqini","article_published_time":"2011-05-07T17:54:51+00:00","article_modified_time":"2011-05-07T18:07:45+00:00","og_image":[{"url":"http:\/\/www.visit-ulcinj.com\/blog\/wp-content\/uploads\/2011\/05\/president-bill-clinton-in-montenegro-Balkan-Networking.jpg"}],"twitter_misc":{"Written by":"ulqini","Est. reading time":"1 minute"},"schema":{"@context":"https:\/\/schema.org","@graph":[{"@type":"WebSite","@id":"https:\/\/www.visit-ulcinj.com\/blog\/#website","url":"https:\/\/www.visit-ulcinj.com\/blog\/","name":"Lajme nga Ulqini","description":"Lajme,Vijesti,Ulqini,Ulqin,Crna Gora,Mali i Zi","potentialAction":[{"@type":"SearchAction","target":{"@type":"EntryPoint","urlTemplate":"https:\/\/www.visit-ulcinj.com\/blog\/?s={search_term_string}"},"query-input":"required name=search_term_string"}],"inLanguage":"en-US"},{"@type":"ImageObject","inLanguage":"en-US","@id":"https:\/\/www.visit-ulcinj.com\/blog\/2011\/05\/07\/ex-president-bill-clinton-in-montenegrobalkan-networking-video\/#primaryimage","url":"http:\/\/www.visit-ulcinj.com\/blog\/wp-content\/uploads\/2011\/05\/president-bill-clinton-in-montenegro-Balkan-Networking.jpg","contentUrl":"http:\/\/www.visit-ulcinj.com\/blog\/wp-content\/uploads\/2011\/05\/president-bill-clinton-in-montenegro-Balkan-Networking.jpg"},{"@type":"WebPage","@id":"https:\/\/www.visit-ulcinj.com\/blog\/2011\/05\/07\/ex-president-bill-clinton-in-montenegrobalkan-networking-video\/#webpage","url":"https:\/\/www.visit-ulcinj.com\/blog\/2011\/05\/07\/ex-president-bill-clinton-in-montenegrobalkan-networking-video\/","name":"Ex-President Bill Clinton in Montenegro,Balkan Networking - Video - Lajme nga Ulqini","isPartOf":{"@id":"https:\/\/www.visit-ulcinj.com\/blog\/#website"},"primaryImageOfPage":{"@id":"https:\/\/www.visit-ulcinj.com\/blog\/2011\/05\/07\/ex-president-bill-clinton-in-montenegrobalkan-networking-video\/#primaryimage"},"datePublished":"2011-05-07T17:54:51+00:00","dateModified":"2011-05-07T18:07:45+00:00","author":{"@id":"https:\/\/www.visit-ulcinj.com\/blog\/#\/schema\/person\/dcab619c614d3038751c63bc2aadc06d"},"description":"Inaugural Conference of the Balkan Networking for Social Empowerment of South-Eastern Europe with Keynote addresses by Bill Clinton, founder of the","breadcrumb":{"@id":"https:\/\/www.visit-ulcinj.com\/blog\/2011\/05\/07\/ex-president-bill-clinton-in-montenegrobalkan-networking-video\/#breadcrumb"},"inLanguage":"en-US","potentialAction":[{"@type":"ReadAction","target":["https:\/\/www.visit-ulcinj.com\/blog\/2011\/05\/07\/ex-president-bill-clinton-in-montenegrobalkan-networking-video\/"]}]},{"@type":"BreadcrumbList","@id":"https:\/\/www.visit-ulcinj.com\/blog\/2011\/05\/07\/ex-president-bill-clinton-in-montenegrobalkan-networking-video\/#breadcrumb","itemListElement":[{"@type":"ListItem","position":1,"name":"Ex-President Bill Clinton in Montenegro,Balkan Networking &#8211; Video"}]},{"@type":"Person","@id":"https:\/\/www.visit-ulcinj.com\/blog\/#\/schema\/person\/dcab619c614d3038751c63bc2aadc06d","name":"ulqini","sameAs":["http:\/\/www.visit-ulcinj.com"],"url":"https:\/\/www.visit-ulcinj.com\/blog\/author\/admin\/"}]}},"jetpack_featured_media_url":"","jetpack_sharing_enabled":true,"jetpack_shortlink":"https:\/\/wp.me\/pe6lTn-c33","_links":{"self":[{"href":"https:\/\/www.visit-ulcinj.com\/blog\/wp-json\/wp\/v2\/posts\/46317"}],"collection":[{"href":"https:\/\/www.visit-ulcinj.com\/blog\/wp-json\/wp\/v2\/posts"}],"about":[{"href":"https:\/\/www.visit-ulcinj.com\/blog\/wp-json\/wp\/v2\/types\/post"}],"author":[{"embeddable":true,"href":"https:\/\/www.visit-ulcinj.com\/blog\/wp-json\/wp\/v2\/users\/1"}],"replies":[{"embeddable":true,"href":"https:\/\/www.visit-ulcinj.com\/blog\/wp-json\/wp\/v2\/comments?post=46317"}],"version-history":[{"count":0,"href":"https:\/\/www.visit-ulcinj.com\/blog\/wp-json\/wp\/v2\/posts\/46317\/revisions"}],"wp:attachment":[{"href":"https:\/\/www.visit-ulcinj.com\/blog\/wp-json\/wp\/v2\/media?parent=46317"}],"wp:term":[{"taxonomy":"category","embeddable":true,"href":"https:\/\/www.visit-ulcinj.com\/blog\/wp-json\/wp\/v2\/categories?post=46317"},{"taxonomy":"post_tag","embeddable":true,"href":"https:\/\/www.visit-ulcinj.com\/blog\/wp-json\/wp\/v2\/tags?post=46317"}],"curies":[{"name":"wp","href":"https:\/\/api.w.org\/{rel}","templated":true}]}}