{"id":46328,"date":"2011-05-07T23:10:46","date_gmt":"2011-05-07T22:10:46","guid":{"rendered":"http:\/\/www.visit-ulcinj.com\/blog\/?p=46328"},"modified":"2011-05-15T13:35:03","modified_gmt":"2011-05-15T12:35:03","slug":"interviste-me-kengetaren-e-mirenjohur-rita-lulgjuraj","status":"publish","type":"post","link":"https:\/\/www.visit-ulcinj.com\/blog\/2011\/05\/07\/interviste-me-kengetaren-e-mirenjohur-rita-lulgjuraj\/","title":{"rendered":"Intervist\u00eb me k\u00ebng\u00ebtaren e mir\u00ebnjohur Rita Lulgjuraj"},"content":{"rendered":"<p><strong><a href=\"http:\/\/www.visit-ulcinj.com\/blog\/wp-content\/uploads\/2011\/05\/Rita-Lulgjuraj_Kengetare-nga-Ulqini.2.jpg\"><img loading=\"lazy\" class=\"alignleft size-full wp-image-46331\" title=\"Rita Lulgjuraj_Kengetare nga Ulqini.2\" src=\"http:\/\/www.visit-ulcinj.com\/blog\/wp-content\/uploads\/2011\/05\/Rita-Lulgjuraj_Kengetare-nga-Ulqini.2.jpg\" alt=\"\" width=\"350\" height=\"550\" \/><\/a>Lajme nga Ulqini : Kush \u00ebsht\u00eb Rita Lulgjuraj ?<br \/>\n<\/strong><br \/>\n<strong>Rita : <\/strong>Rita Lulgjuraj \u00ebsht\u00eb nj\u00eb gjimnaziste e vitit t\u00eb kat\u00ebrt \u201cV\u00ebllaz\u00ebrim Bashkim\u201d Ulqin\u2026\u2026.<\/p>\n<p><strong>Lajme nga Ulqini : Qysh kur ka filluar Rita t\u00eb merret me muzik\u00eb dhe kur \u00ebsht\u00eb formuar grupi , na flisni di\u00e7ka edhe p\u00ebr antar\u00ebt e grupit,dhe kush jan ato?<\/strong><\/p>\n<p><strong>Rita : <\/strong>Kam filluar t\u00eb merrem me muzik\u00eb q\u00eb nga mosha 9 vje\u00e7are ku regjistrova shkoll\u00ebn e ult\u00eb t\u00eb muzik\u00ebs-piano.Ishte iniciativ\u00eb rinore e propozuar nga shok\u00ebt e mi Arian Zati dhe Gazmir Truma t\u00eb cil\u00ebt punuan muzik\u00ebn dhe tekstin p\u00ebr k\u00ebng\u00ebn \u201ckurr se kam besu\u201d, t\u00eb cil\u00ebt m\u00eb ftuan dhe jam shum\u00eb mir\u00ebnjoh\u00ebse p\u00ebr ftes\u00ebn.<\/p>\n<p><strong>Lajme nga Ulqini : Aktivitetet ku keni marre pjese?<br \/>\n<\/strong><br \/>\n<strong>Rita:<\/strong> Kam qen\u00eb pjes\u00ebmarr\u00ebse e korit t\u00eb shkoll\u00ebs s\u00eb muzik\u00ebs si dhe korit t\u00eb kish\u00ebs.Poashtu kam marr\u00eb pjes\u00eb n\u00eb festivalin p\u00ebr t\u00eb rinj \u201cRinsong &amp; dance contest \u201c 2010 ku\u00a0 ndame \u00a0\u00e7mimin e par\u00eb un\u00eb dhe Aldin Zhygjeli.Pas fitores n\u00eb Ulqin , m\u00eb ftuan t\u00eb marr\u00eb pjes\u00eb n\u00eb festivalin nd\u00ebrkomb\u00ebtar I t\u00eb rinjve\u00a0 \u201cMaratona rinore\u201d Durr\u00ebs ,ku nxura vendin e tret\u00eb.P\u00ebrpos muzik\u00ebs kam shum\u00eb passion p\u00ebr recitim dhe dram\u00eb.<\/p>\n<p><strong>Lajme nga Ulqini : \u00c7far\u00eb \u00ebsht\u00eb muzika p\u00ebr ju?<br \/>\n<\/strong><br \/>\n<strong>Rita: <\/strong>Shpeshher\u00eb jam n\u00eb dilem\u00eb a jam un pjes\u00eb e muzik\u00ebs apo ajo pjes\u00eb e imja.Thjesht \u00ebsht\u00eb pjes\u00eb e pandar\u00eb e imja.<\/p>\n<p><strong>Lajme nga Ulqini : Mendoni se bukuria \u00ebsht\u00eb e r\u00ebnd\u00ebsishme p\u00ebr nj\u00eb k\u00ebng\u00ebtare qe te eci p\u00ebrpara?<\/strong><\/p>\n<p><strong> <\/strong><\/p>\n<p><strong>Rita:<\/strong> Bukuria \u00ebsht\u00eb nj\u00eb faktor I r\u00ebnd\u00ebsish\u00ebm q\u00eb ndikon pozitivisht n\u00eb karier\u00eb,por kvaliteti \u00ebsht\u00eb ai q\u00eb do t\u00eb vler\u00ebsohet gjithmon\u00eb.<\/p>\n<p><strong>Lajme nga Ulqini : Shumica e k\u00ebng\u00ebtareve sot b\u00ebjn\u00eb k\u00ebnge komerciale, ju cfar\u00eb mendoni p\u00ebr ket\u00eb linje te re qe ka hyre ne tregun muzikor?<br \/>\n<\/strong><br \/>\n<strong>Rita: <\/strong>Muzika komerciale ka qen\u00eb,\u00ebsht\u00eb dhe do t\u00eb jet\u00eb,mir\u00ebpo n\u00eb veshin e nd\u00ebgjuesit do t\u00eb mbes\u00eb muzika e vler\u00ebsuar.<\/p>\n<p><strong>Lajme nga Ulqini : Je penduar ndonj\u00ebher\u00eb p\u00ebr ket\u00eb rruge qe ke zgjedhur?<\/strong><br \/>\n<strong>Rita:<\/strong> Deri tani jo.<\/p>\n<p><strong>Lajme nga Ulqini : Cfar\u00eb roli ka luajtur familja juaj ne karrier\u00ebn tuaj si k\u00ebng\u00ebtare?<\/strong><\/p>\n<p><strong>Rita: <\/strong>Familja ime tradicionalisht ka\u00a0 k\u00ebnduar bukur,k\u00ebshtu q\u00eb nuk m\u00eb ka munguar mb\u00ebshtetja e tyre\u00a0 t\u00eb merrem me muzik\u00eb.<\/p>\n<p><strong>Lajme nga Ulqini : Kompozitoret me te cil\u00ebt bashk\u00ebpunon?<br \/>\n<\/strong><br \/>\n<strong>Rita : <\/strong>Jan\u00eb disa t\u00eb interesuar p\u00ebr bashk\u00ebpunim,p\u00ebr momentin jam duke bashk\u00ebpunuar me kompozitorin G\u00ebzim Gjeka p\u00ebr nj\u00eb k\u00ebng\u00eb t\u00eb re.<\/p>\n<p><strong>Lajme nga Ulqini : Kush kujdeset p\u00ebr look-un tuaj?<br \/>\n<\/strong><br \/>\n<strong>Rita : <\/strong>Vet,shpeshher\u00eb m\u00eb japin ide edhe shoqet e mia.<\/p>\n<p><strong>Lajme nga Ulqini : Ku konsiston tematika e k\u00ebng\u00ebve tuaja?<br \/>\n<\/strong><br \/>\n<strong>Rita: <\/strong>Bota e t\u00eb rinjve.<\/p>\n<p><strong>Lajme nga Ulqini : Ku do te jete Rita pas 10 vjet\u00ebsh. Do vazhdosh te jesh k\u00ebng\u00ebtare edhe at\u00ebher\u00eb apo do te fokusohesh ne nj\u00eb profesion tjet\u00ebr?<br \/>\n<\/strong><br \/>\n<strong>Rita : <\/strong>Kam d\u00ebshir\u00eb t\u00eb kryej studimet e pastaj jeta do t\u00eb ma tregoj rrug\u00ebn e m\u00ebtejshme.<\/p>\n<p><strong>Lajme nga Ulqini : Cilat jane angazhimet aktuale te Rit\u00ebs\u00a0?<br \/>\n<\/strong><br \/>\n<strong>Rita : <\/strong>Jam e angazhuar rreth provimeve t\u00eb matur\u00ebs,si dhe me ushtrime n\u00eb solok\u00ebndim.<\/p>\n<p><strong>Lajme nga Ulqini : Ndonj\u00eb album se shpejti single apo?<br \/>\n<\/strong><br \/>\n<strong>Rita : <\/strong>N\u00eb t\u00eb ardhmen pse jo.<\/p>\n<p><strong>Lajme nga Ulqini : P\u00ebr fund Rita ju fal\u00ebnderojm\u00eb p\u00ebr intervist\u00ebn q\u00eb dhuruat p\u00ebr vizitor\u00ebt e Lajmeve nga Ulqini.<br \/>\n<\/strong><br \/>\n<strong>Rita :<\/strong> Faleminderit.Jam mir\u00ebnjoh\u00ebse p\u00ebr ftes\u00ebn.<\/p>\n<p><br \/>\n<!--YouTube Error: bad URL entered--><br \/>\n&#8211; Muzika: Arian Zati &#8211; ZaTA<br \/>\n&#8211; Teksti: Gazmir Truma &#8211; Galle<br \/>\n&#8211; Video: Mondi Kaleziq &amp; Enis Katana &amp; Gjigji<br \/>\n&#8211; Faleminderit : MK STUDIO, Orange Records, Tehnoviva, BAR H2O,<\/p>\n","protected":false},"excerpt":{"rendered":"<p>Lajme nga Ulqini : Kush \u00ebsht\u00eb Rita Lulgjuraj ? Rita : Rita Lulgjuraj \u00ebsht\u00eb nj\u00eb gjimnaziste e vitit t\u00eb kat\u00ebrt \u201cV\u00ebllaz\u00ebrim Bashkim\u201d Ulqin\u2026\u2026. Lajme nga Ulqini : Qysh kur ka filluar Rita t\u00eb merret me muzik\u00eb dhe kur \u00ebsht\u00eb formuar grupi , na flisni di\u00e7ka edhe p\u00ebr antar\u00ebt e grupit,dhe kush jan ato? Rita : [&hellip;]<\/p>\n","protected":false},"author":1,"featured_media":0,"comment_status":"open","ping_status":"closed","sticky":false,"template":"","format":"standard","meta":{"spay_email":"","jetpack_publicize_message":"","jetpack_is_tweetstorm":false,"jetpack_publicize_feature_enabled":true},"categories":[5],"tags":[15408,18163,786,18198,18193,18203,18212,18202,87,18196,18195,18194,18204,18205,18211,9689,18209,5806,18207,18208,4691,16714,6771,18201,18192,18210,3650,18206,18197,200,18,18200,18199],"jetpack_publicize_connections":[],"yoast_head":"<!-- This site is optimized with the Yoast SEO plugin v19.1 - https:\/\/yoast.com\/wordpress\/plugins\/seo\/ -->\n<title>Intervist\u00eb me k\u00ebng\u00ebtaren e mir\u00ebnjohur Rita Lulgjuraj - Lajme nga Ulqini<\/title>\n<meta name=\"description\" content=\"Lajme nga Ulqini : Kush \u00ebsht\u00eb Rita Lulgjuraj ? Rita : Rita Lulgjuraj \u00ebsht\u00eb nj\u00eb gjimnaziste e vitit t\u00eb kat\u00ebrt \u201cV\u00ebllaz\u00ebrim Bashkim\u201d Ulqin\u2026\u2026. Lajme nga\" \/>\n<meta name=\"robots\" content=\"index, follow, max-snippet:-1, max-image-preview:large, max-video-preview:-1\" \/>\n<link rel=\"canonical\" href=\"https:\/\/www.visit-ulcinj.com\/blog\/2011\/05\/07\/interviste-me-kengetaren-e-mirenjohur-rita-lulgjuraj\/\" \/>\n<meta property=\"og:locale\" content=\"en_US\" \/>\n<meta property=\"og:type\" content=\"article\" \/>\n<meta property=\"og:title\" content=\"Intervist\u00eb me k\u00ebng\u00ebtaren e mir\u00ebnjohur Rita Lulgjuraj - Lajme nga Ulqini\" \/>\n<meta property=\"og:description\" content=\"Lajme nga Ulqini : Kush \u00ebsht\u00eb Rita Lulgjuraj ? Rita : Rita Lulgjuraj \u00ebsht\u00eb nj\u00eb gjimnaziste e vitit t\u00eb kat\u00ebrt \u201cV\u00ebllaz\u00ebrim Bashkim\u201d Ulqin\u2026\u2026. Lajme nga\" \/>\n<meta property=\"og:url\" content=\"https:\/\/www.visit-ulcinj.com\/blog\/2011\/05\/07\/interviste-me-kengetaren-e-mirenjohur-rita-lulgjuraj\/\" \/>\n<meta property=\"og:site_name\" content=\"Lajme nga Ulqini\" \/>\n<meta property=\"article:published_time\" content=\"2011-05-07T22:10:46+00:00\" \/>\n<meta property=\"article:modified_time\" content=\"2011-05-15T12:35:03+00:00\" \/>\n<meta property=\"og:image\" content=\"https:\/\/www.visit-ulcinj.com\/blog\/wp-content\/uploads\/2011\/05\/Rita-Lulgjuraj_Kengetare-nga-Ulqini.5-150x150.jpg\" \/>\n<meta name=\"twitter:label1\" content=\"Written by\" \/>\n\t<meta name=\"twitter:data1\" content=\"ulqini\" \/>\n\t<meta name=\"twitter:label2\" content=\"Est. reading time\" \/>\n\t<meta name=\"twitter:data2\" content=\"3 minutes\" \/>\n<script type=\"application\/ld+json\" class=\"yoast-schema-graph\">{\"@context\":\"https:\/\/schema.org\",\"@graph\":[{\"@type\":\"WebSite\",\"@id\":\"https:\/\/www.visit-ulcinj.com\/blog\/#website\",\"url\":\"https:\/\/www.visit-ulcinj.com\/blog\/\",\"name\":\"Lajme nga Ulqini\",\"description\":\"Lajme,Vijesti,Ulqini,Ulqin,Crna Gora,Mali i Zi\",\"potentialAction\":[{\"@type\":\"SearchAction\",\"target\":{\"@type\":\"EntryPoint\",\"urlTemplate\":\"https:\/\/www.visit-ulcinj.com\/blog\/?s={search_term_string}\"},\"query-input\":\"required name=search_term_string\"}],\"inLanguage\":\"en-US\"},{\"@type\":\"ImageObject\",\"inLanguage\":\"en-US\",\"@id\":\"https:\/\/www.visit-ulcinj.com\/blog\/2011\/05\/07\/interviste-me-kengetaren-e-mirenjohur-rita-lulgjuraj\/#primaryimage\",\"url\":\"http:\/\/www.visit-ulcinj.com\/blog\/wp-content\/uploads\/2011\/05\/Rita-Lulgjuraj_Kengetare-nga-Ulqini.2.jpg\",\"contentUrl\":\"http:\/\/www.visit-ulcinj.com\/blog\/wp-content\/uploads\/2011\/05\/Rita-Lulgjuraj_Kengetare-nga-Ulqini.2.jpg\"},{\"@type\":\"WebPage\",\"@id\":\"https:\/\/www.visit-ulcinj.com\/blog\/2011\/05\/07\/interviste-me-kengetaren-e-mirenjohur-rita-lulgjuraj\/#webpage\",\"url\":\"https:\/\/www.visit-ulcinj.com\/blog\/2011\/05\/07\/interviste-me-kengetaren-e-mirenjohur-rita-lulgjuraj\/\",\"name\":\"Intervist\u00eb me k\u00ebng\u00ebtaren e mir\u00ebnjohur Rita Lulgjuraj - Lajme nga Ulqini\",\"isPartOf\":{\"@id\":\"https:\/\/www.visit-ulcinj.com\/blog\/#website\"},\"primaryImageOfPage\":{\"@id\":\"https:\/\/www.visit-ulcinj.com\/blog\/2011\/05\/07\/interviste-me-kengetaren-e-mirenjohur-rita-lulgjuraj\/#primaryimage\"},\"datePublished\":\"2011-05-07T22:10:46+00:00\",\"dateModified\":\"2011-05-15T12:35:03+00:00\",\"author\":{\"@id\":\"https:\/\/www.visit-ulcinj.com\/blog\/#\/schema\/person\/dcab619c614d3038751c63bc2aadc06d\"},\"description\":\"Lajme nga Ulqini : Kush \u00ebsht\u00eb Rita Lulgjuraj ? Rita : Rita Lulgjuraj \u00ebsht\u00eb nj\u00eb gjimnaziste e vitit t\u00eb kat\u00ebrt \u201cV\u00ebllaz\u00ebrim Bashkim\u201d Ulqin\u2026\u2026. Lajme nga\",\"breadcrumb\":{\"@id\":\"https:\/\/www.visit-ulcinj.com\/blog\/2011\/05\/07\/interviste-me-kengetaren-e-mirenjohur-rita-lulgjuraj\/#breadcrumb\"},\"inLanguage\":\"en-US\",\"potentialAction\":[{\"@type\":\"ReadAction\",\"target\":[\"https:\/\/www.visit-ulcinj.com\/blog\/2011\/05\/07\/interviste-me-kengetaren-e-mirenjohur-rita-lulgjuraj\/\"]}]},{\"@type\":\"BreadcrumbList\",\"@id\":\"https:\/\/www.visit-ulcinj.com\/blog\/2011\/05\/07\/interviste-me-kengetaren-e-mirenjohur-rita-lulgjuraj\/#breadcrumb\",\"itemListElement\":[{\"@type\":\"ListItem\",\"position\":1,\"name\":\"Intervist\u00eb me k\u00ebng\u00ebtaren e mir\u00ebnjohur Rita Lulgjuraj\"}]},{\"@type\":\"Person\",\"@id\":\"https:\/\/www.visit-ulcinj.com\/blog\/#\/schema\/person\/dcab619c614d3038751c63bc2aadc06d\",\"name\":\"ulqini\",\"sameAs\":[\"http:\/\/www.visit-ulcinj.com\"],\"url\":\"https:\/\/www.visit-ulcinj.com\/blog\/author\/admin\/\"}]}<\/script>\n<!-- \/ Yoast SEO plugin. -->","yoast_head_json":{"title":"Intervist\u00eb me k\u00ebng\u00ebtaren e mir\u00ebnjohur Rita Lulgjuraj - Lajme nga Ulqini","description":"Lajme nga Ulqini : Kush \u00ebsht\u00eb Rita Lulgjuraj ? Rita : Rita Lulgjuraj \u00ebsht\u00eb nj\u00eb gjimnaziste e vitit t\u00eb kat\u00ebrt \u201cV\u00ebllaz\u00ebrim Bashkim\u201d Ulqin\u2026\u2026. Lajme nga","robots":{"index":"index","follow":"follow","max-snippet":"max-snippet:-1","max-image-preview":"max-image-preview:large","max-video-preview":"max-video-preview:-1"},"canonical":"https:\/\/www.visit-ulcinj.com\/blog\/2011\/05\/07\/interviste-me-kengetaren-e-mirenjohur-rita-lulgjuraj\/","og_locale":"en_US","og_type":"article","og_title":"Intervist\u00eb me k\u00ebng\u00ebtaren e mir\u00ebnjohur Rita Lulgjuraj - Lajme nga Ulqini","og_description":"Lajme nga Ulqini : Kush \u00ebsht\u00eb Rita Lulgjuraj ? Rita : Rita Lulgjuraj \u00ebsht\u00eb nj\u00eb gjimnaziste e vitit t\u00eb kat\u00ebrt \u201cV\u00ebllaz\u00ebrim Bashkim\u201d Ulqin\u2026\u2026. Lajme nga","og_url":"https:\/\/www.visit-ulcinj.com\/blog\/2011\/05\/07\/interviste-me-kengetaren-e-mirenjohur-rita-lulgjuraj\/","og_site_name":"Lajme nga Ulqini","article_published_time":"2011-05-07T22:10:46+00:00","article_modified_time":"2011-05-15T12:35:03+00:00","og_image":[{"url":"https:\/\/www.visit-ulcinj.com\/blog\/wp-content\/uploads\/2011\/05\/Rita-Lulgjuraj_Kengetare-nga-Ulqini.5-150x150.jpg"}],"twitter_misc":{"Written by":"ulqini","Est. reading time":"3 minutes"},"schema":{"@context":"https:\/\/schema.org","@graph":[{"@type":"WebSite","@id":"https:\/\/www.visit-ulcinj.com\/blog\/#website","url":"https:\/\/www.visit-ulcinj.com\/blog\/","name":"Lajme nga Ulqini","description":"Lajme,Vijesti,Ulqini,Ulqin,Crna Gora,Mali i Zi","potentialAction":[{"@type":"SearchAction","target":{"@type":"EntryPoint","urlTemplate":"https:\/\/www.visit-ulcinj.com\/blog\/?s={search_term_string}"},"query-input":"required name=search_term_string"}],"inLanguage":"en-US"},{"@type":"ImageObject","inLanguage":"en-US","@id":"https:\/\/www.visit-ulcinj.com\/blog\/2011\/05\/07\/interviste-me-kengetaren-e-mirenjohur-rita-lulgjuraj\/#primaryimage","url":"http:\/\/www.visit-ulcinj.com\/blog\/wp-content\/uploads\/2011\/05\/Rita-Lulgjuraj_Kengetare-nga-Ulqini.2.jpg","contentUrl":"http:\/\/www.visit-ulcinj.com\/blog\/wp-content\/uploads\/2011\/05\/Rita-Lulgjuraj_Kengetare-nga-Ulqini.2.jpg"},{"@type":"WebPage","@id":"https:\/\/www.visit-ulcinj.com\/blog\/2011\/05\/07\/interviste-me-kengetaren-e-mirenjohur-rita-lulgjuraj\/#webpage","url":"https:\/\/www.visit-ulcinj.com\/blog\/2011\/05\/07\/interviste-me-kengetaren-e-mirenjohur-rita-lulgjuraj\/","name":"Intervist\u00eb me k\u00ebng\u00ebtaren e mir\u00ebnjohur Rita Lulgjuraj - Lajme nga Ulqini","isPartOf":{"@id":"https:\/\/www.visit-ulcinj.com\/blog\/#website"},"primaryImageOfPage":{"@id":"https:\/\/www.visit-ulcinj.com\/blog\/2011\/05\/07\/interviste-me-kengetaren-e-mirenjohur-rita-lulgjuraj\/#primaryimage"},"datePublished":"2011-05-07T22:10:46+00:00","dateModified":"2011-05-15T12:35:03+00:00","author":{"@id":"https:\/\/www.visit-ulcinj.com\/blog\/#\/schema\/person\/dcab619c614d3038751c63bc2aadc06d"},"description":"Lajme nga Ulqini : Kush \u00ebsht\u00eb Rita Lulgjuraj ? Rita : Rita Lulgjuraj \u00ebsht\u00eb nj\u00eb gjimnaziste e vitit t\u00eb kat\u00ebrt \u201cV\u00ebllaz\u00ebrim Bashkim\u201d Ulqin\u2026\u2026. Lajme nga","breadcrumb":{"@id":"https:\/\/www.visit-ulcinj.com\/blog\/2011\/05\/07\/interviste-me-kengetaren-e-mirenjohur-rita-lulgjuraj\/#breadcrumb"},"inLanguage":"en-US","potentialAction":[{"@type":"ReadAction","target":["https:\/\/www.visit-ulcinj.com\/blog\/2011\/05\/07\/interviste-me-kengetaren-e-mirenjohur-rita-lulgjuraj\/"]}]},{"@type":"BreadcrumbList","@id":"https:\/\/www.visit-ulcinj.com\/blog\/2011\/05\/07\/interviste-me-kengetaren-e-mirenjohur-rita-lulgjuraj\/#breadcrumb","itemListElement":[{"@type":"ListItem","position":1,"name":"Intervist\u00eb me k\u00ebng\u00ebtaren e mir\u00ebnjohur Rita Lulgjuraj"}]},{"@type":"Person","@id":"https:\/\/www.visit-ulcinj.com\/blog\/#\/schema\/person\/dcab619c614d3038751c63bc2aadc06d","name":"ulqini","sameAs":["http:\/\/www.visit-ulcinj.com"],"url":"https:\/\/www.visit-ulcinj.com\/blog\/author\/admin\/"}]}},"jetpack_featured_media_url":"","jetpack_sharing_enabled":true,"jetpack_shortlink":"https:\/\/wp.me\/pe6lTn-c3e","_links":{"self":[{"href":"https:\/\/www.visit-ulcinj.com\/blog\/wp-json\/wp\/v2\/posts\/46328"}],"collection":[{"href":"https:\/\/www.visit-ulcinj.com\/blog\/wp-json\/wp\/v2\/posts"}],"about":[{"href":"https:\/\/www.visit-ulcinj.com\/blog\/wp-json\/wp\/v2\/types\/post"}],"author":[{"embeddable":true,"href":"https:\/\/www.visit-ulcinj.com\/blog\/wp-json\/wp\/v2\/users\/1"}],"replies":[{"embeddable":true,"href":"https:\/\/www.visit-ulcinj.com\/blog\/wp-json\/wp\/v2\/comments?post=46328"}],"version-history":[{"count":0,"href":"https:\/\/www.visit-ulcinj.com\/blog\/wp-json\/wp\/v2\/posts\/46328\/revisions"}],"wp:attachment":[{"href":"https:\/\/www.visit-ulcinj.com\/blog\/wp-json\/wp\/v2\/media?parent=46328"}],"wp:term":[{"taxonomy":"category","embeddable":true,"href":"https:\/\/www.visit-ulcinj.com\/blog\/wp-json\/wp\/v2\/categories?post=46328"},{"taxonomy":"post_tag","embeddable":true,"href":"https:\/\/www.visit-ulcinj.com\/blog\/wp-json\/wp\/v2\/tags?post=46328"}],"curies":[{"name":"wp","href":"https:\/\/api.w.org\/{rel}","templated":true}]}}