{"id":46360,"date":"2011-05-08T09:22:18","date_gmt":"2011-05-08T08:22:18","guid":{"rendered":"http:\/\/www.visit-ulcinj.com\/blog\/?p=46360"},"modified":"2011-05-08T09:22:37","modified_gmt":"2011-05-08T08:22:37","slug":"holaj-postoji-dvotrecinska-vecina-za-izglasavanje","status":"publish","type":"post","link":"https:\/\/www.visit-ulcinj.com\/blog\/2011\/05\/08\/holaj-postoji-dvotrecinska-vecina-za-izglasavanje\/","title":{"rendered":"Holaj: Postoji dvotre\u0107inska ve\u0107ina za izglasavanje"},"content":{"rendered":"<p><strong><a href=\"http:\/\/www.visit-ulcinj.com\/blog\/wp-content\/uploads\/2011\/05\/Amir-Holaj.jpg\"><img loading=\"lazy\" class=\"alignleft size-full wp-image-46361\" title=\"Amir Holaj\" src=\"http:\/\/www.visit-ulcinj.com\/blog\/wp-content\/uploads\/2011\/05\/Amir-Holaj.jpg\" alt=\"\" width=\"508\" height=\"380\" \/><\/a>Sa kolegijuma predsjednika skup\u0161tine<br \/>\nNakon tro\u010dasovne rasprave nije potpisan predlog izbornog zakona<\/strong><\/p>\n<p>Holaj je kazao da dvotre\u0107inska ve\u0107ina za izglasavanje izbornog zakonodavstva postoji<\/p>\n<p>Kolegijum predsjenika Skup\u0161tine u ponedjeljak bi trebalo da usvoji kona\u010dnu verziju izbornog zakona koja \u0107e zatim biti proslije\u0111en plenumu.<\/p>\n<p>I nakon tro\u010dasovne sjednice odr\u017eane u petak 6. maja ostao je nerje\u0161en model kojim bi rije\u0161ili pitanje prava glasa gra\u0111ana koji se nalaze u bira\u010dkim spiskovima, a nemaju crnogorsko dr\u017eavljanstvo.<\/p>\n<p>Socijalisti\u010dka narodna partija ranije je najavila da ne\u0107e glasati za izborni zakon dok se ne rije\u0161i pitanje gra\u0111ana koji nemaju regulisano dr\u017eavljanstvo, a nalaze se u bira\u010dkim spiskovima.<\/p>\n<p>\u201eMislim da bi shodno dogovoru na kolegijumu u ponedjeljak trebali da imamo kona\u010dno odlu\u010divanje. Do ponedjeljka radimo i dalje\u201c, kazao je \u0161ef poslani\u010dkog kluba SNP Aleksandar Damjanovi\u0107.<\/p>\n<p>Prema modelu koji je vladaju\u0107a koalicija ponudila SNP-u pitanje gra\u0111ana sa dvojnim dr\u017eavljanstvom koji su do sada glasali, regulisalo bi se tako \u0161to bi im se dao rok do kojeg treba da dostave zahtjev da postanu crnogorski dr\u017eavljani. U tom slu\u010daju oni ne bi bili brisani iz bira\u010dkih spiskova sve dok od MUP-a ne dobiju rje\u0161enje o dr\u017eavljanstvu.<\/p>\n<p><strong>Albanci ne podr\u017eavaju aktuelni model<\/strong><\/p>\n<p>\u0160ef Kluba albanskih poslanika Amir Holaj ponovio je da Albanci ne\u0107e podr\u017eati aktuelni model, podsje\u0107aju\u0107i da je za njih jedino prihvatljivo dosada\u0161nje rje\u0161enje prema kome su Albanci imali posebnu izbornu jedinicu i pravo na pet poslanika. On je kazao da Kolegijum jo\u0161 nema uskla\u0111en tekst, ali ima na\u010delnu ve\u0107inu koja \u0107e na kraju podr\u017eati predlog izbornog zakona.<\/p>\n<p>\u201eUstavna prava koja se garantuju manjinama, konkretno Albancima, ovim prijedlogom zakona se ne po\u0161tuju. Zakon je za nas jako bitan jer \u017eelimo autenti\u010dnu zastupljenost u parlamentu, a ponu\u0111eno rje\u0161enje nam je samo 10 odsto prihvatljivo\u201c, kazao je Holaj.<\/p>\n<p>On je najavio da \u0107e od ponedjeljka predstavnici vlasti po\u010deti posebne razgovore sa Albancima kako bi poku\u0161ali da dobiju njihovu podr\u0161ku. U tim razgovorima kroz dodatni anga\u017eman, smatra Holaj, u tekst zakona treba ugraditi rje\u0161enje koja \u0107e biti prihvatljivo svima.<\/p>\n<p>Kolegijumu nijesu prisustvovali predstavnici Bo\u0161nja\u010dke stranke (BS) kao i Nove srpske demokratije i Pokreta za promjene koji su ranije napustili rad na izbornom zakonu.<\/p>\n<p>Skup\u0161tina Crne Gore produ\u017eila je, peti put, rok za usagla\u0161avanje izbornog zakonodavstva sa najvi\u0161im pravnim aktom do 31. maja. Za usvajanje izbornog zakonodavstva potrebna je dvotre\u0107inska ve\u0107ina u Skup\u0161tini, a Evropska komisija saop\u0161tila je ranije da je usvajanje tog dokumenat jedan od uslova ua nastavak evropskih integracija Crne Gore.<\/p>\n<p><a title=\"vijesti\" href=\"http:\/\/www.vijesti.me\/vijesti\/nakon-trocasovne-rasprave-nije-potpisan-predlog-izbornog-zakona-clanak-18676\" target=\"_blank\"><strong>Vijesti<\/strong><\/a><\/p>\n","protected":false},"excerpt":{"rendered":"<p>Sa kolegijuma predsjednika skup\u0161tine Nakon tro\u010dasovne rasprave nije potpisan predlog izbornog zakona Holaj je kazao da dvotre\u0107inska ve\u0107ina za izglasavanje izbornog zakonodavstva postoji Kolegijum predsjenika Skup\u0161tine u ponedjeljak bi trebalo da usvoji kona\u010dnu verziju izbornog zakona koja \u0107e zatim biti proslije\u0111en plenumu. I nakon tro\u010dasovne sjednice odr\u017eane u petak 6. maja ostao je nerje\u0161en model [&hellip;]<\/p>\n","protected":false},"author":1,"featured_media":0,"comment_status":"open","ping_status":"closed","sticky":false,"template":"","format":"standard","meta":{"spay_email":"","jetpack_publicize_message":"","jetpack_is_tweetstorm":false,"jetpack_publicize_feature_enabled":true},"categories":[8337],"tags":[1520,1630,18217],"jetpack_publicize_connections":[],"yoast_head":"<!-- This site is optimized with the Yoast SEO plugin v19.1 - https:\/\/yoast.com\/wordpress\/plugins\/seo\/ -->\n<title>Holaj: Postoji dvotre\u0107inska ve\u0107ina za izglasavanje - Lajme nga Ulqini<\/title>\n<meta name=\"description\" content=\"Sa kolegijuma predsjednika skup\u0161tine Nakon tro\u010dasovne rasprave nije potpisan predlog izbornog zakona Holaj je kazao da dvotre\u0107inska ve\u0107ina za izglasavanje\" \/>\n<meta name=\"robots\" content=\"index, follow, max-snippet:-1, max-image-preview:large, max-video-preview:-1\" \/>\n<link rel=\"canonical\" href=\"https:\/\/www.visit-ulcinj.com\/blog\/2011\/05\/08\/holaj-postoji-dvotrecinska-vecina-za-izglasavanje\/\" \/>\n<meta property=\"og:locale\" content=\"en_US\" \/>\n<meta property=\"og:type\" content=\"article\" \/>\n<meta property=\"og:title\" content=\"Holaj: Postoji dvotre\u0107inska ve\u0107ina za izglasavanje - Lajme nga Ulqini\" \/>\n<meta property=\"og:description\" content=\"Sa kolegijuma predsjednika skup\u0161tine Nakon tro\u010dasovne rasprave nije potpisan predlog izbornog zakona Holaj je kazao da dvotre\u0107inska ve\u0107ina za izglasavanje\" \/>\n<meta property=\"og:url\" content=\"https:\/\/www.visit-ulcinj.com\/blog\/2011\/05\/08\/holaj-postoji-dvotrecinska-vecina-za-izglasavanje\/\" \/>\n<meta property=\"og:site_name\" content=\"Lajme nga Ulqini\" \/>\n<meta property=\"article:published_time\" content=\"2011-05-08T08:22:18+00:00\" \/>\n<meta property=\"article:modified_time\" content=\"2011-05-08T08:22:37+00:00\" \/>\n<meta property=\"og:image\" content=\"http:\/\/www.visit-ulcinj.com\/blog\/wp-content\/uploads\/2011\/05\/Amir-Holaj.jpg\" \/>\n<meta name=\"twitter:label1\" content=\"Written by\" \/>\n\t<meta name=\"twitter:data1\" content=\"ulqini\" \/>\n\t<meta name=\"twitter:label2\" content=\"Est. reading time\" \/>\n\t<meta name=\"twitter:data2\" content=\"2 minutes\" \/>\n<script type=\"application\/ld+json\" class=\"yoast-schema-graph\">{\"@context\":\"https:\/\/schema.org\",\"@graph\":[{\"@type\":\"WebSite\",\"@id\":\"https:\/\/www.visit-ulcinj.com\/blog\/#website\",\"url\":\"https:\/\/www.visit-ulcinj.com\/blog\/\",\"name\":\"Lajme nga Ulqini\",\"description\":\"Lajme,Vijesti,Ulqini,Ulqin,Crna Gora,Mali i Zi\",\"potentialAction\":[{\"@type\":\"SearchAction\",\"target\":{\"@type\":\"EntryPoint\",\"urlTemplate\":\"https:\/\/www.visit-ulcinj.com\/blog\/?s={search_term_string}\"},\"query-input\":\"required name=search_term_string\"}],\"inLanguage\":\"en-US\"},{\"@type\":\"ImageObject\",\"inLanguage\":\"en-US\",\"@id\":\"https:\/\/www.visit-ulcinj.com\/blog\/2011\/05\/08\/holaj-postoji-dvotrecinska-vecina-za-izglasavanje\/#primaryimage\",\"url\":\"https:\/\/www.visit-ulcinj.com\/blog\/wp-content\/uploads\/2011\/05\/Amir-Holaj.jpg\",\"contentUrl\":\"https:\/\/www.visit-ulcinj.com\/blog\/wp-content\/uploads\/2011\/05\/Amir-Holaj.jpg\",\"width\":\"719\",\"height\":\"387\"},{\"@type\":\"WebPage\",\"@id\":\"https:\/\/www.visit-ulcinj.com\/blog\/2011\/05\/08\/holaj-postoji-dvotrecinska-vecina-za-izglasavanje\/#webpage\",\"url\":\"https:\/\/www.visit-ulcinj.com\/blog\/2011\/05\/08\/holaj-postoji-dvotrecinska-vecina-za-izglasavanje\/\",\"name\":\"Holaj: Postoji dvotre\u0107inska ve\u0107ina za izglasavanje - Lajme nga Ulqini\",\"isPartOf\":{\"@id\":\"https:\/\/www.visit-ulcinj.com\/blog\/#website\"},\"primaryImageOfPage\":{\"@id\":\"https:\/\/www.visit-ulcinj.com\/blog\/2011\/05\/08\/holaj-postoji-dvotrecinska-vecina-za-izglasavanje\/#primaryimage\"},\"datePublished\":\"2011-05-08T08:22:18+00:00\",\"dateModified\":\"2011-05-08T08:22:37+00:00\",\"author\":{\"@id\":\"https:\/\/www.visit-ulcinj.com\/blog\/#\/schema\/person\/dcab619c614d3038751c63bc2aadc06d\"},\"description\":\"Sa kolegijuma predsjednika skup\u0161tine Nakon tro\u010dasovne rasprave nije potpisan predlog izbornog zakona Holaj je kazao da dvotre\u0107inska ve\u0107ina za izglasavanje\",\"breadcrumb\":{\"@id\":\"https:\/\/www.visit-ulcinj.com\/blog\/2011\/05\/08\/holaj-postoji-dvotrecinska-vecina-za-izglasavanje\/#breadcrumb\"},\"inLanguage\":\"en-US\",\"potentialAction\":[{\"@type\":\"ReadAction\",\"target\":[\"https:\/\/www.visit-ulcinj.com\/blog\/2011\/05\/08\/holaj-postoji-dvotrecinska-vecina-za-izglasavanje\/\"]}]},{\"@type\":\"BreadcrumbList\",\"@id\":\"https:\/\/www.visit-ulcinj.com\/blog\/2011\/05\/08\/holaj-postoji-dvotrecinska-vecina-za-izglasavanje\/#breadcrumb\",\"itemListElement\":[{\"@type\":\"ListItem\",\"position\":1,\"name\":\"Holaj: Postoji dvotre\u0107inska ve\u0107ina za izglasavanje\"}]},{\"@type\":\"Person\",\"@id\":\"https:\/\/www.visit-ulcinj.com\/blog\/#\/schema\/person\/dcab619c614d3038751c63bc2aadc06d\",\"name\":\"ulqini\",\"sameAs\":[\"http:\/\/www.visit-ulcinj.com\"],\"url\":\"https:\/\/www.visit-ulcinj.com\/blog\/author\/admin\/\"}]}<\/script>\n<!-- \/ Yoast SEO plugin. -->","yoast_head_json":{"title":"Holaj: Postoji dvotre\u0107inska ve\u0107ina za izglasavanje - Lajme nga Ulqini","description":"Sa kolegijuma predsjednika skup\u0161tine Nakon tro\u010dasovne rasprave nije potpisan predlog izbornog zakona Holaj je kazao da dvotre\u0107inska ve\u0107ina za izglasavanje","robots":{"index":"index","follow":"follow","max-snippet":"max-snippet:-1","max-image-preview":"max-image-preview:large","max-video-preview":"max-video-preview:-1"},"canonical":"https:\/\/www.visit-ulcinj.com\/blog\/2011\/05\/08\/holaj-postoji-dvotrecinska-vecina-za-izglasavanje\/","og_locale":"en_US","og_type":"article","og_title":"Holaj: Postoji dvotre\u0107inska ve\u0107ina za izglasavanje - Lajme nga Ulqini","og_description":"Sa kolegijuma predsjednika skup\u0161tine Nakon tro\u010dasovne rasprave nije potpisan predlog izbornog zakona Holaj je kazao da dvotre\u0107inska ve\u0107ina za izglasavanje","og_url":"https:\/\/www.visit-ulcinj.com\/blog\/2011\/05\/08\/holaj-postoji-dvotrecinska-vecina-za-izglasavanje\/","og_site_name":"Lajme nga Ulqini","article_published_time":"2011-05-08T08:22:18+00:00","article_modified_time":"2011-05-08T08:22:37+00:00","og_image":[{"url":"http:\/\/www.visit-ulcinj.com\/blog\/wp-content\/uploads\/2011\/05\/Amir-Holaj.jpg"}],"twitter_misc":{"Written by":"ulqini","Est. reading time":"2 minutes"},"schema":{"@context":"https:\/\/schema.org","@graph":[{"@type":"WebSite","@id":"https:\/\/www.visit-ulcinj.com\/blog\/#website","url":"https:\/\/www.visit-ulcinj.com\/blog\/","name":"Lajme nga Ulqini","description":"Lajme,Vijesti,Ulqini,Ulqin,Crna Gora,Mali i Zi","potentialAction":[{"@type":"SearchAction","target":{"@type":"EntryPoint","urlTemplate":"https:\/\/www.visit-ulcinj.com\/blog\/?s={search_term_string}"},"query-input":"required name=search_term_string"}],"inLanguage":"en-US"},{"@type":"ImageObject","inLanguage":"en-US","@id":"https:\/\/www.visit-ulcinj.com\/blog\/2011\/05\/08\/holaj-postoji-dvotrecinska-vecina-za-izglasavanje\/#primaryimage","url":"https:\/\/www.visit-ulcinj.com\/blog\/wp-content\/uploads\/2011\/05\/Amir-Holaj.jpg","contentUrl":"https:\/\/www.visit-ulcinj.com\/blog\/wp-content\/uploads\/2011\/05\/Amir-Holaj.jpg","width":"719","height":"387"},{"@type":"WebPage","@id":"https:\/\/www.visit-ulcinj.com\/blog\/2011\/05\/08\/holaj-postoji-dvotrecinska-vecina-za-izglasavanje\/#webpage","url":"https:\/\/www.visit-ulcinj.com\/blog\/2011\/05\/08\/holaj-postoji-dvotrecinska-vecina-za-izglasavanje\/","name":"Holaj: Postoji dvotre\u0107inska ve\u0107ina za izglasavanje - Lajme nga Ulqini","isPartOf":{"@id":"https:\/\/www.visit-ulcinj.com\/blog\/#website"},"primaryImageOfPage":{"@id":"https:\/\/www.visit-ulcinj.com\/blog\/2011\/05\/08\/holaj-postoji-dvotrecinska-vecina-za-izglasavanje\/#primaryimage"},"datePublished":"2011-05-08T08:22:18+00:00","dateModified":"2011-05-08T08:22:37+00:00","author":{"@id":"https:\/\/www.visit-ulcinj.com\/blog\/#\/schema\/person\/dcab619c614d3038751c63bc2aadc06d"},"description":"Sa kolegijuma predsjednika skup\u0161tine Nakon tro\u010dasovne rasprave nije potpisan predlog izbornog zakona Holaj je kazao da dvotre\u0107inska ve\u0107ina za izglasavanje","breadcrumb":{"@id":"https:\/\/www.visit-ulcinj.com\/blog\/2011\/05\/08\/holaj-postoji-dvotrecinska-vecina-za-izglasavanje\/#breadcrumb"},"inLanguage":"en-US","potentialAction":[{"@type":"ReadAction","target":["https:\/\/www.visit-ulcinj.com\/blog\/2011\/05\/08\/holaj-postoji-dvotrecinska-vecina-za-izglasavanje\/"]}]},{"@type":"BreadcrumbList","@id":"https:\/\/www.visit-ulcinj.com\/blog\/2011\/05\/08\/holaj-postoji-dvotrecinska-vecina-za-izglasavanje\/#breadcrumb","itemListElement":[{"@type":"ListItem","position":1,"name":"Holaj: Postoji dvotre\u0107inska ve\u0107ina za izglasavanje"}]},{"@type":"Person","@id":"https:\/\/www.visit-ulcinj.com\/blog\/#\/schema\/person\/dcab619c614d3038751c63bc2aadc06d","name":"ulqini","sameAs":["http:\/\/www.visit-ulcinj.com"],"url":"https:\/\/www.visit-ulcinj.com\/blog\/author\/admin\/"}]}},"jetpack_featured_media_url":"","jetpack_sharing_enabled":true,"jetpack_shortlink":"https:\/\/wp.me\/pe6lTn-c3K","_links":{"self":[{"href":"https:\/\/www.visit-ulcinj.com\/blog\/wp-json\/wp\/v2\/posts\/46360"}],"collection":[{"href":"https:\/\/www.visit-ulcinj.com\/blog\/wp-json\/wp\/v2\/posts"}],"about":[{"href":"https:\/\/www.visit-ulcinj.com\/blog\/wp-json\/wp\/v2\/types\/post"}],"author":[{"embeddable":true,"href":"https:\/\/www.visit-ulcinj.com\/blog\/wp-json\/wp\/v2\/users\/1"}],"replies":[{"embeddable":true,"href":"https:\/\/www.visit-ulcinj.com\/blog\/wp-json\/wp\/v2\/comments?post=46360"}],"version-history":[{"count":0,"href":"https:\/\/www.visit-ulcinj.com\/blog\/wp-json\/wp\/v2\/posts\/46360\/revisions"}],"wp:attachment":[{"href":"https:\/\/www.visit-ulcinj.com\/blog\/wp-json\/wp\/v2\/media?parent=46360"}],"wp:term":[{"taxonomy":"category","embeddable":true,"href":"https:\/\/www.visit-ulcinj.com\/blog\/wp-json\/wp\/v2\/categories?post=46360"},{"taxonomy":"post_tag","embeddable":true,"href":"https:\/\/www.visit-ulcinj.com\/blog\/wp-json\/wp\/v2\/tags?post=46360"}],"curies":[{"name":"wp","href":"https:\/\/api.w.org\/{rel}","templated":true}]}}