{"id":46398,"date":"2011-05-09T12:23:50","date_gmt":"2011-05-09T11:23:50","guid":{"rendered":"http:\/\/www.visit-ulcinj.com\/blog\/?p=46398"},"modified":"2011-05-09T15:21:03","modified_gmt":"2011-05-09T14:21:03","slug":"gjuha-gjermane-ne-shkollat-e-ulqinit-qe-nga-klasa-e-pare","status":"publish","type":"post","link":"https:\/\/www.visit-ulcinj.com\/blog\/2011\/05\/09\/gjuha-gjermane-ne-shkollat-e-ulqinit-qe-nga-klasa-e-pare\/","title":{"rendered":"Gjuha gjermane n\u00eb shkollat e Ulqinit q\u00eb nga klasa e par\u00eb"},"content":{"rendered":"<p><a href=\"http:\/\/www.visit-ulcinj.com\/blog\/wp-content\/uploads\/2011\/05\/Deutsche-shprache-in-Ulqin.jpg\"><img loading=\"lazy\" class=\"alignleft size-full wp-image-46399\" title=\"Deutsche shprache in Ulqin\" src=\"http:\/\/www.visit-ulcinj.com\/blog\/wp-content\/uploads\/2011\/05\/Deutsche-shprache-in-Ulqin.jpg\" alt=\"\" width=\"508\" height=\"380\" \/><\/a>N\u00eb gjasht\u00eb vitet e fundit, n\u00eb shkollat e Ulqinit, l\u00ebnd\u00ebn e gjuh\u00ebs gjermane e ligjerojn\u00eb dhe profesor\u00eb nga Gjermania. Ky projekt i Qeveris\u00eb Gjermane ka zgjuar interesim t\u00eb madh tek nx\u00ebn\u00ebsit dhe prind\u00ebrit.<\/p>\n<p>Gjuha \u00ebsht\u00eb di\u00e7ka m\u00eb shum\u00eb se sa vet\u00ebm nj\u00eb mjet komunikimi. Gjuha \u00ebsht\u00eb \u00e7el\u00ebsi p\u00ebr t\u2019u kuptuar me nj\u00ebri-tjetrin, mjet i cili t\u00eb ofron shoq\u00ebri dhe mund\u00ebsi t\u00eb reja. M\u00ebsimi i gjuh\u00ebs dhe njohja e kultur\u00ebs gjermane kan\u00eb vite e dekada q\u00eb jan\u00eb institucionalizuar n\u00eb sistemin edukativo \u2013 arsimor n\u00eb Mal t\u00eb Zi , por duke filluar nga shtatori i k\u00ebtij viti n\u00eb shkoll\u00ebn m\u00eb t\u00eb madhe t\u00eb Ulqinit do t\u00eb jet\u00ebsohet ideja e ambasadorit t\u00eb Gjermanis\u00eb n\u00eb Podgoric\u00eb Peter Platte, q\u00eb f\u00ebmij\u00ebt t\u00eb m\u00ebsojn\u00eb gjuh\u00ebn gjermane q\u00eb nga klasa e par\u00eb.<\/p>\n<p><strong>Interesimi i madh p\u00ebr gjuh\u00ebn gjermane<\/strong><\/p>\n<p>Lidhur me k\u00ebt\u00eb, drejtori i shkoll\u00ebs Martin Zadrima n\u00eb mikrofonin ton\u00eb thot\u00eb se interesimi \u00ebsht\u00eb shum\u00eb i madh .<\/p>\n<p>\u201cEnde presim q\u00eb prind\u00ebrit t\u00eb regjistrojn\u00eb f\u00ebmij\u00ebt dhe normalisht si gjuh\u00eb fakultative e huaj do t\u00eb jet\u00eb edhe gjuha gjermane\u201d, thot\u00eb Zadrima . Ndryshe me p\u00ebrkrahjen e qeveris\u00eb Gjermane ka gjasht\u00eb vite q\u00eb n\u00eb shkollat fillore dhe t\u00eb mesme n\u00eb Ulqin ligj\u00ebrojn\u00eb m\u00ebsimdh\u00ebn\u00ebs nga Gjermania.<br \/>\n<a href=\"http:\/\/www.visit-ulcinj.com\/blog\/wp-content\/uploads\/2011\/05\/Gjermanisht-me-dashuri....jpg\"><img loading=\"lazy\" class=\"alignleft size-full wp-image-46405\" title=\"Gjermanisht me dashuri...\" src=\"http:\/\/www.visit-ulcinj.com\/blog\/wp-content\/uploads\/2011\/05\/Gjermanisht-me-dashuri....jpg\" alt=\"\" width=\"508\" height=\"100\" \/><\/a>\u201c\u00cbsht\u00eb ky nj\u00eb sukses mjaft i madh dhe normalisht q\u00eb nx\u00ebn\u00ebsit ton\u00eb vazhdojn\u00eb edhe shkollimin e mes\u00ebm dhe n\u00eb gjimnazin ton\u00eb vazhdojn\u00eb t\u00eb m\u00ebsojn\u00eb gjuh\u00ebn gjermane. Kjo ka nj\u00eb p\u00ebrpar\u00ebsi q\u00eb ata marrin diplom\u00eb dhe mund\u00ebsi t\u00eb vazhdojn\u00eb shkollimin e lart\u00eb edhe n\u00eb fakultetet n\u00eb Gjermani, Zvic\u00ebr apo Austri\u201d, pohon Martin Zadrima.<\/p>\n<p>P\u00ebrvojat e profesorit gjerman N\u00eb or\u00ebn e m\u00ebsimit t\u00eb profesor Bernt Vogel nx\u00ebn\u00ebsit jan\u00eb aktiv. Ai shprehet i k\u00ebnaqur me arritjet e tyre. \u201d Nx\u00ebn\u00ebsit e mi jan\u00eb shum\u00eb t\u00eb interesuar p\u00ebr m\u00ebsimin e gjuh\u00ebs gjermane. Disa nga ta arrijn\u00eb q\u00eb n\u00eb gjimnaz t\u00eb pajisen me diplom\u00ebn t\u00eb ashtuquajtur t\u00eb vog\u00ebl, e kjo \u00ebsht\u00eb nj\u00eb arritje e mir\u00eb p\u00ebr ta. Nd\u00ebrkaq m\u00eb t\u00eb mir\u00ebt arrijn\u00eb t\u00eb marrin diplom\u00ebn e madhe, e cila m\u00eb von\u00eb u mund\u00ebson q\u00eb t\u00eb vazhdojn\u00eb studimet n\u00eb Gjermani\u201d, shpjegon ai.Gjermanisht me dashuri\u2026Gjermanisht me dashuri\u2026<\/p>\n<p>Profesor Vogel, duke p\u00ebrsh\u00ebndetur nism\u00ebn q\u00eb f\u00ebmij\u00ebt q\u00eb n\u00eb klas\u00ebn e par\u00eb t\u00eb fillojn\u00eb t\u00eb m\u00ebsojne gjuh\u00ebn gjermane, thot\u00eb se nx\u00ebn\u00ebsit t\u00eb cil\u00ebt jan\u00eb dalluar n\u00eb m\u00ebsimin e gjuh\u00ebs gjermane, tani me sukses po studiojn\u00eb n\u00eb universitete t\u00eb Gjermanis\u00eb dhe Austris\u00eb.<\/p>\n<p>\u201cMomentalisht jan\u00eb duke studiuar 7 student\u00eb n\u00eb Gjermani e dy n\u00eb Austri. Disa nga ta marrin nga 750 euro burs\u00eb studentore nga shteti gjerman dhe disa t\u00eb tjer\u00eb edhe nga 1000 euro. Kjo nuk do t\u00eb thot\u00eb se ata n\u00ebse i mbarojn\u00eb studimet e larta n\u00eb Gjermani do t\u00eb mbeten atje. Ata mund t\u00eb kthehen dhe t\u00eb japin kontributin e tyre n\u00eb Mal t\u00eb Zi\u201d, shpjegon Vogel.<\/p>\n<p><strong>T\u00eb gjith\u00eb t\u00eb k\u00ebnaqur<\/strong><\/p>\n<p>Nism\u00ebn q\u00eb gjuha gjermane t\u00eb filloj\u00eb menj\u00ebher\u00eb q\u00eb n\u00eb klas\u00eb t\u00eb par\u00eb e p\u00ebrsh\u00ebndesin t\u00eb gjith\u00eb. Profesor Ismet Karamanaga i cili vite t\u00eb t\u00ebra ka punuar n\u00eb arsim dhe turiz\u00ebm, n\u00eb mikrofonin e Deutsche Welle-s thot\u00eb: \u201cGjuha e huaj duhet t\u00eb fillohet q\u00eb nga f\u00ebmij\u00ebrija. F\u00ebmij\u00ebt tan\u00eb gjithmon\u00eb e kan\u00eb folur gjuh\u00ebn gjermane, e un\u00eb mund t\u00eb deklarohem publikisht se 66% e popullat\u00ebs s\u00eb Ulqinit e ka folur gjuh\u00ebn gjermane deri ne vitet e n\u00ebnt\u00ebdhjeta.\u201d<\/p>\n<p>Globalizimi dhe l\u00ebvizja e lir\u00eb e qytetar\u00ebve zgjojn\u00eb des\u00ebhira dhe ambicje t\u00eb shumta. Gjermania sot \u00ebsht\u00eb nj\u00eb nga vendet lider n\u00eb kontinent dhe n\u00eb bot\u00eb nga drejtohen syt\u00eb e shum\u00eb njer\u00ebzve nga vende tjera. Fal\u00eb projektit q\u00eb po realizohet viteve te fundit, edhe t\u00eb rinjt\u00eb e k\u00ebtij qyteti t\u00eb vog\u00ebl bregdetar n\u00eb Mal t\u00eb Zi \u00ebnd\u00ebrrat e tyre po i b\u00ebjn\u00eb realitet.<\/p>\n<p><strong>Vera Katana <\/strong><br \/>\n<strong> DW<br \/>\n<!--YouTube Error: bad URL entered--><\/strong><\/p>\n","protected":false},"excerpt":{"rendered":"<p>N\u00eb gjasht\u00eb vitet e fundit, n\u00eb shkollat e Ulqinit, l\u00ebnd\u00ebn e gjuh\u00ebs gjermane e ligjerojn\u00eb dhe profesor\u00eb nga Gjermania. Ky projekt i Qeveris\u00eb Gjermane ka zgjuar interesim t\u00eb madh tek nx\u00ebn\u00ebsit dhe prind\u00ebrit. Gjuha \u00ebsht\u00eb di\u00e7ka m\u00eb shum\u00eb se sa vet\u00ebm nj\u00eb mjet komunikimi. Gjuha \u00ebsht\u00eb \u00e7el\u00ebsi p\u00ebr t\u2019u kuptuar me nj\u00ebri-tjetrin, mjet i cili [&hellip;]<\/p>\n","protected":false},"author":1,"featured_media":0,"comment_status":"open","ping_status":"closed","sticky":false,"template":"","format":"standard","meta":{"spay_email":"","jetpack_publicize_message":"","jetpack_is_tweetstorm":false,"jetpack_publicize_feature_enabled":true},"categories":[4],"tags":[9963,18225,18226,95,2527,18224,200,18,12854],"jetpack_publicize_connections":[],"yoast_head":"<!-- This site is optimized with the Yoast SEO plugin v19.1 - https:\/\/yoast.com\/wordpress\/plugins\/seo\/ -->\n<title>Gjuha gjermane n\u00eb shkollat e Ulqinit q\u00eb nga klasa e par\u00eb - Lajme nga Ulqini<\/title>\n<meta name=\"description\" content=\"N\u00eb gjasht\u00eb vitet e fundit, n\u00eb shkollat e Ulqinit, l\u00ebnd\u00ebn e gjuh\u00ebs gjermane e ligjerojn\u00eb dhe profesor\u00eb nga Gjermania. Ky projekt i Qeveris\u00eb Gjermane ka\" \/>\n<meta name=\"robots\" content=\"index, follow, max-snippet:-1, max-image-preview:large, max-video-preview:-1\" \/>\n<link rel=\"canonical\" href=\"https:\/\/www.visit-ulcinj.com\/blog\/2011\/05\/09\/gjuha-gjermane-ne-shkollat-e-ulqinit-qe-nga-klasa-e-pare\/\" \/>\n<meta property=\"og:locale\" content=\"en_US\" \/>\n<meta property=\"og:type\" content=\"article\" \/>\n<meta property=\"og:title\" content=\"Gjuha gjermane n\u00eb shkollat e Ulqinit q\u00eb nga klasa e par\u00eb - Lajme nga Ulqini\" \/>\n<meta property=\"og:description\" content=\"N\u00eb gjasht\u00eb vitet e fundit, n\u00eb shkollat e Ulqinit, l\u00ebnd\u00ebn e gjuh\u00ebs gjermane e ligjerojn\u00eb dhe profesor\u00eb nga Gjermania. Ky projekt i Qeveris\u00eb Gjermane ka\" \/>\n<meta property=\"og:url\" content=\"https:\/\/www.visit-ulcinj.com\/blog\/2011\/05\/09\/gjuha-gjermane-ne-shkollat-e-ulqinit-qe-nga-klasa-e-pare\/\" \/>\n<meta property=\"og:site_name\" content=\"Lajme nga Ulqini\" \/>\n<meta property=\"article:published_time\" content=\"2011-05-09T11:23:50+00:00\" \/>\n<meta property=\"article:modified_time\" content=\"2011-05-09T14:21:03+00:00\" \/>\n<meta property=\"og:image\" content=\"http:\/\/www.visit-ulcinj.com\/blog\/wp-content\/uploads\/2011\/05\/Deutsche-shprache-in-Ulqin.jpg\" \/>\n<meta name=\"twitter:label1\" content=\"Written by\" \/>\n\t<meta name=\"twitter:data1\" content=\"ulqini\" \/>\n\t<meta name=\"twitter:label2\" content=\"Est. reading time\" \/>\n\t<meta name=\"twitter:data2\" content=\"3 minutes\" \/>\n<script type=\"application\/ld+json\" class=\"yoast-schema-graph\">{\"@context\":\"https:\/\/schema.org\",\"@graph\":[{\"@type\":\"WebSite\",\"@id\":\"https:\/\/www.visit-ulcinj.com\/blog\/#website\",\"url\":\"https:\/\/www.visit-ulcinj.com\/blog\/\",\"name\":\"Lajme nga Ulqini\",\"description\":\"Lajme,Vijesti,Ulqini,Ulqin,Crna Gora,Mali i Zi\",\"potentialAction\":[{\"@type\":\"SearchAction\",\"target\":{\"@type\":\"EntryPoint\",\"urlTemplate\":\"https:\/\/www.visit-ulcinj.com\/blog\/?s={search_term_string}\"},\"query-input\":\"required name=search_term_string\"}],\"inLanguage\":\"en-US\"},{\"@type\":\"ImageObject\",\"inLanguage\":\"en-US\",\"@id\":\"https:\/\/www.visit-ulcinj.com\/blog\/2011\/05\/09\/gjuha-gjermane-ne-shkollat-e-ulqinit-qe-nga-klasa-e-pare\/#primaryimage\",\"url\":\"https:\/\/www.visit-ulcinj.com\/blog\/wp-content\/uploads\/2011\/05\/Deutsche-shprache-in-Ulqin.jpg\",\"contentUrl\":\"https:\/\/www.visit-ulcinj.com\/blog\/wp-content\/uploads\/2011\/05\/Deutsche-shprache-in-Ulqin.jpg\",\"width\":\"640\",\"height\":\"553\"},{\"@type\":\"WebPage\",\"@id\":\"https:\/\/www.visit-ulcinj.com\/blog\/2011\/05\/09\/gjuha-gjermane-ne-shkollat-e-ulqinit-qe-nga-klasa-e-pare\/#webpage\",\"url\":\"https:\/\/www.visit-ulcinj.com\/blog\/2011\/05\/09\/gjuha-gjermane-ne-shkollat-e-ulqinit-qe-nga-klasa-e-pare\/\",\"name\":\"Gjuha gjermane n\u00eb shkollat e Ulqinit q\u00eb nga klasa e par\u00eb - Lajme nga Ulqini\",\"isPartOf\":{\"@id\":\"https:\/\/www.visit-ulcinj.com\/blog\/#website\"},\"primaryImageOfPage\":{\"@id\":\"https:\/\/www.visit-ulcinj.com\/blog\/2011\/05\/09\/gjuha-gjermane-ne-shkollat-e-ulqinit-qe-nga-klasa-e-pare\/#primaryimage\"},\"datePublished\":\"2011-05-09T11:23:50+00:00\",\"dateModified\":\"2011-05-09T14:21:03+00:00\",\"author\":{\"@id\":\"https:\/\/www.visit-ulcinj.com\/blog\/#\/schema\/person\/dcab619c614d3038751c63bc2aadc06d\"},\"description\":\"N\u00eb gjasht\u00eb vitet e fundit, n\u00eb shkollat e Ulqinit, l\u00ebnd\u00ebn e gjuh\u00ebs gjermane e ligjerojn\u00eb dhe profesor\u00eb nga Gjermania. Ky projekt i Qeveris\u00eb Gjermane ka\",\"breadcrumb\":{\"@id\":\"https:\/\/www.visit-ulcinj.com\/blog\/2011\/05\/09\/gjuha-gjermane-ne-shkollat-e-ulqinit-qe-nga-klasa-e-pare\/#breadcrumb\"},\"inLanguage\":\"en-US\",\"potentialAction\":[{\"@type\":\"ReadAction\",\"target\":[\"https:\/\/www.visit-ulcinj.com\/blog\/2011\/05\/09\/gjuha-gjermane-ne-shkollat-e-ulqinit-qe-nga-klasa-e-pare\/\"]}]},{\"@type\":\"BreadcrumbList\",\"@id\":\"https:\/\/www.visit-ulcinj.com\/blog\/2011\/05\/09\/gjuha-gjermane-ne-shkollat-e-ulqinit-qe-nga-klasa-e-pare\/#breadcrumb\",\"itemListElement\":[{\"@type\":\"ListItem\",\"position\":1,\"name\":\"Gjuha gjermane n\u00eb shkollat e Ulqinit q\u00eb nga klasa e par\u00eb\"}]},{\"@type\":\"Person\",\"@id\":\"https:\/\/www.visit-ulcinj.com\/blog\/#\/schema\/person\/dcab619c614d3038751c63bc2aadc06d\",\"name\":\"ulqini\",\"sameAs\":[\"http:\/\/www.visit-ulcinj.com\"],\"url\":\"https:\/\/www.visit-ulcinj.com\/blog\/author\/admin\/\"}]}<\/script>\n<!-- \/ Yoast SEO plugin. -->","yoast_head_json":{"title":"Gjuha gjermane n\u00eb shkollat e Ulqinit q\u00eb nga klasa e par\u00eb - Lajme nga Ulqini","description":"N\u00eb gjasht\u00eb vitet e fundit, n\u00eb shkollat e Ulqinit, l\u00ebnd\u00ebn e gjuh\u00ebs gjermane e ligjerojn\u00eb dhe profesor\u00eb nga Gjermania. Ky projekt i Qeveris\u00eb Gjermane ka","robots":{"index":"index","follow":"follow","max-snippet":"max-snippet:-1","max-image-preview":"max-image-preview:large","max-video-preview":"max-video-preview:-1"},"canonical":"https:\/\/www.visit-ulcinj.com\/blog\/2011\/05\/09\/gjuha-gjermane-ne-shkollat-e-ulqinit-qe-nga-klasa-e-pare\/","og_locale":"en_US","og_type":"article","og_title":"Gjuha gjermane n\u00eb shkollat e Ulqinit q\u00eb nga klasa e par\u00eb - Lajme nga Ulqini","og_description":"N\u00eb gjasht\u00eb vitet e fundit, n\u00eb shkollat e Ulqinit, l\u00ebnd\u00ebn e gjuh\u00ebs gjermane e ligjerojn\u00eb dhe profesor\u00eb nga Gjermania. Ky projekt i Qeveris\u00eb Gjermane ka","og_url":"https:\/\/www.visit-ulcinj.com\/blog\/2011\/05\/09\/gjuha-gjermane-ne-shkollat-e-ulqinit-qe-nga-klasa-e-pare\/","og_site_name":"Lajme nga Ulqini","article_published_time":"2011-05-09T11:23:50+00:00","article_modified_time":"2011-05-09T14:21:03+00:00","og_image":[{"url":"http:\/\/www.visit-ulcinj.com\/blog\/wp-content\/uploads\/2011\/05\/Deutsche-shprache-in-Ulqin.jpg"}],"twitter_misc":{"Written by":"ulqini","Est. reading time":"3 minutes"},"schema":{"@context":"https:\/\/schema.org","@graph":[{"@type":"WebSite","@id":"https:\/\/www.visit-ulcinj.com\/blog\/#website","url":"https:\/\/www.visit-ulcinj.com\/blog\/","name":"Lajme nga Ulqini","description":"Lajme,Vijesti,Ulqini,Ulqin,Crna Gora,Mali i Zi","potentialAction":[{"@type":"SearchAction","target":{"@type":"EntryPoint","urlTemplate":"https:\/\/www.visit-ulcinj.com\/blog\/?s={search_term_string}"},"query-input":"required name=search_term_string"}],"inLanguage":"en-US"},{"@type":"ImageObject","inLanguage":"en-US","@id":"https:\/\/www.visit-ulcinj.com\/blog\/2011\/05\/09\/gjuha-gjermane-ne-shkollat-e-ulqinit-qe-nga-klasa-e-pare\/#primaryimage","url":"https:\/\/www.visit-ulcinj.com\/blog\/wp-content\/uploads\/2011\/05\/Deutsche-shprache-in-Ulqin.jpg","contentUrl":"https:\/\/www.visit-ulcinj.com\/blog\/wp-content\/uploads\/2011\/05\/Deutsche-shprache-in-Ulqin.jpg","width":"640","height":"553"},{"@type":"WebPage","@id":"https:\/\/www.visit-ulcinj.com\/blog\/2011\/05\/09\/gjuha-gjermane-ne-shkollat-e-ulqinit-qe-nga-klasa-e-pare\/#webpage","url":"https:\/\/www.visit-ulcinj.com\/blog\/2011\/05\/09\/gjuha-gjermane-ne-shkollat-e-ulqinit-qe-nga-klasa-e-pare\/","name":"Gjuha gjermane n\u00eb shkollat e Ulqinit q\u00eb nga klasa e par\u00eb - Lajme nga Ulqini","isPartOf":{"@id":"https:\/\/www.visit-ulcinj.com\/blog\/#website"},"primaryImageOfPage":{"@id":"https:\/\/www.visit-ulcinj.com\/blog\/2011\/05\/09\/gjuha-gjermane-ne-shkollat-e-ulqinit-qe-nga-klasa-e-pare\/#primaryimage"},"datePublished":"2011-05-09T11:23:50+00:00","dateModified":"2011-05-09T14:21:03+00:00","author":{"@id":"https:\/\/www.visit-ulcinj.com\/blog\/#\/schema\/person\/dcab619c614d3038751c63bc2aadc06d"},"description":"N\u00eb gjasht\u00eb vitet e fundit, n\u00eb shkollat e Ulqinit, l\u00ebnd\u00ebn e gjuh\u00ebs gjermane e ligjerojn\u00eb dhe profesor\u00eb nga Gjermania. Ky projekt i Qeveris\u00eb Gjermane ka","breadcrumb":{"@id":"https:\/\/www.visit-ulcinj.com\/blog\/2011\/05\/09\/gjuha-gjermane-ne-shkollat-e-ulqinit-qe-nga-klasa-e-pare\/#breadcrumb"},"inLanguage":"en-US","potentialAction":[{"@type":"ReadAction","target":["https:\/\/www.visit-ulcinj.com\/blog\/2011\/05\/09\/gjuha-gjermane-ne-shkollat-e-ulqinit-qe-nga-klasa-e-pare\/"]}]},{"@type":"BreadcrumbList","@id":"https:\/\/www.visit-ulcinj.com\/blog\/2011\/05\/09\/gjuha-gjermane-ne-shkollat-e-ulqinit-qe-nga-klasa-e-pare\/#breadcrumb","itemListElement":[{"@type":"ListItem","position":1,"name":"Gjuha gjermane n\u00eb shkollat e Ulqinit q\u00eb nga klasa e par\u00eb"}]},{"@type":"Person","@id":"https:\/\/www.visit-ulcinj.com\/blog\/#\/schema\/person\/dcab619c614d3038751c63bc2aadc06d","name":"ulqini","sameAs":["http:\/\/www.visit-ulcinj.com"],"url":"https:\/\/www.visit-ulcinj.com\/blog\/author\/admin\/"}]}},"jetpack_featured_media_url":"","jetpack_sharing_enabled":true,"jetpack_shortlink":"https:\/\/wp.me\/pe6lTn-c4m","_links":{"self":[{"href":"https:\/\/www.visit-ulcinj.com\/blog\/wp-json\/wp\/v2\/posts\/46398"}],"collection":[{"href":"https:\/\/www.visit-ulcinj.com\/blog\/wp-json\/wp\/v2\/posts"}],"about":[{"href":"https:\/\/www.visit-ulcinj.com\/blog\/wp-json\/wp\/v2\/types\/post"}],"author":[{"embeddable":true,"href":"https:\/\/www.visit-ulcinj.com\/blog\/wp-json\/wp\/v2\/users\/1"}],"replies":[{"embeddable":true,"href":"https:\/\/www.visit-ulcinj.com\/blog\/wp-json\/wp\/v2\/comments?post=46398"}],"version-history":[{"count":0,"href":"https:\/\/www.visit-ulcinj.com\/blog\/wp-json\/wp\/v2\/posts\/46398\/revisions"}],"wp:attachment":[{"href":"https:\/\/www.visit-ulcinj.com\/blog\/wp-json\/wp\/v2\/media?parent=46398"}],"wp:term":[{"taxonomy":"category","embeddable":true,"href":"https:\/\/www.visit-ulcinj.com\/blog\/wp-json\/wp\/v2\/categories?post=46398"},{"taxonomy":"post_tag","embeddable":true,"href":"https:\/\/www.visit-ulcinj.com\/blog\/wp-json\/wp\/v2\/tags?post=46398"}],"curies":[{"name":"wp","href":"https:\/\/api.w.org\/{rel}","templated":true}]}}