{"id":46408,"date":"2011-05-09T15:12:49","date_gmt":"2011-05-09T14:12:49","guid":{"rendered":"http:\/\/www.visit-ulcinj.com\/blog\/?p=46408"},"modified":"2011-05-10T10:17:57","modified_gmt":"2011-05-10T09:17:57","slug":"fotografi-te-vjetra-te-njesive-territoriale-te-zjarrfikesve-te-ulqinit-2","status":"publish","type":"post","link":"https:\/\/www.visit-ulcinj.com\/blog\/2011\/05\/09\/fotografi-te-vjetra-te-njesive-territoriale-te-zjarrfikesve-te-ulqinit-2\/","title":{"rendered":"Fotografi t\u00eb vjetra t\u00eb nj\u00ebsive territoriale t\u00eb zjarrfik\u00ebsve t\u00eb Ulqinit"},"content":{"rendered":"<p><a href=\"http:\/\/www.visit-ulcinj.com\/blog\/wp-content\/uploads\/2011\/05\/Zjarrfikesit-e-Ulqinit_Mali-i-Zi.jpg\"><img loading=\"lazy\" class=\"alignleft size-full wp-image-46418\" title=\"Zjarrfikesit e Ulqinit_Mali i Zi\" src=\"http:\/\/www.visit-ulcinj.com\/blog\/wp-content\/uploads\/2011\/05\/Zjarrfikesit-e-Ulqinit_Mali-i-Zi.jpg\" alt=\"\" width=\"508\" height=\"380\" \/><\/a>Me nj\u00eb solemnitet modest dhe me nj\u00eb st\u00ebrvitje intervenimi t\u00eb improvizuar,n\u00eb kriporen e Ulqinit \u201cBajo Sekuliq\u201d, Nj\u00ebsit\u00eb Territoriale t\u00eb Zjarrfik\u00ebsve t\u00eb Ulqinit,ku para 45 viteve u sh\u00ebnua  Dita e zjarrfik\u00ebsve.<br \/>\nKeto fotografija t\u00eb marura nga facebook t\u00eb Nj\u00ebsive Territoriale t\u00eb Zjarrfik\u00ebsve t\u00eb Ulqinit, ku jam duke klasifikuar intervenimet sipas ambienteve dhe situatave.<br \/>\nN\u00eb ve\u00e7anti faleminderoi Nj\u00ebsin\u00eb Territoriale t\u00eb Zjarrfik\u00ebsve t\u00eb Ulqinit t\u00eb cil\u00ebt na dhuruan k\u00ebto fotografi njaq me rand\u00ebsi historike,nj\u00eb dokument ky p\u00ebr t\u00eb kompletuar t\u00eb historin e zjarrfik\u00ebsve  t\u00eb Ulqinit.Ky trajnim i personelit t\u00eb at\u00ebhershem t\u00eb zjarrfik\u00ebsve me pajisje teknike aq\u00eb t\u00eb mir\u00eb t\u00eb asaj kohe, ku ata zhvilluan edhe nj\u00eb faz\u00eb t\u00eb trajnimit t\u00eb personelit n\u00eb kryporen e Ulqinit, p\u00ebr situate t\u00eb ndryshme gjat\u00eb intervenimit.<\/p>\n<p>Me ket\u00eb desha t\u00eb shpreh\u00eb angazhimin e tyre gjat\u00eb trajnimit, duke treguar durim p\u00ebr t\u00eb m\u00ebsuar shkatht\u00ebsit\u00eb e tyre, t\u00eb cilat aplikonin  ato para 45 viteve.<\/p>\n<p><strong><a href=\"http:\/\/www.facebook.com\/media\/set\/?set=a.142396942476562.26675.100001187715009\" target=\"_blank\">Link + Foto: Vatrogasno Ulcinj  Facebook<br \/>\n\n\t\t<style type=\"text\/css\">\n\t\t\t#gallery-1 {\n\t\t\t\tmargin: auto;\n\t\t\t}\n\t\t\t#gallery-1 .gallery-item {\n\t\t\t\tfloat: left;\n\t\t\t\tmargin-top: 10px;\n\t\t\t\ttext-align: center;\n\t\t\t\twidth: 33%;\n\t\t\t}\n\t\t\t#gallery-1 img {\n\t\t\t\tborder: 2px solid #cfcfcf;\n\t\t\t}\n\t\t\t#gallery-1 .gallery-caption {\n\t\t\t\tmargin-left: 0;\n\t\t\t}\n\t\t\t\/* see gallery_shortcode() in wp-includes\/media.php *\/\n\t\t<\/style>\n\t\t<div id='gallery-1' class='gallery galleryid-46408 gallery-columns-3 gallery-size-thumbnail'><dl class='gallery-item'>\n\t\t\t<dt class='gallery-icon landscape'>\n\t\t\t\t<a href='https:\/\/www.visit-ulcinj.com\/blog\/wp-content\/uploads\/2011\/05\/Zjarrfikesit-e-Ulqinit_Mali-i-Zi.1.jpg'><img width=\"150\" height=\"150\" src=\"https:\/\/www.visit-ulcinj.com\/blog\/wp-content\/uploads\/2011\/05\/Zjarrfikesit-e-Ulqinit_Mali-i-Zi.1-150x150.jpg\" class=\"attachment-thumbnail size-thumbnail\" alt=\"\" loading=\"lazy\" \/><\/a>\n\t\t\t<\/dt><\/dl><dl class='gallery-item'>\n\t\t\t<dt class='gallery-icon landscape'>\n\t\t\t\t<a href='https:\/\/www.visit-ulcinj.com\/blog\/wp-content\/uploads\/2011\/05\/Zjarrfikesit-e-Ulqinit_Mali-i-Zi.2.jpg'><img width=\"150\" height=\"150\" src=\"https:\/\/www.visit-ulcinj.com\/blog\/wp-content\/uploads\/2011\/05\/Zjarrfikesit-e-Ulqinit_Mali-i-Zi.2-150x150.jpg\" class=\"attachment-thumbnail size-thumbnail\" alt=\"\" loading=\"lazy\" \/><\/a>\n\t\t\t<\/dt><\/dl><dl class='gallery-item'>\n\t\t\t<dt class='gallery-icon landscape'>\n\t\t\t\t<a href='https:\/\/www.visit-ulcinj.com\/blog\/wp-content\/uploads\/2011\/05\/Zjarrfikesit-e-Ulqinit_Mali-i-Zi.3.jpg'><img width=\"150\" height=\"150\" src=\"https:\/\/www.visit-ulcinj.com\/blog\/wp-content\/uploads\/2011\/05\/Zjarrfikesit-e-Ulqinit_Mali-i-Zi.3-150x150.jpg\" class=\"attachment-thumbnail size-thumbnail\" alt=\"\" loading=\"lazy\" \/><\/a>\n\t\t\t<\/dt><\/dl><br style=\"clear: both\" \/><dl class='gallery-item'>\n\t\t\t<dt class='gallery-icon landscape'>\n\t\t\t\t<a href='https:\/\/www.visit-ulcinj.com\/blog\/wp-content\/uploads\/2011\/05\/Zjarrfikesit-e-Ulqinit_Mali-i-Zi.4.jpg'><img width=\"150\" height=\"150\" src=\"https:\/\/www.visit-ulcinj.com\/blog\/wp-content\/uploads\/2011\/05\/Zjarrfikesit-e-Ulqinit_Mali-i-Zi.4-150x150.jpg\" class=\"attachment-thumbnail size-thumbnail\" alt=\"\" loading=\"lazy\" \/><\/a>\n\t\t\t<\/dt><\/dl><dl class='gallery-item'>\n\t\t\t<dt class='gallery-icon landscape'>\n\t\t\t\t<a href='https:\/\/www.visit-ulcinj.com\/blog\/wp-content\/uploads\/2011\/05\/Zjarrfikesit-e-Ulqinit_Mali-i-Zi.5.jpg'><img width=\"150\" height=\"150\" src=\"https:\/\/www.visit-ulcinj.com\/blog\/wp-content\/uploads\/2011\/05\/Zjarrfikesit-e-Ulqinit_Mali-i-Zi.5-150x150.jpg\" class=\"attachment-thumbnail size-thumbnail\" alt=\"\" loading=\"lazy\" \/><\/a>\n\t\t\t<\/dt><\/dl><dl class='gallery-item'>\n\t\t\t<dt class='gallery-icon landscape'>\n\t\t\t\t<a href='https:\/\/www.visit-ulcinj.com\/blog\/wp-content\/uploads\/2011\/05\/Zjarrfikesit-e-Ulqinit_Mali-i-Zi.6.jpg'><img width=\"150\" height=\"150\" src=\"https:\/\/www.visit-ulcinj.com\/blog\/wp-content\/uploads\/2011\/05\/Zjarrfikesit-e-Ulqinit_Mali-i-Zi.6-150x150.jpg\" class=\"attachment-thumbnail size-thumbnail\" alt=\"\" loading=\"lazy\" \/><\/a>\n\t\t\t<\/dt><\/dl><br style=\"clear: both\" \/><dl class='gallery-item'>\n\t\t\t<dt class='gallery-icon landscape'>\n\t\t\t\t<a href='https:\/\/www.visit-ulcinj.com\/blog\/wp-content\/uploads\/2011\/05\/Zjarrfikesit-e-Ulqinit_Mali-i-Zi.7.jpg'><img width=\"150\" height=\"150\" src=\"https:\/\/www.visit-ulcinj.com\/blog\/wp-content\/uploads\/2011\/05\/Zjarrfikesit-e-Ulqinit_Mali-i-Zi.7-150x150.jpg\" class=\"attachment-thumbnail size-thumbnail\" alt=\"\" loading=\"lazy\" \/><\/a>\n\t\t\t<\/dt><\/dl><dl class='gallery-item'>\n\t\t\t<dt class='gallery-icon landscape'>\n\t\t\t\t<a href='https:\/\/www.visit-ulcinj.com\/blog\/wp-content\/uploads\/2011\/05\/Zjarrfikesit-e-Ulqinit_Mali-i-Zi.jpg'><img width=\"150\" height=\"150\" src=\"https:\/\/www.visit-ulcinj.com\/blog\/wp-content\/uploads\/2011\/05\/Zjarrfikesit-e-Ulqinit_Mali-i-Zi-150x150.jpg\" class=\"attachment-thumbnail size-thumbnail\" alt=\"\" loading=\"lazy\" \/><\/a>\n\t\t\t<\/dt><\/dl><dl class='gallery-item'>\n\t\t\t<dt class='gallery-icon landscape'>\n\t\t\t\t<a href='https:\/\/www.visit-ulcinj.com\/blog\/wp-content\/uploads\/2011\/05\/Zjarrfikesit-e-Ulqinit_Mali-i-Zi.9.jpg'><img width=\"150\" height=\"150\" src=\"https:\/\/www.visit-ulcinj.com\/blog\/wp-content\/uploads\/2011\/05\/Zjarrfikesit-e-Ulqinit_Mali-i-Zi.9-150x150.jpg\" class=\"attachment-thumbnail size-thumbnail\" alt=\"\" loading=\"lazy\" \/><\/a>\n\t\t\t<\/dt><\/dl><br style=\"clear: both\" \/>\n\t\t<\/div>\n<br \/>\n<!--YouTube Error: bad URL entered--><\/a><\/strong><\/p>\n","protected":false},"excerpt":{"rendered":"<p>Me nj\u00eb solemnitet modest dhe me nj\u00eb st\u00ebrvitje intervenimi t\u00eb improvizuar,n\u00eb kriporen e Ulqinit \u201cBajo Sekuliq\u201d, Nj\u00ebsit\u00eb Territoriale t\u00eb Zjarrfik\u00ebsve t\u00eb Ulqinit,ku para 45 viteve u sh\u00ebnua Dita e zjarrfik\u00ebsve. Keto fotografija t\u00eb marura nga facebook t\u00eb Nj\u00ebsive Territoriale t\u00eb Zjarrfik\u00ebsve t\u00eb Ulqinit, ku jam duke klasifikuar intervenimet sipas ambienteve dhe situatave. N\u00eb ve\u00e7anti faleminderoi [&hellip;]<\/p>\n","protected":false},"author":1,"featured_media":0,"comment_status":"open","ping_status":"closed","sticky":false,"template":"","format":"standard","meta":{"spay_email":"","jetpack_publicize_message":"","jetpack_is_tweetstorm":false,"jetpack_publicize_feature_enabled":true},"categories":[1,14249],"tags":[18227,200,18],"jetpack_publicize_connections":[],"yoast_head":"<!-- This site is optimized with the Yoast SEO plugin v19.1 - https:\/\/yoast.com\/wordpress\/plugins\/seo\/ -->\n<title>Fotografi t\u00eb vjetra t\u00eb nj\u00ebsive territoriale t\u00eb zjarrfik\u00ebsve t\u00eb Ulqinit - Lajme nga Ulqini<\/title>\n<meta name=\"description\" content=\"Me nj\u00eb solemnitet modest dhe me nj\u00eb st\u00ebrvitje intervenimi t\u00eb improvizuar,n\u00eb kriporen e Ulqinit \u201cBajo Sekuliq\u201d, Nj\u00ebsit\u00eb Territoriale t\u00eb Zjarrfik\u00ebsve t\u00eb\" \/>\n<meta name=\"robots\" content=\"index, follow, max-snippet:-1, max-image-preview:large, max-video-preview:-1\" \/>\n<link rel=\"canonical\" href=\"https:\/\/www.visit-ulcinj.com\/blog\/2011\/05\/09\/fotografi-te-vjetra-te-njesive-territoriale-te-zjarrfikesve-te-ulqinit-2\/\" \/>\n<meta property=\"og:locale\" content=\"en_US\" \/>\n<meta property=\"og:type\" content=\"article\" \/>\n<meta property=\"og:title\" content=\"Fotografi t\u00eb vjetra t\u00eb nj\u00ebsive territoriale t\u00eb zjarrfik\u00ebsve t\u00eb Ulqinit - Lajme nga Ulqini\" \/>\n<meta property=\"og:description\" content=\"Me nj\u00eb solemnitet modest dhe me nj\u00eb st\u00ebrvitje intervenimi t\u00eb improvizuar,n\u00eb kriporen e Ulqinit \u201cBajo Sekuliq\u201d, Nj\u00ebsit\u00eb Territoriale t\u00eb Zjarrfik\u00ebsve t\u00eb\" \/>\n<meta property=\"og:url\" content=\"https:\/\/www.visit-ulcinj.com\/blog\/2011\/05\/09\/fotografi-te-vjetra-te-njesive-territoriale-te-zjarrfikesve-te-ulqinit-2\/\" \/>\n<meta property=\"og:site_name\" content=\"Lajme nga Ulqini\" \/>\n<meta property=\"article:published_time\" content=\"2011-05-09T14:12:49+00:00\" \/>\n<meta property=\"article:modified_time\" content=\"2011-05-10T09:17:57+00:00\" \/>\n<meta property=\"og:image\" content=\"https:\/\/www.visit-ulcinj.com\/blog\/wp-content\/uploads\/2011\/05\/Zjarrfikesit-e-Ulqinit_Mali-i-Zi.1-150x150.jpg\" \/>\n<meta name=\"twitter:label1\" content=\"Written by\" \/>\n\t<meta name=\"twitter:data1\" content=\"ulqini\" \/>\n\t<meta name=\"twitter:label2\" content=\"Est. reading time\" \/>\n\t<meta name=\"twitter:data2\" content=\"1 minute\" \/>\n<script type=\"application\/ld+json\" class=\"yoast-schema-graph\">{\"@context\":\"https:\/\/schema.org\",\"@graph\":[{\"@type\":\"WebSite\",\"@id\":\"https:\/\/www.visit-ulcinj.com\/blog\/#website\",\"url\":\"https:\/\/www.visit-ulcinj.com\/blog\/\",\"name\":\"Lajme nga Ulqini\",\"description\":\"Lajme,Vijesti,Ulqini,Ulqin,Crna Gora,Mali i Zi\",\"potentialAction\":[{\"@type\":\"SearchAction\",\"target\":{\"@type\":\"EntryPoint\",\"urlTemplate\":\"https:\/\/www.visit-ulcinj.com\/blog\/?s={search_term_string}\"},\"query-input\":\"required name=search_term_string\"}],\"inLanguage\":\"en-US\"},{\"@type\":\"ImageObject\",\"inLanguage\":\"en-US\",\"@id\":\"https:\/\/www.visit-ulcinj.com\/blog\/2011\/05\/09\/fotografi-te-vjetra-te-njesive-territoriale-te-zjarrfikesve-te-ulqinit-2\/#primaryimage\",\"url\":\"https:\/\/www.visit-ulcinj.com\/blog\/wp-content\/uploads\/2011\/05\/Zjarrfikesit-e-Ulqinit_Mali-i-Zi.jpg\",\"contentUrl\":\"https:\/\/www.visit-ulcinj.com\/blog\/wp-content\/uploads\/2011\/05\/Zjarrfikesit-e-Ulqinit_Mali-i-Zi.jpg\",\"width\":\"720\",\"height\":\"464\"},{\"@type\":\"WebPage\",\"@id\":\"https:\/\/www.visit-ulcinj.com\/blog\/2011\/05\/09\/fotografi-te-vjetra-te-njesive-territoriale-te-zjarrfikesve-te-ulqinit-2\/#webpage\",\"url\":\"https:\/\/www.visit-ulcinj.com\/blog\/2011\/05\/09\/fotografi-te-vjetra-te-njesive-territoriale-te-zjarrfikesve-te-ulqinit-2\/\",\"name\":\"Fotografi t\u00eb vjetra t\u00eb nj\u00ebsive territoriale t\u00eb zjarrfik\u00ebsve t\u00eb Ulqinit - Lajme nga Ulqini\",\"isPartOf\":{\"@id\":\"https:\/\/www.visit-ulcinj.com\/blog\/#website\"},\"primaryImageOfPage\":{\"@id\":\"https:\/\/www.visit-ulcinj.com\/blog\/2011\/05\/09\/fotografi-te-vjetra-te-njesive-territoriale-te-zjarrfikesve-te-ulqinit-2\/#primaryimage\"},\"datePublished\":\"2011-05-09T14:12:49+00:00\",\"dateModified\":\"2011-05-10T09:17:57+00:00\",\"author\":{\"@id\":\"https:\/\/www.visit-ulcinj.com\/blog\/#\/schema\/person\/dcab619c614d3038751c63bc2aadc06d\"},\"description\":\"Me nj\u00eb solemnitet modest dhe me nj\u00eb st\u00ebrvitje intervenimi t\u00eb improvizuar,n\u00eb kriporen e Ulqinit \u201cBajo Sekuliq\u201d, Nj\u00ebsit\u00eb Territoriale t\u00eb Zjarrfik\u00ebsve t\u00eb\",\"breadcrumb\":{\"@id\":\"https:\/\/www.visit-ulcinj.com\/blog\/2011\/05\/09\/fotografi-te-vjetra-te-njesive-territoriale-te-zjarrfikesve-te-ulqinit-2\/#breadcrumb\"},\"inLanguage\":\"en-US\",\"potentialAction\":[{\"@type\":\"ReadAction\",\"target\":[\"https:\/\/www.visit-ulcinj.com\/blog\/2011\/05\/09\/fotografi-te-vjetra-te-njesive-territoriale-te-zjarrfikesve-te-ulqinit-2\/\"]}]},{\"@type\":\"BreadcrumbList\",\"@id\":\"https:\/\/www.visit-ulcinj.com\/blog\/2011\/05\/09\/fotografi-te-vjetra-te-njesive-territoriale-te-zjarrfikesve-te-ulqinit-2\/#breadcrumb\",\"itemListElement\":[{\"@type\":\"ListItem\",\"position\":1,\"name\":\"Fotografi t\u00eb vjetra t\u00eb nj\u00ebsive territoriale t\u00eb zjarrfik\u00ebsve t\u00eb Ulqinit\"}]},{\"@type\":\"Person\",\"@id\":\"https:\/\/www.visit-ulcinj.com\/blog\/#\/schema\/person\/dcab619c614d3038751c63bc2aadc06d\",\"name\":\"ulqini\",\"sameAs\":[\"http:\/\/www.visit-ulcinj.com\"],\"url\":\"https:\/\/www.visit-ulcinj.com\/blog\/author\/admin\/\"}]}<\/script>\n<!-- \/ Yoast SEO plugin. -->","yoast_head_json":{"title":"Fotografi t\u00eb vjetra t\u00eb nj\u00ebsive territoriale t\u00eb zjarrfik\u00ebsve t\u00eb Ulqinit - Lajme nga Ulqini","description":"Me nj\u00eb solemnitet modest dhe me nj\u00eb st\u00ebrvitje intervenimi t\u00eb improvizuar,n\u00eb kriporen e Ulqinit \u201cBajo Sekuliq\u201d, Nj\u00ebsit\u00eb Territoriale t\u00eb Zjarrfik\u00ebsve t\u00eb","robots":{"index":"index","follow":"follow","max-snippet":"max-snippet:-1","max-image-preview":"max-image-preview:large","max-video-preview":"max-video-preview:-1"},"canonical":"https:\/\/www.visit-ulcinj.com\/blog\/2011\/05\/09\/fotografi-te-vjetra-te-njesive-territoriale-te-zjarrfikesve-te-ulqinit-2\/","og_locale":"en_US","og_type":"article","og_title":"Fotografi t\u00eb vjetra t\u00eb nj\u00ebsive territoriale t\u00eb zjarrfik\u00ebsve t\u00eb Ulqinit - Lajme nga Ulqini","og_description":"Me nj\u00eb solemnitet modest dhe me nj\u00eb st\u00ebrvitje intervenimi t\u00eb improvizuar,n\u00eb kriporen e Ulqinit \u201cBajo Sekuliq\u201d, Nj\u00ebsit\u00eb Territoriale t\u00eb Zjarrfik\u00ebsve t\u00eb","og_url":"https:\/\/www.visit-ulcinj.com\/blog\/2011\/05\/09\/fotografi-te-vjetra-te-njesive-territoriale-te-zjarrfikesve-te-ulqinit-2\/","og_site_name":"Lajme nga Ulqini","article_published_time":"2011-05-09T14:12:49+00:00","article_modified_time":"2011-05-10T09:17:57+00:00","og_image":[{"url":"https:\/\/www.visit-ulcinj.com\/blog\/wp-content\/uploads\/2011\/05\/Zjarrfikesit-e-Ulqinit_Mali-i-Zi.1-150x150.jpg"}],"twitter_misc":{"Written by":"ulqini","Est. reading time":"1 minute"},"schema":{"@context":"https:\/\/schema.org","@graph":[{"@type":"WebSite","@id":"https:\/\/www.visit-ulcinj.com\/blog\/#website","url":"https:\/\/www.visit-ulcinj.com\/blog\/","name":"Lajme nga Ulqini","description":"Lajme,Vijesti,Ulqini,Ulqin,Crna Gora,Mali i Zi","potentialAction":[{"@type":"SearchAction","target":{"@type":"EntryPoint","urlTemplate":"https:\/\/www.visit-ulcinj.com\/blog\/?s={search_term_string}"},"query-input":"required name=search_term_string"}],"inLanguage":"en-US"},{"@type":"ImageObject","inLanguage":"en-US","@id":"https:\/\/www.visit-ulcinj.com\/blog\/2011\/05\/09\/fotografi-te-vjetra-te-njesive-territoriale-te-zjarrfikesve-te-ulqinit-2\/#primaryimage","url":"https:\/\/www.visit-ulcinj.com\/blog\/wp-content\/uploads\/2011\/05\/Zjarrfikesit-e-Ulqinit_Mali-i-Zi.jpg","contentUrl":"https:\/\/www.visit-ulcinj.com\/blog\/wp-content\/uploads\/2011\/05\/Zjarrfikesit-e-Ulqinit_Mali-i-Zi.jpg","width":"720","height":"464"},{"@type":"WebPage","@id":"https:\/\/www.visit-ulcinj.com\/blog\/2011\/05\/09\/fotografi-te-vjetra-te-njesive-territoriale-te-zjarrfikesve-te-ulqinit-2\/#webpage","url":"https:\/\/www.visit-ulcinj.com\/blog\/2011\/05\/09\/fotografi-te-vjetra-te-njesive-territoriale-te-zjarrfikesve-te-ulqinit-2\/","name":"Fotografi t\u00eb vjetra t\u00eb nj\u00ebsive territoriale t\u00eb zjarrfik\u00ebsve t\u00eb Ulqinit - Lajme nga Ulqini","isPartOf":{"@id":"https:\/\/www.visit-ulcinj.com\/blog\/#website"},"primaryImageOfPage":{"@id":"https:\/\/www.visit-ulcinj.com\/blog\/2011\/05\/09\/fotografi-te-vjetra-te-njesive-territoriale-te-zjarrfikesve-te-ulqinit-2\/#primaryimage"},"datePublished":"2011-05-09T14:12:49+00:00","dateModified":"2011-05-10T09:17:57+00:00","author":{"@id":"https:\/\/www.visit-ulcinj.com\/blog\/#\/schema\/person\/dcab619c614d3038751c63bc2aadc06d"},"description":"Me nj\u00eb solemnitet modest dhe me nj\u00eb st\u00ebrvitje intervenimi t\u00eb improvizuar,n\u00eb kriporen e Ulqinit \u201cBajo Sekuliq\u201d, Nj\u00ebsit\u00eb Territoriale t\u00eb Zjarrfik\u00ebsve t\u00eb","breadcrumb":{"@id":"https:\/\/www.visit-ulcinj.com\/blog\/2011\/05\/09\/fotografi-te-vjetra-te-njesive-territoriale-te-zjarrfikesve-te-ulqinit-2\/#breadcrumb"},"inLanguage":"en-US","potentialAction":[{"@type":"ReadAction","target":["https:\/\/www.visit-ulcinj.com\/blog\/2011\/05\/09\/fotografi-te-vjetra-te-njesive-territoriale-te-zjarrfikesve-te-ulqinit-2\/"]}]},{"@type":"BreadcrumbList","@id":"https:\/\/www.visit-ulcinj.com\/blog\/2011\/05\/09\/fotografi-te-vjetra-te-njesive-territoriale-te-zjarrfikesve-te-ulqinit-2\/#breadcrumb","itemListElement":[{"@type":"ListItem","position":1,"name":"Fotografi t\u00eb vjetra t\u00eb nj\u00ebsive territoriale t\u00eb zjarrfik\u00ebsve t\u00eb Ulqinit"}]},{"@type":"Person","@id":"https:\/\/www.visit-ulcinj.com\/blog\/#\/schema\/person\/dcab619c614d3038751c63bc2aadc06d","name":"ulqini","sameAs":["http:\/\/www.visit-ulcinj.com"],"url":"https:\/\/www.visit-ulcinj.com\/blog\/author\/admin\/"}]}},"jetpack_featured_media_url":"","jetpack_sharing_enabled":true,"jetpack_shortlink":"https:\/\/wp.me\/pe6lTn-c4w","_links":{"self":[{"href":"https:\/\/www.visit-ulcinj.com\/blog\/wp-json\/wp\/v2\/posts\/46408"}],"collection":[{"href":"https:\/\/www.visit-ulcinj.com\/blog\/wp-json\/wp\/v2\/posts"}],"about":[{"href":"https:\/\/www.visit-ulcinj.com\/blog\/wp-json\/wp\/v2\/types\/post"}],"author":[{"embeddable":true,"href":"https:\/\/www.visit-ulcinj.com\/blog\/wp-json\/wp\/v2\/users\/1"}],"replies":[{"embeddable":true,"href":"https:\/\/www.visit-ulcinj.com\/blog\/wp-json\/wp\/v2\/comments?post=46408"}],"version-history":[{"count":0,"href":"https:\/\/www.visit-ulcinj.com\/blog\/wp-json\/wp\/v2\/posts\/46408\/revisions"}],"wp:attachment":[{"href":"https:\/\/www.visit-ulcinj.com\/blog\/wp-json\/wp\/v2\/media?parent=46408"}],"wp:term":[{"taxonomy":"category","embeddable":true,"href":"https:\/\/www.visit-ulcinj.com\/blog\/wp-json\/wp\/v2\/categories?post=46408"},{"taxonomy":"post_tag","embeddable":true,"href":"https:\/\/www.visit-ulcinj.com\/blog\/wp-json\/wp\/v2\/tags?post=46408"}],"curies":[{"name":"wp","href":"https:\/\/api.w.org\/{rel}","templated":true}]}}