{"id":46437,"date":"2011-05-15T12:37:10","date_gmt":"2011-05-15T11:37:10","guid":{"rendered":"http:\/\/www.visit-ulcinj.com\/blog\/?p=46437"},"modified":"2011-05-15T12:37:28","modified_gmt":"2011-05-15T11:37:28","slug":"shasi-ilir-i-365-kishave","status":"publish","type":"post","link":"https:\/\/www.visit-ulcinj.com\/blog\/2011\/05\/15\/shasi-ilir-i-365-kishave\/","title":{"rendered":"Shasi ilir i 365 kishave"},"content":{"rendered":"<p><a href=\"http:\/\/www.visit-ulcinj.com\/blog\/wp-content\/uploads\/2011\/05\/Shasi-qyteti-ilir-i-365-kishave_Ulqin_Ana-Malit.3.jpg\"><img loading=\"lazy\" class=\"alignleft size-full wp-image-46609\" title=\"Shasi qyteti ilir i 365 kishave_Ulqin_Ana Malit.3\" src=\"http:\/\/www.visit-ulcinj.com\/blog\/wp-content\/uploads\/2011\/05\/Shasi-qyteti-ilir-i-365-kishave_Ulqin_Ana-Malit.3.jpg\" alt=\"\" width=\"340\" height=\"540\" \/><\/a>Qytet\u00ebrimi shqiptar m\u00eb shum\u00eb ndodhet n\u00ebn dhe sesa mbi t\u00eb. N\u00eb viset etnike shqiptare n\u00eb Mal t\u00eb Zi, e mbi t\u00eb gjitha n\u00eb rajonin e Ulqinit, jan\u00eb nj\u00eb num\u00ebr i madh i monumenteve t\u00eb trash\u00ebgimis\u00eb son\u00eb nga historia jon\u00eb e hershme, ku z\u00eb vend edhe qyteti i lasht\u00eb i Shasit, sot qytet q\u00eb nuk banohet.<\/p>\n<p>Shasi \u00ebsht\u00eb vendbanim antik ilir, i cili ngrihet n\u00eb malin po me t\u00eb nj\u00ebjtin em\u00ebr. K\u00ebndej pari, n\u00eb periudh\u00ebn antike ka kaluar rruga e lasht\u00eb lidh\u00ebse n\u00eb mes Ulqinit dhe Shkodr\u00ebs. Shasi n\u00eb literatur\u00eb njihet si: Suatio, Sua\u00e7o, Savocci, Svaciao, Fshas etj. Baza e qytetit t\u00eb lasht\u00eb \u00ebsht\u00eb nd\u00ebrtuar nga gur\u00ebt e m\u00ebdhenj, nd\u00ebrsa murin rrethues stihit\u00eb e koh\u00ebs e kan\u00eb d\u00ebmtuar shum\u00eb; ky mur bart vlera t\u00eb m\u00ebdha arkitektonike dhe artistike. Edhe sot e k\u00ebsaj dite aty q\u00ebndrojn\u00eb dy portat e qytetit.<\/p>\n<p>Shasi p\u00ebr her\u00eb t\u00eb par\u00eb u p\u00ebrmend n\u00eb dekretin e pap\u00ebs Aleksandri i Dyt\u00eb m\u00eb 1067 si qytet Ipeshkvi. N\u00eb vitin 1183 pushtohet nga Stefan Nemanja dhe me at\u00eb rast barbar\u00ebt e shkat\u00ebrruan Shasin. Qyteti u m\u00ebk\u00ebmb, por p\u00ebrs\u00ebri pasoi sulmi i mongol\u00ebve m\u00eb 1242, t\u00eb cil\u00ebt e shkat\u00ebrruan krejt\u00ebsisht.<\/p>\n<p>N\u00eb fund t\u00eb shekullit XIII e rind\u00ebrtoi mbret\u00ebresha Jelena, ku edhe p\u00ebrjetoi kulmin e vet qytetar dhe tregtar deri n\u00eb shekullin XVI, kur p\u00ebrfundimisht u sulmua dhe u shkat\u00ebrrua nga turqit, m\u00eb 1571. Nga ky vit Shasi njihet si \u201cqyteti i vdekur\u201d. N\u00eb k\u00ebt\u00eb vit turqit e pushtojn\u00eb edhe Ulqinin dhe Tivarin, ku banor\u00ebt vriten dhe qyteteve iu vihet zjarri.<\/p>\n<p>Mir\u00ebpo, kur kemi t\u00eb b\u00ebjm\u00eb me veprimin kishtar, Shasi ka pasur kisha aq sa ka dit\u00eb viti e q\u00eb \u00ebsht\u00eb rast unik n\u00eb bot\u00eb, kurse tani shihen vet\u00ebm themelet e tet\u00eb kishave, t\u00eb cilat i p\u00ebrmend edhe Justiniani (1533) dhe m\u00eb von\u00eb Marin Bici (1610), katedralja e Kish\u00ebs s\u00eb Sh\u00ebn Gjonit, e nd\u00ebrtuar me stil gotik dhe Kisha e fran\u00e7eskan\u00ebve t\u00eb Sh\u00ebn M\u00ebris\u00eb, t\u00eb lashta rreth 1300 vjet. T\u00eb gjitha kishat n\u00eb Shas kan\u00eb qen\u00eb t\u00eb zbukuruara me dekorime arkitektonike dhe freska, e n\u00eb disa edhe tani dallohen gjurm\u00ebt e ngjyrave n\u00eb mure.<\/p>\n<p>Pjes\u00ebt e mbetura t\u00eb fortes\u00ebs gjenden n\u00eb shkrepa. P\u00ebrve\u00e7 Shasit n\u00eb periudh\u00ebn veneciane rreth Liqenit t\u00eb Shkodr\u00ebs ishin edhe qytetet Trishti, Danja dhe Sarda.<\/p>\n<p>Arqipeshkvia e Tivarit (mbi 900 vjet) ishte baza kryesore e katolicizmit n\u00eb Shqip\u00ebrin\u00eb e Veriut, por edhe ipeshkvia e Shasit e luante t\u00eb nj\u00ebjtin rol p\u00ebr zon\u00ebn e vet. N\u00eb vitin 1443 ipeshk\u00ebv i Shasit ka qen\u00eb Pal\u00eb Dushmani.<\/p>\n<p>Edhe Pjet\u00ebr Bogdani e p\u00ebrmend Shasin n\u00eb shkrimet e tij duke th\u00ebn\u00eb se shtrihet n\u00eb per\u00ebndim mbi qytetin e Tivarit, n\u00eb veri deri te Kravari dhe n\u00eb lindje p\u00ebrfundon me lumin Buna.<\/p>\n<p>Sikur t\u00eb b\u00ebheshin hulumtime n\u00ebnujore, do t\u00eb gjendej edhe m\u00eb shum\u00eb nga Shasi, kjo trash\u00ebgimi e pa hulumtuar nga ana e jon\u00eb \u00ebsht\u00eb fshehur nga sllav\u00ebt me shekuj. Ka edhe fakte q\u00eb d\u00ebshmojn\u00eb se gjat\u00eb ver\u00ebs, kur niveli i ujit t\u00eb liqenit t\u00eb Shasit \u00ebsht\u00eb i ul\u00ebt shihen pjes\u00eb t\u00eb mureve t\u00eb sht\u00ebpive t\u00eb dikurshme t\u00eb banimit.<\/p>\n<p><strong>Periudha ilire<\/strong><\/p>\n<p>Gjetjet arkeologjike e provojn\u00eb se qytetin e Shasit t\u00eb panjohur deri n\u00eb shekullin VIII n\u00eb t\u00eb v\u00ebrtet\u00eb e prek krishterimi i hersh\u00ebm n\u00eb periudh\u00ebn ilire. Ilirizmi i k\u00ebsaj kulture d\u00ebshmohet ve\u00e7mas nga nj\u00ebjt\u00ebsia tipologjike e objekteve t\u00eb kultur\u00ebs arkeologjike t\u00eb Shasit me kultur\u00ebn iliro-arb\u00ebrore t\u00eb Komanit.<\/p>\n<p>Shasi m\u00eb her\u00ebt u shnd\u00ebrrua n\u00eb hap\u00ebsira me vende t\u00eb fortifikuara sikurse tregon pozicioni i tij n\u00eb luft\u00ebn n\u00eb mes t\u00eb Papatit dhe Bizantit p\u00ebr t\u00eb zot\u00ebruar k\u00ebt\u00eb qytet n\u00eb koh\u00ebn e mesjet\u00ebs. Hulumtimet n\u00eb lokalitetin e Shasit t\u00eb vjet\u00ebr d\u00ebshmojn\u00eb p\u00ebr ekzistenc\u00ebn e vendbanimit parahistorik si baz\u00eb ku \u00ebsht\u00eb ngritur qyteti i Shasit pasi qe u b\u00eb zbulimi i kultur\u00ebs s\u00eb Komanit, me an\u00eb t\u00eb s\u00eb cilit u b\u00eb p\u00ebrcaktimi m\u00eb i sakt\u00eb i datimit t\u00eb objekteve sakrale q\u00eb kan\u00eb ekzistuar q\u00eb nga shekujt VI-VII.<\/p>\n<p>Ky vendbanim i lasht\u00eb p\u00ebrve\u00e7 r\u00ebnd\u00ebsis\u00eb strategjike jepte edhe kushte t\u00eb p\u00ebrshtatshme p\u00ebr jet\u00eb, duke u par\u00eb edhe vendndodhja e tij n\u00eb liqenin e Shasit dhe Bun\u00ebn t\u00eb pasur me peshk, zogj, shtaz\u00eb t\u00eb egra dhe kushte t\u00eb tjera t\u00eb ve\u00e7anta p\u00ebr blegtori dhe bujq\u00ebsi.<\/p>\n<p>Duke iu referuar nj\u00eb shkruesi t\u00eb panjohur dhe dor\u00ebshkrimit t\u00eb tij \u201cDulcigno secondo l\u2019antica descrizione\u2026\u201d, thuhet se \u201cn\u00eb k\u00ebt\u00eb trev\u00eb gjendej qyteti shum\u00eb i vjet\u00ebr i quajtur Shasi, ku duken gjurm\u00ebt e 365 kishave larg nga Ulqini 15 milje\u2026.\u2019. M\u00eb tej shkruan se \u201caf\u00ebr k\u00ebtij qyteti gjenden liqeni, shpella, burimi ujit dhe mali Lisinj\u00eb, Ledhet e Shasit dhe porta ku vdiq Kapedani i Qesarit, duke luftuar tmerr\u00ebsisht kund\u00ebr Pompejanit ku jan\u00eb edhe sot n\u00eb k\u00ebmb\u00eb dhe si mrekulli nj\u00eb grop\u00eb e madhe, ende parrafshuar\u2026\u201d<\/p>\n<p><strong>Shasi mesjetar<\/strong><\/p>\n<p>Nuk ka dyshim se Shasi mesjetar si qytet i zhvilluar \u00ebsht\u00eb p\u00ebrjet\u00ebsuar edhe n\u00eb numizmatik\u00eb, sepse i ka farkuar monedhat e veta,t\u00eb cilat e mbanin mbishkrimin Suacium, si dhe ajo q\u00eb e paraqet figur\u00ebn e Sh\u00ebn Palit Pag\u00ebzuesit, si mbrojt\u00ebs i qytetit, si dhe pirgun ashtu dhe k\u00ebshtjell\u00ebn me por\u00ebn madh\u00ebshtore t\u00eb k\u00ebtij qyteti.<\/p>\n<p>Versionet malazeze te k\u00ebsaj periudhe cekin se Stefan Nemanja (shek XIII) i shkat\u00ebrroi kishat shqiptare dhe librat e koh\u00ebs e kreu konvertimin me dhun\u00eb t\u00eb banor\u00ebve t\u00eb mbetur n\u00eb ortodoks, gj\u00eb q\u00eb e cila p\u00ebrputhet me tradit\u00ebn gojore n\u00eb Shas, ku banor\u00ebt tani t\u00eb fshatit Shas thon\u00eb \u201dse t\u00eb gjitha kishat n\u00eb fillim ishin katolike\u201d.<\/p>\n<p>K\u00ebrkimet e para t\u00eb arkeologjis\u00eb jugosllave, q\u00eb u takojn\u00eb viteve 1980, zbuluan nj\u00eb hershm\u00ebri m\u00eb t\u00eb madhe se ajo q\u00eb dihej. Ishte pik\u00ebrisht trash\u00ebgimia ilire e kultures s\u00eb Shasit q\u00eb e trembi shkoll\u00ebn arkeologjike t\u00eb Beogradit. N\u00eb vitin 1985 Akademia e Shkencave t\u00eb Serbis\u00eb me nguti nd\u00ebrpreu hulumtimet, kur v\u00ebrejt\u00ebn se kan\u00eb t\u00eb b\u00ebjn\u00eb me nji qytet t\u00eb lasht\u00eb shqiptar\u00eb. Ky pra \u00ebsht\u00eb qyteti ilir i 365 kishave, q\u00eb n\u00eb fillim u shkat\u00ebrrua nga sllavet e pastaj e v\u00ebrteta e g\u00ebrmadhave t\u00eb tij u fsheh po ashtu nga sllavet.<\/p>\n<p>Vet\u00ebm ne, si njoh\u00ebs t\u00eb mir\u00eb t\u00eb vetvetes, dhe duke mos i mohuar rr\u00ebnj\u00ebt tona, mund ta shkruajm\u00eb historin\u00eb ashtu si\u00e7 duhet.<\/p>\n<p><strong>Fahri Xharra<\/strong><br \/>\n<strong>Zeri.info<br \/>\n<a title=\"FOTO GALERIJA E ANES MALIT\" href=\"http:\/\/www.visit-ulcinj.com\/gallery\/main.php?g2_itemId=116\" target=\"_blank\"><strong>Shikoni Fotogalerin e\u00a0Shasit ilir<\/strong><\/a><br \/>\n\n\t\t<style type=\"text\/css\">\n\t\t\t#gallery-1 {\n\t\t\t\tmargin: auto;\n\t\t\t}\n\t\t\t#gallery-1 .gallery-item {\n\t\t\t\tfloat: left;\n\t\t\t\tmargin-top: 10px;\n\t\t\t\ttext-align: center;\n\t\t\t\twidth: 33%;\n\t\t\t}\n\t\t\t#gallery-1 img {\n\t\t\t\tborder: 2px solid #cfcfcf;\n\t\t\t}\n\t\t\t#gallery-1 .gallery-caption {\n\t\t\t\tmargin-left: 0;\n\t\t\t}\n\t\t\t\/* see gallery_shortcode() in wp-includes\/media.php *\/\n\t\t<\/style>\n\t\t<div id='gallery-1' class='gallery galleryid-46437 gallery-columns-3 gallery-size-thumbnail'><dl class='gallery-item'>\n\t\t\t<dt class='gallery-icon landscape'>\n\t\t\t\t<a href='https:\/\/www.visit-ulcinj.com\/blog\/wp-content\/uploads\/2011\/05\/Shasi-qyteti-ilir-i-365-kishave_Ulqin_Ana-Malit.4.jpg'><img width=\"150\" height=\"150\" src=\"https:\/\/www.visit-ulcinj.com\/blog\/wp-content\/uploads\/2011\/05\/Shasi-qyteti-ilir-i-365-kishave_Ulqin_Ana-Malit.4-150x150.jpg\" class=\"attachment-thumbnail size-thumbnail\" alt=\"\" loading=\"lazy\" \/><\/a>\n\t\t\t<\/dt><\/dl><dl class='gallery-item'>\n\t\t\t<dt class='gallery-icon landscape'>\n\t\t\t\t<a href='https:\/\/www.visit-ulcinj.com\/blog\/wp-content\/uploads\/2011\/05\/Shasi-qyteti-ilir-i-365-kishave_Ulqin_Ana-Malit.5.jpg'><img width=\"150\" height=\"150\" src=\"https:\/\/www.visit-ulcinj.com\/blog\/wp-content\/uploads\/2011\/05\/Shasi-qyteti-ilir-i-365-kishave_Ulqin_Ana-Malit.5-150x150.jpg\" class=\"attachment-thumbnail size-thumbnail\" alt=\"\" loading=\"lazy\" \/><\/a>\n\t\t\t<\/dt><\/dl><dl class='gallery-item'>\n\t\t\t<dt class='gallery-icon landscape'>\n\t\t\t\t<a href='https:\/\/www.visit-ulcinj.com\/blog\/wp-content\/uploads\/2011\/05\/Shasi-qyteti-ilir-i-365-kishave_Ulqin_Ana-Malit.jpg'><img width=\"150\" height=\"150\" src=\"https:\/\/www.visit-ulcinj.com\/blog\/wp-content\/uploads\/2011\/05\/Shasi-qyteti-ilir-i-365-kishave_Ulqin_Ana-Malit-150x150.jpg\" class=\"attachment-thumbnail size-thumbnail\" alt=\"\" loading=\"lazy\" \/><\/a>\n\t\t\t<\/dt><\/dl><br style=\"clear: both\" \/><dl class='gallery-item'>\n\t\t\t<dt class='gallery-icon portrait'>\n\t\t\t\t<a href='https:\/\/www.visit-ulcinj.com\/blog\/wp-content\/uploads\/2011\/05\/Shasi-qyteti-ilir-i-365-kishave_Ulqin_Ana-Malit.3.jpg'><img width=\"150\" height=\"150\" src=\"https:\/\/www.visit-ulcinj.com\/blog\/wp-content\/uploads\/2011\/05\/Shasi-qyteti-ilir-i-365-kishave_Ulqin_Ana-Malit.3-150x150.jpg\" class=\"attachment-thumbnail size-thumbnail\" alt=\"\" loading=\"lazy\" \/><\/a>\n\t\t\t<\/dt><\/dl><dl class='gallery-item'>\n\t\t\t<dt class='gallery-icon landscape'>\n\t\t\t\t<a href='https:\/\/www.visit-ulcinj.com\/blog\/wp-content\/uploads\/2011\/05\/Shasi-qyteti-ilir-i-365-kishave_Ulqin_Ana-Malit.2.jpg'><img width=\"150\" height=\"150\" src=\"https:\/\/www.visit-ulcinj.com\/blog\/wp-content\/uploads\/2011\/05\/Shasi-qyteti-ilir-i-365-kishave_Ulqin_Ana-Malit.2-150x150.jpg\" class=\"attachment-thumbnail size-thumbnail\" alt=\"\" loading=\"lazy\" \/><\/a>\n\t\t\t<\/dt><\/dl><dl class='gallery-item'>\n\t\t\t<dt class='gallery-icon landscape'>\n\t\t\t\t<a href='https:\/\/www.visit-ulcinj.com\/blog\/wp-content\/uploads\/2011\/05\/Shasi-qyteti-ilir-i-365-kishave_Ulqin_Ana-Malit.1.jpg'><img width=\"150\" height=\"150\" src=\"https:\/\/www.visit-ulcinj.com\/blog\/wp-content\/uploads\/2011\/05\/Shasi-qyteti-ilir-i-365-kishave_Ulqin_Ana-Malit.1-150x150.jpg\" class=\"attachment-thumbnail size-thumbnail\" alt=\"\" loading=\"lazy\" \/><\/a>\n\t\t\t<\/dt><\/dl><br style=\"clear: both\" \/><dl class='gallery-item'>\n\t\t\t<dt class='gallery-icon portrait'>\n\t\t\t\t<a href='https:\/\/www.visit-ulcinj.com\/blog\/wp-content\/uploads\/2011\/05\/Shasi-qyteti-ilir-i-365-kishave_Ulqin_Ana-Malit.6.jpg'><img width=\"150\" height=\"150\" src=\"https:\/\/www.visit-ulcinj.com\/blog\/wp-content\/uploads\/2011\/05\/Shasi-qyteti-ilir-i-365-kishave_Ulqin_Ana-Malit.6-150x150.jpg\" class=\"attachment-thumbnail size-thumbnail\" alt=\"\" loading=\"lazy\" \/><\/a>\n\t\t\t<\/dt><\/dl><dl class='gallery-item'>\n\t\t\t<dt class='gallery-icon landscape'>\n\t\t\t\t<a href='https:\/\/www.visit-ulcinj.com\/blog\/wp-content\/uploads\/2011\/05\/Shasi-qyteti-ilir-i-365-kishave_Ulqin_Ana-Malit.7.jpg'><img width=\"150\" height=\"150\" src=\"https:\/\/www.visit-ulcinj.com\/blog\/wp-content\/uploads\/2011\/05\/Shasi-qyteti-ilir-i-365-kishave_Ulqin_Ana-Malit.7-150x150.jpg\" class=\"attachment-thumbnail size-thumbnail\" alt=\"\" loading=\"lazy\" \/><\/a>\n\t\t\t<\/dt><\/dl><dl class='gallery-item'>\n\t\t\t<dt class='gallery-icon landscape'>\n\t\t\t\t<a href='https:\/\/www.visit-ulcinj.com\/blog\/wp-content\/uploads\/2011\/05\/Shasi-qyteti-ilir-i-365-kishave_Kisha-e-Shen-Maris-ne-Shas.jpg'><img width=\"150\" height=\"150\" src=\"https:\/\/www.visit-ulcinj.com\/blog\/wp-content\/uploads\/2011\/05\/Shasi-qyteti-ilir-i-365-kishave_Kisha-e-Shen-Maris-ne-Shas-150x150.jpg\" class=\"attachment-thumbnail size-thumbnail\" alt=\"\" loading=\"lazy\" \/><\/a>\n\t\t\t<\/dt><\/dl><br style=\"clear: both\" \/>\n\t\t<\/div>\n<\/strong><br \/>\n<iframe loading=\"lazy\" frameborder=\"0\" width=\"508\" height=\"340\" src=\"http:\/\/www.dailymotion.com\/embed\/video\/ximomz?theme=none&#038;autoPlay=1&#038;wmode=transparent\"><\/iframe><br \/><a href=\"http:\/\/www.dailymotion.com\/video\/ximomz_shasi-ilir-i-365-kishave-dokumentar-top-channel_travel\" target=\"_blank\">Shasi ilir i 365 kishave &#8211; dokumentar top channel<\/a><br \/>\n<iframe loading=\"lazy\" width=\"508\" height=\"360\" src=\"http:\/\/www.youtube.com\/embed\/aN5IViKE4pI\" frameborder=\"0\" allowfullscreen><\/iframe><\/p>\n","protected":false},"excerpt":{"rendered":"<p>Qytet\u00ebrimi shqiptar m\u00eb shum\u00eb ndodhet n\u00ebn dhe sesa mbi t\u00eb. N\u00eb viset etnike shqiptare n\u00eb Mal t\u00eb Zi, e mbi t\u00eb gjitha n\u00eb rajonin e Ulqinit, jan\u00eb nj\u00eb num\u00ebr i madh i monumenteve t\u00eb trash\u00ebgimis\u00eb son\u00eb nga historia jon\u00eb e hershme, ku z\u00eb vend edhe qyteti i lasht\u00eb i Shasit, sot qytet q\u00eb nuk banohet. [&hellip;]<\/p>\n","protected":false},"author":1,"featured_media":0,"comment_status":"open","ping_status":"closed","sticky":false,"template":"","format":"standard","meta":{"spay_email":"","jetpack_publicize_message":"","jetpack_is_tweetstorm":false,"jetpack_publicize_feature_enabled":true},"categories":[12],"tags":[14351,15136,17401,18256,15139,10203,14359,214,16210,17402,3507,3717,14364,15140,3512,15141,14366,2083,18253,15143,18254,2800,2081,18255,2082],"jetpack_publicize_connections":[],"yoast_head":"<!-- This site is optimized with the Yoast SEO plugin v19.1 - https:\/\/yoast.com\/wordpress\/plugins\/seo\/ -->\n<title>Shasi ilir i 365 kishave - Lajme nga Ulqini<\/title>\n<meta name=\"description\" content=\"Qytet\u00ebrimi shqiptar m\u00eb shum\u00eb ndodhet n\u00ebn dhe sesa mbi t\u00eb. N\u00eb viset etnike shqiptare n\u00eb Mal t\u00eb Zi, e mbi t\u00eb gjitha n\u00eb rajonin e Ulqinit, jan\u00eb nj\u00eb num\u00ebr i\" \/>\n<meta name=\"robots\" content=\"index, follow, max-snippet:-1, max-image-preview:large, max-video-preview:-1\" \/>\n<link rel=\"canonical\" href=\"https:\/\/www.visit-ulcinj.com\/blog\/2011\/05\/15\/shasi-ilir-i-365-kishave\/\" \/>\n<meta property=\"og:locale\" content=\"en_US\" \/>\n<meta property=\"og:type\" content=\"article\" \/>\n<meta property=\"og:title\" content=\"Shasi ilir i 365 kishave - Lajme nga Ulqini\" \/>\n<meta property=\"og:description\" content=\"Qytet\u00ebrimi shqiptar m\u00eb shum\u00eb ndodhet n\u00ebn dhe sesa mbi t\u00eb. N\u00eb viset etnike shqiptare n\u00eb Mal t\u00eb Zi, e mbi t\u00eb gjitha n\u00eb rajonin e Ulqinit, jan\u00eb nj\u00eb num\u00ebr i\" \/>\n<meta property=\"og:url\" content=\"https:\/\/www.visit-ulcinj.com\/blog\/2011\/05\/15\/shasi-ilir-i-365-kishave\/\" \/>\n<meta property=\"og:site_name\" content=\"Lajme nga Ulqini\" \/>\n<meta property=\"article:published_time\" content=\"2011-05-15T11:37:10+00:00\" \/>\n<meta property=\"article:modified_time\" content=\"2011-05-15T11:37:28+00:00\" \/>\n<meta property=\"og:image\" content=\"https:\/\/www.visit-ulcinj.com\/blog\/wp-content\/uploads\/2011\/05\/Shasi-qyteti-ilir-i-365-kishave_Ulqin_Ana-Malit.4-150x150.jpg\" \/>\n<meta name=\"twitter:label1\" content=\"Written by\" \/>\n\t<meta name=\"twitter:data1\" content=\"ulqini\" \/>\n\t<meta name=\"twitter:label2\" content=\"Est. reading time\" \/>\n\t<meta name=\"twitter:data2\" content=\"6 minutes\" \/>\n<script type=\"application\/ld+json\" class=\"yoast-schema-graph\">{\"@context\":\"https:\/\/schema.org\",\"@graph\":[{\"@type\":\"WebSite\",\"@id\":\"https:\/\/www.visit-ulcinj.com\/blog\/#website\",\"url\":\"https:\/\/www.visit-ulcinj.com\/blog\/\",\"name\":\"Lajme nga Ulqini\",\"description\":\"Lajme,Vijesti,Ulqini,Ulqin,Crna Gora,Mali i Zi\",\"potentialAction\":[{\"@type\":\"SearchAction\",\"target\":{\"@type\":\"EntryPoint\",\"urlTemplate\":\"https:\/\/www.visit-ulcinj.com\/blog\/?s={search_term_string}\"},\"query-input\":\"required name=search_term_string\"}],\"inLanguage\":\"en-US\"},{\"@type\":\"ImageObject\",\"inLanguage\":\"en-US\",\"@id\":\"https:\/\/www.visit-ulcinj.com\/blog\/2011\/05\/15\/shasi-ilir-i-365-kishave\/#primaryimage\",\"url\":\"https:\/\/www.visit-ulcinj.com\/blog\/wp-content\/uploads\/2011\/05\/Shasi-qyteti-ilir-i-365-kishave_Ulqin_Ana-Malit.3.jpg\",\"contentUrl\":\"https:\/\/www.visit-ulcinj.com\/blog\/wp-content\/uploads\/2011\/05\/Shasi-qyteti-ilir-i-365-kishave_Ulqin_Ana-Malit.3.jpg\",\"width\":\"384\",\"height\":\"604\"},{\"@type\":\"WebPage\",\"@id\":\"https:\/\/www.visit-ulcinj.com\/blog\/2011\/05\/15\/shasi-ilir-i-365-kishave\/#webpage\",\"url\":\"https:\/\/www.visit-ulcinj.com\/blog\/2011\/05\/15\/shasi-ilir-i-365-kishave\/\",\"name\":\"Shasi ilir i 365 kishave - Lajme nga Ulqini\",\"isPartOf\":{\"@id\":\"https:\/\/www.visit-ulcinj.com\/blog\/#website\"},\"primaryImageOfPage\":{\"@id\":\"https:\/\/www.visit-ulcinj.com\/blog\/2011\/05\/15\/shasi-ilir-i-365-kishave\/#primaryimage\"},\"datePublished\":\"2011-05-15T11:37:10+00:00\",\"dateModified\":\"2011-05-15T11:37:28+00:00\",\"author\":{\"@id\":\"https:\/\/www.visit-ulcinj.com\/blog\/#\/schema\/person\/dcab619c614d3038751c63bc2aadc06d\"},\"description\":\"Qytet\u00ebrimi shqiptar m\u00eb shum\u00eb ndodhet n\u00ebn dhe sesa mbi t\u00eb. N\u00eb viset etnike shqiptare n\u00eb Mal t\u00eb Zi, e mbi t\u00eb gjitha n\u00eb rajonin e Ulqinit, jan\u00eb nj\u00eb num\u00ebr i\",\"breadcrumb\":{\"@id\":\"https:\/\/www.visit-ulcinj.com\/blog\/2011\/05\/15\/shasi-ilir-i-365-kishave\/#breadcrumb\"},\"inLanguage\":\"en-US\",\"potentialAction\":[{\"@type\":\"ReadAction\",\"target\":[\"https:\/\/www.visit-ulcinj.com\/blog\/2011\/05\/15\/shasi-ilir-i-365-kishave\/\"]}]},{\"@type\":\"BreadcrumbList\",\"@id\":\"https:\/\/www.visit-ulcinj.com\/blog\/2011\/05\/15\/shasi-ilir-i-365-kishave\/#breadcrumb\",\"itemListElement\":[{\"@type\":\"ListItem\",\"position\":1,\"name\":\"Shasi ilir i 365 kishave\"}]},{\"@type\":\"Person\",\"@id\":\"https:\/\/www.visit-ulcinj.com\/blog\/#\/schema\/person\/dcab619c614d3038751c63bc2aadc06d\",\"name\":\"ulqini\",\"sameAs\":[\"http:\/\/www.visit-ulcinj.com\"],\"url\":\"https:\/\/www.visit-ulcinj.com\/blog\/author\/admin\/\"}]}<\/script>\n<!-- \/ Yoast SEO plugin. -->","yoast_head_json":{"title":"Shasi ilir i 365 kishave - Lajme nga Ulqini","description":"Qytet\u00ebrimi shqiptar m\u00eb shum\u00eb ndodhet n\u00ebn dhe sesa mbi t\u00eb. N\u00eb viset etnike shqiptare n\u00eb Mal t\u00eb Zi, e mbi t\u00eb gjitha n\u00eb rajonin e Ulqinit, jan\u00eb nj\u00eb num\u00ebr i","robots":{"index":"index","follow":"follow","max-snippet":"max-snippet:-1","max-image-preview":"max-image-preview:large","max-video-preview":"max-video-preview:-1"},"canonical":"https:\/\/www.visit-ulcinj.com\/blog\/2011\/05\/15\/shasi-ilir-i-365-kishave\/","og_locale":"en_US","og_type":"article","og_title":"Shasi ilir i 365 kishave - Lajme nga Ulqini","og_description":"Qytet\u00ebrimi shqiptar m\u00eb shum\u00eb ndodhet n\u00ebn dhe sesa mbi t\u00eb. N\u00eb viset etnike shqiptare n\u00eb Mal t\u00eb Zi, e mbi t\u00eb gjitha n\u00eb rajonin e Ulqinit, jan\u00eb nj\u00eb num\u00ebr i","og_url":"https:\/\/www.visit-ulcinj.com\/blog\/2011\/05\/15\/shasi-ilir-i-365-kishave\/","og_site_name":"Lajme nga Ulqini","article_published_time":"2011-05-15T11:37:10+00:00","article_modified_time":"2011-05-15T11:37:28+00:00","og_image":[{"url":"https:\/\/www.visit-ulcinj.com\/blog\/wp-content\/uploads\/2011\/05\/Shasi-qyteti-ilir-i-365-kishave_Ulqin_Ana-Malit.4-150x150.jpg"}],"twitter_misc":{"Written by":"ulqini","Est. reading time":"6 minutes"},"schema":{"@context":"https:\/\/schema.org","@graph":[{"@type":"WebSite","@id":"https:\/\/www.visit-ulcinj.com\/blog\/#website","url":"https:\/\/www.visit-ulcinj.com\/blog\/","name":"Lajme nga Ulqini","description":"Lajme,Vijesti,Ulqini,Ulqin,Crna Gora,Mali i Zi","potentialAction":[{"@type":"SearchAction","target":{"@type":"EntryPoint","urlTemplate":"https:\/\/www.visit-ulcinj.com\/blog\/?s={search_term_string}"},"query-input":"required name=search_term_string"}],"inLanguage":"en-US"},{"@type":"ImageObject","inLanguage":"en-US","@id":"https:\/\/www.visit-ulcinj.com\/blog\/2011\/05\/15\/shasi-ilir-i-365-kishave\/#primaryimage","url":"https:\/\/www.visit-ulcinj.com\/blog\/wp-content\/uploads\/2011\/05\/Shasi-qyteti-ilir-i-365-kishave_Ulqin_Ana-Malit.3.jpg","contentUrl":"https:\/\/www.visit-ulcinj.com\/blog\/wp-content\/uploads\/2011\/05\/Shasi-qyteti-ilir-i-365-kishave_Ulqin_Ana-Malit.3.jpg","width":"384","height":"604"},{"@type":"WebPage","@id":"https:\/\/www.visit-ulcinj.com\/blog\/2011\/05\/15\/shasi-ilir-i-365-kishave\/#webpage","url":"https:\/\/www.visit-ulcinj.com\/blog\/2011\/05\/15\/shasi-ilir-i-365-kishave\/","name":"Shasi ilir i 365 kishave - Lajme nga Ulqini","isPartOf":{"@id":"https:\/\/www.visit-ulcinj.com\/blog\/#website"},"primaryImageOfPage":{"@id":"https:\/\/www.visit-ulcinj.com\/blog\/2011\/05\/15\/shasi-ilir-i-365-kishave\/#primaryimage"},"datePublished":"2011-05-15T11:37:10+00:00","dateModified":"2011-05-15T11:37:28+00:00","author":{"@id":"https:\/\/www.visit-ulcinj.com\/blog\/#\/schema\/person\/dcab619c614d3038751c63bc2aadc06d"},"description":"Qytet\u00ebrimi shqiptar m\u00eb shum\u00eb ndodhet n\u00ebn dhe sesa mbi t\u00eb. N\u00eb viset etnike shqiptare n\u00eb Mal t\u00eb Zi, e mbi t\u00eb gjitha n\u00eb rajonin e Ulqinit, jan\u00eb nj\u00eb num\u00ebr i","breadcrumb":{"@id":"https:\/\/www.visit-ulcinj.com\/blog\/2011\/05\/15\/shasi-ilir-i-365-kishave\/#breadcrumb"},"inLanguage":"en-US","potentialAction":[{"@type":"ReadAction","target":["https:\/\/www.visit-ulcinj.com\/blog\/2011\/05\/15\/shasi-ilir-i-365-kishave\/"]}]},{"@type":"BreadcrumbList","@id":"https:\/\/www.visit-ulcinj.com\/blog\/2011\/05\/15\/shasi-ilir-i-365-kishave\/#breadcrumb","itemListElement":[{"@type":"ListItem","position":1,"name":"Shasi ilir i 365 kishave"}]},{"@type":"Person","@id":"https:\/\/www.visit-ulcinj.com\/blog\/#\/schema\/person\/dcab619c614d3038751c63bc2aadc06d","name":"ulqini","sameAs":["http:\/\/www.visit-ulcinj.com"],"url":"https:\/\/www.visit-ulcinj.com\/blog\/author\/admin\/"}]}},"jetpack_featured_media_url":"","jetpack_sharing_enabled":true,"jetpack_shortlink":"https:\/\/wp.me\/pe6lTn-c4Z","_links":{"self":[{"href":"https:\/\/www.visit-ulcinj.com\/blog\/wp-json\/wp\/v2\/posts\/46437"}],"collection":[{"href":"https:\/\/www.visit-ulcinj.com\/blog\/wp-json\/wp\/v2\/posts"}],"about":[{"href":"https:\/\/www.visit-ulcinj.com\/blog\/wp-json\/wp\/v2\/types\/post"}],"author":[{"embeddable":true,"href":"https:\/\/www.visit-ulcinj.com\/blog\/wp-json\/wp\/v2\/users\/1"}],"replies":[{"embeddable":true,"href":"https:\/\/www.visit-ulcinj.com\/blog\/wp-json\/wp\/v2\/comments?post=46437"}],"version-history":[{"count":0,"href":"https:\/\/www.visit-ulcinj.com\/blog\/wp-json\/wp\/v2\/posts\/46437\/revisions"}],"wp:attachment":[{"href":"https:\/\/www.visit-ulcinj.com\/blog\/wp-json\/wp\/v2\/media?parent=46437"}],"wp:term":[{"taxonomy":"category","embeddable":true,"href":"https:\/\/www.visit-ulcinj.com\/blog\/wp-json\/wp\/v2\/categories?post=46437"},{"taxonomy":"post_tag","embeddable":true,"href":"https:\/\/www.visit-ulcinj.com\/blog\/wp-json\/wp\/v2\/tags?post=46437"}],"curies":[{"name":"wp","href":"https:\/\/api.w.org\/{rel}","templated":true}]}}