{"id":46458,"date":"2011-05-10T11:14:16","date_gmt":"2011-05-10T10:14:16","guid":{"rendered":"http:\/\/www.visit-ulcinj.com\/blog\/?p=46458"},"modified":"2011-05-14T14:29:29","modified_gmt":"2011-05-14T13:29:29","slug":"horizonti-i-ri-shenoi-diten-e-evropes-ne-ulqin","status":"publish","type":"post","link":"https:\/\/www.visit-ulcinj.com\/blog\/2011\/05\/10\/horizonti-i-ri-shenoi-diten-e-evropes-ne-ulqin\/","title":{"rendered":"Horizonti i Ri sh\u00ebnoi Dit\u00ebn e Evrop\u00ebs n\u00eb Ulqin"},"content":{"rendered":"<p><a href=\"http:\/\/www.visit-ulcinj.com\/blog\/wp-content\/uploads\/2011\/05\/EUROPE-DAYULCINJ-ULQIN-ULQINI-MONTENEGRO.3.jpg\"><img loading=\"lazy\" class=\"alignleft size-full wp-image-46459\" title=\"EUROPE DAY,ULCINJ - ULQIN - ULQINI -MONTENEGRO.3\" src=\"http:\/\/www.visit-ulcinj.com\/blog\/wp-content\/uploads\/2011\/05\/EUROPE-DAYULCINJ-ULQIN-ULQINI-MONTENEGRO.3.jpg\" alt=\"\" width=\"508\" height=\"380\" \/><\/a>N\u00eb organizim t\u00eb shoq\u00ebris\u00eb civile Horizonti i Ri sot n\u00eb Ulqin u sh\u00ebnua 9 maji Dita e Evrop\u00ebs, mesazhi kryesor i k\u00ebtij manifestimi modest por dometh\u00ebn\u00ebs i cili u realizua n\u00eb kuad\u00ebr t\u00eb projektit EUROPE DAY CELEBRATION q\u00eb u mbajt n\u00eb Qendren Tregtare L &amp; Restaurant PIANO.<br \/>\n&#8220;N\u00eb prag t\u00eb integrimeve n\u00eb mb\u00ebshtetje t\u00eb ambasad\u00ebs amerikan\u00eb n\u00eb Podgoric\u00eb ishte se Ulqin \u00ebsht\u00eb I gatsh\u00ebm t\u00eb jap kontributin e vet\u00eb t\u00eb \u00e7muesh\u00ebm n\u00eb rrug\u00ebn e vet\u00ebdijesimit qytetar\u00eb drejt\u00eb familjes s\u00eb bashkuar evropian\u00eb p\u00ebr t\u00eb cil\u00ebn rrug\u00eb \u00ebsht\u00eb p\u00ebrcaktuar edhe vet\u00eb Mali i Zi.<\/p>\n<p>N\u00eb k\u00ebt\u00eb ceremoni \u00ebsht\u00eb paralajm\u00ebruar pjes\u00ebmarrja e zyrtar\u00ebve m\u00eb t\u00eb lart\u00eb vendor\u00eb e t\u00eb pranis\u00eb nd\u00ebrkomb\u00ebtare n\u00eb komun t\u00eb Ulqinit.Pjesmarsit zyrtar nder t\u00eb tjera mor\u00ebn pjes\u00eb G\u00ebzim Hajdinaga,Luigj Shkreli,Skender Elezaga, Andrija Cetkovic,Fatmir Gjeka,Tahir Tahiri,Xhemal Peroviqi, Dritan Abazi,Ilir Llazorja,e t\u00eb tjer\u00ebt.<br \/>\nKryetari i komun\u00ebs s\u00eb Ulqinit z.G\u00ebzim Hajdinaga theksoi se sh\u00ebnimi i k\u00ebsaj dite \u00ebsht\u00eb mund\u00ebsi q\u00eb t\u00eb tregojm\u00eb dhe t\u00eb kujtojm\u00eb se Mali i Zi dhe komuna e Ulqinit i p\u00ebrket familjes s\u00eb madhe evropiane.<\/p>\n<p>Dita e Evrop\u00ebs sot u sh\u00ebnua edhe n\u00eb vendet tjera t\u00eb Malit t\u00eb Zi,sikurse Podgoric\u00eb,Budve,Tivar,Cetinje etj.<br \/>\nQ\u00ebllimi i sh\u00ebnimit t\u00eb 9 majit &#8211; Dit\u00ebs s\u00eb Evrop\u00ebs si\u00e7 tha organizatori Nazif Velqi, \u00ebsht\u00eb promovimi i vlerave evropiane dhe politike n\u00eb Mal t\u00eb Zi,si dhe afrimi i tyre te qytetar\u00ebt e Malit t\u00eb Zi.<\/p>\n<p><a href=\"http:\/\/www.facebook.com\/media\/set\/?set=a.161039953960478.41698.100001634242248\" target=\"_blank\"><strong>Fotografit jan t\u00eb marura nga Horizonti Ngo Facebook<\/strong><\/a><br \/>\n\n\t\t<style type=\"text\/css\">\n\t\t\t#gallery-1 {\n\t\t\t\tmargin: auto;\n\t\t\t}\n\t\t\t#gallery-1 .gallery-item {\n\t\t\t\tfloat: left;\n\t\t\t\tmargin-top: 10px;\n\t\t\t\ttext-align: center;\n\t\t\t\twidth: 33%;\n\t\t\t}\n\t\t\t#gallery-1 img {\n\t\t\t\tborder: 2px solid #cfcfcf;\n\t\t\t}\n\t\t\t#gallery-1 .gallery-caption {\n\t\t\t\tmargin-left: 0;\n\t\t\t}\n\t\t\t\/* see gallery_shortcode() in wp-includes\/media.php *\/\n\t\t<\/style>\n\t\t<div id='gallery-1' class='gallery galleryid-46458 gallery-columns-3 gallery-size-thumbnail'><dl class='gallery-item'>\n\t\t\t<dt class='gallery-icon landscape'>\n\t\t\t\t<a href='https:\/\/www.visit-ulcinj.com\/blog\/wp-content\/uploads\/2011\/05\/EUROPE-DAYULCINJ-ULQIN-ULQINI-MONTENEGRO.3.jpg'><img width=\"150\" height=\"150\" src=\"https:\/\/www.visit-ulcinj.com\/blog\/wp-content\/uploads\/2011\/05\/EUROPE-DAYULCINJ-ULQIN-ULQINI-MONTENEGRO.3-150x150.jpg\" class=\"attachment-thumbnail size-thumbnail\" alt=\"\" loading=\"lazy\" \/><\/a>\n\t\t\t<\/dt><\/dl><dl class='gallery-item'>\n\t\t\t<dt class='gallery-icon landscape'>\n\t\t\t\t<a href='https:\/\/www.visit-ulcinj.com\/blog\/wp-content\/uploads\/2011\/05\/EUROPE-DAYULCINJ-ULQIN-ULQINI-MONTENEGRO.1.jpg'><img width=\"150\" height=\"150\" src=\"https:\/\/www.visit-ulcinj.com\/blog\/wp-content\/uploads\/2011\/05\/EUROPE-DAYULCINJ-ULQIN-ULQINI-MONTENEGRO.1-150x150.jpg\" class=\"attachment-thumbnail size-thumbnail\" alt=\"\" loading=\"lazy\" \/><\/a>\n\t\t\t<\/dt><\/dl><dl class='gallery-item'>\n\t\t\t<dt class='gallery-icon portrait'>\n\t\t\t\t<a href='https:\/\/www.visit-ulcinj.com\/blog\/wp-content\/uploads\/2011\/05\/EUROPE-DAYULCINJ-ULQIN-ULQINI-MONTENEGRO.2.jpg'><img width=\"150\" height=\"150\" src=\"https:\/\/www.visit-ulcinj.com\/blog\/wp-content\/uploads\/2011\/05\/EUROPE-DAYULCINJ-ULQIN-ULQINI-MONTENEGRO.2-150x150.jpg\" class=\"attachment-thumbnail size-thumbnail\" alt=\"\" loading=\"lazy\" \/><\/a>\n\t\t\t<\/dt><\/dl><br style=\"clear: both\" \/><dl class='gallery-item'>\n\t\t\t<dt class='gallery-icon landscape'>\n\t\t\t\t<a href='https:\/\/www.visit-ulcinj.com\/blog\/wp-content\/uploads\/2011\/05\/EUROPE-DAYULCINJ-ULQIN-ULQINI-MONTENEGRO.4.jpg'><img width=\"150\" height=\"150\" src=\"https:\/\/www.visit-ulcinj.com\/blog\/wp-content\/uploads\/2011\/05\/EUROPE-DAYULCINJ-ULQIN-ULQINI-MONTENEGRO.4-150x150.jpg\" class=\"attachment-thumbnail size-thumbnail\" alt=\"\" loading=\"lazy\" \/><\/a>\n\t\t\t<\/dt><\/dl><dl class='gallery-item'>\n\t\t\t<dt class='gallery-icon landscape'>\n\t\t\t\t<a href='https:\/\/www.visit-ulcinj.com\/blog\/wp-content\/uploads\/2011\/05\/EUROPE-DAYULCINJ-ULQIN-ULQINI-MONTENEGRO.5.jpg'><img width=\"150\" height=\"150\" src=\"https:\/\/www.visit-ulcinj.com\/blog\/wp-content\/uploads\/2011\/05\/EUROPE-DAYULCINJ-ULQIN-ULQINI-MONTENEGRO.5-150x150.jpg\" class=\"attachment-thumbnail size-thumbnail\" alt=\"\" loading=\"lazy\" \/><\/a>\n\t\t\t<\/dt><\/dl><dl class='gallery-item'>\n\t\t\t<dt class='gallery-icon landscape'>\n\t\t\t\t<a href='https:\/\/www.visit-ulcinj.com\/blog\/wp-content\/uploads\/2011\/05\/EUROPE-DAYULCINJ-ULQIN-ULQINI-MONTENEGRO.6.jpg'><img width=\"150\" height=\"150\" src=\"https:\/\/www.visit-ulcinj.com\/blog\/wp-content\/uploads\/2011\/05\/EUROPE-DAYULCINJ-ULQIN-ULQINI-MONTENEGRO.6-150x150.jpg\" class=\"attachment-thumbnail size-thumbnail\" alt=\"\" loading=\"lazy\" \/><\/a>\n\t\t\t<\/dt><\/dl><br style=\"clear: both\" \/><dl class='gallery-item'>\n\t\t\t<dt class='gallery-icon landscape'>\n\t\t\t\t<a href='https:\/\/www.visit-ulcinj.com\/blog\/wp-content\/uploads\/2011\/05\/EUROPE-DAYULCINJ-ULQIN-ULQINI-MONTENEGRO.7.jpg'><img width=\"150\" height=\"150\" src=\"https:\/\/www.visit-ulcinj.com\/blog\/wp-content\/uploads\/2011\/05\/EUROPE-DAYULCINJ-ULQIN-ULQINI-MONTENEGRO.7-150x150.jpg\" class=\"attachment-thumbnail size-thumbnail\" alt=\"\" loading=\"lazy\" \/><\/a>\n\t\t\t<\/dt><\/dl><dl class='gallery-item'>\n\t\t\t<dt class='gallery-icon landscape'>\n\t\t\t\t<a href='https:\/\/www.visit-ulcinj.com\/blog\/wp-content\/uploads\/2011\/05\/EUROPE-DAYULCINJ-ULQIN-ULQINI-MONTENEGRO.8.jpg'><img width=\"150\" height=\"150\" src=\"https:\/\/www.visit-ulcinj.com\/blog\/wp-content\/uploads\/2011\/05\/EUROPE-DAYULCINJ-ULQIN-ULQINI-MONTENEGRO.8-150x150.jpg\" class=\"attachment-thumbnail size-thumbnail\" alt=\"\" loading=\"lazy\" \/><\/a>\n\t\t\t<\/dt><\/dl><dl class='gallery-item'>\n\t\t\t<dt class='gallery-icon landscape'>\n\t\t\t\t<a href='https:\/\/www.visit-ulcinj.com\/blog\/wp-content\/uploads\/2011\/05\/EUROPE-DAYULCINJ-ULQIN-ULQINI-MONTENEGRO.9.jpg'><img width=\"150\" height=\"150\" src=\"https:\/\/www.visit-ulcinj.com\/blog\/wp-content\/uploads\/2011\/05\/EUROPE-DAYULCINJ-ULQIN-ULQINI-MONTENEGRO.9-150x150.jpg\" class=\"attachment-thumbnail size-thumbnail\" alt=\"\" loading=\"lazy\" \/><\/a>\n\t\t\t<\/dt><\/dl><br style=\"clear: both\" \/><dl class='gallery-item'>\n\t\t\t<dt class='gallery-icon landscape'>\n\t\t\t\t<a href='https:\/\/www.visit-ulcinj.com\/blog\/wp-content\/uploads\/2011\/05\/EUROPE-DAYULCINJ-ULQIN-ULQINI-MONTENEGRO.10.jpg'><img width=\"150\" height=\"150\" src=\"https:\/\/www.visit-ulcinj.com\/blog\/wp-content\/uploads\/2011\/05\/EUROPE-DAYULCINJ-ULQIN-ULQINI-MONTENEGRO.10-150x150.jpg\" class=\"attachment-thumbnail size-thumbnail\" alt=\"\" loading=\"lazy\" \/><\/a>\n\t\t\t<\/dt><\/dl><dl class='gallery-item'>\n\t\t\t<dt class='gallery-icon landscape'>\n\t\t\t\t<a href='https:\/\/www.visit-ulcinj.com\/blog\/wp-content\/uploads\/2011\/05\/EUROPE-DAYULCINJ-ULQIN-ULQINI-MONTENEGRO.11.jpg'><img width=\"150\" height=\"150\" src=\"https:\/\/www.visit-ulcinj.com\/blog\/wp-content\/uploads\/2011\/05\/EUROPE-DAYULCINJ-ULQIN-ULQINI-MONTENEGRO.11-150x150.jpg\" class=\"attachment-thumbnail size-thumbnail\" alt=\"\" loading=\"lazy\" \/><\/a>\n\t\t\t<\/dt><\/dl><dl class='gallery-item'>\n\t\t\t<dt class='gallery-icon landscape'>\n\t\t\t\t<a href='https:\/\/www.visit-ulcinj.com\/blog\/wp-content\/uploads\/2011\/05\/EUROPE-DAYULCINJ-ULQIN-ULQINI-MONTENEGRO.jpg'><img width=\"150\" height=\"150\" src=\"https:\/\/www.visit-ulcinj.com\/blog\/wp-content\/uploads\/2011\/05\/EUROPE-DAYULCINJ-ULQIN-ULQINI-MONTENEGRO-150x150.jpg\" class=\"attachment-thumbnail size-thumbnail\" alt=\"\" loading=\"lazy\" \/><\/a>\n\t\t\t<\/dt><\/dl><br style=\"clear: both\" \/>\n\t\t<\/div>\n<br \/>\n<!--YouTube Error: bad URL entered--><\/p>\n","protected":false},"excerpt":{"rendered":"<p>N\u00eb organizim t\u00eb shoq\u00ebris\u00eb civile Horizonti i Ri sot n\u00eb Ulqin u sh\u00ebnua 9 maji Dita e Evrop\u00ebs, mesazhi kryesor i k\u00ebtij manifestimi modest por dometh\u00ebn\u00ebs i cili u realizua n\u00eb kuad\u00ebr t\u00eb projektit EUROPE DAY CELEBRATION q\u00eb u mbajt n\u00eb Qendren Tregtare L &amp; Restaurant PIANO. &#8220;N\u00eb prag t\u00eb integrimeve n\u00eb mb\u00ebshtetje t\u00eb ambasad\u00ebs [&hellip;]<\/p>\n","protected":false},"author":1,"featured_media":0,"comment_status":"open","ping_status":"closed","sticky":false,"template":"","format":"standard","meta":{"spay_email":"","jetpack_publicize_message":"","jetpack_is_tweetstorm":false,"jetpack_publicize_feature_enabled":true},"categories":[13],"tags":[18232,16431,200,18],"jetpack_publicize_connections":[],"yoast_head":"<!-- This site is optimized with the Yoast SEO plugin v19.1 - https:\/\/yoast.com\/wordpress\/plugins\/seo\/ -->\n<title>Horizonti i Ri sh\u00ebnoi Dit\u00ebn e Evrop\u00ebs n\u00eb Ulqin - Lajme nga Ulqini<\/title>\n<meta name=\"description\" content=\"N\u00eb organizim t\u00eb shoq\u00ebris\u00eb civile Horizonti i Ri sot n\u00eb Ulqin u sh\u00ebnua 9 maji Dita e Evrop\u00ebs, mesazhi kryesor i k\u00ebtij manifestimi modest por dometh\u00ebn\u00ebs i\" \/>\n<meta name=\"robots\" content=\"index, follow, max-snippet:-1, max-image-preview:large, max-video-preview:-1\" \/>\n<link rel=\"canonical\" href=\"https:\/\/www.visit-ulcinj.com\/blog\/2011\/05\/10\/horizonti-i-ri-shenoi-diten-e-evropes-ne-ulqin\/\" \/>\n<meta property=\"og:locale\" content=\"en_US\" \/>\n<meta property=\"og:type\" content=\"article\" \/>\n<meta property=\"og:title\" content=\"Horizonti i Ri sh\u00ebnoi Dit\u00ebn e Evrop\u00ebs n\u00eb Ulqin - Lajme nga Ulqini\" \/>\n<meta property=\"og:description\" content=\"N\u00eb organizim t\u00eb shoq\u00ebris\u00eb civile Horizonti i Ri sot n\u00eb Ulqin u sh\u00ebnua 9 maji Dita e Evrop\u00ebs, mesazhi kryesor i k\u00ebtij manifestimi modest por dometh\u00ebn\u00ebs i\" \/>\n<meta property=\"og:url\" content=\"https:\/\/www.visit-ulcinj.com\/blog\/2011\/05\/10\/horizonti-i-ri-shenoi-diten-e-evropes-ne-ulqin\/\" \/>\n<meta property=\"og:site_name\" content=\"Lajme nga Ulqini\" \/>\n<meta property=\"article:published_time\" content=\"2011-05-10T10:14:16+00:00\" \/>\n<meta property=\"article:modified_time\" content=\"2011-05-14T13:29:29+00:00\" \/>\n<meta property=\"og:image\" content=\"https:\/\/www.visit-ulcinj.com\/blog\/wp-content\/uploads\/2011\/05\/EUROPE-DAYULCINJ-ULQIN-ULQINI-MONTENEGRO.3-150x150.jpg\" \/>\n<meta name=\"twitter:label1\" content=\"Written by\" \/>\n\t<meta name=\"twitter:data1\" content=\"ulqini\" \/>\n\t<meta name=\"twitter:label2\" content=\"Est. reading time\" \/>\n\t<meta name=\"twitter:data2\" content=\"1 minute\" \/>\n<script type=\"application\/ld+json\" class=\"yoast-schema-graph\">{\"@context\":\"https:\/\/schema.org\",\"@graph\":[{\"@type\":\"WebSite\",\"@id\":\"https:\/\/www.visit-ulcinj.com\/blog\/#website\",\"url\":\"https:\/\/www.visit-ulcinj.com\/blog\/\",\"name\":\"Lajme nga Ulqini\",\"description\":\"Lajme,Vijesti,Ulqini,Ulqin,Crna Gora,Mali i Zi\",\"potentialAction\":[{\"@type\":\"SearchAction\",\"target\":{\"@type\":\"EntryPoint\",\"urlTemplate\":\"https:\/\/www.visit-ulcinj.com\/blog\/?s={search_term_string}\"},\"query-input\":\"required name=search_term_string\"}],\"inLanguage\":\"en-US\"},{\"@type\":\"ImageObject\",\"inLanguage\":\"en-US\",\"@id\":\"https:\/\/www.visit-ulcinj.com\/blog\/2011\/05\/10\/horizonti-i-ri-shenoi-diten-e-evropes-ne-ulqin\/#primaryimage\",\"url\":\"https:\/\/www.visit-ulcinj.com\/blog\/wp-content\/uploads\/2011\/05\/EUROPE-DAYULCINJ-ULQIN-ULQINI-MONTENEGRO.3.jpg\",\"contentUrl\":\"https:\/\/www.visit-ulcinj.com\/blog\/wp-content\/uploads\/2011\/05\/EUROPE-DAYULCINJ-ULQIN-ULQINI-MONTENEGRO.3.jpg\",\"width\":\"720\",\"height\":\"409\"},{\"@type\":\"WebPage\",\"@id\":\"https:\/\/www.visit-ulcinj.com\/blog\/2011\/05\/10\/horizonti-i-ri-shenoi-diten-e-evropes-ne-ulqin\/#webpage\",\"url\":\"https:\/\/www.visit-ulcinj.com\/blog\/2011\/05\/10\/horizonti-i-ri-shenoi-diten-e-evropes-ne-ulqin\/\",\"name\":\"Horizonti i Ri sh\u00ebnoi Dit\u00ebn e Evrop\u00ebs n\u00eb Ulqin - Lajme nga Ulqini\",\"isPartOf\":{\"@id\":\"https:\/\/www.visit-ulcinj.com\/blog\/#website\"},\"primaryImageOfPage\":{\"@id\":\"https:\/\/www.visit-ulcinj.com\/blog\/2011\/05\/10\/horizonti-i-ri-shenoi-diten-e-evropes-ne-ulqin\/#primaryimage\"},\"datePublished\":\"2011-05-10T10:14:16+00:00\",\"dateModified\":\"2011-05-14T13:29:29+00:00\",\"author\":{\"@id\":\"https:\/\/www.visit-ulcinj.com\/blog\/#\/schema\/person\/dcab619c614d3038751c63bc2aadc06d\"},\"description\":\"N\u00eb organizim t\u00eb shoq\u00ebris\u00eb civile Horizonti i Ri sot n\u00eb Ulqin u sh\u00ebnua 9 maji Dita e Evrop\u00ebs, mesazhi kryesor i k\u00ebtij manifestimi modest por dometh\u00ebn\u00ebs i\",\"breadcrumb\":{\"@id\":\"https:\/\/www.visit-ulcinj.com\/blog\/2011\/05\/10\/horizonti-i-ri-shenoi-diten-e-evropes-ne-ulqin\/#breadcrumb\"},\"inLanguage\":\"en-US\",\"potentialAction\":[{\"@type\":\"ReadAction\",\"target\":[\"https:\/\/www.visit-ulcinj.com\/blog\/2011\/05\/10\/horizonti-i-ri-shenoi-diten-e-evropes-ne-ulqin\/\"]}]},{\"@type\":\"BreadcrumbList\",\"@id\":\"https:\/\/www.visit-ulcinj.com\/blog\/2011\/05\/10\/horizonti-i-ri-shenoi-diten-e-evropes-ne-ulqin\/#breadcrumb\",\"itemListElement\":[{\"@type\":\"ListItem\",\"position\":1,\"name\":\"Horizonti i Ri sh\u00ebnoi Dit\u00ebn e Evrop\u00ebs n\u00eb Ulqin\"}]},{\"@type\":\"Person\",\"@id\":\"https:\/\/www.visit-ulcinj.com\/blog\/#\/schema\/person\/dcab619c614d3038751c63bc2aadc06d\",\"name\":\"ulqini\",\"sameAs\":[\"http:\/\/www.visit-ulcinj.com\"],\"url\":\"https:\/\/www.visit-ulcinj.com\/blog\/author\/admin\/\"}]}<\/script>\n<!-- \/ Yoast SEO plugin. -->","yoast_head_json":{"title":"Horizonti i Ri sh\u00ebnoi Dit\u00ebn e Evrop\u00ebs n\u00eb Ulqin - Lajme nga Ulqini","description":"N\u00eb organizim t\u00eb shoq\u00ebris\u00eb civile Horizonti i Ri sot n\u00eb Ulqin u sh\u00ebnua 9 maji Dita e Evrop\u00ebs, mesazhi kryesor i k\u00ebtij manifestimi modest por dometh\u00ebn\u00ebs i","robots":{"index":"index","follow":"follow","max-snippet":"max-snippet:-1","max-image-preview":"max-image-preview:large","max-video-preview":"max-video-preview:-1"},"canonical":"https:\/\/www.visit-ulcinj.com\/blog\/2011\/05\/10\/horizonti-i-ri-shenoi-diten-e-evropes-ne-ulqin\/","og_locale":"en_US","og_type":"article","og_title":"Horizonti i Ri sh\u00ebnoi Dit\u00ebn e Evrop\u00ebs n\u00eb Ulqin - Lajme nga Ulqini","og_description":"N\u00eb organizim t\u00eb shoq\u00ebris\u00eb civile Horizonti i Ri sot n\u00eb Ulqin u sh\u00ebnua 9 maji Dita e Evrop\u00ebs, mesazhi kryesor i k\u00ebtij manifestimi modest por dometh\u00ebn\u00ebs i","og_url":"https:\/\/www.visit-ulcinj.com\/blog\/2011\/05\/10\/horizonti-i-ri-shenoi-diten-e-evropes-ne-ulqin\/","og_site_name":"Lajme nga Ulqini","article_published_time":"2011-05-10T10:14:16+00:00","article_modified_time":"2011-05-14T13:29:29+00:00","og_image":[{"url":"https:\/\/www.visit-ulcinj.com\/blog\/wp-content\/uploads\/2011\/05\/EUROPE-DAYULCINJ-ULQIN-ULQINI-MONTENEGRO.3-150x150.jpg"}],"twitter_misc":{"Written by":"ulqini","Est. reading time":"1 minute"},"schema":{"@context":"https:\/\/schema.org","@graph":[{"@type":"WebSite","@id":"https:\/\/www.visit-ulcinj.com\/blog\/#website","url":"https:\/\/www.visit-ulcinj.com\/blog\/","name":"Lajme nga Ulqini","description":"Lajme,Vijesti,Ulqini,Ulqin,Crna Gora,Mali i Zi","potentialAction":[{"@type":"SearchAction","target":{"@type":"EntryPoint","urlTemplate":"https:\/\/www.visit-ulcinj.com\/blog\/?s={search_term_string}"},"query-input":"required name=search_term_string"}],"inLanguage":"en-US"},{"@type":"ImageObject","inLanguage":"en-US","@id":"https:\/\/www.visit-ulcinj.com\/blog\/2011\/05\/10\/horizonti-i-ri-shenoi-diten-e-evropes-ne-ulqin\/#primaryimage","url":"https:\/\/www.visit-ulcinj.com\/blog\/wp-content\/uploads\/2011\/05\/EUROPE-DAYULCINJ-ULQIN-ULQINI-MONTENEGRO.3.jpg","contentUrl":"https:\/\/www.visit-ulcinj.com\/blog\/wp-content\/uploads\/2011\/05\/EUROPE-DAYULCINJ-ULQIN-ULQINI-MONTENEGRO.3.jpg","width":"720","height":"409"},{"@type":"WebPage","@id":"https:\/\/www.visit-ulcinj.com\/blog\/2011\/05\/10\/horizonti-i-ri-shenoi-diten-e-evropes-ne-ulqin\/#webpage","url":"https:\/\/www.visit-ulcinj.com\/blog\/2011\/05\/10\/horizonti-i-ri-shenoi-diten-e-evropes-ne-ulqin\/","name":"Horizonti i Ri sh\u00ebnoi Dit\u00ebn e Evrop\u00ebs n\u00eb Ulqin - Lajme nga Ulqini","isPartOf":{"@id":"https:\/\/www.visit-ulcinj.com\/blog\/#website"},"primaryImageOfPage":{"@id":"https:\/\/www.visit-ulcinj.com\/blog\/2011\/05\/10\/horizonti-i-ri-shenoi-diten-e-evropes-ne-ulqin\/#primaryimage"},"datePublished":"2011-05-10T10:14:16+00:00","dateModified":"2011-05-14T13:29:29+00:00","author":{"@id":"https:\/\/www.visit-ulcinj.com\/blog\/#\/schema\/person\/dcab619c614d3038751c63bc2aadc06d"},"description":"N\u00eb organizim t\u00eb shoq\u00ebris\u00eb civile Horizonti i Ri sot n\u00eb Ulqin u sh\u00ebnua 9 maji Dita e Evrop\u00ebs, mesazhi kryesor i k\u00ebtij manifestimi modest por dometh\u00ebn\u00ebs i","breadcrumb":{"@id":"https:\/\/www.visit-ulcinj.com\/blog\/2011\/05\/10\/horizonti-i-ri-shenoi-diten-e-evropes-ne-ulqin\/#breadcrumb"},"inLanguage":"en-US","potentialAction":[{"@type":"ReadAction","target":["https:\/\/www.visit-ulcinj.com\/blog\/2011\/05\/10\/horizonti-i-ri-shenoi-diten-e-evropes-ne-ulqin\/"]}]},{"@type":"BreadcrumbList","@id":"https:\/\/www.visit-ulcinj.com\/blog\/2011\/05\/10\/horizonti-i-ri-shenoi-diten-e-evropes-ne-ulqin\/#breadcrumb","itemListElement":[{"@type":"ListItem","position":1,"name":"Horizonti i Ri sh\u00ebnoi Dit\u00ebn e Evrop\u00ebs n\u00eb Ulqin"}]},{"@type":"Person","@id":"https:\/\/www.visit-ulcinj.com\/blog\/#\/schema\/person\/dcab619c614d3038751c63bc2aadc06d","name":"ulqini","sameAs":["http:\/\/www.visit-ulcinj.com"],"url":"https:\/\/www.visit-ulcinj.com\/blog\/author\/admin\/"}]}},"jetpack_featured_media_url":"","jetpack_sharing_enabled":true,"jetpack_shortlink":"https:\/\/wp.me\/pe6lTn-c5k","_links":{"self":[{"href":"https:\/\/www.visit-ulcinj.com\/blog\/wp-json\/wp\/v2\/posts\/46458"}],"collection":[{"href":"https:\/\/www.visit-ulcinj.com\/blog\/wp-json\/wp\/v2\/posts"}],"about":[{"href":"https:\/\/www.visit-ulcinj.com\/blog\/wp-json\/wp\/v2\/types\/post"}],"author":[{"embeddable":true,"href":"https:\/\/www.visit-ulcinj.com\/blog\/wp-json\/wp\/v2\/users\/1"}],"replies":[{"embeddable":true,"href":"https:\/\/www.visit-ulcinj.com\/blog\/wp-json\/wp\/v2\/comments?post=46458"}],"version-history":[{"count":0,"href":"https:\/\/www.visit-ulcinj.com\/blog\/wp-json\/wp\/v2\/posts\/46458\/revisions"}],"wp:attachment":[{"href":"https:\/\/www.visit-ulcinj.com\/blog\/wp-json\/wp\/v2\/media?parent=46458"}],"wp:term":[{"taxonomy":"category","embeddable":true,"href":"https:\/\/www.visit-ulcinj.com\/blog\/wp-json\/wp\/v2\/categories?post=46458"},{"taxonomy":"post_tag","embeddable":true,"href":"https:\/\/www.visit-ulcinj.com\/blog\/wp-json\/wp\/v2\/tags?post=46458"}],"curies":[{"name":"wp","href":"https:\/\/api.w.org\/{rel}","templated":true}]}}