{"id":46483,"date":"2011-05-10T18:25:48","date_gmt":"2011-05-10T17:25:48","guid":{"rendered":"http:\/\/www.visit-ulcinj.com\/blog\/?p=46483"},"modified":"2011-05-10T18:49:39","modified_gmt":"2011-05-10T17:49:39","slug":"po-fundoset-ada-e-ulqinitpushimore-me-renome-nderkombetare","status":"publish","type":"post","link":"https:\/\/www.visit-ulcinj.com\/blog\/2011\/05\/10\/po-fundoset-ada-e-ulqinitpushimore-me-renome-nderkombetare\/","title":{"rendered":"Ad\u00ebn e Ulqinit po e han\u00eb nd\u00ebrtimet"},"content":{"rendered":"<p><a href=\"http:\/\/www.visit-ulcinj.com\/blog\/wp-content\/uploads\/2011\/05\/Ada-Bojana-po-fundoset_Ulqin_mali-i-zi.jpg\"><img loading=\"lazy\" class=\"alignleft size-full wp-image-46484\" title=\"Ada-Bojana-po fundoset_Ulqin_mali i zi\" src=\"http:\/\/www.visit-ulcinj.com\/blog\/wp-content\/uploads\/2011\/05\/Ada-Bojana-po-fundoset_Ulqin_mali-i-zi.jpg\" alt=\"\" width=\"508\" height=\"380\" \/><\/a>Ulqin, 10 maj &#8211; Nj\u00ebra nd\u00ebr pushimoret m\u00eb atraktive n\u00eb Detin Adriatik, plazhi nudistik me renome nd\u00ebrkomb\u00ebtare n\u00eb gryk\u00ebn e lumit Buna, \u00ebsht\u00eb duke u \u201cfundosur\u201d dhe kjo humbje n\u00eb det ka filluar n\u00eb dy dekadat e fundit si rezultat i pakujdesis\u00eb njer\u00ebzore dhe shtet\u00ebrore.<\/p>\n<p>Mali i Zi, edhe pse n\u00eb fillim t\u00eb k\u00ebtij shekulli \u00ebsht\u00eb shpallur shtet ekologjik, n\u00eb breg t\u00eb pushimores s\u00eb njohur nudistike Ada dhe n\u00eb Gryk\u00ebn e lumit Buna ka lejuar\u00a0 nd\u00ebrtimin ilegal t\u00eb mbi 500 vilave dhe restoranteve, q\u00eb kan\u00eb degraduar k\u00ebto dy ambiente m\u00eb atraktive, jo vet\u00ebm n\u00eb bregdetin e Ulqinit, por edhe at\u00eb t\u00eb Adriatikut, njofton KosovaLive.<br \/>\n\u201cVet\u00ebm n\u00eb gjasht\u00eb vitet e fundit, jan\u00eb zhdukur mbi 15 metra t\u00eb plazhit t\u00eb pushimores Ada. Ky proces ka p\u00ebrfshir\u00eb edhe Plazhin e madh fqinj edhe pse m\u00eb pak bie n\u00eb sy kjo p\u00ebr shkak t\u00eb gjat\u00ebsis\u00eb s\u00eb saj\u201d,- shprehet Xhelal Hoxha, kryetar i organizat\u00ebs s\u00eb mir\u00ebnjohur ekonlogjike nd\u00ebrkomb\u00ebtare me seli n\u00eb Ulqin , \u201cHapi i gjelb\u00ebr\u201d.<\/p>\n<p>Ai shton se shteti sikur nuk e v\u00ebren fenomenin e humbjeve t\u00eb plazheve m\u00eb t\u00eb bukura, t\u00eb cilat jan\u00eb resurset kryesore t\u00eb zhvillimit ekonomik t\u00eb k\u00ebtij vendi, turizmit.<\/p>\n<p>Publicisti dhe turizmologu, Mustafa Canka n\u00ebnvizon se gjer\u00ebsia aktuale e Ad\u00ebs arrin deri n\u00eb 10 m, 5 her\u00eb m\u00eb e vog\u00ebl se sa ishte m\u00eb par\u00eb. Sipas tij, ky \u00ebsht\u00eb rezultat i pagatishm\u00ebris\u00eb s\u00eb shtetit p\u00ebr t\u00eb investuar mjete financiare, t\u00eb cilat, v\u00ebrtet\u00eb, Malit t\u00eb Zi i mungojn\u00eb.<\/p>\n<p>Nd\u00ebrmarrja publike q\u00eb menaxhon bregdetin,\u201dT\u00eb mirat detare\u201d me seli n\u00eb Budv\u00eb, merret vet\u00ebm me monitorimin e k\u00ebsaj riviere. Pakujdesia shoq\u00ebrore po i \u201cfundos\u201d dy plazhet m\u00eb t\u00eb bukura n\u00eb rajon, pretenduese t\u00eb qendr\u00ebs evropiane t\u00eb turizmit t\u00eb q\u00ebndruesh\u00ebm ekologjik.<\/p>\n<p><strong>Koha Net<br \/>\n<\/strong><strong><strong><strong><strong><strong><strong><strong><strong><!--YouTube Error: bad URL entered--><\/strong><\/strong><\/strong><\/strong><\/strong><\/strong><\/strong><\/strong><\/p>\n","protected":false},"excerpt":{"rendered":"<p>Ulqin, 10 maj &#8211; Nj\u00ebra nd\u00ebr pushimoret m\u00eb atraktive n\u00eb Detin Adriatik, plazhi nudistik me renome nd\u00ebrkomb\u00ebtare n\u00eb gryk\u00ebn e lumit Buna, \u00ebsht\u00eb duke u \u201cfundosur\u201d dhe kjo humbje n\u00eb det ka filluar n\u00eb dy dekadat e fundit si rezultat i pakujdesis\u00eb njer\u00ebzore dhe shtet\u00ebrore. Mali i Zi, edhe pse n\u00eb fillim t\u00eb k\u00ebtij shekulli [&hellip;]<\/p>\n","protected":false},"author":1,"featured_media":0,"comment_status":"open","ping_status":"closed","sticky":false,"template":"","format":"standard","meta":{"spay_email":"","jetpack_publicize_message":"","jetpack_is_tweetstorm":false,"jetpack_publicize_feature_enabled":true},"categories":[14],"tags":[138,18234,95,18233,200,18,12903],"jetpack_publicize_connections":[],"yoast_head":"<!-- This site is optimized with the Yoast SEO plugin v19.1 - https:\/\/yoast.com\/wordpress\/plugins\/seo\/ -->\n<title>Ad\u00ebn e Ulqinit po e han\u00eb nd\u00ebrtimet - Lajme nga Ulqini<\/title>\n<meta name=\"description\" content=\"Ulqin, 10 maj - Nj\u00ebra nd\u00ebr pushimoret m\u00eb atraktive n\u00eb Detin Adriatik, plazhi nudistik me renome nd\u00ebrkomb\u00ebtare n\u00eb gryk\u00ebn e lumit Buna, \u00ebsht\u00eb duke u\" \/>\n<meta name=\"robots\" content=\"index, follow, max-snippet:-1, max-image-preview:large, max-video-preview:-1\" \/>\n<link rel=\"canonical\" href=\"https:\/\/www.visit-ulcinj.com\/blog\/2011\/05\/10\/po-fundoset-ada-e-ulqinitpushimore-me-renome-nderkombetare\/\" \/>\n<meta property=\"og:locale\" content=\"en_US\" \/>\n<meta property=\"og:type\" content=\"article\" \/>\n<meta property=\"og:title\" content=\"Ad\u00ebn e Ulqinit po e han\u00eb nd\u00ebrtimet - Lajme nga Ulqini\" \/>\n<meta property=\"og:description\" content=\"Ulqin, 10 maj - Nj\u00ebra nd\u00ebr pushimoret m\u00eb atraktive n\u00eb Detin Adriatik, plazhi nudistik me renome nd\u00ebrkomb\u00ebtare n\u00eb gryk\u00ebn e lumit Buna, \u00ebsht\u00eb duke u\" \/>\n<meta property=\"og:url\" content=\"https:\/\/www.visit-ulcinj.com\/blog\/2011\/05\/10\/po-fundoset-ada-e-ulqinitpushimore-me-renome-nderkombetare\/\" \/>\n<meta property=\"og:site_name\" content=\"Lajme nga Ulqini\" \/>\n<meta property=\"article:published_time\" content=\"2011-05-10T17:25:48+00:00\" \/>\n<meta property=\"article:modified_time\" content=\"2011-05-10T17:49:39+00:00\" \/>\n<meta property=\"og:image\" content=\"http:\/\/www.visit-ulcinj.com\/blog\/wp-content\/uploads\/2011\/05\/Ada-Bojana-po-fundoset_Ulqin_mali-i-zi.jpg\" \/>\n<meta name=\"twitter:label1\" content=\"Written by\" \/>\n\t<meta name=\"twitter:data1\" content=\"ulqini\" \/>\n\t<meta name=\"twitter:label2\" content=\"Est. reading time\" \/>\n\t<meta name=\"twitter:data2\" content=\"2 minutes\" \/>\n<script type=\"application\/ld+json\" class=\"yoast-schema-graph\">{\"@context\":\"https:\/\/schema.org\",\"@graph\":[{\"@type\":\"WebSite\",\"@id\":\"https:\/\/www.visit-ulcinj.com\/blog\/#website\",\"url\":\"https:\/\/www.visit-ulcinj.com\/blog\/\",\"name\":\"Lajme nga Ulqini\",\"description\":\"Lajme,Vijesti,Ulqini,Ulqin,Crna Gora,Mali i Zi\",\"potentialAction\":[{\"@type\":\"SearchAction\",\"target\":{\"@type\":\"EntryPoint\",\"urlTemplate\":\"https:\/\/www.visit-ulcinj.com\/blog\/?s={search_term_string}\"},\"query-input\":\"required name=search_term_string\"}],\"inLanguage\":\"en-US\"},{\"@type\":\"ImageObject\",\"inLanguage\":\"en-US\",\"@id\":\"https:\/\/www.visit-ulcinj.com\/blog\/2011\/05\/10\/po-fundoset-ada-e-ulqinitpushimore-me-renome-nderkombetare\/#primaryimage\",\"url\":\"https:\/\/www.visit-ulcinj.com\/blog\/wp-content\/uploads\/2011\/05\/Ada-Bojana-po-fundoset_Ulqin_mali-i-zi.jpg\",\"contentUrl\":\"https:\/\/www.visit-ulcinj.com\/blog\/wp-content\/uploads\/2011\/05\/Ada-Bojana-po-fundoset_Ulqin_mali-i-zi.jpg\",\"width\":\"800\",\"height\":\"533\"},{\"@type\":\"WebPage\",\"@id\":\"https:\/\/www.visit-ulcinj.com\/blog\/2011\/05\/10\/po-fundoset-ada-e-ulqinitpushimore-me-renome-nderkombetare\/#webpage\",\"url\":\"https:\/\/www.visit-ulcinj.com\/blog\/2011\/05\/10\/po-fundoset-ada-e-ulqinitpushimore-me-renome-nderkombetare\/\",\"name\":\"Ad\u00ebn e Ulqinit po e han\u00eb nd\u00ebrtimet - Lajme nga Ulqini\",\"isPartOf\":{\"@id\":\"https:\/\/www.visit-ulcinj.com\/blog\/#website\"},\"primaryImageOfPage\":{\"@id\":\"https:\/\/www.visit-ulcinj.com\/blog\/2011\/05\/10\/po-fundoset-ada-e-ulqinitpushimore-me-renome-nderkombetare\/#primaryimage\"},\"datePublished\":\"2011-05-10T17:25:48+00:00\",\"dateModified\":\"2011-05-10T17:49:39+00:00\",\"author\":{\"@id\":\"https:\/\/www.visit-ulcinj.com\/blog\/#\/schema\/person\/dcab619c614d3038751c63bc2aadc06d\"},\"description\":\"Ulqin, 10 maj - Nj\u00ebra nd\u00ebr pushimoret m\u00eb atraktive n\u00eb Detin Adriatik, plazhi nudistik me renome nd\u00ebrkomb\u00ebtare n\u00eb gryk\u00ebn e lumit Buna, \u00ebsht\u00eb duke u\",\"breadcrumb\":{\"@id\":\"https:\/\/www.visit-ulcinj.com\/blog\/2011\/05\/10\/po-fundoset-ada-e-ulqinitpushimore-me-renome-nderkombetare\/#breadcrumb\"},\"inLanguage\":\"en-US\",\"potentialAction\":[{\"@type\":\"ReadAction\",\"target\":[\"https:\/\/www.visit-ulcinj.com\/blog\/2011\/05\/10\/po-fundoset-ada-e-ulqinitpushimore-me-renome-nderkombetare\/\"]}]},{\"@type\":\"BreadcrumbList\",\"@id\":\"https:\/\/www.visit-ulcinj.com\/blog\/2011\/05\/10\/po-fundoset-ada-e-ulqinitpushimore-me-renome-nderkombetare\/#breadcrumb\",\"itemListElement\":[{\"@type\":\"ListItem\",\"position\":1,\"name\":\"Ad\u00ebn e Ulqinit po e han\u00eb nd\u00ebrtimet\"}]},{\"@type\":\"Person\",\"@id\":\"https:\/\/www.visit-ulcinj.com\/blog\/#\/schema\/person\/dcab619c614d3038751c63bc2aadc06d\",\"name\":\"ulqini\",\"sameAs\":[\"http:\/\/www.visit-ulcinj.com\"],\"url\":\"https:\/\/www.visit-ulcinj.com\/blog\/author\/admin\/\"}]}<\/script>\n<!-- \/ Yoast SEO plugin. -->","yoast_head_json":{"title":"Ad\u00ebn e Ulqinit po e han\u00eb nd\u00ebrtimet - Lajme nga Ulqini","description":"Ulqin, 10 maj - Nj\u00ebra nd\u00ebr pushimoret m\u00eb atraktive n\u00eb Detin Adriatik, plazhi nudistik me renome nd\u00ebrkomb\u00ebtare n\u00eb gryk\u00ebn e lumit Buna, \u00ebsht\u00eb duke u","robots":{"index":"index","follow":"follow","max-snippet":"max-snippet:-1","max-image-preview":"max-image-preview:large","max-video-preview":"max-video-preview:-1"},"canonical":"https:\/\/www.visit-ulcinj.com\/blog\/2011\/05\/10\/po-fundoset-ada-e-ulqinitpushimore-me-renome-nderkombetare\/","og_locale":"en_US","og_type":"article","og_title":"Ad\u00ebn e Ulqinit po e han\u00eb nd\u00ebrtimet - Lajme nga Ulqini","og_description":"Ulqin, 10 maj - Nj\u00ebra nd\u00ebr pushimoret m\u00eb atraktive n\u00eb Detin Adriatik, plazhi nudistik me renome nd\u00ebrkomb\u00ebtare n\u00eb gryk\u00ebn e lumit Buna, \u00ebsht\u00eb duke u","og_url":"https:\/\/www.visit-ulcinj.com\/blog\/2011\/05\/10\/po-fundoset-ada-e-ulqinitpushimore-me-renome-nderkombetare\/","og_site_name":"Lajme nga Ulqini","article_published_time":"2011-05-10T17:25:48+00:00","article_modified_time":"2011-05-10T17:49:39+00:00","og_image":[{"url":"http:\/\/www.visit-ulcinj.com\/blog\/wp-content\/uploads\/2011\/05\/Ada-Bojana-po-fundoset_Ulqin_mali-i-zi.jpg"}],"twitter_misc":{"Written by":"ulqini","Est. reading time":"2 minutes"},"schema":{"@context":"https:\/\/schema.org","@graph":[{"@type":"WebSite","@id":"https:\/\/www.visit-ulcinj.com\/blog\/#website","url":"https:\/\/www.visit-ulcinj.com\/blog\/","name":"Lajme nga Ulqini","description":"Lajme,Vijesti,Ulqini,Ulqin,Crna Gora,Mali i Zi","potentialAction":[{"@type":"SearchAction","target":{"@type":"EntryPoint","urlTemplate":"https:\/\/www.visit-ulcinj.com\/blog\/?s={search_term_string}"},"query-input":"required name=search_term_string"}],"inLanguage":"en-US"},{"@type":"ImageObject","inLanguage":"en-US","@id":"https:\/\/www.visit-ulcinj.com\/blog\/2011\/05\/10\/po-fundoset-ada-e-ulqinitpushimore-me-renome-nderkombetare\/#primaryimage","url":"https:\/\/www.visit-ulcinj.com\/blog\/wp-content\/uploads\/2011\/05\/Ada-Bojana-po-fundoset_Ulqin_mali-i-zi.jpg","contentUrl":"https:\/\/www.visit-ulcinj.com\/blog\/wp-content\/uploads\/2011\/05\/Ada-Bojana-po-fundoset_Ulqin_mali-i-zi.jpg","width":"800","height":"533"},{"@type":"WebPage","@id":"https:\/\/www.visit-ulcinj.com\/blog\/2011\/05\/10\/po-fundoset-ada-e-ulqinitpushimore-me-renome-nderkombetare\/#webpage","url":"https:\/\/www.visit-ulcinj.com\/blog\/2011\/05\/10\/po-fundoset-ada-e-ulqinitpushimore-me-renome-nderkombetare\/","name":"Ad\u00ebn e Ulqinit po e han\u00eb nd\u00ebrtimet - Lajme nga Ulqini","isPartOf":{"@id":"https:\/\/www.visit-ulcinj.com\/blog\/#website"},"primaryImageOfPage":{"@id":"https:\/\/www.visit-ulcinj.com\/blog\/2011\/05\/10\/po-fundoset-ada-e-ulqinitpushimore-me-renome-nderkombetare\/#primaryimage"},"datePublished":"2011-05-10T17:25:48+00:00","dateModified":"2011-05-10T17:49:39+00:00","author":{"@id":"https:\/\/www.visit-ulcinj.com\/blog\/#\/schema\/person\/dcab619c614d3038751c63bc2aadc06d"},"description":"Ulqin, 10 maj - Nj\u00ebra nd\u00ebr pushimoret m\u00eb atraktive n\u00eb Detin Adriatik, plazhi nudistik me renome nd\u00ebrkomb\u00ebtare n\u00eb gryk\u00ebn e lumit Buna, \u00ebsht\u00eb duke u","breadcrumb":{"@id":"https:\/\/www.visit-ulcinj.com\/blog\/2011\/05\/10\/po-fundoset-ada-e-ulqinitpushimore-me-renome-nderkombetare\/#breadcrumb"},"inLanguage":"en-US","potentialAction":[{"@type":"ReadAction","target":["https:\/\/www.visit-ulcinj.com\/blog\/2011\/05\/10\/po-fundoset-ada-e-ulqinitpushimore-me-renome-nderkombetare\/"]}]},{"@type":"BreadcrumbList","@id":"https:\/\/www.visit-ulcinj.com\/blog\/2011\/05\/10\/po-fundoset-ada-e-ulqinitpushimore-me-renome-nderkombetare\/#breadcrumb","itemListElement":[{"@type":"ListItem","position":1,"name":"Ad\u00ebn e Ulqinit po e han\u00eb nd\u00ebrtimet"}]},{"@type":"Person","@id":"https:\/\/www.visit-ulcinj.com\/blog\/#\/schema\/person\/dcab619c614d3038751c63bc2aadc06d","name":"ulqini","sameAs":["http:\/\/www.visit-ulcinj.com"],"url":"https:\/\/www.visit-ulcinj.com\/blog\/author\/admin\/"}]}},"jetpack_featured_media_url":"","jetpack_sharing_enabled":true,"jetpack_shortlink":"https:\/\/wp.me\/pe6lTn-c5J","_links":{"self":[{"href":"https:\/\/www.visit-ulcinj.com\/blog\/wp-json\/wp\/v2\/posts\/46483"}],"collection":[{"href":"https:\/\/www.visit-ulcinj.com\/blog\/wp-json\/wp\/v2\/posts"}],"about":[{"href":"https:\/\/www.visit-ulcinj.com\/blog\/wp-json\/wp\/v2\/types\/post"}],"author":[{"embeddable":true,"href":"https:\/\/www.visit-ulcinj.com\/blog\/wp-json\/wp\/v2\/users\/1"}],"replies":[{"embeddable":true,"href":"https:\/\/www.visit-ulcinj.com\/blog\/wp-json\/wp\/v2\/comments?post=46483"}],"version-history":[{"count":0,"href":"https:\/\/www.visit-ulcinj.com\/blog\/wp-json\/wp\/v2\/posts\/46483\/revisions"}],"wp:attachment":[{"href":"https:\/\/www.visit-ulcinj.com\/blog\/wp-json\/wp\/v2\/media?parent=46483"}],"wp:term":[{"taxonomy":"category","embeddable":true,"href":"https:\/\/www.visit-ulcinj.com\/blog\/wp-json\/wp\/v2\/categories?post=46483"},{"taxonomy":"post_tag","embeddable":true,"href":"https:\/\/www.visit-ulcinj.com\/blog\/wp-json\/wp\/v2\/tags?post=46483"}],"curies":[{"name":"wp","href":"https:\/\/api.w.org\/{rel}","templated":true}]}}