{"id":46486,"date":"2011-05-10T18:47:02","date_gmt":"2011-05-10T17:47:02","guid":{"rendered":"http:\/\/www.visit-ulcinj.com\/blog\/?p=46486"},"modified":"2011-05-10T18:50:36","modified_gmt":"2011-05-10T17:50:36","slug":"shqiptaret-jo-unike-as-per-kodin-zgjedhor-as-per-kishen-ne-rumi","status":"publish","type":"post","link":"https:\/\/www.visit-ulcinj.com\/blog\/2011\/05\/10\/shqiptaret-jo-unike-as-per-kodin-zgjedhor-as-per-kishen-ne-rumi\/","title":{"rendered":"Shqiptar\u00ebt jo unik\u00eb as p\u00ebr Kodin zgjedhor as p\u00ebr kish\u00ebn n\u00eb Rumi"},"content":{"rendered":"<p><a href=\"http:\/\/www.visit-ulcinj.com\/blog\/wp-content\/uploads\/2011\/05\/kisha-ne-rumi_mali-i-zi.jpg\"><img loading=\"lazy\" class=\"alignleft size-full wp-image-46487\" title=\"kisha ne rumi_mali i zi\" src=\"http:\/\/www.visit-ulcinj.com\/blog\/wp-content\/uploads\/2011\/05\/kisha-ne-rumi_mali-i-zi.jpg\" alt=\"\" width=\"330\" height=\"530\" \/><\/a>Podgoric\u00eb, 10 maj &#8211; Ligjven\u00ebsit e partive parlamentare shqiptare n\u00eb Kuvendin e Malit t\u00eb Zi, nuk jan\u00eb duke treguar unitet mes veti rreth disa \u00e7\u00ebshtje shum\u00eb t\u00eb r\u00ebnd\u00ebsishme, jo p\u00ebr subjektet partiake parlamentare, por mbi pozit\u00ebn e k\u00ebsaj popullate n\u00eb Malin e Zi.<\/p>\n<p>Shembulli m\u00eb i mir\u00eb i mosunitetit t\u00eb tyre \u00ebsht\u00eb Kodi i ri zgjedhor , i cili tash sa koh\u00eb sillet v\u00ebrdall\u00eb n\u00ebp\u00ebr seancat e Kolegjiumit t\u00eb kryetarit t\u00eb Parlamentit t\u00eb Malit t\u00eb Zi.<\/p>\n<p>Klubi i deputet\u00ebve shqiptar\u00eb \u00ebsht\u00eb deklaruar q\u00eb m\u00eb koh\u00eb se drafti ligjor \u00ebsht\u00eb i papranush\u00ebm, meq\u00eb shqiptar\u00ebve u b\u00ebn t\u00eb pamundur realizimin e t\u00eb drejtave t\u00eb arritura, nj\u00ebsin\u00eb e posa\u00e7me zgjedhore dhe pes\u00eb p\u00ebrfaq\u00ebsues autentik\u00eb n\u00eb Parlamentin shtet\u00ebror t\u00eb Malit t\u00eb Zi.<\/p>\n<p>\u201cK\u00ebto jan\u00eb norma kushtetutare edhe \u201cnuk jan\u00eb kontestuar tash 12- 13 vjet, as n\u00eb referendum mbi shpalljen e shtetit t\u00eb pavarur t\u00eb Malit t\u00eb Zi n\u00eb vitin 2006\u201d,- \u00ebsht\u00eb shprehur m\u00eb her\u00ebt p\u00ebr Kosovalive Genci Nimanbegu, deputet i Forc\u00ebs s\u00eb Re Demokratike, duke shtuar se koalicioni qeveris\u00eb d\u00ebshiron t\u00eb l\u00eb shqiptar\u00ebt vet\u00ebm me dy deputet\u00eb. Kjo p\u00ebr ne \u00ebsht\u00eb e papranueshme.<\/p>\n<p>Edhe shefi aktual i Klubit t\u00eb deputet\u00ebve t\u00eb partive opozitare shqiptare, Amir Hollaj , si dhe kolegu i tij nga Lidhja Demokratike, Mehmet Bardhi, propozimet q\u00eb ka ofruar Kolegjiumi i kryeparlamentarit, p\u00ebr ne kuvendar\u00ebt shqiptar\u00eb jan\u00eb t\u00eb papranueshme.<\/p>\n<p>N\u00eb k\u00ebt\u00eb faz\u00eb t\u00eb p\u00ebrshpejtimit t\u00eb arritjes s\u00eb form\u00ebsimit t\u00eb Ligjit zgjedhor, edhe miratimit t\u00eb tij eventual n\u00eb Parlament m\u00eb 31 maj, nga Unioni Demokratik i Shqiptar\u00ebve, si pjes\u00eb e bashk\u00ebrenditjes qeveris\u00ebse, nuk ka pasur asnj\u00eb prononcim.<\/p>\n<p>Se shqiptar\u00ebt nuk jan\u00eb unik\u00eb, d\u00ebshmon edhe objekti ilegal q\u00eb ka ngritur Kisha Ortodokse Serbe, me q\u00ebllim t\u00eb \u201cp\u00ebrveht\u00ebsimit\u201d t\u00eb trojeve shqiptare, rr\u00ebnimin e saj e k\u00ebrkon vet\u00ebm Lidhja Demokratike.<\/p>\n<p>Analoge me k\u00ebt\u00eb, Partia Socialdemokratike, pjes\u00eb e koalicionit me socialist\u00ebt e Gjukanoviqit, ministrat e saj braktisen qeverin\u00eb edhe ishin unik\u00eb: nuk kthehemi derisa t\u00eb skajohet kisha ilegale n\u00eb Sh\u00ebn Stefan. N\u00eb or\u00ebt e hershme t\u00eb m\u00ebngjesit t\u00eb s\u00eb diel\u00ebs, kisha serbe u rr\u00ebnua.<\/p>\n<p>Partit\u00eb shqiptare, ata n\u00eb opozit\u00eb, apo Unioni Demokratik i Shqiptar\u00ebve n\u00eb Qeveri, nuk tregojn\u00eb k\u00ebmb\u00ebngulje p\u00ebr t\u00eb hequr kish\u00ebn serbe nga maja e malit t\u00eb Rumis\u00eb, as nga ujdhesat e liqenit t\u00eb Shkodr\u00ebs.<\/p>\n<p><strong>Koha Net<\/strong><\/p>\n","protected":false},"excerpt":{"rendered":"<p>Podgoric\u00eb, 10 maj &#8211; Ligjven\u00ebsit e partive parlamentare shqiptare n\u00eb Kuvendin e Malit t\u00eb Zi, nuk jan\u00eb duke treguar unitet mes veti rreth disa \u00e7\u00ebshtje shum\u00eb t\u00eb r\u00ebnd\u00ebsishme, jo p\u00ebr subjektet partiake parlamentare, por mbi pozit\u00ebn e k\u00ebsaj popullate n\u00eb Malin e Zi. Shembulli m\u00eb i mir\u00eb i mosunitetit t\u00eb tyre \u00ebsht\u00eb Kodi i ri [&hellip;]<\/p>\n","protected":false},"author":1,"featured_media":0,"comment_status":"open","ping_status":"closed","sticky":false,"template":"","format":"standard","meta":{"spay_email":"","jetpack_publicize_message":"","jetpack_is_tweetstorm":false,"jetpack_publicize_feature_enabled":true},"categories":[7],"tags":[13649,2158,14661,1653,18235,4421,1005,200,18],"jetpack_publicize_connections":[],"yoast_head":"<!-- This site is optimized with the Yoast SEO plugin v19.1 - https:\/\/yoast.com\/wordpress\/plugins\/seo\/ -->\n<title>Shqiptar\u00ebt jo unik\u00eb as p\u00ebr Kodin zgjedhor as p\u00ebr kish\u00ebn n\u00eb Rumi - Lajme nga Ulqini<\/title>\n<meta name=\"description\" content=\"Podgoric\u00eb, 10 maj - Ligjven\u00ebsit e partive parlamentare shqiptare n\u00eb Kuvendin e Malit t\u00eb Zi, nuk jan\u00eb duke treguar unitet mes veti rreth disa \u00e7\u00ebshtje shum\u00eb\" \/>\n<meta name=\"robots\" content=\"index, follow, max-snippet:-1, max-image-preview:large, max-video-preview:-1\" \/>\n<link rel=\"canonical\" href=\"https:\/\/www.visit-ulcinj.com\/blog\/2011\/05\/10\/shqiptaret-jo-unike-as-per-kodin-zgjedhor-as-per-kishen-ne-rumi\/\" \/>\n<meta property=\"og:locale\" content=\"en_US\" \/>\n<meta property=\"og:type\" content=\"article\" \/>\n<meta property=\"og:title\" content=\"Shqiptar\u00ebt jo unik\u00eb as p\u00ebr Kodin zgjedhor as p\u00ebr kish\u00ebn n\u00eb Rumi - Lajme nga Ulqini\" \/>\n<meta property=\"og:description\" content=\"Podgoric\u00eb, 10 maj - Ligjven\u00ebsit e partive parlamentare shqiptare n\u00eb Kuvendin e Malit t\u00eb Zi, nuk jan\u00eb duke treguar unitet mes veti rreth disa \u00e7\u00ebshtje shum\u00eb\" \/>\n<meta property=\"og:url\" content=\"https:\/\/www.visit-ulcinj.com\/blog\/2011\/05\/10\/shqiptaret-jo-unike-as-per-kodin-zgjedhor-as-per-kishen-ne-rumi\/\" \/>\n<meta property=\"og:site_name\" content=\"Lajme nga Ulqini\" \/>\n<meta property=\"article:published_time\" content=\"2011-05-10T17:47:02+00:00\" \/>\n<meta property=\"article:modified_time\" content=\"2011-05-10T17:50:36+00:00\" \/>\n<meta property=\"og:image\" content=\"http:\/\/www.visit-ulcinj.com\/blog\/wp-content\/uploads\/2011\/05\/kisha-ne-rumi_mali-i-zi.jpg\" \/>\n<meta name=\"twitter:label1\" content=\"Written by\" \/>\n\t<meta name=\"twitter:data1\" content=\"ulqini\" \/>\n\t<meta name=\"twitter:label2\" content=\"Est. reading time\" \/>\n\t<meta name=\"twitter:data2\" content=\"2 minutes\" \/>\n<script type=\"application\/ld+json\" class=\"yoast-schema-graph\">{\"@context\":\"https:\/\/schema.org\",\"@graph\":[{\"@type\":\"WebSite\",\"@id\":\"https:\/\/www.visit-ulcinj.com\/blog\/#website\",\"url\":\"https:\/\/www.visit-ulcinj.com\/blog\/\",\"name\":\"Lajme nga Ulqini\",\"description\":\"Lajme,Vijesti,Ulqini,Ulqin,Crna Gora,Mali i Zi\",\"potentialAction\":[{\"@type\":\"SearchAction\",\"target\":{\"@type\":\"EntryPoint\",\"urlTemplate\":\"https:\/\/www.visit-ulcinj.com\/blog\/?s={search_term_string}\"},\"query-input\":\"required name=search_term_string\"}],\"inLanguage\":\"en-US\"},{\"@type\":\"ImageObject\",\"inLanguage\":\"en-US\",\"@id\":\"https:\/\/www.visit-ulcinj.com\/blog\/2011\/05\/10\/shqiptaret-jo-unike-as-per-kodin-zgjedhor-as-per-kishen-ne-rumi\/#primaryimage\",\"url\":\"https:\/\/www.visit-ulcinj.com\/blog\/wp-content\/uploads\/2011\/05\/kisha-ne-rumi_mali-i-zi.jpg\",\"contentUrl\":\"https:\/\/www.visit-ulcinj.com\/blog\/wp-content\/uploads\/2011\/05\/kisha-ne-rumi_mali-i-zi.jpg\",\"width\":\"308\",\"height\":\"550\"},{\"@type\":\"WebPage\",\"@id\":\"https:\/\/www.visit-ulcinj.com\/blog\/2011\/05\/10\/shqiptaret-jo-unike-as-per-kodin-zgjedhor-as-per-kishen-ne-rumi\/#webpage\",\"url\":\"https:\/\/www.visit-ulcinj.com\/blog\/2011\/05\/10\/shqiptaret-jo-unike-as-per-kodin-zgjedhor-as-per-kishen-ne-rumi\/\",\"name\":\"Shqiptar\u00ebt jo unik\u00eb as p\u00ebr Kodin zgjedhor as p\u00ebr kish\u00ebn n\u00eb Rumi - Lajme nga Ulqini\",\"isPartOf\":{\"@id\":\"https:\/\/www.visit-ulcinj.com\/blog\/#website\"},\"primaryImageOfPage\":{\"@id\":\"https:\/\/www.visit-ulcinj.com\/blog\/2011\/05\/10\/shqiptaret-jo-unike-as-per-kodin-zgjedhor-as-per-kishen-ne-rumi\/#primaryimage\"},\"datePublished\":\"2011-05-10T17:47:02+00:00\",\"dateModified\":\"2011-05-10T17:50:36+00:00\",\"author\":{\"@id\":\"https:\/\/www.visit-ulcinj.com\/blog\/#\/schema\/person\/dcab619c614d3038751c63bc2aadc06d\"},\"description\":\"Podgoric\u00eb, 10 maj - Ligjven\u00ebsit e partive parlamentare shqiptare n\u00eb Kuvendin e Malit t\u00eb Zi, nuk jan\u00eb duke treguar unitet mes veti rreth disa \u00e7\u00ebshtje shum\u00eb\",\"breadcrumb\":{\"@id\":\"https:\/\/www.visit-ulcinj.com\/blog\/2011\/05\/10\/shqiptaret-jo-unike-as-per-kodin-zgjedhor-as-per-kishen-ne-rumi\/#breadcrumb\"},\"inLanguage\":\"en-US\",\"potentialAction\":[{\"@type\":\"ReadAction\",\"target\":[\"https:\/\/www.visit-ulcinj.com\/blog\/2011\/05\/10\/shqiptaret-jo-unike-as-per-kodin-zgjedhor-as-per-kishen-ne-rumi\/\"]}]},{\"@type\":\"BreadcrumbList\",\"@id\":\"https:\/\/www.visit-ulcinj.com\/blog\/2011\/05\/10\/shqiptaret-jo-unike-as-per-kodin-zgjedhor-as-per-kishen-ne-rumi\/#breadcrumb\",\"itemListElement\":[{\"@type\":\"ListItem\",\"position\":1,\"name\":\"Shqiptar\u00ebt jo unik\u00eb as p\u00ebr Kodin zgjedhor as p\u00ebr kish\u00ebn n\u00eb Rumi\"}]},{\"@type\":\"Person\",\"@id\":\"https:\/\/www.visit-ulcinj.com\/blog\/#\/schema\/person\/dcab619c614d3038751c63bc2aadc06d\",\"name\":\"ulqini\",\"sameAs\":[\"http:\/\/www.visit-ulcinj.com\"],\"url\":\"https:\/\/www.visit-ulcinj.com\/blog\/author\/admin\/\"}]}<\/script>\n<!-- \/ Yoast SEO plugin. -->","yoast_head_json":{"title":"Shqiptar\u00ebt jo unik\u00eb as p\u00ebr Kodin zgjedhor as p\u00ebr kish\u00ebn n\u00eb Rumi - Lajme nga Ulqini","description":"Podgoric\u00eb, 10 maj - Ligjven\u00ebsit e partive parlamentare shqiptare n\u00eb Kuvendin e Malit t\u00eb Zi, nuk jan\u00eb duke treguar unitet mes veti rreth disa \u00e7\u00ebshtje shum\u00eb","robots":{"index":"index","follow":"follow","max-snippet":"max-snippet:-1","max-image-preview":"max-image-preview:large","max-video-preview":"max-video-preview:-1"},"canonical":"https:\/\/www.visit-ulcinj.com\/blog\/2011\/05\/10\/shqiptaret-jo-unike-as-per-kodin-zgjedhor-as-per-kishen-ne-rumi\/","og_locale":"en_US","og_type":"article","og_title":"Shqiptar\u00ebt jo unik\u00eb as p\u00ebr Kodin zgjedhor as p\u00ebr kish\u00ebn n\u00eb Rumi - Lajme nga Ulqini","og_description":"Podgoric\u00eb, 10 maj - Ligjven\u00ebsit e partive parlamentare shqiptare n\u00eb Kuvendin e Malit t\u00eb Zi, nuk jan\u00eb duke treguar unitet mes veti rreth disa \u00e7\u00ebshtje shum\u00eb","og_url":"https:\/\/www.visit-ulcinj.com\/blog\/2011\/05\/10\/shqiptaret-jo-unike-as-per-kodin-zgjedhor-as-per-kishen-ne-rumi\/","og_site_name":"Lajme nga Ulqini","article_published_time":"2011-05-10T17:47:02+00:00","article_modified_time":"2011-05-10T17:50:36+00:00","og_image":[{"url":"http:\/\/www.visit-ulcinj.com\/blog\/wp-content\/uploads\/2011\/05\/kisha-ne-rumi_mali-i-zi.jpg"}],"twitter_misc":{"Written by":"ulqini","Est. reading time":"2 minutes"},"schema":{"@context":"https:\/\/schema.org","@graph":[{"@type":"WebSite","@id":"https:\/\/www.visit-ulcinj.com\/blog\/#website","url":"https:\/\/www.visit-ulcinj.com\/blog\/","name":"Lajme nga Ulqini","description":"Lajme,Vijesti,Ulqini,Ulqin,Crna Gora,Mali i Zi","potentialAction":[{"@type":"SearchAction","target":{"@type":"EntryPoint","urlTemplate":"https:\/\/www.visit-ulcinj.com\/blog\/?s={search_term_string}"},"query-input":"required name=search_term_string"}],"inLanguage":"en-US"},{"@type":"ImageObject","inLanguage":"en-US","@id":"https:\/\/www.visit-ulcinj.com\/blog\/2011\/05\/10\/shqiptaret-jo-unike-as-per-kodin-zgjedhor-as-per-kishen-ne-rumi\/#primaryimage","url":"https:\/\/www.visit-ulcinj.com\/blog\/wp-content\/uploads\/2011\/05\/kisha-ne-rumi_mali-i-zi.jpg","contentUrl":"https:\/\/www.visit-ulcinj.com\/blog\/wp-content\/uploads\/2011\/05\/kisha-ne-rumi_mali-i-zi.jpg","width":"308","height":"550"},{"@type":"WebPage","@id":"https:\/\/www.visit-ulcinj.com\/blog\/2011\/05\/10\/shqiptaret-jo-unike-as-per-kodin-zgjedhor-as-per-kishen-ne-rumi\/#webpage","url":"https:\/\/www.visit-ulcinj.com\/blog\/2011\/05\/10\/shqiptaret-jo-unike-as-per-kodin-zgjedhor-as-per-kishen-ne-rumi\/","name":"Shqiptar\u00ebt jo unik\u00eb as p\u00ebr Kodin zgjedhor as p\u00ebr kish\u00ebn n\u00eb Rumi - Lajme nga Ulqini","isPartOf":{"@id":"https:\/\/www.visit-ulcinj.com\/blog\/#website"},"primaryImageOfPage":{"@id":"https:\/\/www.visit-ulcinj.com\/blog\/2011\/05\/10\/shqiptaret-jo-unike-as-per-kodin-zgjedhor-as-per-kishen-ne-rumi\/#primaryimage"},"datePublished":"2011-05-10T17:47:02+00:00","dateModified":"2011-05-10T17:50:36+00:00","author":{"@id":"https:\/\/www.visit-ulcinj.com\/blog\/#\/schema\/person\/dcab619c614d3038751c63bc2aadc06d"},"description":"Podgoric\u00eb, 10 maj - Ligjven\u00ebsit e partive parlamentare shqiptare n\u00eb Kuvendin e Malit t\u00eb Zi, nuk jan\u00eb duke treguar unitet mes veti rreth disa \u00e7\u00ebshtje shum\u00eb","breadcrumb":{"@id":"https:\/\/www.visit-ulcinj.com\/blog\/2011\/05\/10\/shqiptaret-jo-unike-as-per-kodin-zgjedhor-as-per-kishen-ne-rumi\/#breadcrumb"},"inLanguage":"en-US","potentialAction":[{"@type":"ReadAction","target":["https:\/\/www.visit-ulcinj.com\/blog\/2011\/05\/10\/shqiptaret-jo-unike-as-per-kodin-zgjedhor-as-per-kishen-ne-rumi\/"]}]},{"@type":"BreadcrumbList","@id":"https:\/\/www.visit-ulcinj.com\/blog\/2011\/05\/10\/shqiptaret-jo-unike-as-per-kodin-zgjedhor-as-per-kishen-ne-rumi\/#breadcrumb","itemListElement":[{"@type":"ListItem","position":1,"name":"Shqiptar\u00ebt jo unik\u00eb as p\u00ebr Kodin zgjedhor as p\u00ebr kish\u00ebn n\u00eb Rumi"}]},{"@type":"Person","@id":"https:\/\/www.visit-ulcinj.com\/blog\/#\/schema\/person\/dcab619c614d3038751c63bc2aadc06d","name":"ulqini","sameAs":["http:\/\/www.visit-ulcinj.com"],"url":"https:\/\/www.visit-ulcinj.com\/blog\/author\/admin\/"}]}},"jetpack_featured_media_url":"","jetpack_sharing_enabled":true,"jetpack_shortlink":"https:\/\/wp.me\/pe6lTn-c5M","_links":{"self":[{"href":"https:\/\/www.visit-ulcinj.com\/blog\/wp-json\/wp\/v2\/posts\/46486"}],"collection":[{"href":"https:\/\/www.visit-ulcinj.com\/blog\/wp-json\/wp\/v2\/posts"}],"about":[{"href":"https:\/\/www.visit-ulcinj.com\/blog\/wp-json\/wp\/v2\/types\/post"}],"author":[{"embeddable":true,"href":"https:\/\/www.visit-ulcinj.com\/blog\/wp-json\/wp\/v2\/users\/1"}],"replies":[{"embeddable":true,"href":"https:\/\/www.visit-ulcinj.com\/blog\/wp-json\/wp\/v2\/comments?post=46486"}],"version-history":[{"count":0,"href":"https:\/\/www.visit-ulcinj.com\/blog\/wp-json\/wp\/v2\/posts\/46486\/revisions"}],"wp:attachment":[{"href":"https:\/\/www.visit-ulcinj.com\/blog\/wp-json\/wp\/v2\/media?parent=46486"}],"wp:term":[{"taxonomy":"category","embeddable":true,"href":"https:\/\/www.visit-ulcinj.com\/blog\/wp-json\/wp\/v2\/categories?post=46486"},{"taxonomy":"post_tag","embeddable":true,"href":"https:\/\/www.visit-ulcinj.com\/blog\/wp-json\/wp\/v2\/tags?post=46486"}],"curies":[{"name":"wp","href":"https:\/\/api.w.org\/{rel}","templated":true}]}}