{"id":46501,"date":"2011-05-11T12:49:11","date_gmt":"2011-05-11T11:49:11","guid":{"rendered":"http:\/\/www.visit-ulcinj.com\/blog\/?p=46501"},"modified":"2011-05-15T12:53:18","modified_gmt":"2011-05-15T11:53:18","slug":"ana-malitproblemet-e-saja-dhe-zhvillimi-ekonomik","status":"publish","type":"post","link":"https:\/\/www.visit-ulcinj.com\/blog\/2011\/05\/11\/ana-malitproblemet-e-saja-dhe-zhvillimi-ekonomik\/","title":{"rendered":"Ana Malit,problemet e saja dhe zhvillimi ekonomik"},"content":{"rendered":"<div id=\"attachment_46503\" style=\"width: 518px\" class=\"wp-caption alignleft\"><a href=\"http:\/\/www.visit-ulcinj.com\/blog\/wp-content\/uploads\/2011\/05\/Ana-Malit_Ulqin_Mali-i-Zi.jpg\"><img aria-describedby=\"caption-attachment-46503\" loading=\"lazy\" class=\"size-large wp-image-46503 \" title=\"Ana Malit_Ulqin_Mali i Zi\" src=\"http:\/\/www.visit-ulcinj.com\/blog\/wp-content\/uploads\/2011\/05\/Ana-Malit_Ulqin_Mali-i-Zi-1024x365.jpg\" alt=\"\" width=\"508\" height=\"365\" \/><\/a><p id=\"caption-attachment-46503\" class=\"wp-caption-text\">Foto nga Zaim Halili<\/p><\/div>\n<p>Kjo trev\u00eb p\u00ebrbehet nga popullsia fshatare.\u00a0Struktura e popullsis\u00eb n\u00eb p\u00ebrb\u00ebrje t\u00eb saj ka t\u00eb\u00a0gjitha grupmoshat, por pjesa m\u00eb e madhe e saj\u00a0\u00ebsht\u00eb n\u00eb mosh\u00eb aktive, n\u00eb mosh\u00eb pune. Mosha\u00a0mesatare e popullsis\u00eb \u00ebsht\u00eb relativisht e re, por\u00a0p\u00ebr shkak t\u00eb papun\u00ebsis\u00eb kjo popullsi aktive\u00a0\u00ebsht\u00eb pak\u00ebsuar kryesisht p\u00ebr shkak t\u00eb migrimit\u00a0t\u00eb ndjesh\u00ebm t\u00eb rinis\u00eb. Popullsia e k\u00ebsaj treve\u00a0malore p\u00ebrballet p\u00ebrdit\u00eb me kushte relativisht\u00a0t\u00eb v\u00ebshtira jetese p\u00ebr vet\u00eb faktin se k\u00ebtu\u00a0mungojn\u00eb investime n\u00eb fusha t\u00eb ndryshme\u00a0ekonomike, pavar\u00ebsisht nga resurset e\u00a0mrekullueshme q\u00eb i ka fal\u00eb Zoti.\u00a0Popullsia e An\u00ebs s\u00eb Malit \u00ebsht\u00eb e ndar\u00eb n\u00eb 20\u00a0fshatra, Amull ,Bojk ,Brajsh ,Katerkoll\u00eb ,Kllezna e Nalt ,Kllezna e Posht ,Dragin\u00eb ,Kaliman ,Kosiq ,Kravar,Kryth\u00eb, Leskovc ,Lisna Bor\u00eb , Megjure\u00e7 , Mill\u00eb, Sukubin\u00eb ,Fraskanjel ,Shas,Shtoder,t\u00eb cilat deri n\u00eb vitet 1970 kan\u00eb qen\u00eb t\u00eb\u00a0mir\u00ebpopulluara, por p\u00ebr arsye t\u00eb kushteve jo t\u00eb\u00a0mira\u00a0ekonomike anamalasit\u00a0deytrohen t\u00eb\u00a0emigrojn\u00eb.Sipas\u00a0regjistrimit t\u00eb\u00a0fundit t\u00eb popullsis\u00eb,\u00a0i cili u\u00a0zhvillua n\u00eb\u00a0vitin 2003\u00a0Ana e Malit\u00a0kishte 5538\u00a0banor\u00eb, apo\u00a0627 m\u00eb pak se\u00a0n\u00eb regjistrimin\u00a0e vitit\u00a01991.<br \/>\n<a href=\"http:\/\/www.visit-ulcinj.com\/blog\/wp-content\/uploads\/2011\/05\/Ana-Malit_Ulqin_Mali-i-Zi.1.jpg\"><img loading=\"lazy\" class=\"alignleft size-full wp-image-46505\" title=\"Ana Malit_Ulqin_Mali i Zi.1\" src=\"http:\/\/www.visit-ulcinj.com\/blog\/wp-content\/uploads\/2011\/05\/Ana-Malit_Ulqin_Mali-i-Zi.1.jpg\" alt=\"\" width=\"508\" height=\"360\" \/><\/a><br \/>\nAna Malit eshte nje perle, dhe per kete askush nuk ka dyshuar kurre. Nje vlere, qe per qytetin dhe rrethin duhej te ishte kthyer ne pike referimi per te ardhurat e turizmit rural dhe atij malor. Por ndryshe nga ajo cka mund te mendohet, gjendja e Anes Malit eshte ende shume larg asaj qe duhet te jete.Ana Malit prej vitesh eshte kthyer ne nje vend te harruar, qe ndonjehere popullarizohet vetem nga grupet e shkollave \u00a0apo te turisteve q\u00eb jan kalues te dites apo te cilet shkojne per te kaluar ndonje fundjave te kendshme ne ajrin e fresket dhe prane ujit te ftohte te burimeve te kulluara. Shtepite, dikur karakteristike per kete zone jane kthyer ne germadha dhe shume prej banoreve kane braktisur gjithcka dhe kane zbritur ne qytet t\u00eb Ulqinit,por gjthashtu nderkohe te rinjte shkojne ne emigracion.<br \/>\nKjo ndodhi ne Ane te Malit pasi mungesa e investimeve i ka lene ata jashte mundesive te shfrytezimit te asaj qe u ka dhene me shume bujari natyra.<br \/>\n<a href=\"http:\/\/www.visit-ulcinj.com\/blog\/wp-content\/uploads\/2011\/05\/HoteliiShasit.jpg\"><img loading=\"lazy\" class=\"alignleft size-full wp-image-46506\" title=\"HoteliiShasit\" src=\"http:\/\/www.visit-ulcinj.com\/blog\/wp-content\/uploads\/2011\/05\/HoteliiShasit.jpg\" alt=\"\" width=\"508\" height=\"360\" \/><\/a><br \/>\nDikur ketu ka ekzistuar nje hotel,hoteli i Shasit qe ishte ne gjendje te priste shume turiste per te kaluar naten,sot ajo mbetet vetem histori e asaj kohe.Tashme jane thjesht nje kujtim i Anamaleseve, qe u rikthen ne mendjshkruar e sa here qe shkojne per vizite ne hotel te Shasit,vitet e bukura te kaluara dikur ne kete vend. Nje vend, qe ne vere arrin te bashkoje diellin,liqenin e Shasit dhe ne majen e malit gjigand qe e rrethon Anen e Malit si kurore shkembore. Vitin e fundit eshte bere nje perpjekje per ta rikthyer ne jete, por ende projektet mungojne. Eshte perfunduar asfaltimi i vetem disa kilometrash\u00a0 rruge por sot pritet te behet zgjerimi i rruges sepse Ana Malit asht ne zhvillim t\u00eb siperm t\u00eb investime qe do te behen ne kete rruge prej fshatit Krythe deri ne piken kufitare Sukubin &#8211; Muriqan.<br \/>\nInvestimet e banoreve vendas ne hoteleri dhe sherbime turistike si pik kufitare qe kalimi do behet edhe ma i madhe viteve qe do vijojn duket se sikur ka dhen nje drite permiresimi, por perseri ngelet shume per te realizuar perball konkurences ne fushen e turizmit malor dhe atij rural.<br \/>\nSiperfaqe te medha te tokes bujqesore ne rrethin e Anes se Malit po kthehet ne kullota, ose lihet djerre,edhe pse eshte koha per punimin e saj per mbjelljet e pranveres. Kjo ndodh edhe per faktin se mbjellja e grurit,tomateve,bostanit,specave etj konsiderohet pa interes per fermeret edhe pse dita dites kerkesa e produkteve Bio asht ne ritje te siperm, edhe pasi miellin e marrin ne shtetet qe kufizohet me nje kosto me te madhe del leverdi te mjellesh grur sepse\u00a0 shpenzimi per punimin e tokes e mbjelljen e grurit asht i vogel ne diten e sotme.<br \/>\nSpecialistet e Bujqesise te rrethit thone se &#8220;vetem 20 per qind e tokes bujqesore punohet prej fermereve nga Ana Malit, sa per te siguruar prodhim per perdorim vetjak.<br \/>\nDisa nga bujqit te asaj ane thojn se kostoja e larte e punimit te tokes,por dhe rendimenti i ulet i prodhimit nga ana tjeter, jane shkaqe te mosmbjelljes se tokes me kultura bujqesore ne Ane te Malit. Ndikim ne kete gjendje ka dhe shperngulja e banoreve ne drejtim zonave fushore sikurse qyteti i Ulqinit, nderkohe te rinjte \u00a0e Anes Malit me teper se kurr shkojne ne emigracion.<br \/>\nSipas specialisteve te bujqesise ne rreth, nga kjo gjendje mund te dilet, duke kultivuar pemetarine,kryesisht mjelljen e kultivimeve buqsore bio ku rendimenti asht i lart sikurse ne shtetet e evropes. Ne kete rast, shkaterrimi i tokes bujqesore parandalohet dhe te ardhurat e banoreve rriten.<br \/>\n<a href=\"http:\/\/www.visit-ulcinj.com\/blog\/wp-content\/uploads\/2011\/05\/Regjistrimi-i-fundit-i-popullsise-Ana-Malit-1991-2003.jpg\"><img loading=\"lazy\" class=\"alignleft size-full wp-image-46504\" title=\"Regjistrimi i fundit i popullsise Ana Malit-1991-2003\" src=\"http:\/\/www.visit-ulcinj.com\/blog\/wp-content\/uploads\/2011\/05\/Regjistrimi-i-fundit-i-popullsise-Ana-Malit-1991-2003.jpg\" alt=\"\" width=\"508\" height=\"400\" \/><\/a><br \/>\nPopullsia e An\u00ebs s\u00eb Malit \u00ebsht\u00eb e ndar\u00eb n\u00eb 20 fshatra, t\u00eb cilat deri n\u00eb\u00a0vitet 1970 kan\u00eb qen\u00eb t\u00eb mir\u00ebpopulluara, por p\u00ebr arsye t\u00eb kushteve jo t\u00eb\u00a0mira ekonomike anamalasit deytrohen t\u00eb emigrojn\u00eb. Sipas regjistrimit\u00a0t\u00eb fundit t\u00eb popullsis\u00eb, i cili u zhvillua n\u00eb vitin 2003 Ana e Malit kishte\u00a05538 banor\u00eb, apo 627 m\u00eb pak se n\u00eb regjistrimin e vitit 1991 me 6165 banor\u00eb.<\/p>\n<p>&nbsp;<br \/>\n<a href=\"http:\/\/www.dailymotion.com\/video\/ximomz_shasi-ilir-i-365-kishave-dokumentar-top-channel_travel\" target=\"_blank\">Shasi ilir i 365 kishave &#8211; dokumentar top channel<\/a><br \/>\n<iframe loading=\"lazy\" frameborder=\"0\" width=\"508\" height=\"340\" src=\"http:\/\/www.dailymotion.com\/embed\/video\/ximomz?theme=none&#038;autoPlay=1&#038;wmode=transparent\"><\/iframe><br \/><a href=\"http:\/\/www.dailymotion.com\/video\/ximomz_shasi-ilir-i-365-kishave-dokumentar-top-channel_travel\" target=\"_blank\">Shasi ilir i 365 kishave &#8211; dokumentar top channel<\/a> <\/p>\n","protected":false},"excerpt":{"rendered":"<p>Kjo trev\u00eb p\u00ebrbehet nga popullsia fshatare.\u00a0Struktura e popullsis\u00eb n\u00eb p\u00ebrb\u00ebrje t\u00eb saj ka t\u00eb\u00a0gjitha grupmoshat, por pjesa m\u00eb e madhe e saj\u00a0\u00ebsht\u00eb n\u00eb mosh\u00eb aktive, n\u00eb mosh\u00eb pune. Mosha\u00a0mesatare e popullsis\u00eb \u00ebsht\u00eb relativisht e re, por\u00a0p\u00ebr shkak t\u00eb papun\u00ebsis\u00eb kjo popullsi aktive\u00a0\u00ebsht\u00eb pak\u00ebsuar kryesisht p\u00ebr shkak t\u00eb migrimit\u00a0t\u00eb ndjesh\u00ebm t\u00eb rinis\u00eb. Popullsia e k\u00ebsaj treve\u00a0malore [&hellip;]<\/p>\n","protected":false},"author":1,"featured_media":0,"comment_status":"open","ping_status":"closed","sticky":false,"template":"","format":"standard","meta":{"spay_email":"","jetpack_publicize_message":"","jetpack_is_tweetstorm":false,"jetpack_publicize_feature_enabled":true},"categories":[1,14],"tags":[14351,212,15136,17401,15139,10203,14359,214,16210,17402,3507,3717,14364,15140,18236,3512,15141,14366,2083,15143,2800,200,18],"jetpack_publicize_connections":[],"yoast_head":"<!-- This site is optimized with the Yoast SEO plugin v19.1 - https:\/\/yoast.com\/wordpress\/plugins\/seo\/ -->\n<title>Ana Malit,problemet e saja dhe zhvillimi ekonomik - Lajme nga Ulqini<\/title>\n<meta name=\"description\" content=\"Kjo trev\u00eb p\u00ebrbehet nga popullsia fshatare.\u00a0Struktura e popullsis\u00eb n\u00eb p\u00ebrb\u00ebrje t\u00eb saj ka t\u00eb\u00a0gjitha grupmoshat, por pjesa m\u00eb e madhe e saj\u00a0\u00ebsht\u00eb n\u00eb mosh\u00eb\" \/>\n<meta name=\"robots\" content=\"index, follow, max-snippet:-1, max-image-preview:large, max-video-preview:-1\" \/>\n<link rel=\"canonical\" href=\"https:\/\/www.visit-ulcinj.com\/blog\/2011\/05\/11\/ana-malitproblemet-e-saja-dhe-zhvillimi-ekonomik\/\" \/>\n<meta property=\"og:locale\" content=\"en_US\" \/>\n<meta property=\"og:type\" content=\"article\" \/>\n<meta property=\"og:title\" content=\"Ana Malit,problemet e saja dhe zhvillimi ekonomik - Lajme nga Ulqini\" \/>\n<meta property=\"og:description\" content=\"Kjo trev\u00eb p\u00ebrbehet nga popullsia fshatare.\u00a0Struktura e popullsis\u00eb n\u00eb p\u00ebrb\u00ebrje t\u00eb saj ka t\u00eb\u00a0gjitha grupmoshat, por pjesa m\u00eb e madhe e saj\u00a0\u00ebsht\u00eb n\u00eb mosh\u00eb\" \/>\n<meta property=\"og:url\" content=\"https:\/\/www.visit-ulcinj.com\/blog\/2011\/05\/11\/ana-malitproblemet-e-saja-dhe-zhvillimi-ekonomik\/\" \/>\n<meta property=\"og:site_name\" content=\"Lajme nga Ulqini\" \/>\n<meta property=\"article:published_time\" content=\"2011-05-11T11:49:11+00:00\" \/>\n<meta property=\"article:modified_time\" content=\"2011-05-15T11:53:18+00:00\" \/>\n<meta property=\"og:image\" content=\"http:\/\/www.visit-ulcinj.com\/blog\/wp-content\/uploads\/2011\/05\/Ana-Malit_Ulqin_Mali-i-Zi-1024x365.jpg\" \/>\n<meta name=\"twitter:label1\" content=\"Written by\" \/>\n\t<meta name=\"twitter:data1\" content=\"ulqini\" \/>\n\t<meta name=\"twitter:label2\" content=\"Est. reading time\" \/>\n\t<meta name=\"twitter:data2\" content=\"4 minutes\" \/>\n<script type=\"application\/ld+json\" class=\"yoast-schema-graph\">{\"@context\":\"https:\/\/schema.org\",\"@graph\":[{\"@type\":\"WebSite\",\"@id\":\"https:\/\/www.visit-ulcinj.com\/blog\/#website\",\"url\":\"https:\/\/www.visit-ulcinj.com\/blog\/\",\"name\":\"Lajme nga Ulqini\",\"description\":\"Lajme,Vijesti,Ulqini,Ulqin,Crna Gora,Mali i Zi\",\"potentialAction\":[{\"@type\":\"SearchAction\",\"target\":{\"@type\":\"EntryPoint\",\"urlTemplate\":\"https:\/\/www.visit-ulcinj.com\/blog\/?s={search_term_string}\"},\"query-input\":\"required name=search_term_string\"}],\"inLanguage\":\"en-US\"},{\"@type\":\"ImageObject\",\"inLanguage\":\"en-US\",\"@id\":\"https:\/\/www.visit-ulcinj.com\/blog\/2011\/05\/11\/ana-malitproblemet-e-saja-dhe-zhvillimi-ekonomik\/#primaryimage\",\"url\":\"https:\/\/www.visit-ulcinj.com\/blog\/wp-content\/uploads\/2011\/05\/Ana-Malit_Ulqin_Mali-i-Zi.jpg\",\"contentUrl\":\"https:\/\/www.visit-ulcinj.com\/blog\/wp-content\/uploads\/2011\/05\/Ana-Malit_Ulqin_Mali-i-Zi.jpg\",\"width\":\"1900\",\"height\":\"679\",\"caption\":\"Foto nga Zaim Halili\"},{\"@type\":\"WebPage\",\"@id\":\"https:\/\/www.visit-ulcinj.com\/blog\/2011\/05\/11\/ana-malitproblemet-e-saja-dhe-zhvillimi-ekonomik\/#webpage\",\"url\":\"https:\/\/www.visit-ulcinj.com\/blog\/2011\/05\/11\/ana-malitproblemet-e-saja-dhe-zhvillimi-ekonomik\/\",\"name\":\"Ana Malit,problemet e saja dhe zhvillimi ekonomik - Lajme nga Ulqini\",\"isPartOf\":{\"@id\":\"https:\/\/www.visit-ulcinj.com\/blog\/#website\"},\"primaryImageOfPage\":{\"@id\":\"https:\/\/www.visit-ulcinj.com\/blog\/2011\/05\/11\/ana-malitproblemet-e-saja-dhe-zhvillimi-ekonomik\/#primaryimage\"},\"datePublished\":\"2011-05-11T11:49:11+00:00\",\"dateModified\":\"2011-05-15T11:53:18+00:00\",\"author\":{\"@id\":\"https:\/\/www.visit-ulcinj.com\/blog\/#\/schema\/person\/dcab619c614d3038751c63bc2aadc06d\"},\"description\":\"Kjo trev\u00eb p\u00ebrbehet nga popullsia fshatare.\u00a0Struktura e popullsis\u00eb n\u00eb p\u00ebrb\u00ebrje t\u00eb saj ka t\u00eb\u00a0gjitha grupmoshat, por pjesa m\u00eb e madhe e saj\u00a0\u00ebsht\u00eb n\u00eb mosh\u00eb\",\"breadcrumb\":{\"@id\":\"https:\/\/www.visit-ulcinj.com\/blog\/2011\/05\/11\/ana-malitproblemet-e-saja-dhe-zhvillimi-ekonomik\/#breadcrumb\"},\"inLanguage\":\"en-US\",\"potentialAction\":[{\"@type\":\"ReadAction\",\"target\":[\"https:\/\/www.visit-ulcinj.com\/blog\/2011\/05\/11\/ana-malitproblemet-e-saja-dhe-zhvillimi-ekonomik\/\"]}]},{\"@type\":\"BreadcrumbList\",\"@id\":\"https:\/\/www.visit-ulcinj.com\/blog\/2011\/05\/11\/ana-malitproblemet-e-saja-dhe-zhvillimi-ekonomik\/#breadcrumb\",\"itemListElement\":[{\"@type\":\"ListItem\",\"position\":1,\"name\":\"Ana Malit,problemet e saja dhe zhvillimi ekonomik\"}]},{\"@type\":\"Person\",\"@id\":\"https:\/\/www.visit-ulcinj.com\/blog\/#\/schema\/person\/dcab619c614d3038751c63bc2aadc06d\",\"name\":\"ulqini\",\"sameAs\":[\"http:\/\/www.visit-ulcinj.com\"],\"url\":\"https:\/\/www.visit-ulcinj.com\/blog\/author\/admin\/\"}]}<\/script>\n<!-- \/ Yoast SEO plugin. -->","yoast_head_json":{"title":"Ana Malit,problemet e saja dhe zhvillimi ekonomik - Lajme nga Ulqini","description":"Kjo trev\u00eb p\u00ebrbehet nga popullsia fshatare.\u00a0Struktura e popullsis\u00eb n\u00eb p\u00ebrb\u00ebrje t\u00eb saj ka t\u00eb\u00a0gjitha grupmoshat, por pjesa m\u00eb e madhe e saj\u00a0\u00ebsht\u00eb n\u00eb mosh\u00eb","robots":{"index":"index","follow":"follow","max-snippet":"max-snippet:-1","max-image-preview":"max-image-preview:large","max-video-preview":"max-video-preview:-1"},"canonical":"https:\/\/www.visit-ulcinj.com\/blog\/2011\/05\/11\/ana-malitproblemet-e-saja-dhe-zhvillimi-ekonomik\/","og_locale":"en_US","og_type":"article","og_title":"Ana Malit,problemet e saja dhe zhvillimi ekonomik - Lajme nga Ulqini","og_description":"Kjo trev\u00eb p\u00ebrbehet nga popullsia fshatare.\u00a0Struktura e popullsis\u00eb n\u00eb p\u00ebrb\u00ebrje t\u00eb saj ka t\u00eb\u00a0gjitha grupmoshat, por pjesa m\u00eb e madhe e saj\u00a0\u00ebsht\u00eb n\u00eb mosh\u00eb","og_url":"https:\/\/www.visit-ulcinj.com\/blog\/2011\/05\/11\/ana-malitproblemet-e-saja-dhe-zhvillimi-ekonomik\/","og_site_name":"Lajme nga Ulqini","article_published_time":"2011-05-11T11:49:11+00:00","article_modified_time":"2011-05-15T11:53:18+00:00","og_image":[{"url":"http:\/\/www.visit-ulcinj.com\/blog\/wp-content\/uploads\/2011\/05\/Ana-Malit_Ulqin_Mali-i-Zi-1024x365.jpg"}],"twitter_misc":{"Written by":"ulqini","Est. reading time":"4 minutes"},"schema":{"@context":"https:\/\/schema.org","@graph":[{"@type":"WebSite","@id":"https:\/\/www.visit-ulcinj.com\/blog\/#website","url":"https:\/\/www.visit-ulcinj.com\/blog\/","name":"Lajme nga Ulqini","description":"Lajme,Vijesti,Ulqini,Ulqin,Crna Gora,Mali i Zi","potentialAction":[{"@type":"SearchAction","target":{"@type":"EntryPoint","urlTemplate":"https:\/\/www.visit-ulcinj.com\/blog\/?s={search_term_string}"},"query-input":"required name=search_term_string"}],"inLanguage":"en-US"},{"@type":"ImageObject","inLanguage":"en-US","@id":"https:\/\/www.visit-ulcinj.com\/blog\/2011\/05\/11\/ana-malitproblemet-e-saja-dhe-zhvillimi-ekonomik\/#primaryimage","url":"https:\/\/www.visit-ulcinj.com\/blog\/wp-content\/uploads\/2011\/05\/Ana-Malit_Ulqin_Mali-i-Zi.jpg","contentUrl":"https:\/\/www.visit-ulcinj.com\/blog\/wp-content\/uploads\/2011\/05\/Ana-Malit_Ulqin_Mali-i-Zi.jpg","width":"1900","height":"679","caption":"Foto nga Zaim Halili"},{"@type":"WebPage","@id":"https:\/\/www.visit-ulcinj.com\/blog\/2011\/05\/11\/ana-malitproblemet-e-saja-dhe-zhvillimi-ekonomik\/#webpage","url":"https:\/\/www.visit-ulcinj.com\/blog\/2011\/05\/11\/ana-malitproblemet-e-saja-dhe-zhvillimi-ekonomik\/","name":"Ana Malit,problemet e saja dhe zhvillimi ekonomik - Lajme nga Ulqini","isPartOf":{"@id":"https:\/\/www.visit-ulcinj.com\/blog\/#website"},"primaryImageOfPage":{"@id":"https:\/\/www.visit-ulcinj.com\/blog\/2011\/05\/11\/ana-malitproblemet-e-saja-dhe-zhvillimi-ekonomik\/#primaryimage"},"datePublished":"2011-05-11T11:49:11+00:00","dateModified":"2011-05-15T11:53:18+00:00","author":{"@id":"https:\/\/www.visit-ulcinj.com\/blog\/#\/schema\/person\/dcab619c614d3038751c63bc2aadc06d"},"description":"Kjo trev\u00eb p\u00ebrbehet nga popullsia fshatare.\u00a0Struktura e popullsis\u00eb n\u00eb p\u00ebrb\u00ebrje t\u00eb saj ka t\u00eb\u00a0gjitha grupmoshat, por pjesa m\u00eb e madhe e saj\u00a0\u00ebsht\u00eb n\u00eb mosh\u00eb","breadcrumb":{"@id":"https:\/\/www.visit-ulcinj.com\/blog\/2011\/05\/11\/ana-malitproblemet-e-saja-dhe-zhvillimi-ekonomik\/#breadcrumb"},"inLanguage":"en-US","potentialAction":[{"@type":"ReadAction","target":["https:\/\/www.visit-ulcinj.com\/blog\/2011\/05\/11\/ana-malitproblemet-e-saja-dhe-zhvillimi-ekonomik\/"]}]},{"@type":"BreadcrumbList","@id":"https:\/\/www.visit-ulcinj.com\/blog\/2011\/05\/11\/ana-malitproblemet-e-saja-dhe-zhvillimi-ekonomik\/#breadcrumb","itemListElement":[{"@type":"ListItem","position":1,"name":"Ana Malit,problemet e saja dhe zhvillimi ekonomik"}]},{"@type":"Person","@id":"https:\/\/www.visit-ulcinj.com\/blog\/#\/schema\/person\/dcab619c614d3038751c63bc2aadc06d","name":"ulqini","sameAs":["http:\/\/www.visit-ulcinj.com"],"url":"https:\/\/www.visit-ulcinj.com\/blog\/author\/admin\/"}]}},"jetpack_featured_media_url":"","jetpack_sharing_enabled":true,"jetpack_shortlink":"https:\/\/wp.me\/pe6lTn-c61","_links":{"self":[{"href":"https:\/\/www.visit-ulcinj.com\/blog\/wp-json\/wp\/v2\/posts\/46501"}],"collection":[{"href":"https:\/\/www.visit-ulcinj.com\/blog\/wp-json\/wp\/v2\/posts"}],"about":[{"href":"https:\/\/www.visit-ulcinj.com\/blog\/wp-json\/wp\/v2\/types\/post"}],"author":[{"embeddable":true,"href":"https:\/\/www.visit-ulcinj.com\/blog\/wp-json\/wp\/v2\/users\/1"}],"replies":[{"embeddable":true,"href":"https:\/\/www.visit-ulcinj.com\/blog\/wp-json\/wp\/v2\/comments?post=46501"}],"version-history":[{"count":0,"href":"https:\/\/www.visit-ulcinj.com\/blog\/wp-json\/wp\/v2\/posts\/46501\/revisions"}],"wp:attachment":[{"href":"https:\/\/www.visit-ulcinj.com\/blog\/wp-json\/wp\/v2\/media?parent=46501"}],"wp:term":[{"taxonomy":"category","embeddable":true,"href":"https:\/\/www.visit-ulcinj.com\/blog\/wp-json\/wp\/v2\/categories?post=46501"},{"taxonomy":"post_tag","embeddable":true,"href":"https:\/\/www.visit-ulcinj.com\/blog\/wp-json\/wp\/v2\/tags?post=46501"}],"curies":[{"name":"wp","href":"https:\/\/api.w.org\/{rel}","templated":true}]}}