{"id":46514,"date":"2011-05-11T14:18:08","date_gmt":"2011-05-11T13:18:08","guid":{"rendered":"http:\/\/www.visit-ulcinj.com\/blog\/?p=46514"},"modified":"2011-05-11T14:19:08","modified_gmt":"2011-05-11T13:19:08","slug":"dinosa-predlog-izbornog-zakona-neprihvatljiv","status":"publish","type":"post","link":"https:\/\/www.visit-ulcinj.com\/blog\/2011\/05\/11\/dinosa-predlog-izbornog-zakona-neprihvatljiv\/","title":{"rendered":"Dino\u0161a: Predlog izbornog zakona neprihvatljiv"},"content":{"rendered":"<p><a href=\"http:\/\/www.visit-ulcinj.com\/blog\/wp-content\/uploads\/2010\/08\/ferhat-dinosha.jpg\"><img loading=\"lazy\" class=\"alignleft size-full wp-image-35914\" title=\"ferhat dinosha\" src=\"http:\/\/www.visit-ulcinj.com\/blog\/wp-content\/uploads\/2010\/08\/ferhat-dinosha.jpg\" alt=\"\" width=\"490\" height=\"367\" srcset=\"https:\/\/www.visit-ulcinj.com\/blog\/wp-content\/uploads\/2010\/08\/ferhat-dinosha.jpg 490w, https:\/\/www.visit-ulcinj.com\/blog\/wp-content\/uploads\/2010\/08\/ferhat-dinosha-300x224.jpg 300w\" sizes=\"(max-width: 490px) 100vw, 490px\" \/><\/a>Otvara prostor za takmi\u010denje manjina<br \/>\nPredlog izbornog zakona, koji je usagla\u0161en na Kolegijumu predsjednika parlamenta, nije prihvatljiv za Demokratsku uniju Albanaca (DUA), kazao je predsjednik stranke, Ferhat Dino\u0161a.<\/p>\n<p>Kolegijum predsjednika usaglasio je polazne osnove za utvr\u0111ivanje izbornog zakona i proslijedio ih Venecijanskoj komisiji kojima je za ulazak u parlament predvi\u0111en op\u0161ti cenzus od tri odsto.<\/p>\n<p>\u201cTo nije afirmativna akcija\u201d, rekao je Dino\u0161a agenciji MINA.<\/p>\n<p>On je rekao da je DUA spremna da sada\u0161nje rje\u0161enje za Albance bude preina\u010deno u predlog da cenzus za manjinske liste bude 0,7 odsto.<\/p>\n<p>\u201cDa mandat koji ima 0,7 odsto mo\u017ee da bude izgubljen samo od druge manjinske liste, odnosno od druge manjinske stranke, a ne da ulazi u op\u0161tu cijenu mandata, kao \u0161to je sada\u0161nji predlog jer bi to bila povreda afirmativne akcije\u201d, rekao je Dino\u0161a.<\/p>\n<p>On je naveo da je predlog DUA jedinstven i da su i\u0161li u pravcu nala\u017eenja mehanizma koji bi va\u017eio za sve nacionalne manjine u Crnoj Gori i koji bi imao u vidu ustavno rje\u0161enje koje garantuje politi\u010dko predstavljanje manjina na osnovama afirmativne akcije.<\/p>\n<p>Sada\u0161nji predlog, kako je rekao, za DUA nije prihvatljiv i ne\u0107e ga podr\u017eati.<\/p>\n<p>Dino\u0161a je objasnio da bi i rje\u0161enjem da cenzus bude 0,7 odsto, manjinske stranke mogle ostati bez mandata, samo ako, druga manjinska lista osvoji duplo vi\u0161e glasova.<\/p>\n<p>Time bi se, smatra Dino\u0161a, stvorio prostor za unutra\u0161nju utakmicu manjinskih subjekata.<\/p>\n<p>\u201cI time bi se profilisali najja\u010di manjinski subjekti u Crnoj Gori, koji bi ulaskom u parlament bili kadri da porade na partnerstvu sa demokratskim snagama u Crnoj Gori i demokratskom Vladom, u pravcu unaprije\u0111ivanja demokratskih i ukupnih procesa u dr\u017eavi\u201d, ocijenio je on.<\/p>\n<p>Prema njegovim rije\u010dima, druge manjinske stranke zasad nemaju takav pristup.<\/p>\n<p>On je kazao da, na osnovu kontakata sa odre\u0111enim predstavnicima nacionalih manjina, smatra da bi i oni bili spremni da podr\u017ee predlog DUA i da bi time jasno bilo stavljeno do znanja ja\u010dim dr\u017eavnim parlamentarnim strankama \u0161ta tra\u017ee nacionalne manjine u Crnoj Gori.<\/p>\n<p>\u201cDUA je ubije\u0111ena da je njen predlog na fonu specifi\u010dnosti Crne Gore, ali i evropskih i demokratskih standarda\u201d, zaklju\u010dio je Dino\u0161a.<\/p>\n<p><strong>Izvor\u00a0: MINA<br \/>\n<a href=\"http:\/\/www.vijesti.me\/vijesti\/dinosa-predlog-izbornog-zakona-neprihvatljiv-clanak-19381\" target=\"_blank\"> Vijesti<\/a><\/strong><\/p>\n<p>&nbsp;<\/p>\n","protected":false},"excerpt":{"rendered":"<p>Otvara prostor za takmi\u010denje manjina Predlog izbornog zakona, koji je usagla\u0161en na Kolegijumu predsjednika parlamenta, nije prihvatljiv za Demokratsku uniju Albanaca (DUA), kazao je predsjednik stranke, Ferhat Dino\u0161a. Kolegijum predsjednika usaglasio je polazne osnove za utvr\u0111ivanje izbornog zakona i proslijedio ih Venecijanskoj komisiji kojima je za ulazak u parlament predvi\u0111en op\u0161ti cenzus od tri odsto. [&hellip;]<\/p>\n","protected":false},"author":1,"featured_media":0,"comment_status":"open","ping_status":"closed","sticky":false,"template":"","format":"standard","meta":{"spay_email":"","jetpack_publicize_message":"","jetpack_is_tweetstorm":false,"jetpack_publicize_feature_enabled":true},"categories":[8337],"tags":[88],"jetpack_publicize_connections":[],"yoast_head":"<!-- This site is optimized with the Yoast SEO plugin v19.1 - https:\/\/yoast.com\/wordpress\/plugins\/seo\/ -->\n<title>Dino\u0161a: Predlog izbornog zakona neprihvatljiv - Lajme nga Ulqini<\/title>\n<meta name=\"description\" content=\"Otvara prostor za takmi\u010denje manjina Predlog izbornog zakona, koji je usagla\u0161en na Kolegijumu predsjednika parlamenta, nije prihvatljiv za Demokratsku\" \/>\n<meta name=\"robots\" content=\"index, follow, max-snippet:-1, max-image-preview:large, max-video-preview:-1\" \/>\n<link rel=\"canonical\" href=\"https:\/\/www.visit-ulcinj.com\/blog\/2011\/05\/11\/dinosa-predlog-izbornog-zakona-neprihvatljiv\/\" \/>\n<meta property=\"og:locale\" content=\"en_US\" \/>\n<meta property=\"og:type\" content=\"article\" \/>\n<meta property=\"og:title\" content=\"Dino\u0161a: Predlog izbornog zakona neprihvatljiv - Lajme nga Ulqini\" \/>\n<meta property=\"og:description\" content=\"Otvara prostor za takmi\u010denje manjina Predlog izbornog zakona, koji je usagla\u0161en na Kolegijumu predsjednika parlamenta, nije prihvatljiv za Demokratsku\" \/>\n<meta property=\"og:url\" content=\"https:\/\/www.visit-ulcinj.com\/blog\/2011\/05\/11\/dinosa-predlog-izbornog-zakona-neprihvatljiv\/\" \/>\n<meta property=\"og:site_name\" content=\"Lajme nga Ulqini\" \/>\n<meta property=\"article:published_time\" content=\"2011-05-11T13:18:08+00:00\" \/>\n<meta property=\"article:modified_time\" content=\"2011-05-11T13:19:08+00:00\" \/>\n<meta property=\"og:image\" content=\"http:\/\/www.visit-ulcinj.com\/blog\/wp-content\/uploads\/2010\/08\/ferhat-dinosha.jpg\" \/>\n<meta name=\"twitter:label1\" content=\"Written by\" \/>\n\t<meta name=\"twitter:data1\" content=\"ulqini\" \/>\n\t<meta name=\"twitter:label2\" content=\"Est. reading time\" \/>\n\t<meta name=\"twitter:data2\" content=\"2 minutes\" \/>\n<script type=\"application\/ld+json\" class=\"yoast-schema-graph\">{\"@context\":\"https:\/\/schema.org\",\"@graph\":[{\"@type\":\"WebSite\",\"@id\":\"https:\/\/www.visit-ulcinj.com\/blog\/#website\",\"url\":\"https:\/\/www.visit-ulcinj.com\/blog\/\",\"name\":\"Lajme nga Ulqini\",\"description\":\"Lajme,Vijesti,Ulqini,Ulqin,Crna Gora,Mali i Zi\",\"potentialAction\":[{\"@type\":\"SearchAction\",\"target\":{\"@type\":\"EntryPoint\",\"urlTemplate\":\"https:\/\/www.visit-ulcinj.com\/blog\/?s={search_term_string}\"},\"query-input\":\"required name=search_term_string\"}],\"inLanguage\":\"en-US\"},{\"@type\":\"ImageObject\",\"inLanguage\":\"en-US\",\"@id\":\"https:\/\/www.visit-ulcinj.com\/blog\/2011\/05\/11\/dinosa-predlog-izbornog-zakona-neprihvatljiv\/#primaryimage\",\"url\":\"https:\/\/www.visit-ulcinj.com\/blog\/wp-content\/uploads\/2010\/08\/ferhat-dinosha.jpg\",\"contentUrl\":\"https:\/\/www.visit-ulcinj.com\/blog\/wp-content\/uploads\/2010\/08\/ferhat-dinosha.jpg\",\"width\":\"490\",\"height\":\"367\"},{\"@type\":\"WebPage\",\"@id\":\"https:\/\/www.visit-ulcinj.com\/blog\/2011\/05\/11\/dinosa-predlog-izbornog-zakona-neprihvatljiv\/#webpage\",\"url\":\"https:\/\/www.visit-ulcinj.com\/blog\/2011\/05\/11\/dinosa-predlog-izbornog-zakona-neprihvatljiv\/\",\"name\":\"Dino\u0161a: Predlog izbornog zakona neprihvatljiv - Lajme nga Ulqini\",\"isPartOf\":{\"@id\":\"https:\/\/www.visit-ulcinj.com\/blog\/#website\"},\"primaryImageOfPage\":{\"@id\":\"https:\/\/www.visit-ulcinj.com\/blog\/2011\/05\/11\/dinosa-predlog-izbornog-zakona-neprihvatljiv\/#primaryimage\"},\"datePublished\":\"2011-05-11T13:18:08+00:00\",\"dateModified\":\"2011-05-11T13:19:08+00:00\",\"author\":{\"@id\":\"https:\/\/www.visit-ulcinj.com\/blog\/#\/schema\/person\/dcab619c614d3038751c63bc2aadc06d\"},\"description\":\"Otvara prostor za takmi\u010denje manjina Predlog izbornog zakona, koji je usagla\u0161en na Kolegijumu predsjednika parlamenta, nije prihvatljiv za Demokratsku\",\"breadcrumb\":{\"@id\":\"https:\/\/www.visit-ulcinj.com\/blog\/2011\/05\/11\/dinosa-predlog-izbornog-zakona-neprihvatljiv\/#breadcrumb\"},\"inLanguage\":\"en-US\",\"potentialAction\":[{\"@type\":\"ReadAction\",\"target\":[\"https:\/\/www.visit-ulcinj.com\/blog\/2011\/05\/11\/dinosa-predlog-izbornog-zakona-neprihvatljiv\/\"]}]},{\"@type\":\"BreadcrumbList\",\"@id\":\"https:\/\/www.visit-ulcinj.com\/blog\/2011\/05\/11\/dinosa-predlog-izbornog-zakona-neprihvatljiv\/#breadcrumb\",\"itemListElement\":[{\"@type\":\"ListItem\",\"position\":1,\"name\":\"Dino\u0161a: Predlog izbornog zakona neprihvatljiv\"}]},{\"@type\":\"Person\",\"@id\":\"https:\/\/www.visit-ulcinj.com\/blog\/#\/schema\/person\/dcab619c614d3038751c63bc2aadc06d\",\"name\":\"ulqini\",\"sameAs\":[\"http:\/\/www.visit-ulcinj.com\"],\"url\":\"https:\/\/www.visit-ulcinj.com\/blog\/author\/admin\/\"}]}<\/script>\n<!-- \/ Yoast SEO plugin. -->","yoast_head_json":{"title":"Dino\u0161a: Predlog izbornog zakona neprihvatljiv - Lajme nga Ulqini","description":"Otvara prostor za takmi\u010denje manjina Predlog izbornog zakona, koji je usagla\u0161en na Kolegijumu predsjednika parlamenta, nije prihvatljiv za Demokratsku","robots":{"index":"index","follow":"follow","max-snippet":"max-snippet:-1","max-image-preview":"max-image-preview:large","max-video-preview":"max-video-preview:-1"},"canonical":"https:\/\/www.visit-ulcinj.com\/blog\/2011\/05\/11\/dinosa-predlog-izbornog-zakona-neprihvatljiv\/","og_locale":"en_US","og_type":"article","og_title":"Dino\u0161a: Predlog izbornog zakona neprihvatljiv - Lajme nga Ulqini","og_description":"Otvara prostor za takmi\u010denje manjina Predlog izbornog zakona, koji je usagla\u0161en na Kolegijumu predsjednika parlamenta, nije prihvatljiv za Demokratsku","og_url":"https:\/\/www.visit-ulcinj.com\/blog\/2011\/05\/11\/dinosa-predlog-izbornog-zakona-neprihvatljiv\/","og_site_name":"Lajme nga Ulqini","article_published_time":"2011-05-11T13:18:08+00:00","article_modified_time":"2011-05-11T13:19:08+00:00","og_image":[{"url":"http:\/\/www.visit-ulcinj.com\/blog\/wp-content\/uploads\/2010\/08\/ferhat-dinosha.jpg"}],"twitter_misc":{"Written by":"ulqini","Est. reading time":"2 minutes"},"schema":{"@context":"https:\/\/schema.org","@graph":[{"@type":"WebSite","@id":"https:\/\/www.visit-ulcinj.com\/blog\/#website","url":"https:\/\/www.visit-ulcinj.com\/blog\/","name":"Lajme nga Ulqini","description":"Lajme,Vijesti,Ulqini,Ulqin,Crna Gora,Mali i Zi","potentialAction":[{"@type":"SearchAction","target":{"@type":"EntryPoint","urlTemplate":"https:\/\/www.visit-ulcinj.com\/blog\/?s={search_term_string}"},"query-input":"required name=search_term_string"}],"inLanguage":"en-US"},{"@type":"ImageObject","inLanguage":"en-US","@id":"https:\/\/www.visit-ulcinj.com\/blog\/2011\/05\/11\/dinosa-predlog-izbornog-zakona-neprihvatljiv\/#primaryimage","url":"https:\/\/www.visit-ulcinj.com\/blog\/wp-content\/uploads\/2010\/08\/ferhat-dinosha.jpg","contentUrl":"https:\/\/www.visit-ulcinj.com\/blog\/wp-content\/uploads\/2010\/08\/ferhat-dinosha.jpg","width":"490","height":"367"},{"@type":"WebPage","@id":"https:\/\/www.visit-ulcinj.com\/blog\/2011\/05\/11\/dinosa-predlog-izbornog-zakona-neprihvatljiv\/#webpage","url":"https:\/\/www.visit-ulcinj.com\/blog\/2011\/05\/11\/dinosa-predlog-izbornog-zakona-neprihvatljiv\/","name":"Dino\u0161a: Predlog izbornog zakona neprihvatljiv - Lajme nga Ulqini","isPartOf":{"@id":"https:\/\/www.visit-ulcinj.com\/blog\/#website"},"primaryImageOfPage":{"@id":"https:\/\/www.visit-ulcinj.com\/blog\/2011\/05\/11\/dinosa-predlog-izbornog-zakona-neprihvatljiv\/#primaryimage"},"datePublished":"2011-05-11T13:18:08+00:00","dateModified":"2011-05-11T13:19:08+00:00","author":{"@id":"https:\/\/www.visit-ulcinj.com\/blog\/#\/schema\/person\/dcab619c614d3038751c63bc2aadc06d"},"description":"Otvara prostor za takmi\u010denje manjina Predlog izbornog zakona, koji je usagla\u0161en na Kolegijumu predsjednika parlamenta, nije prihvatljiv za Demokratsku","breadcrumb":{"@id":"https:\/\/www.visit-ulcinj.com\/blog\/2011\/05\/11\/dinosa-predlog-izbornog-zakona-neprihvatljiv\/#breadcrumb"},"inLanguage":"en-US","potentialAction":[{"@type":"ReadAction","target":["https:\/\/www.visit-ulcinj.com\/blog\/2011\/05\/11\/dinosa-predlog-izbornog-zakona-neprihvatljiv\/"]}]},{"@type":"BreadcrumbList","@id":"https:\/\/www.visit-ulcinj.com\/blog\/2011\/05\/11\/dinosa-predlog-izbornog-zakona-neprihvatljiv\/#breadcrumb","itemListElement":[{"@type":"ListItem","position":1,"name":"Dino\u0161a: Predlog izbornog zakona neprihvatljiv"}]},{"@type":"Person","@id":"https:\/\/www.visit-ulcinj.com\/blog\/#\/schema\/person\/dcab619c614d3038751c63bc2aadc06d","name":"ulqini","sameAs":["http:\/\/www.visit-ulcinj.com"],"url":"https:\/\/www.visit-ulcinj.com\/blog\/author\/admin\/"}]}},"jetpack_featured_media_url":"","jetpack_sharing_enabled":true,"jetpack_shortlink":"https:\/\/wp.me\/pe6lTn-c6e","_links":{"self":[{"href":"https:\/\/www.visit-ulcinj.com\/blog\/wp-json\/wp\/v2\/posts\/46514"}],"collection":[{"href":"https:\/\/www.visit-ulcinj.com\/blog\/wp-json\/wp\/v2\/posts"}],"about":[{"href":"https:\/\/www.visit-ulcinj.com\/blog\/wp-json\/wp\/v2\/types\/post"}],"author":[{"embeddable":true,"href":"https:\/\/www.visit-ulcinj.com\/blog\/wp-json\/wp\/v2\/users\/1"}],"replies":[{"embeddable":true,"href":"https:\/\/www.visit-ulcinj.com\/blog\/wp-json\/wp\/v2\/comments?post=46514"}],"version-history":[{"count":0,"href":"https:\/\/www.visit-ulcinj.com\/blog\/wp-json\/wp\/v2\/posts\/46514\/revisions"}],"wp:attachment":[{"href":"https:\/\/www.visit-ulcinj.com\/blog\/wp-json\/wp\/v2\/media?parent=46514"}],"wp:term":[{"taxonomy":"category","embeddable":true,"href":"https:\/\/www.visit-ulcinj.com\/blog\/wp-json\/wp\/v2\/categories?post=46514"},{"taxonomy":"post_tag","embeddable":true,"href":"https:\/\/www.visit-ulcinj.com\/blog\/wp-json\/wp\/v2\/tags?post=46514"}],"curies":[{"name":"wp","href":"https:\/\/api.w.org\/{rel}","templated":true}]}}