{"id":46518,"date":"2011-05-12T07:57:18","date_gmt":"2011-05-12T06:57:18","guid":{"rendered":"http:\/\/www.visit-ulcinj.com\/blog\/?p=46518"},"modified":"2011-05-12T08:09:13","modified_gmt":"2011-05-12T07:09:13","slug":"informativna-sesija-za-raseljena-lica-u-opstini-ulcinj","status":"publish","type":"post","link":"https:\/\/www.visit-ulcinj.com\/blog\/2011\/05\/12\/informativna-sesija-za-raseljena-lica-u-opstini-ulcinj\/","title":{"rendered":"Informativna sesija za raseljena lica u op\u0161tini Ulcinj"},"content":{"rendered":"<p><strong><a href=\"http:\/\/www.visit-ulcinj.com\/blog\/wp-content\/uploads\/2011\/05\/LOGO_UNHCR1.jpg\"><img loading=\"lazy\" class=\"alignleft size-full wp-image-46526\" title=\"LOGO_UNHCR1\" src=\"http:\/\/www.visit-ulcinj.com\/blog\/wp-content\/uploads\/2011\/05\/LOGO_UNHCR1.jpg\" alt=\"\" width=\"216\" height=\"90\" \/><\/a>U\u00a0 \u010detvrtak 12. maja\u00a0 2011.\u00a0 godine sa po\u010detkom u 11:00h u maloj sali Skup\u0161tine op\u0161tine Ulcinj bi\u0107e \u00a0organizovana informativna sesija za raseljena lica koja \u017eive u ovoj op\u0161tini. <\/strong><\/p>\n<p><strong> <\/strong><\/p>\n<p>Na sesiji \u0107e biti prisutni \u00a0predstavnici Miinistarstva\u00a0 rada i socijalnog staranja, Ministarstva unutra\u0161njih poslova, Zavoda za zbrinjavanje izbjeglica, \u00a0i kancelarije Visokog komesara Ujedinjenih nacija za izbjeglice (UNHCR-a) za Crnu Goru.<\/p>\n<p>Ova informativna sesija je dio informativne kampanje koja se sprovodi za raseljena i interno raseljena lica u Crnoj Gori.<\/p>\n<p>Bi\u0107e to prilika da se u direktnoj komunikaciji sa raseljenim licima na terenu razmjene \u00a0informacije koje se odnose na regulisanje statusa raseljenih lica u Crnoj Gori.<\/p>\n<p>&nbsp;<\/p>\n<p><strong>PR slu\u017eba Ministarstva rada i socijalnog staranja<\/strong><\/p>\n","protected":false},"excerpt":{"rendered":"<p>U\u00a0 \u010detvrtak 12. maja\u00a0 2011.\u00a0 godine sa po\u010detkom u 11:00h u maloj sali Skup\u0161tine op\u0161tine Ulcinj bi\u0107e \u00a0organizovana informativna sesija za raseljena lica koja \u017eive u ovoj op\u0161tini. Na sesiji \u0107e biti prisutni \u00a0predstavnici Miinistarstva\u00a0 rada i socijalnog staranja, Ministarstva unutra\u0161njih poslova, Zavoda za zbrinjavanje izbjeglica, \u00a0i kancelarije Visokog komesara Ujedinjenih nacija za izbjeglice (UNHCR-a) [&hellip;]<\/p>\n","protected":false},"author":1,"featured_media":0,"comment_status":"open","ping_status":"closed","sticky":false,"template":"","format":"standard","meta":{"spay_email":"","jetpack_publicize_message":"","jetpack_is_tweetstorm":false,"jetpack_publicize_feature_enabled":true},"categories":[8337],"tags":[18237],"jetpack_publicize_connections":[],"yoast_head":"<!-- This site is optimized with the Yoast SEO plugin v19.1 - https:\/\/yoast.com\/wordpress\/plugins\/seo\/ -->\n<title>Informativna sesija za raseljena lica u op\u0161tini Ulcinj - Lajme nga Ulqini<\/title>\n<meta name=\"description\" content=\"U\u00a0 \u010detvrtak 12. maja\u00a0 2011.\u00a0 godine sa po\u010detkom u 11:00h u maloj sali Skup\u0161tine op\u0161tine Ulcinj bi\u0107e \u00a0organizovana informativna sesija za raseljena lica\" \/>\n<meta name=\"robots\" content=\"index, follow, max-snippet:-1, max-image-preview:large, max-video-preview:-1\" \/>\n<link rel=\"canonical\" href=\"https:\/\/www.visit-ulcinj.com\/blog\/2011\/05\/12\/informativna-sesija-za-raseljena-lica-u-opstini-ulcinj\/\" \/>\n<meta property=\"og:locale\" content=\"en_US\" \/>\n<meta property=\"og:type\" content=\"article\" \/>\n<meta property=\"og:title\" content=\"Informativna sesija za raseljena lica u op\u0161tini Ulcinj - Lajme nga Ulqini\" \/>\n<meta property=\"og:description\" content=\"U\u00a0 \u010detvrtak 12. maja\u00a0 2011.\u00a0 godine sa po\u010detkom u 11:00h u maloj sali Skup\u0161tine op\u0161tine Ulcinj bi\u0107e \u00a0organizovana informativna sesija za raseljena lica\" \/>\n<meta property=\"og:url\" content=\"https:\/\/www.visit-ulcinj.com\/blog\/2011\/05\/12\/informativna-sesija-za-raseljena-lica-u-opstini-ulcinj\/\" \/>\n<meta property=\"og:site_name\" content=\"Lajme nga Ulqini\" \/>\n<meta property=\"article:published_time\" content=\"2011-05-12T06:57:18+00:00\" \/>\n<meta property=\"article:modified_time\" content=\"2011-05-12T07:09:13+00:00\" \/>\n<meta property=\"og:image\" content=\"http:\/\/www.visit-ulcinj.com\/blog\/wp-content\/uploads\/2011\/05\/LOGO_UNHCR1.jpg\" \/>\n<meta name=\"twitter:label1\" content=\"Written by\" \/>\n\t<meta name=\"twitter:data1\" content=\"ulqini\" \/>\n\t<meta name=\"twitter:label2\" content=\"Est. reading time\" \/>\n\t<meta name=\"twitter:data2\" content=\"1 minute\" \/>\n<script type=\"application\/ld+json\" class=\"yoast-schema-graph\">{\"@context\":\"https:\/\/schema.org\",\"@graph\":[{\"@type\":\"WebSite\",\"@id\":\"https:\/\/www.visit-ulcinj.com\/blog\/#website\",\"url\":\"https:\/\/www.visit-ulcinj.com\/blog\/\",\"name\":\"Lajme nga Ulqini\",\"description\":\"Lajme,Vijesti,Ulqini,Ulqin,Crna Gora,Mali i Zi\",\"potentialAction\":[{\"@type\":\"SearchAction\",\"target\":{\"@type\":\"EntryPoint\",\"urlTemplate\":\"https:\/\/www.visit-ulcinj.com\/blog\/?s={search_term_string}\"},\"query-input\":\"required name=search_term_string\"}],\"inLanguage\":\"en-US\"},{\"@type\":\"ImageObject\",\"inLanguage\":\"en-US\",\"@id\":\"https:\/\/www.visit-ulcinj.com\/blog\/2011\/05\/12\/informativna-sesija-za-raseljena-lica-u-opstini-ulcinj\/#primaryimage\",\"url\":\"https:\/\/www.visit-ulcinj.com\/blog\/wp-content\/uploads\/2011\/05\/LOGO_UNHCR1.jpg\",\"contentUrl\":\"https:\/\/www.visit-ulcinj.com\/blog\/wp-content\/uploads\/2011\/05\/LOGO_UNHCR1.jpg\",\"width\":\"216\",\"height\":\"90\"},{\"@type\":\"WebPage\",\"@id\":\"https:\/\/www.visit-ulcinj.com\/blog\/2011\/05\/12\/informativna-sesija-za-raseljena-lica-u-opstini-ulcinj\/#webpage\",\"url\":\"https:\/\/www.visit-ulcinj.com\/blog\/2011\/05\/12\/informativna-sesija-za-raseljena-lica-u-opstini-ulcinj\/\",\"name\":\"Informativna sesija za raseljena lica u op\u0161tini Ulcinj - Lajme nga Ulqini\",\"isPartOf\":{\"@id\":\"https:\/\/www.visit-ulcinj.com\/blog\/#website\"},\"primaryImageOfPage\":{\"@id\":\"https:\/\/www.visit-ulcinj.com\/blog\/2011\/05\/12\/informativna-sesija-za-raseljena-lica-u-opstini-ulcinj\/#primaryimage\"},\"datePublished\":\"2011-05-12T06:57:18+00:00\",\"dateModified\":\"2011-05-12T07:09:13+00:00\",\"author\":{\"@id\":\"https:\/\/www.visit-ulcinj.com\/blog\/#\/schema\/person\/dcab619c614d3038751c63bc2aadc06d\"},\"description\":\"U\u00a0 \u010detvrtak 12. maja\u00a0 2011.\u00a0 godine sa po\u010detkom u 11:00h u maloj sali Skup\u0161tine op\u0161tine Ulcinj bi\u0107e \u00a0organizovana informativna sesija za raseljena lica\",\"breadcrumb\":{\"@id\":\"https:\/\/www.visit-ulcinj.com\/blog\/2011\/05\/12\/informativna-sesija-za-raseljena-lica-u-opstini-ulcinj\/#breadcrumb\"},\"inLanguage\":\"en-US\",\"potentialAction\":[{\"@type\":\"ReadAction\",\"target\":[\"https:\/\/www.visit-ulcinj.com\/blog\/2011\/05\/12\/informativna-sesija-za-raseljena-lica-u-opstini-ulcinj\/\"]}]},{\"@type\":\"BreadcrumbList\",\"@id\":\"https:\/\/www.visit-ulcinj.com\/blog\/2011\/05\/12\/informativna-sesija-za-raseljena-lica-u-opstini-ulcinj\/#breadcrumb\",\"itemListElement\":[{\"@type\":\"ListItem\",\"position\":1,\"name\":\"Informativna sesija za raseljena lica u op\u0161tini Ulcinj\"}]},{\"@type\":\"Person\",\"@id\":\"https:\/\/www.visit-ulcinj.com\/blog\/#\/schema\/person\/dcab619c614d3038751c63bc2aadc06d\",\"name\":\"ulqini\",\"sameAs\":[\"http:\/\/www.visit-ulcinj.com\"],\"url\":\"https:\/\/www.visit-ulcinj.com\/blog\/author\/admin\/\"}]}<\/script>\n<!-- \/ Yoast SEO plugin. -->","yoast_head_json":{"title":"Informativna sesija za raseljena lica u op\u0161tini Ulcinj - Lajme nga Ulqini","description":"U\u00a0 \u010detvrtak 12. maja\u00a0 2011.\u00a0 godine sa po\u010detkom u 11:00h u maloj sali Skup\u0161tine op\u0161tine Ulcinj bi\u0107e \u00a0organizovana informativna sesija za raseljena lica","robots":{"index":"index","follow":"follow","max-snippet":"max-snippet:-1","max-image-preview":"max-image-preview:large","max-video-preview":"max-video-preview:-1"},"canonical":"https:\/\/www.visit-ulcinj.com\/blog\/2011\/05\/12\/informativna-sesija-za-raseljena-lica-u-opstini-ulcinj\/","og_locale":"en_US","og_type":"article","og_title":"Informativna sesija za raseljena lica u op\u0161tini Ulcinj - Lajme nga Ulqini","og_description":"U\u00a0 \u010detvrtak 12. maja\u00a0 2011.\u00a0 godine sa po\u010detkom u 11:00h u maloj sali Skup\u0161tine op\u0161tine Ulcinj bi\u0107e \u00a0organizovana informativna sesija za raseljena lica","og_url":"https:\/\/www.visit-ulcinj.com\/blog\/2011\/05\/12\/informativna-sesija-za-raseljena-lica-u-opstini-ulcinj\/","og_site_name":"Lajme nga Ulqini","article_published_time":"2011-05-12T06:57:18+00:00","article_modified_time":"2011-05-12T07:09:13+00:00","og_image":[{"url":"http:\/\/www.visit-ulcinj.com\/blog\/wp-content\/uploads\/2011\/05\/LOGO_UNHCR1.jpg"}],"twitter_misc":{"Written by":"ulqini","Est. reading time":"1 minute"},"schema":{"@context":"https:\/\/schema.org","@graph":[{"@type":"WebSite","@id":"https:\/\/www.visit-ulcinj.com\/blog\/#website","url":"https:\/\/www.visit-ulcinj.com\/blog\/","name":"Lajme nga Ulqini","description":"Lajme,Vijesti,Ulqini,Ulqin,Crna Gora,Mali i Zi","potentialAction":[{"@type":"SearchAction","target":{"@type":"EntryPoint","urlTemplate":"https:\/\/www.visit-ulcinj.com\/blog\/?s={search_term_string}"},"query-input":"required name=search_term_string"}],"inLanguage":"en-US"},{"@type":"ImageObject","inLanguage":"en-US","@id":"https:\/\/www.visit-ulcinj.com\/blog\/2011\/05\/12\/informativna-sesija-za-raseljena-lica-u-opstini-ulcinj\/#primaryimage","url":"https:\/\/www.visit-ulcinj.com\/blog\/wp-content\/uploads\/2011\/05\/LOGO_UNHCR1.jpg","contentUrl":"https:\/\/www.visit-ulcinj.com\/blog\/wp-content\/uploads\/2011\/05\/LOGO_UNHCR1.jpg","width":"216","height":"90"},{"@type":"WebPage","@id":"https:\/\/www.visit-ulcinj.com\/blog\/2011\/05\/12\/informativna-sesija-za-raseljena-lica-u-opstini-ulcinj\/#webpage","url":"https:\/\/www.visit-ulcinj.com\/blog\/2011\/05\/12\/informativna-sesija-za-raseljena-lica-u-opstini-ulcinj\/","name":"Informativna sesija za raseljena lica u op\u0161tini Ulcinj - Lajme nga Ulqini","isPartOf":{"@id":"https:\/\/www.visit-ulcinj.com\/blog\/#website"},"primaryImageOfPage":{"@id":"https:\/\/www.visit-ulcinj.com\/blog\/2011\/05\/12\/informativna-sesija-za-raseljena-lica-u-opstini-ulcinj\/#primaryimage"},"datePublished":"2011-05-12T06:57:18+00:00","dateModified":"2011-05-12T07:09:13+00:00","author":{"@id":"https:\/\/www.visit-ulcinj.com\/blog\/#\/schema\/person\/dcab619c614d3038751c63bc2aadc06d"},"description":"U\u00a0 \u010detvrtak 12. maja\u00a0 2011.\u00a0 godine sa po\u010detkom u 11:00h u maloj sali Skup\u0161tine op\u0161tine Ulcinj bi\u0107e \u00a0organizovana informativna sesija za raseljena lica","breadcrumb":{"@id":"https:\/\/www.visit-ulcinj.com\/blog\/2011\/05\/12\/informativna-sesija-za-raseljena-lica-u-opstini-ulcinj\/#breadcrumb"},"inLanguage":"en-US","potentialAction":[{"@type":"ReadAction","target":["https:\/\/www.visit-ulcinj.com\/blog\/2011\/05\/12\/informativna-sesija-za-raseljena-lica-u-opstini-ulcinj\/"]}]},{"@type":"BreadcrumbList","@id":"https:\/\/www.visit-ulcinj.com\/blog\/2011\/05\/12\/informativna-sesija-za-raseljena-lica-u-opstini-ulcinj\/#breadcrumb","itemListElement":[{"@type":"ListItem","position":1,"name":"Informativna sesija za raseljena lica u op\u0161tini Ulcinj"}]},{"@type":"Person","@id":"https:\/\/www.visit-ulcinj.com\/blog\/#\/schema\/person\/dcab619c614d3038751c63bc2aadc06d","name":"ulqini","sameAs":["http:\/\/www.visit-ulcinj.com"],"url":"https:\/\/www.visit-ulcinj.com\/blog\/author\/admin\/"}]}},"jetpack_featured_media_url":"","jetpack_sharing_enabled":true,"jetpack_shortlink":"https:\/\/wp.me\/pe6lTn-c6i","_links":{"self":[{"href":"https:\/\/www.visit-ulcinj.com\/blog\/wp-json\/wp\/v2\/posts\/46518"}],"collection":[{"href":"https:\/\/www.visit-ulcinj.com\/blog\/wp-json\/wp\/v2\/posts"}],"about":[{"href":"https:\/\/www.visit-ulcinj.com\/blog\/wp-json\/wp\/v2\/types\/post"}],"author":[{"embeddable":true,"href":"https:\/\/www.visit-ulcinj.com\/blog\/wp-json\/wp\/v2\/users\/1"}],"replies":[{"embeddable":true,"href":"https:\/\/www.visit-ulcinj.com\/blog\/wp-json\/wp\/v2\/comments?post=46518"}],"version-history":[{"count":0,"href":"https:\/\/www.visit-ulcinj.com\/blog\/wp-json\/wp\/v2\/posts\/46518\/revisions"}],"wp:attachment":[{"href":"https:\/\/www.visit-ulcinj.com\/blog\/wp-json\/wp\/v2\/media?parent=46518"}],"wp:term":[{"taxonomy":"category","embeddable":true,"href":"https:\/\/www.visit-ulcinj.com\/blog\/wp-json\/wp\/v2\/categories?post=46518"},{"taxonomy":"post_tag","embeddable":true,"href":"https:\/\/www.visit-ulcinj.com\/blog\/wp-json\/wp\/v2\/tags?post=46518"}],"curies":[{"name":"wp","href":"https:\/\/api.w.org\/{rel}","templated":true}]}}