{"id":46533,"date":"2011-05-12T16:49:02","date_gmt":"2011-05-12T15:49:02","guid":{"rendered":"http:\/\/www.visit-ulcinj.com\/blog\/?p=46533"},"modified":"2011-05-12T16:49:02","modified_gmt":"2011-05-12T15:49:02","slug":"dritan-maraj-nje-femije-i-jashtezakonshem","status":"publish","type":"post","link":"https:\/\/www.visit-ulcinj.com\/blog\/2011\/05\/12\/dritan-maraj-nje-femije-i-jashtezakonshem\/","title":{"rendered":"Dritan Maraj, nj\u00eb f\u00ebmij\u00eb i jasht\u00ebzakonsh\u00ebm"},"content":{"rendered":"<p><a href=\"http:\/\/www.visit-ulcinj.com\/blog\/wp-content\/uploads\/2011\/05\/Dritan-Maraj_KENGETAR-NGA-ULQINI.jpg\"><img loading=\"lazy\" class=\"alignleft size-full wp-image-46534\" title=\"Dritan-Maraj_KENGETAR NGA ULQINI\" src=\"http:\/\/www.visit-ulcinj.com\/blog\/wp-content\/uploads\/2011\/05\/Dritan-Maraj_KENGETAR-NGA-ULQINI.jpg\" alt=\"\" width=\"508\" height=\"360\" \/><\/a>Dritan Maraj, nx\u00ebn\u00ebs i klas\u00ebs s\u00eb tet\u00eb t\u00eb shkoll\u00ebs fillore &#8220;Marshall Tito&#8221; n\u00eb Ulqin, fitoi gar\u00ebn shtet\u00ebrore n\u00eb njohuri t\u00eb gjuh\u00ebs gjermane. P\u00ebrve\u00e7 se talent p\u00ebr gjuh\u00eb, ai luan kitar\u00eb, k\u00ebndon, \u00ebsht\u00eb redaktues i revist\u00ebs shkollore, vall\u00ebzon, \u00ebsht\u00eb i angazhuar n\u00eb sport, \u00ebsht\u00eb nx\u00ebn\u00ebs i gjenerat\u00ebs, me nj\u00eb fjal\u00eb &#8211; f\u00ebmij\u00eb i jasht\u00ebzakonsh\u00ebm!<\/p>\n<p>Dritan ka kat\u00ebrmb\u00ebdhjet\u00eb vjet. Vitin e kaluar fitoi \u00e7mimin e par\u00eb n\u00eb nivel komb\u00ebtar n\u00eb lexim n\u00eb gjuh\u00ebn gjermane, dhe n\u00eb maj t\u00eb k\u00ebtij do t\u00eb garojn\u00eb p\u00ebrs\u00ebri n\u00eb disiplin\u00ebn e nj\u00ebjt\u00eb.<\/p>\n<p>&#8211; M\u00ebsoj gjuh\u00ebn gjermane nga viti i tret\u00eb. S\u00eb pari un\u00eb m\u00ebsojsha at\u00eb nga karikaturat n\u00eb programet satelitore, dhe m\u00eb von\u00eb kam studiuar n\u00eb shkoll\u00ebn fillore me ndihm\u00ebn e profesorave Bernd Vogel dhe Matias Andre &#8211; thote Dritani.<\/p>\n<p><strong>Muzika dhe shp\u00ebrblimet<\/strong><\/p>\n<p>Sipas Profesor Vogel, testi p\u00ebr k\u00ebt\u00eb vit ishte shum\u00eb i v\u00ebshtir\u00eb dhe p\u00ebt ta kryer me sukses duhej q\u00eb t\u00eb fliste gjermanisht si kur ta kishin gjuh\u00eb amtare. P\u00ebrve\u00e7 njohjes s\u00eb gjuh\u00ebs gjermane, Dritani nga gjuh\u00ebt joamtare zotron edhe gjuh\u00ebn angleze dhe malazeze.<br \/>\nP\u00ebr Dritanin ky nuk \u00ebsht\u00eb suksesi i vet\u00ebm, pasi p\u00ebrve\u00e7 preferenc\u00ebs p\u00ebr m\u00ebsimin e gjuh\u00ebve t\u00eb huaja ky \u00ebsht\u00eb talentedhe n\u00eb fusha tjera..<\/p>\n<p>Nga viti i shtat\u00eb ai merret me muzik\u00eb, kur ai p\u00ebr her\u00eb t\u00eb par\u00eb kishte nj\u00eb prezantim publik n\u00eb Qendr\u00ebn Kulturore n\u00eb Ulqin para nj\u00eb numri shum\u00eb t\u00eb madh t\u00eb pranishmeve.<\/p>\n<p>&#8211; Edhe pse un\u00eb isha nj\u00eb f\u00ebmij\u00eb, kam pasur nderin dhe p\u00ebrgjegj\u00ebsi t\u00eb madhe, p\u00ebr t\u00eb k\u00ebnduar para 300 njer\u00ebzve, dhe mendoj se kam k\u00ebnduar mir\u00eb, \u00e7ka e konfirmoi edhe duartrokitja e t\u00eb pranishmeve &#8211; na tregon Dritan.<\/p>\n<p>Ai mori pjes\u00eb n\u00eb t\u00eb gjitha festivalet e k\u00ebng\u00ebve p\u00ebr f\u00ebmij\u00eb t\u00eb mbajtura n\u00eb Ulqin. N\u00eb festivalin e tret\u00eb u shp\u00ebrblye me \u00e7mimin e par\u00eb p\u00ebr interpretim kurse n\u00eb festivalin e pest\u00eb fitoi me k\u00ebng\u00ebn &#8221; Simphonia shpirt\u00ebrore&#8221;. N\u00eb Festivali mbar\u00ebkomb\u00ebtar\u00eb t\u00eb k\u00ebng\u00ebve p\u00ebr f\u00ebmij\u00eb t\u00eb mbajtur n\u00eb Shkod\u00ebr u shp\u00ebrblye me \u00e7mimin e par\u00eb p\u00ebr interpretim, dhe vitin e ardhsh\u00ebm n\u00eb festivalin nj\u00ebjt\u00ebn me nj\u00eb \u00e7mim special, at\u00eb &#8220;Inva Mula. N\u00eb festivalin, &#8221; Rin, song &amp; dance contest &#8221; fitoi \u00e7mimin e tret\u00eb p\u00ebr interpretimin.<br \/>\n<a href=\"http:\/\/www.visit-ulcinj.com\/blog\/wp-content\/uploads\/2011\/05\/Dritan-Maraj-1.jpg\"><img loading=\"lazy\" class=\"alignleft size-full wp-image-46535\" title=\"Dritan Maraj-1\" src=\"http:\/\/www.visit-ulcinj.com\/blog\/wp-content\/uploads\/2011\/05\/Dritan-Maraj-1.jpg\" alt=\"\" width=\"508\" height=\"306\" \/><\/a><br \/>\n<strong>Nx\u00ebn\u00ebs i gjenerat\u00ebs<\/strong><\/p>\n<p>&#8211; P\u00ebr suksesin tim un\u00eb detyrohem mir\u00ebnjohje muzikantit t\u00eb njohur t\u00eb t\u00eb ndjer\u00eb Fiqiri Hasanagi\u0107, profesor\u00ebve Ares Fannie dhe Islam Axhemoviq, dhe prind\u00ebrve t\u00eb cil\u00ebt m\u00eb mb\u00ebshteten n\u00eb \u00e7do drejtim &#8211; thote Dritani.<\/p>\n<p>Videot e tij n\u00eb YouTube i kan\u00eb par\u00eb m\u00eb shum\u00eb se 10.000 njer\u00ebz.<br \/>\nShkoll\u00ebn e ult\u00eb t\u00eb muzik\u00ebs Dritani e p\u00ebrfundoi n\u00eb Ulqin dhe p\u00ebrve\u00e7 t\u00eb k\u00ebnduarit ka m\u00ebsuar t\u00eb luaj me kitar\u00eb n\u00eb klas\u00ebn e profesor Ares Fani, ku dhe ka fituar \u00e7mime n\u00eb konkurse p\u00ebr solo kitar\u00eb.<\/p>\n<p>N\u00eb vitin shkollor 2008\/09 ishte nx\u00ebn\u00ebsi m\u00eb i mir\u00eb n\u00eb Shkoll\u00ebn e Ul\u00ebt t\u00eb Muzik\u00ebs dhe planifikon p\u00ebr t\u00eb regjistruar nj\u00eb CD. N\u00eb fund t\u00eb majit do t\u00eb hap nj\u00eb studio muzikore vetjake.<\/p>\n<p>N\u00eb vitin shkollor 2010\/11 u shpall nx\u00ebn\u00ebsi m\u00eb i mir\u00eb n\u00eb shkoll\u00ebn fillore &#8220;Marshall Tito&#8221;.<\/p>\n<p>Ai \u00ebsht\u00eb marr\u00eb edhe vall\u00ebzim, dhe tani ushtron pingpong. \u00cbsht\u00eb redaktues revist\u00ebs shkollore &#8220;Fjala jon\u00eb&#8221;, dhe motoja e tij \u00ebsht\u00eb &#8220;p\u00ebr \u00e7do gj\u00eb ke koh\u00eb kur doni&#8221;.<\/p>\n<p>&#8211; Dritan vazhdimisht i cakton vetes q\u00ebllime. Edhe pse ai ende \u00ebsht\u00eb nj\u00eb f\u00ebmij\u00eb, ai tashm\u00eb b\u00ebn\u00eb plane si nj\u00eb i rritur &#8211; thot\u00eb n\u00ebna e Dritanit, Elmadija.<\/p>\n<p>Edhe pse ka pririje n\u00eb shum\u00eb fusha, ai t\u00eb ardhmen e tij e sheh si nj\u00eb mjek. Nj\u00eb gj\u00eb \u00ebsht\u00eb e sigurt &#8211; \u00e7do gj\u00eb q\u00eb do t\u00eb punoj\u00eb \u2013n\u00eb at\u00eb do t\u00eb jet\u00eb m\u00eb i miri.<\/p>\n<p>Dritan Maraj. Mbane mend k\u00ebt\u00eb em\u00ebr.<\/p>\n<p>&nbsp;<\/p>\n<p><strong>Marr\u00eb nga Pobjeda<\/strong><\/p>\n<p><strong>P\u00ebrkthyer nga: Stafi i Promul<\/strong><\/p>\n<p><strong><a href=\"http:\/\/promul.com\/undefined\/\">Promul Ulqin<br \/>\n<\/a><!--YouTube Error: bad URL entered--><a href=\"http:\/\/promul.com\/undefined\/\"><\/a><\/strong><\/p>\n","protected":false},"excerpt":{"rendered":"<p>Dritan Maraj, nx\u00ebn\u00ebs i klas\u00ebs s\u00eb tet\u00eb t\u00eb shkoll\u00ebs fillore &#8220;Marshall Tito&#8221; n\u00eb Ulqin, fitoi gar\u00ebn shtet\u00ebrore n\u00eb njohuri t\u00eb gjuh\u00ebs gjermane. P\u00ebrve\u00e7 se talent p\u00ebr gjuh\u00eb, ai luan kitar\u00eb, k\u00ebndon, \u00ebsht\u00eb redaktues i revist\u00ebs shkollore, vall\u00ebzon, \u00ebsht\u00eb i angazhuar n\u00eb sport, \u00ebsht\u00eb nx\u00ebn\u00ebs i gjenerat\u00ebs, me nj\u00eb fjal\u00eb &#8211; f\u00ebmij\u00eb i jasht\u00ebzakonsh\u00ebm! Dritan ka [&hellip;]<\/p>\n","protected":false},"author":1,"featured_media":0,"comment_status":"open","ping_status":"closed","sticky":false,"template":"","format":"standard","meta":{"spay_email":"","jetpack_publicize_message":"","jetpack_is_tweetstorm":false,"jetpack_publicize_feature_enabled":true},"categories":[1],"tags":[11216],"jetpack_publicize_connections":[],"yoast_head":"<!-- This site is optimized with the Yoast SEO plugin v19.1 - https:\/\/yoast.com\/wordpress\/plugins\/seo\/ -->\n<title>Dritan Maraj, nj\u00eb f\u00ebmij\u00eb i jasht\u00ebzakonsh\u00ebm - Lajme nga Ulqini<\/title>\n<meta name=\"description\" content=\"Dritan Maraj, nx\u00ebn\u00ebs i klas\u00ebs s\u00eb tet\u00eb t\u00eb shkoll\u00ebs fillore &quot;Marshall Tito&quot; n\u00eb Ulqin, fitoi gar\u00ebn shtet\u00ebrore n\u00eb njohuri t\u00eb gjuh\u00ebs gjermane. P\u00ebrve\u00e7 se talent\" \/>\n<meta name=\"robots\" content=\"index, follow, max-snippet:-1, max-image-preview:large, max-video-preview:-1\" \/>\n<link rel=\"canonical\" href=\"https:\/\/www.visit-ulcinj.com\/blog\/2011\/05\/12\/dritan-maraj-nje-femije-i-jashtezakonshem\/\" \/>\n<meta property=\"og:locale\" content=\"en_US\" \/>\n<meta property=\"og:type\" content=\"article\" \/>\n<meta property=\"og:title\" content=\"Dritan Maraj, nj\u00eb f\u00ebmij\u00eb i jasht\u00ebzakonsh\u00ebm - Lajme nga Ulqini\" \/>\n<meta property=\"og:description\" content=\"Dritan Maraj, nx\u00ebn\u00ebs i klas\u00ebs s\u00eb tet\u00eb t\u00eb shkoll\u00ebs fillore &quot;Marshall Tito&quot; n\u00eb Ulqin, fitoi gar\u00ebn shtet\u00ebrore n\u00eb njohuri t\u00eb gjuh\u00ebs gjermane. P\u00ebrve\u00e7 se talent\" \/>\n<meta property=\"og:url\" content=\"https:\/\/www.visit-ulcinj.com\/blog\/2011\/05\/12\/dritan-maraj-nje-femije-i-jashtezakonshem\/\" \/>\n<meta property=\"og:site_name\" content=\"Lajme nga Ulqini\" \/>\n<meta property=\"article:published_time\" content=\"2011-05-12T15:49:02+00:00\" \/>\n<meta property=\"og:image\" content=\"http:\/\/www.visit-ulcinj.com\/blog\/wp-content\/uploads\/2011\/05\/Dritan-Maraj_KENGETAR-NGA-ULQINI.jpg\" \/>\n<meta name=\"twitter:label1\" content=\"Written by\" \/>\n\t<meta name=\"twitter:data1\" content=\"ulqini\" \/>\n\t<meta name=\"twitter:label2\" content=\"Est. reading time\" \/>\n\t<meta name=\"twitter:data2\" content=\"4 minutes\" \/>\n<script type=\"application\/ld+json\" class=\"yoast-schema-graph\">{\"@context\":\"https:\/\/schema.org\",\"@graph\":[{\"@type\":\"WebSite\",\"@id\":\"https:\/\/www.visit-ulcinj.com\/blog\/#website\",\"url\":\"https:\/\/www.visit-ulcinj.com\/blog\/\",\"name\":\"Lajme nga Ulqini\",\"description\":\"Lajme,Vijesti,Ulqini,Ulqin,Crna Gora,Mali i Zi\",\"potentialAction\":[{\"@type\":\"SearchAction\",\"target\":{\"@type\":\"EntryPoint\",\"urlTemplate\":\"https:\/\/www.visit-ulcinj.com\/blog\/?s={search_term_string}\"},\"query-input\":\"required name=search_term_string\"}],\"inLanguage\":\"en-US\"},{\"@type\":\"ImageObject\",\"inLanguage\":\"en-US\",\"@id\":\"https:\/\/www.visit-ulcinj.com\/blog\/2011\/05\/12\/dritan-maraj-nje-femije-i-jashtezakonshem\/#primaryimage\",\"url\":\"https:\/\/www.visit-ulcinj.com\/blog\/wp-content\/uploads\/2011\/05\/Dritan-Maraj_KENGETAR-NGA-ULQINI.jpg\",\"contentUrl\":\"https:\/\/www.visit-ulcinj.com\/blog\/wp-content\/uploads\/2011\/05\/Dritan-Maraj_KENGETAR-NGA-ULQINI.jpg\",\"width\":\"480\",\"height\":\"360\"},{\"@type\":\"WebPage\",\"@id\":\"https:\/\/www.visit-ulcinj.com\/blog\/2011\/05\/12\/dritan-maraj-nje-femije-i-jashtezakonshem\/#webpage\",\"url\":\"https:\/\/www.visit-ulcinj.com\/blog\/2011\/05\/12\/dritan-maraj-nje-femije-i-jashtezakonshem\/\",\"name\":\"Dritan Maraj, nj\u00eb f\u00ebmij\u00eb i jasht\u00ebzakonsh\u00ebm - Lajme nga Ulqini\",\"isPartOf\":{\"@id\":\"https:\/\/www.visit-ulcinj.com\/blog\/#website\"},\"primaryImageOfPage\":{\"@id\":\"https:\/\/www.visit-ulcinj.com\/blog\/2011\/05\/12\/dritan-maraj-nje-femije-i-jashtezakonshem\/#primaryimage\"},\"datePublished\":\"2011-05-12T15:49:02+00:00\",\"dateModified\":\"2011-05-12T15:49:02+00:00\",\"author\":{\"@id\":\"https:\/\/www.visit-ulcinj.com\/blog\/#\/schema\/person\/dcab619c614d3038751c63bc2aadc06d\"},\"description\":\"Dritan Maraj, nx\u00ebn\u00ebs i klas\u00ebs s\u00eb tet\u00eb t\u00eb shkoll\u00ebs fillore \\\"Marshall Tito\\\" n\u00eb Ulqin, fitoi gar\u00ebn shtet\u00ebrore n\u00eb njohuri t\u00eb gjuh\u00ebs gjermane. P\u00ebrve\u00e7 se talent\",\"breadcrumb\":{\"@id\":\"https:\/\/www.visit-ulcinj.com\/blog\/2011\/05\/12\/dritan-maraj-nje-femije-i-jashtezakonshem\/#breadcrumb\"},\"inLanguage\":\"en-US\",\"potentialAction\":[{\"@type\":\"ReadAction\",\"target\":[\"https:\/\/www.visit-ulcinj.com\/blog\/2011\/05\/12\/dritan-maraj-nje-femije-i-jashtezakonshem\/\"]}]},{\"@type\":\"BreadcrumbList\",\"@id\":\"https:\/\/www.visit-ulcinj.com\/blog\/2011\/05\/12\/dritan-maraj-nje-femije-i-jashtezakonshem\/#breadcrumb\",\"itemListElement\":[{\"@type\":\"ListItem\",\"position\":1,\"name\":\"Dritan Maraj, nj\u00eb f\u00ebmij\u00eb i jasht\u00ebzakonsh\u00ebm\"}]},{\"@type\":\"Person\",\"@id\":\"https:\/\/www.visit-ulcinj.com\/blog\/#\/schema\/person\/dcab619c614d3038751c63bc2aadc06d\",\"name\":\"ulqini\",\"sameAs\":[\"http:\/\/www.visit-ulcinj.com\"],\"url\":\"https:\/\/www.visit-ulcinj.com\/blog\/author\/admin\/\"}]}<\/script>\n<!-- \/ Yoast SEO plugin. -->","yoast_head_json":{"title":"Dritan Maraj, nj\u00eb f\u00ebmij\u00eb i jasht\u00ebzakonsh\u00ebm - Lajme nga Ulqini","description":"Dritan Maraj, nx\u00ebn\u00ebs i klas\u00ebs s\u00eb tet\u00eb t\u00eb shkoll\u00ebs fillore \"Marshall Tito\" n\u00eb Ulqin, fitoi gar\u00ebn shtet\u00ebrore n\u00eb njohuri t\u00eb gjuh\u00ebs gjermane. P\u00ebrve\u00e7 se talent","robots":{"index":"index","follow":"follow","max-snippet":"max-snippet:-1","max-image-preview":"max-image-preview:large","max-video-preview":"max-video-preview:-1"},"canonical":"https:\/\/www.visit-ulcinj.com\/blog\/2011\/05\/12\/dritan-maraj-nje-femije-i-jashtezakonshem\/","og_locale":"en_US","og_type":"article","og_title":"Dritan Maraj, nj\u00eb f\u00ebmij\u00eb i jasht\u00ebzakonsh\u00ebm - Lajme nga Ulqini","og_description":"Dritan Maraj, nx\u00ebn\u00ebs i klas\u00ebs s\u00eb tet\u00eb t\u00eb shkoll\u00ebs fillore \"Marshall Tito\" n\u00eb Ulqin, fitoi gar\u00ebn shtet\u00ebrore n\u00eb njohuri t\u00eb gjuh\u00ebs gjermane. P\u00ebrve\u00e7 se talent","og_url":"https:\/\/www.visit-ulcinj.com\/blog\/2011\/05\/12\/dritan-maraj-nje-femije-i-jashtezakonshem\/","og_site_name":"Lajme nga Ulqini","article_published_time":"2011-05-12T15:49:02+00:00","og_image":[{"url":"http:\/\/www.visit-ulcinj.com\/blog\/wp-content\/uploads\/2011\/05\/Dritan-Maraj_KENGETAR-NGA-ULQINI.jpg"}],"twitter_misc":{"Written by":"ulqini","Est. reading time":"4 minutes"},"schema":{"@context":"https:\/\/schema.org","@graph":[{"@type":"WebSite","@id":"https:\/\/www.visit-ulcinj.com\/blog\/#website","url":"https:\/\/www.visit-ulcinj.com\/blog\/","name":"Lajme nga Ulqini","description":"Lajme,Vijesti,Ulqini,Ulqin,Crna Gora,Mali i Zi","potentialAction":[{"@type":"SearchAction","target":{"@type":"EntryPoint","urlTemplate":"https:\/\/www.visit-ulcinj.com\/blog\/?s={search_term_string}"},"query-input":"required name=search_term_string"}],"inLanguage":"en-US"},{"@type":"ImageObject","inLanguage":"en-US","@id":"https:\/\/www.visit-ulcinj.com\/blog\/2011\/05\/12\/dritan-maraj-nje-femije-i-jashtezakonshem\/#primaryimage","url":"https:\/\/www.visit-ulcinj.com\/blog\/wp-content\/uploads\/2011\/05\/Dritan-Maraj_KENGETAR-NGA-ULQINI.jpg","contentUrl":"https:\/\/www.visit-ulcinj.com\/blog\/wp-content\/uploads\/2011\/05\/Dritan-Maraj_KENGETAR-NGA-ULQINI.jpg","width":"480","height":"360"},{"@type":"WebPage","@id":"https:\/\/www.visit-ulcinj.com\/blog\/2011\/05\/12\/dritan-maraj-nje-femije-i-jashtezakonshem\/#webpage","url":"https:\/\/www.visit-ulcinj.com\/blog\/2011\/05\/12\/dritan-maraj-nje-femije-i-jashtezakonshem\/","name":"Dritan Maraj, nj\u00eb f\u00ebmij\u00eb i jasht\u00ebzakonsh\u00ebm - Lajme nga Ulqini","isPartOf":{"@id":"https:\/\/www.visit-ulcinj.com\/blog\/#website"},"primaryImageOfPage":{"@id":"https:\/\/www.visit-ulcinj.com\/blog\/2011\/05\/12\/dritan-maraj-nje-femije-i-jashtezakonshem\/#primaryimage"},"datePublished":"2011-05-12T15:49:02+00:00","dateModified":"2011-05-12T15:49:02+00:00","author":{"@id":"https:\/\/www.visit-ulcinj.com\/blog\/#\/schema\/person\/dcab619c614d3038751c63bc2aadc06d"},"description":"Dritan Maraj, nx\u00ebn\u00ebs i klas\u00ebs s\u00eb tet\u00eb t\u00eb shkoll\u00ebs fillore \"Marshall Tito\" n\u00eb Ulqin, fitoi gar\u00ebn shtet\u00ebrore n\u00eb njohuri t\u00eb gjuh\u00ebs gjermane. P\u00ebrve\u00e7 se talent","breadcrumb":{"@id":"https:\/\/www.visit-ulcinj.com\/blog\/2011\/05\/12\/dritan-maraj-nje-femije-i-jashtezakonshem\/#breadcrumb"},"inLanguage":"en-US","potentialAction":[{"@type":"ReadAction","target":["https:\/\/www.visit-ulcinj.com\/blog\/2011\/05\/12\/dritan-maraj-nje-femije-i-jashtezakonshem\/"]}]},{"@type":"BreadcrumbList","@id":"https:\/\/www.visit-ulcinj.com\/blog\/2011\/05\/12\/dritan-maraj-nje-femije-i-jashtezakonshem\/#breadcrumb","itemListElement":[{"@type":"ListItem","position":1,"name":"Dritan Maraj, nj\u00eb f\u00ebmij\u00eb i jasht\u00ebzakonsh\u00ebm"}]},{"@type":"Person","@id":"https:\/\/www.visit-ulcinj.com\/blog\/#\/schema\/person\/dcab619c614d3038751c63bc2aadc06d","name":"ulqini","sameAs":["http:\/\/www.visit-ulcinj.com"],"url":"https:\/\/www.visit-ulcinj.com\/blog\/author\/admin\/"}]}},"jetpack_featured_media_url":"","jetpack_sharing_enabled":true,"jetpack_shortlink":"https:\/\/wp.me\/pe6lTn-c6x","_links":{"self":[{"href":"https:\/\/www.visit-ulcinj.com\/blog\/wp-json\/wp\/v2\/posts\/46533"}],"collection":[{"href":"https:\/\/www.visit-ulcinj.com\/blog\/wp-json\/wp\/v2\/posts"}],"about":[{"href":"https:\/\/www.visit-ulcinj.com\/blog\/wp-json\/wp\/v2\/types\/post"}],"author":[{"embeddable":true,"href":"https:\/\/www.visit-ulcinj.com\/blog\/wp-json\/wp\/v2\/users\/1"}],"replies":[{"embeddable":true,"href":"https:\/\/www.visit-ulcinj.com\/blog\/wp-json\/wp\/v2\/comments?post=46533"}],"version-history":[{"count":0,"href":"https:\/\/www.visit-ulcinj.com\/blog\/wp-json\/wp\/v2\/posts\/46533\/revisions"}],"wp:attachment":[{"href":"https:\/\/www.visit-ulcinj.com\/blog\/wp-json\/wp\/v2\/media?parent=46533"}],"wp:term":[{"taxonomy":"category","embeddable":true,"href":"https:\/\/www.visit-ulcinj.com\/blog\/wp-json\/wp\/v2\/categories?post=46533"},{"taxonomy":"post_tag","embeddable":true,"href":"https:\/\/www.visit-ulcinj.com\/blog\/wp-json\/wp\/v2\/tags?post=46533"}],"curies":[{"name":"wp","href":"https:\/\/api.w.org\/{rel}","templated":true}]}}