{"id":46538,"date":"2011-05-12T17:02:38","date_gmt":"2011-05-12T16:02:38","guid":{"rendered":"http:\/\/www.visit-ulcinj.com\/blog\/?p=46538"},"modified":"2011-05-12T17:04:07","modified_gmt":"2011-05-12T16:04:07","slug":"dritan-maraj-cudo-od-djeteta","status":"publish","type":"post","link":"https:\/\/www.visit-ulcinj.com\/blog\/2011\/05\/12\/dritan-maraj-cudo-od-djeteta\/","title":{"rendered":"Dritan Maraj: \u010cudo od djeteta"},"content":{"rendered":"<p><strong><a href=\"http:\/\/www.visit-ulcinj.com\/blog\/wp-content\/uploads\/2011\/05\/Dritan-Maraj-11.jpg\"><img loading=\"lazy\" class=\"alignleft size-full wp-image-46539\" title=\"Dritan Maraj-1\" src=\"http:\/\/www.visit-ulcinj.com\/blog\/wp-content\/uploads\/2011\/05\/Dritan-Maraj-11.jpg\" alt=\"\" width=\"508\" height=\"336\" \/><\/a>Dritan Maraj, u\u010denik osmog razreda O\u0160 \u201eMar\u0161al Tito\u201c iz Ulcinja<\/strong><br \/>\nDritan Maraj, u\u010denik osmog razreda O\u0160 \u201eMar\u0161al Tito\u201c iz Ulcinja, pobjednik je dr\u017eavnog takmi\u010denja u znanju njema\u010dkog jezika. Osim talenta za jezik, on svira gitaru, pjeva, ure\u0111uje \u0161kolski list, ple\u0161e, bavi se sportom, produkcijom, \u0111ak je generacije, jednom rije\u010dju &#8211; \u010dudo od djeteta!<\/p>\n<p>\u010cetrnaestogodi\u0161nji Dritan pro\u0161le godine je osvojio prvu nagradu na republi\u010dkom nivou u \u010ditanju na njema\u010dkom jeziku, a u maju ove ponovo \u0107e se takmi\u010diti u istoj disciplini.<\/p>\n<p>&#8211; Njema\u010dki u\u010dim od tre\u0107e godine. Prvo sam ga u\u010dio uz crtane filmove na satelitskim programima, a kasnije sam znanje usavr\u0161avao u osnovnoj \u0161koli uz pomo\u0107 profesora Bernda Vogela i Matiasa Andre \u2013 ka\u017ee Dritan.<\/p>\n<p><strong>Muzika i nagrade<\/strong><\/p>\n<p>Prema rije\u010dima profesora Vogela, ovogodi\u0161nji test bio je izuzetno te\u017eak i uspje\u0161no je mogao da ga rije\u0161i samo onaj ko njema\u010dki govori kao maternji. Pored poznavanja ovog, Dritan govori crnogorski, engleski, a maternji jezik mu je albanski.<\/p>\n<p>Kao \u0161to nedavno osvojena nagrada nije jedina koju Dritan posjeduje u kolekciji, tako ni sklonost prema u\u010denju jezika nije jedini talenat koji ovaj neobi\u010dni dje\u010dak posjeduje.<\/p>\n<p>Od sedme godine bavi se muzikom, kada je prvi put imao javni nastup i to pred prepunom salom na otvaranju Centra za kulturu u Ulcinju.<\/p>\n<p>&#8211; Iako sam bio mali, imao sam tu \u010dast, ali i veliku odgovornost, da pjevam pred 300 ljudi, ali mislim da sam to odli\u010dno realizovao, \u0161to je potvrdio aplauz publike \u2013 govori nam Dritan.<\/p>\n<p>On je u\u010destvovao na svih pet festivala dje\u010dje pjesme odr\u017eanim u Ulcinju. Na tre\u0107em je nagra\u0111en prvom nagradom za interpretaciju, a na petom festivalu je i pobjedio pjesmom \u201eDuhovna simfonija\u201c. Na 46. me\u0111unarodnom festivalu dje\u010dje pjesme u Skadru dobio je prvu nagradu za interpretaciju, a naredne godine na istom festivalu specijalnu nagradu \u201eInva mula\u201c. Na festivalu \u201eRin, song &amp; dance contest\u201c dobio je tre\u0107u nagradu za interpretaciju.<br \/>\n<a href=\"http:\/\/www.visit-ulcinj.com\/blog\/wp-content\/uploads\/2011\/05\/Dritan-Maraj_.jpg\"><img loading=\"lazy\" class=\"alignleft size-full wp-image-46540\" title=\"Dritan-Maraj_\" src=\"http:\/\/www.visit-ulcinj.com\/blog\/wp-content\/uploads\/2011\/05\/Dritan-Maraj_.jpg\" alt=\"\" width=\"508\" height=\"360\" \/><\/a><\/p>\n<p><strong>\u0110ak generacije<\/strong><\/p>\n<p>&#8211; Za moj uspjeh veliku zahvalnost dugujem pokojnom muzi\u010daru Fi\u0107iriju Hasanagi\u0107u, profesorima Ajlendu Aresu Fani i Islamu Ad\u017eemovi\u0107u, kao i roditeljima koji su me u svakom pogledu podr\u017eali \u2013 pri\u010da Dritan.<\/p>\n<p>Njegove snimke na jutjubu vidjelo je vi\u0161e od 10.000 ljudi.<\/p>\n<p>Ni\u017eu muzi\u010dku \u0161kolu Dritan je zavr\u0161io u Ulcinju, a osim \u0161to pjeva, nau\u010dio je da svira gitaru, u klasi profesora Aresa Fanija, i osvajao je nagrade na takmi\u010denjima za solo gitaru.<\/p>\n<p>U \u0161kolskoj 2008\/09. godini bio je \u0111ak generacije u Ni\u017eoj muzi\u010dkoj \u0161koli, a planira da snimi CD. Krajem maja otvara muzi\u010dki studio i pokre\u0107e sopstvenu produkciju.<\/p>\n<p>U \u0161kolskoj 2010\/11. progla\u0161en je \u0111akom generacije u O\u0160 \u201eMar\u0161al Tito\u201c.<\/p>\n<p>Bavio se i plesom, a sada trenira i stoni tenis. Ure\u0111uje \u0161kolski list Na\u0161a rije\u010d, a njegov moto je \u201eza sve se na\u0111e vremena kad ho\u0107e\u0161\u201c.<\/p>\n<p>&#8211; Dritan stalno postavlja sebi ciljeve. Iako je jo\u0161 uvijek dijete, on odavno pravi planove kao odrasla osoba \u2013 ka\u017ee Dritanova majka Elmadije.<\/p>\n<p>Pored svih uspjeha koje je pokazao u raznim oblastima, sebe u budu\u0107nosti vidi kao doktora medicine. Jedno je sigurno &#8211; \u0161ta god da bude radio &#8211; u tome \u0107e sigurno biti najbolji.<\/p>\n<p>Dritan Maraj. Zapamtite to ime.<\/p>\n<p><a href=\"http:\/\/www.pobjeda.co.me\/citanje.php?datum=2011-05-11&amp;id=208607\" target=\"_blank\"><strong>A. \u017divanovi\u0107<\/strong><\/a><strong><a href=\"http:\/\/www.pobjeda.co.me\/citanje.php?datum=2011-05-11&amp;id=208607\" target=\"_blank\"><br \/>\nPobjeda<\/a><br \/>\n<\/strong><strong><!--YouTube Error: bad URL entered--><\/strong><\/p>\n","protected":false},"excerpt":{"rendered":"<p>Dritan Maraj, u\u010denik osmog razreda O\u0160 \u201eMar\u0161al Tito\u201c iz Ulcinja Dritan Maraj, u\u010denik osmog razreda O\u0160 \u201eMar\u0161al Tito\u201c iz Ulcinja, pobjednik je dr\u017eavnog takmi\u010denja u znanju njema\u010dkog jezika. Osim talenta za jezik, on svira gitaru, pjeva, ure\u0111uje \u0161kolski list, ple\u0161e, bavi se sportom, produkcijom, \u0111ak je generacije, jednom rije\u010dju &#8211; \u010dudo od djeteta! \u010cetrnaestogodi\u0161nji Dritan [&hellip;]<\/p>\n","protected":false},"author":1,"featured_media":0,"comment_status":"open","ping_status":"closed","sticky":false,"template":"","format":"standard","meta":{"spay_email":"","jetpack_publicize_message":"","jetpack_is_tweetstorm":false,"jetpack_publicize_feature_enabled":true},"categories":[8337],"tags":[11216,19],"jetpack_publicize_connections":[],"yoast_head":"<!-- This site is optimized with the Yoast SEO plugin v19.1 - https:\/\/yoast.com\/wordpress\/plugins\/seo\/ -->\n<title>Dritan Maraj: \u010cudo od djeteta - Lajme nga Ulqini<\/title>\n<meta name=\"description\" content=\"Dritan Maraj, u\u010denik osmog razreda O\u0160 \u201eMar\u0161al Tito\u201c iz Ulcinja Dritan Maraj, u\u010denik osmog razreda O\u0160 \u201eMar\u0161al Tito\u201c iz Ulcinja, pobjednik je dr\u017eavnog\" \/>\n<meta name=\"robots\" content=\"index, follow, max-snippet:-1, max-image-preview:large, max-video-preview:-1\" \/>\n<link rel=\"canonical\" href=\"https:\/\/www.visit-ulcinj.com\/blog\/2011\/05\/12\/dritan-maraj-cudo-od-djeteta\/\" \/>\n<meta property=\"og:locale\" content=\"en_US\" \/>\n<meta property=\"og:type\" content=\"article\" \/>\n<meta property=\"og:title\" content=\"Dritan Maraj: \u010cudo od djeteta - Lajme nga Ulqini\" \/>\n<meta property=\"og:description\" content=\"Dritan Maraj, u\u010denik osmog razreda O\u0160 \u201eMar\u0161al Tito\u201c iz Ulcinja Dritan Maraj, u\u010denik osmog razreda O\u0160 \u201eMar\u0161al Tito\u201c iz Ulcinja, pobjednik je dr\u017eavnog\" \/>\n<meta property=\"og:url\" content=\"https:\/\/www.visit-ulcinj.com\/blog\/2011\/05\/12\/dritan-maraj-cudo-od-djeteta\/\" \/>\n<meta property=\"og:site_name\" content=\"Lajme nga Ulqini\" \/>\n<meta property=\"article:published_time\" content=\"2011-05-12T16:02:38+00:00\" \/>\n<meta property=\"article:modified_time\" content=\"2011-05-12T16:04:07+00:00\" \/>\n<meta property=\"og:image\" content=\"http:\/\/www.visit-ulcinj.com\/blog\/wp-content\/uploads\/2011\/05\/Dritan-Maraj-11.jpg\" \/>\n<meta name=\"twitter:label1\" content=\"Written by\" \/>\n\t<meta name=\"twitter:data1\" content=\"ulqini\" \/>\n\t<meta name=\"twitter:label2\" content=\"Est. reading time\" \/>\n\t<meta name=\"twitter:data2\" content=\"3 minutes\" \/>\n<script type=\"application\/ld+json\" class=\"yoast-schema-graph\">{\"@context\":\"https:\/\/schema.org\",\"@graph\":[{\"@type\":\"WebSite\",\"@id\":\"https:\/\/www.visit-ulcinj.com\/blog\/#website\",\"url\":\"https:\/\/www.visit-ulcinj.com\/blog\/\",\"name\":\"Lajme nga Ulqini\",\"description\":\"Lajme,Vijesti,Ulqini,Ulqin,Crna Gora,Mali i Zi\",\"potentialAction\":[{\"@type\":\"SearchAction\",\"target\":{\"@type\":\"EntryPoint\",\"urlTemplate\":\"https:\/\/www.visit-ulcinj.com\/blog\/?s={search_term_string}\"},\"query-input\":\"required name=search_term_string\"}],\"inLanguage\":\"en-US\"},{\"@type\":\"ImageObject\",\"inLanguage\":\"en-US\",\"@id\":\"https:\/\/www.visit-ulcinj.com\/blog\/2011\/05\/12\/dritan-maraj-cudo-od-djeteta\/#primaryimage\",\"url\":\"https:\/\/www.visit-ulcinj.com\/blog\/wp-content\/uploads\/2011\/05\/Dritan-Maraj-11.jpg\",\"contentUrl\":\"https:\/\/www.visit-ulcinj.com\/blog\/wp-content\/uploads\/2011\/05\/Dritan-Maraj-11.jpg\",\"width\":\"457\",\"height\":\"306\"},{\"@type\":\"WebPage\",\"@id\":\"https:\/\/www.visit-ulcinj.com\/blog\/2011\/05\/12\/dritan-maraj-cudo-od-djeteta\/#webpage\",\"url\":\"https:\/\/www.visit-ulcinj.com\/blog\/2011\/05\/12\/dritan-maraj-cudo-od-djeteta\/\",\"name\":\"Dritan Maraj: \u010cudo od djeteta - Lajme nga Ulqini\",\"isPartOf\":{\"@id\":\"https:\/\/www.visit-ulcinj.com\/blog\/#website\"},\"primaryImageOfPage\":{\"@id\":\"https:\/\/www.visit-ulcinj.com\/blog\/2011\/05\/12\/dritan-maraj-cudo-od-djeteta\/#primaryimage\"},\"datePublished\":\"2011-05-12T16:02:38+00:00\",\"dateModified\":\"2011-05-12T16:04:07+00:00\",\"author\":{\"@id\":\"https:\/\/www.visit-ulcinj.com\/blog\/#\/schema\/person\/dcab619c614d3038751c63bc2aadc06d\"},\"description\":\"Dritan Maraj, u\u010denik osmog razreda O\u0160 \u201eMar\u0161al Tito\u201c iz Ulcinja Dritan Maraj, u\u010denik osmog razreda O\u0160 \u201eMar\u0161al Tito\u201c iz Ulcinja, pobjednik je dr\u017eavnog\",\"breadcrumb\":{\"@id\":\"https:\/\/www.visit-ulcinj.com\/blog\/2011\/05\/12\/dritan-maraj-cudo-od-djeteta\/#breadcrumb\"},\"inLanguage\":\"en-US\",\"potentialAction\":[{\"@type\":\"ReadAction\",\"target\":[\"https:\/\/www.visit-ulcinj.com\/blog\/2011\/05\/12\/dritan-maraj-cudo-od-djeteta\/\"]}]},{\"@type\":\"BreadcrumbList\",\"@id\":\"https:\/\/www.visit-ulcinj.com\/blog\/2011\/05\/12\/dritan-maraj-cudo-od-djeteta\/#breadcrumb\",\"itemListElement\":[{\"@type\":\"ListItem\",\"position\":1,\"name\":\"Dritan Maraj: \u010cudo od djeteta\"}]},{\"@type\":\"Person\",\"@id\":\"https:\/\/www.visit-ulcinj.com\/blog\/#\/schema\/person\/dcab619c614d3038751c63bc2aadc06d\",\"name\":\"ulqini\",\"sameAs\":[\"http:\/\/www.visit-ulcinj.com\"],\"url\":\"https:\/\/www.visit-ulcinj.com\/blog\/author\/admin\/\"}]}<\/script>\n<!-- \/ Yoast SEO plugin. -->","yoast_head_json":{"title":"Dritan Maraj: \u010cudo od djeteta - Lajme nga Ulqini","description":"Dritan Maraj, u\u010denik osmog razreda O\u0160 \u201eMar\u0161al Tito\u201c iz Ulcinja Dritan Maraj, u\u010denik osmog razreda O\u0160 \u201eMar\u0161al Tito\u201c iz Ulcinja, pobjednik je dr\u017eavnog","robots":{"index":"index","follow":"follow","max-snippet":"max-snippet:-1","max-image-preview":"max-image-preview:large","max-video-preview":"max-video-preview:-1"},"canonical":"https:\/\/www.visit-ulcinj.com\/blog\/2011\/05\/12\/dritan-maraj-cudo-od-djeteta\/","og_locale":"en_US","og_type":"article","og_title":"Dritan Maraj: \u010cudo od djeteta - Lajme nga Ulqini","og_description":"Dritan Maraj, u\u010denik osmog razreda O\u0160 \u201eMar\u0161al Tito\u201c iz Ulcinja Dritan Maraj, u\u010denik osmog razreda O\u0160 \u201eMar\u0161al Tito\u201c iz Ulcinja, pobjednik je dr\u017eavnog","og_url":"https:\/\/www.visit-ulcinj.com\/blog\/2011\/05\/12\/dritan-maraj-cudo-od-djeteta\/","og_site_name":"Lajme nga Ulqini","article_published_time":"2011-05-12T16:02:38+00:00","article_modified_time":"2011-05-12T16:04:07+00:00","og_image":[{"url":"http:\/\/www.visit-ulcinj.com\/blog\/wp-content\/uploads\/2011\/05\/Dritan-Maraj-11.jpg"}],"twitter_misc":{"Written by":"ulqini","Est. reading time":"3 minutes"},"schema":{"@context":"https:\/\/schema.org","@graph":[{"@type":"WebSite","@id":"https:\/\/www.visit-ulcinj.com\/blog\/#website","url":"https:\/\/www.visit-ulcinj.com\/blog\/","name":"Lajme nga Ulqini","description":"Lajme,Vijesti,Ulqini,Ulqin,Crna Gora,Mali i Zi","potentialAction":[{"@type":"SearchAction","target":{"@type":"EntryPoint","urlTemplate":"https:\/\/www.visit-ulcinj.com\/blog\/?s={search_term_string}"},"query-input":"required name=search_term_string"}],"inLanguage":"en-US"},{"@type":"ImageObject","inLanguage":"en-US","@id":"https:\/\/www.visit-ulcinj.com\/blog\/2011\/05\/12\/dritan-maraj-cudo-od-djeteta\/#primaryimage","url":"https:\/\/www.visit-ulcinj.com\/blog\/wp-content\/uploads\/2011\/05\/Dritan-Maraj-11.jpg","contentUrl":"https:\/\/www.visit-ulcinj.com\/blog\/wp-content\/uploads\/2011\/05\/Dritan-Maraj-11.jpg","width":"457","height":"306"},{"@type":"WebPage","@id":"https:\/\/www.visit-ulcinj.com\/blog\/2011\/05\/12\/dritan-maraj-cudo-od-djeteta\/#webpage","url":"https:\/\/www.visit-ulcinj.com\/blog\/2011\/05\/12\/dritan-maraj-cudo-od-djeteta\/","name":"Dritan Maraj: \u010cudo od djeteta - Lajme nga Ulqini","isPartOf":{"@id":"https:\/\/www.visit-ulcinj.com\/blog\/#website"},"primaryImageOfPage":{"@id":"https:\/\/www.visit-ulcinj.com\/blog\/2011\/05\/12\/dritan-maraj-cudo-od-djeteta\/#primaryimage"},"datePublished":"2011-05-12T16:02:38+00:00","dateModified":"2011-05-12T16:04:07+00:00","author":{"@id":"https:\/\/www.visit-ulcinj.com\/blog\/#\/schema\/person\/dcab619c614d3038751c63bc2aadc06d"},"description":"Dritan Maraj, u\u010denik osmog razreda O\u0160 \u201eMar\u0161al Tito\u201c iz Ulcinja Dritan Maraj, u\u010denik osmog razreda O\u0160 \u201eMar\u0161al Tito\u201c iz Ulcinja, pobjednik je dr\u017eavnog","breadcrumb":{"@id":"https:\/\/www.visit-ulcinj.com\/blog\/2011\/05\/12\/dritan-maraj-cudo-od-djeteta\/#breadcrumb"},"inLanguage":"en-US","potentialAction":[{"@type":"ReadAction","target":["https:\/\/www.visit-ulcinj.com\/blog\/2011\/05\/12\/dritan-maraj-cudo-od-djeteta\/"]}]},{"@type":"BreadcrumbList","@id":"https:\/\/www.visit-ulcinj.com\/blog\/2011\/05\/12\/dritan-maraj-cudo-od-djeteta\/#breadcrumb","itemListElement":[{"@type":"ListItem","position":1,"name":"Dritan Maraj: \u010cudo od djeteta"}]},{"@type":"Person","@id":"https:\/\/www.visit-ulcinj.com\/blog\/#\/schema\/person\/dcab619c614d3038751c63bc2aadc06d","name":"ulqini","sameAs":["http:\/\/www.visit-ulcinj.com"],"url":"https:\/\/www.visit-ulcinj.com\/blog\/author\/admin\/"}]}},"jetpack_featured_media_url":"","jetpack_sharing_enabled":true,"jetpack_shortlink":"https:\/\/wp.me\/pe6lTn-c6C","_links":{"self":[{"href":"https:\/\/www.visit-ulcinj.com\/blog\/wp-json\/wp\/v2\/posts\/46538"}],"collection":[{"href":"https:\/\/www.visit-ulcinj.com\/blog\/wp-json\/wp\/v2\/posts"}],"about":[{"href":"https:\/\/www.visit-ulcinj.com\/blog\/wp-json\/wp\/v2\/types\/post"}],"author":[{"embeddable":true,"href":"https:\/\/www.visit-ulcinj.com\/blog\/wp-json\/wp\/v2\/users\/1"}],"replies":[{"embeddable":true,"href":"https:\/\/www.visit-ulcinj.com\/blog\/wp-json\/wp\/v2\/comments?post=46538"}],"version-history":[{"count":0,"href":"https:\/\/www.visit-ulcinj.com\/blog\/wp-json\/wp\/v2\/posts\/46538\/revisions"}],"wp:attachment":[{"href":"https:\/\/www.visit-ulcinj.com\/blog\/wp-json\/wp\/v2\/media?parent=46538"}],"wp:term":[{"taxonomy":"category","embeddable":true,"href":"https:\/\/www.visit-ulcinj.com\/blog\/wp-json\/wp\/v2\/categories?post=46538"},{"taxonomy":"post_tag","embeddable":true,"href":"https:\/\/www.visit-ulcinj.com\/blog\/wp-json\/wp\/v2\/tags?post=46538"}],"curies":[{"name":"wp","href":"https:\/\/api.w.org\/{rel}","templated":true}]}}