{"id":46545,"date":"2011-05-12T18:05:36","date_gmt":"2011-05-12T17:05:36","guid":{"rendered":"http:\/\/www.visit-ulcinj.com\/blog\/?p=46545"},"modified":"2011-05-14T14:29:55","modified_gmt":"2011-05-14T13:29:55","slug":"ballkani-zyrtarizon-njohjen-e-kosoves-ne-baha","status":"publish","type":"post","link":"https:\/\/www.visit-ulcinj.com\/blog\/2011\/05\/12\/ballkani-zyrtarizon-njohjen-e-kosoves-ne-baha\/","title":{"rendered":"Ballkani zyrtarizon njohjen e Kosov\u00ebs n\u00eb BAHA"},"content":{"rendered":"<p><strong><a href=\"http:\/\/www.visit-ulcinj.com\/blog\/wp-content\/uploads\/2011\/05\/Balkan-Alliance-of-Hotel-Associations.jpg\"><img loading=\"lazy\" class=\"alignleft size-full wp-image-46546\" title=\"Balkan Alliance of Hotel Associations\" src=\"http:\/\/www.visit-ulcinj.com\/blog\/wp-content\/uploads\/2011\/05\/Balkan-Alliance-of-Hotel-Associations.jpg\" alt=\"\" width=\"301\" height=\"405\" srcset=\"https:\/\/www.visit-ulcinj.com\/blog\/wp-content\/uploads\/2011\/05\/Balkan-Alliance-of-Hotel-Associations.jpg 301w, https:\/\/www.visit-ulcinj.com\/blog\/wp-content\/uploads\/2011\/05\/Balkan-Alliance-of-Hotel-Associations-222x300.jpg 222w\" sizes=\"(max-width: 301px) 100vw, 301px\" \/><\/a>Shtetet antare t\u00eb Aleanc\u00ebs Ballkanike: Maqedonia, Bullgaria, Serbija, Bosna e Hercegovina, Mali i Zi, Rumania, Sllovenia, Kroacia e Shqip\u00ebria zyrtarisht e me solemnitet rasti pranuan sot n\u00eb k\u00ebt\u00eb Aleanc\u00eb me t\u00eb drejta t\u00eb barabarta edhe Kosov\u00ebn.<\/strong><br \/>\n<a href=\"http:\/\/www.balkanalliance.org\/\" target=\"_blank\"><strong>Aleanca e Ballkanit e Asociacioneve hotelierike ( BAHA )<\/strong><\/a> zyrtarizon marr\u00ebveshjen me Shoqat\u00ebn Turistike dhe t\u00eb restauranteve t\u00eb Kosov\u00ebs ( TAK \/ SHTK )<\/p>\n<p>Prishtina dhe Hoteli AFA sot ishin qendra e v\u00ebmendjes turistike t\u00eb Ballkanit. Vendimi q\u00eb u mor m\u00eb 2.shkurt sivjet n\u00eb Budva t\u00eb Malit t\u00eb Zi p\u00ebr pranimin e Shoqat\u00ebs Turistike dhe t\u00eb restauranteve t\u00eb Kosov\u00ebs (TAK \/ SHTK ) n\u00eb Aleanc\u00ebn Ballkanike t\u00eb Asociacioneve hotelierike u zyrtarizua (BAHA ) sot me n\u00ebnshkrimin solemn t\u00eb marr\u00ebveshjes.<\/p>\n<p>z. Izedin Statovci, z\/v kryetar i TAK \/ SHTK n\u00eb hapje t\u00eb solemnitetit njohtoi se TAK \/ SHTK \u00ebsht\u00eb themeluar para nj\u00eb viti dhe deri m\u00eb sot ka antarsuar nj\u00eb mori biznesesh turistike e hoteliere. Suksesi i rradh\u00ebs i TAK \/ SHTK \u00ebsht\u00eb antarsimi n\u00eb Aleanc\u00ebn Ballkanike t\u00eb Asociacioneve hotelierike duke shprehur shpres\u00ebn, tha n\u00eb p\u00ebrmbyllje t\u00eb fjal\u00ebs s\u00eb Tij, se \u201c pret p\u00ebrkrahjen e institucioneve t\u00eb Kosov\u00ebs \u201c.<\/p>\n<p>z. Zak Topuzi, p\u00ebrfaq\u00ebsues nga Shqip\u00ebria, kryetar i BAHA-s, n\u00ebnvizoi se ky Asociacion i Turizmit dhe i Hotelieris\u00eb s\u00eb Ballkanit bashkon subjektet biznesore t\u00eb turizmit e hotelieris\u00eb n\u00eb Ballkan duke synuar p\u00ebrmir\u00ebsimin dhe ngritjen e cil\u00ebsis\u00eb s\u00eb sh\u00ebrbimeve turistike \u2013 hoteliere. Duke ditur r\u00ebnd\u00ebsin\u00eb e k\u00ebsaj dege ekonomike q\u00ebllimi i BAHA-s \u00ebsht\u00eb q\u00eb t\u00eb krijoj\u00eb BRAND p\u00ebr Ballkanin, ve\u00e7ori e t\u00eb cilit \u00ebsht\u00eb se p\u00ebr pak or\u00eb mund t\u00eb kalohet nga bjeshk\u00ebt n\u00eb det dhe anasjelltas.<\/p>\n<p>Synojm\u00eb, tha n\u00eb vazhdim z. Topuzi zhhvillimin e turizmit gjat\u00eb gjith\u00eb vitit, shfryt\u00ebzimin maksimal t\u00eb potencialeve, e me bashkpunim t\u00eb nd\u00ebrsjellt\u00eb, me pako turistike t\u00eb p\u00ebrbashk\u00ebta, t i mund\u00ebsohet turistit q\u00ebndrim i k\u00ebndsh\u00ebm disa dit\u00ebsh n\u00eb gjith\u00eb Ballkanin. Z. Topuzi p\u00ebrmbyllin fjal\u00ebn e Tij me porosin\u00eb-sllogan: Le t\u00eb punojm\u00eb s\u00eb bashku p\u00ebr t\u00eb arritur m\u00eb t\u00eb mir\u00ebn.<\/p>\n<p>z. Elmar Kunz, ekspert i Turizmit nga Gjermania, njoh\u00ebs i mire i rrethanave dhe i nivelit, potencialit e performansave turistike n\u00eb Ballkan, p\u00ebr shtat\u00eb vite i angazhuar n\u00eb zhvillimin e k\u00ebsaj dege n\u00eb Kosov\u00eb, u angazhua p\u00ebr lidhjen e bashkpunimit t\u00eb ngusht\u00eb t\u00eb turizmit dhe hotelieris\u00eb n\u00eb Ballkan, duke e mb\u00ebshtetur, n\u00eb k\u00ebt\u00eb kontekst edhe antarsimin e Kosov\u00ebs n\u00eb BAHA \u2013 p\u00ebr t\u00eb krijuar nj\u00eb ofert\u00eb t\u00eb p\u00ebrbashk\u00ebt e m\u00eb t\u00eb begat\u00eb turistike n\u00eb gjith\u00eb Ballkanin.<\/p>\n<p>z. Safet G\u00ebrxhaliu, kryetar i Od\u00ebs Ekonomike t\u00eb Kosov\u00ebs ishte duksh\u00ebm i entuziazmuar me k\u00ebt\u00eb ngjarje dhe me mund\u00ebsin\u00eb p\u00ebr nj\u00eb permormans\u00eb t\u00eb re t\u00eb turizmit e t\u00eb hotelieris\u00eb s\u00eb Kosov\u00ebs. Ai ceku nevoj\u00ebn e Kosov\u00ebs p\u00ebr p\u00ebrmir\u00ebsimin e imazhit \u2013 duke e ilustruar k\u00ebt\u00eb imazh t\u00eb ri t\u00eb krijuar me pranin\u00eb e p\u00ebrfaq\u00ebsuesve t\u00eb shteteve t\u00eb Ballkanit \u2013 tanime an\u00ebtare t\u00eb BAHA-s.<\/p>\n<p>Realiteti i Kosov\u00ebs, theksoi n\u00eb vazhdim z. G\u00ebrxhaliu, \u00ebsht\u00eb jo vet\u00ebm integrimi politik por edhe integrimi ekonomik, i cili nuk \u00ebsht\u00eb i mundsh\u00ebm pa integrimin e turizmit, dhe \u00ebsht\u00eb me r\u00ebnd\u00ebsi q\u00eb TAK \/ SHTK me hyrjen n\u00eb BAHA po e arrin\u00eb k\u00ebt\u00eb: Sot promovohet bashkpunimi nd\u00ebr- rajonal n\u00eb turiz\u00ebm q\u00eb \u00ebsht\u00eb nj\u00eb deg\u00eb me r\u00ebnd\u00ebsi n\u00eb ekonomi. Ndaj, p\u00ebrmbylli z. G\u00ebrxhaliu, OEK falenderon t\u00eb gjith\u00eb ata q\u00eb kontribuan n\u00eb k\u00ebt\u00eb drejtim.<\/p>\n<p>Marr\u00ebveshjen e antarsimit t\u00eb TAK \/ SHTK n\u00eb BAHA e n\u00ebnshkruan z. Izedin Statovci dhe z. Zak Topuzi, marr\u00ebveshje kjo q\u00eb nj\u00ebherit TAK \/ SHTK njeh edhe si an\u00ebtare me t\u00eb drejta t\u00eb barabarta t\u00eb Federat\u00ebs Euro-Mediterane t\u00eb Restauranteve ( ERHF ) dhe t\u00eb Asociacionit Nd\u00ebrkomb\u00ebtar t\u00eb Hoteleve e Restauranteve ( IHRA ), q\u00eb \u00ebsht\u00eb formuar para 158 vitesh n\u00eb Koblenc t\u00eb Gjermanis\u00eb.<\/p>\n<p>Aktin solemn t\u00eb antarsimit t\u00eb TAK \/ SHTK n\u00eb BAHA e pasoi edhe akti solemn i pasurimit t\u00eb Rendit t\u00eb Fisnik\u00ebve ( kalor\u00ebs, duke ) edhe me nj\u00eb an\u00ebtare t\u00eb re, k\u00ebsaj rradhe nga Kosova. Ekspertja e hotelierise dhe e turizmit Mr. Alije Berisha, p\u00ebr pun\u00eb t\u00eb palodh\u00ebshme, p\u00ebr kontribute e rezultate n\u00eb zhvillimin e hotelierise e turizmit n\u00eb Kosov\u00eb, u promovua solemnisht p\u00ebr fisnike dhe u gradua n\u00eb Rendin e Fisnik\u00ebve<\/p>\n<p>Pasi veshi rrobat e Fisnikes si simbolik\u00eb gradimi, zonja Berisha ftoi p\u00ebr ecje m\u00eb tutje p\u00ebrpara s\u00eb bashku drejt\u00eb sukseseve t\u00eb rradh\u00ebs n\u00eb k\u00ebt\u00eb l\u00ebm\u00eb.<\/p>\n<p>TAK \/ SHTK n\u00eb fund ndau mir\u00ebnjohjet p\u00ebr fisnik\u00ebt e grades se Rendit t\u00eb Fisnik\u00ebve<\/p>\n<p>t\u00eb BAHA-s t\u00eb pranish\u00ebm sot n\u00eb solemnitet, nga: Bosna e Hercegovina, Serbia, Bullgaria, Maqedonia dhe Shqip\u00ebria.<\/p>\n<p>P\u00ebrfaq\u00ebsuesit e asociaciacioneve turistike t\u00eb shteteve t\u00eb Ballkanit, antare t\u00eb BAHA-s, mbr\u00ebm\u00eb vizituan Gjilanin ku shijuan mikpritje t\u00eb mrekullueshme n\u00eb restaurantet BUJANA, nd\u00ebrsa sot vizituan OEK ( me ecje k\u00ebmb\u00eb n\u00eb rrobat atraktive t\u00eb fisnike n\u00eb Sheshin \u201c N\u00ebna tedreze \u201c ), kapacitetet turistike t\u00eb Brezovic\u00ebs dhe Brodit.<\/p>\n<p>\u00cbsht\u00eb arritur marr\u00ebveshja me koleg\u00ebt nga Bullgaria, t\u00eb cil\u00ebt u ofruan p\u00ebr lobim t\u00eb p\u00ebrbashk\u00ebt, q\u00eb n\u00eb bashkpunim me TAK \/ SHTK, Ministrin\u00eb e pun\u00ebve t\u00eb jashtme dhe Ambasad\u00ebn e Bullgaris\u00eb n\u00eb Prishtin\u00eb, t\u00eb tentohet leht\u00ebsimi i vizave p\u00ebr q\u00ebllime turistike gjat\u00eb hyrjes n\u00eb Bullgari.<\/p>\n<p><a href=\"http:\/\/www.balkanalliance.org\/\" target=\"_blank\"><strong>Selatin Ka\u00e7aniku<\/strong><br \/>\n<strong>http:\/\/www.balkanalliance.org\/<\/strong><\/a><\/p>\n","protected":false},"excerpt":{"rendered":"<p>Shtetet antare t\u00eb Aleanc\u00ebs Ballkanike: Maqedonia, Bullgaria, Serbija, Bosna e Hercegovina, Mali i Zi, Rumania, Sllovenia, Kroacia e Shqip\u00ebria zyrtarisht e me solemnitet rasti pranuan sot n\u00eb k\u00ebt\u00eb Aleanc\u00eb me t\u00eb drejta t\u00eb barabarta edhe Kosov\u00ebn. Aleanca e Ballkanit e Asociacioneve hotelierike ( BAHA ) zyrtarizon marr\u00ebveshjen me Shoqat\u00ebn Turistike dhe t\u00eb restauranteve t\u00eb Kosov\u00ebs [&hellip;]<\/p>\n","protected":false},"author":1,"featured_media":0,"comment_status":"open","ping_status":"closed","sticky":false,"template":"","format":"standard","meta":{"spay_email":"","jetpack_publicize_message":"","jetpack_is_tweetstorm":false,"jetpack_publicize_feature_enabled":true},"categories":[8],"tags":[18239,18240],"jetpack_publicize_connections":[],"yoast_head":"<!-- This site is optimized with the Yoast SEO plugin v19.1 - https:\/\/yoast.com\/wordpress\/plugins\/seo\/ -->\n<title>Ballkani zyrtarizon njohjen e Kosov\u00ebs n\u00eb BAHA - Lajme nga Ulqini<\/title>\n<meta name=\"description\" content=\"Shtetet antare t\u00eb Aleanc\u00ebs Ballkanike: Maqedonia, Bullgaria, Serbija, Bosna e Hercegovina, Mali i Zi, Rumania, Sllovenia, Kroacia e Shqip\u00ebria zyrtarisht e\" \/>\n<meta name=\"robots\" content=\"index, follow, max-snippet:-1, max-image-preview:large, max-video-preview:-1\" \/>\n<link rel=\"canonical\" href=\"https:\/\/www.visit-ulcinj.com\/blog\/2011\/05\/12\/ballkani-zyrtarizon-njohjen-e-kosoves-ne-baha\/\" \/>\n<meta property=\"og:locale\" content=\"en_US\" \/>\n<meta property=\"og:type\" content=\"article\" \/>\n<meta property=\"og:title\" content=\"Ballkani zyrtarizon njohjen e Kosov\u00ebs n\u00eb BAHA - Lajme nga Ulqini\" \/>\n<meta property=\"og:description\" content=\"Shtetet antare t\u00eb Aleanc\u00ebs Ballkanike: Maqedonia, Bullgaria, Serbija, Bosna e Hercegovina, Mali i Zi, Rumania, Sllovenia, Kroacia e Shqip\u00ebria zyrtarisht e\" \/>\n<meta property=\"og:url\" content=\"https:\/\/www.visit-ulcinj.com\/blog\/2011\/05\/12\/ballkani-zyrtarizon-njohjen-e-kosoves-ne-baha\/\" \/>\n<meta property=\"og:site_name\" content=\"Lajme nga Ulqini\" \/>\n<meta property=\"article:published_time\" content=\"2011-05-12T17:05:36+00:00\" \/>\n<meta property=\"article:modified_time\" content=\"2011-05-14T13:29:55+00:00\" \/>\n<meta property=\"og:image\" content=\"http:\/\/www.visit-ulcinj.com\/blog\/wp-content\/uploads\/2011\/05\/Balkan-Alliance-of-Hotel-Associations.jpg\" \/>\n<meta name=\"twitter:label1\" content=\"Written by\" \/>\n\t<meta name=\"twitter:data1\" content=\"ulqini\" \/>\n\t<meta name=\"twitter:label2\" content=\"Est. reading time\" \/>\n\t<meta name=\"twitter:data2\" content=\"5 minutes\" \/>\n<script type=\"application\/ld+json\" class=\"yoast-schema-graph\">{\"@context\":\"https:\/\/schema.org\",\"@graph\":[{\"@type\":\"WebSite\",\"@id\":\"https:\/\/www.visit-ulcinj.com\/blog\/#website\",\"url\":\"https:\/\/www.visit-ulcinj.com\/blog\/\",\"name\":\"Lajme nga Ulqini\",\"description\":\"Lajme,Vijesti,Ulqini,Ulqin,Crna Gora,Mali i Zi\",\"potentialAction\":[{\"@type\":\"SearchAction\",\"target\":{\"@type\":\"EntryPoint\",\"urlTemplate\":\"https:\/\/www.visit-ulcinj.com\/blog\/?s={search_term_string}\"},\"query-input\":\"required name=search_term_string\"}],\"inLanguage\":\"en-US\"},{\"@type\":\"ImageObject\",\"inLanguage\":\"en-US\",\"@id\":\"https:\/\/www.visit-ulcinj.com\/blog\/2011\/05\/12\/ballkani-zyrtarizon-njohjen-e-kosoves-ne-baha\/#primaryimage\",\"url\":\"https:\/\/www.visit-ulcinj.com\/blog\/wp-content\/uploads\/2011\/05\/Balkan-Alliance-of-Hotel-Associations.jpg\",\"contentUrl\":\"https:\/\/www.visit-ulcinj.com\/blog\/wp-content\/uploads\/2011\/05\/Balkan-Alliance-of-Hotel-Associations.jpg\",\"width\":\"301\",\"height\":\"405\"},{\"@type\":\"WebPage\",\"@id\":\"https:\/\/www.visit-ulcinj.com\/blog\/2011\/05\/12\/ballkani-zyrtarizon-njohjen-e-kosoves-ne-baha\/#webpage\",\"url\":\"https:\/\/www.visit-ulcinj.com\/blog\/2011\/05\/12\/ballkani-zyrtarizon-njohjen-e-kosoves-ne-baha\/\",\"name\":\"Ballkani zyrtarizon njohjen e Kosov\u00ebs n\u00eb BAHA - Lajme nga Ulqini\",\"isPartOf\":{\"@id\":\"https:\/\/www.visit-ulcinj.com\/blog\/#website\"},\"primaryImageOfPage\":{\"@id\":\"https:\/\/www.visit-ulcinj.com\/blog\/2011\/05\/12\/ballkani-zyrtarizon-njohjen-e-kosoves-ne-baha\/#primaryimage\"},\"datePublished\":\"2011-05-12T17:05:36+00:00\",\"dateModified\":\"2011-05-14T13:29:55+00:00\",\"author\":{\"@id\":\"https:\/\/www.visit-ulcinj.com\/blog\/#\/schema\/person\/dcab619c614d3038751c63bc2aadc06d\"},\"description\":\"Shtetet antare t\u00eb Aleanc\u00ebs Ballkanike: Maqedonia, Bullgaria, Serbija, Bosna e Hercegovina, Mali i Zi, Rumania, Sllovenia, Kroacia e Shqip\u00ebria zyrtarisht e\",\"breadcrumb\":{\"@id\":\"https:\/\/www.visit-ulcinj.com\/blog\/2011\/05\/12\/ballkani-zyrtarizon-njohjen-e-kosoves-ne-baha\/#breadcrumb\"},\"inLanguage\":\"en-US\",\"potentialAction\":[{\"@type\":\"ReadAction\",\"target\":[\"https:\/\/www.visit-ulcinj.com\/blog\/2011\/05\/12\/ballkani-zyrtarizon-njohjen-e-kosoves-ne-baha\/\"]}]},{\"@type\":\"BreadcrumbList\",\"@id\":\"https:\/\/www.visit-ulcinj.com\/blog\/2011\/05\/12\/ballkani-zyrtarizon-njohjen-e-kosoves-ne-baha\/#breadcrumb\",\"itemListElement\":[{\"@type\":\"ListItem\",\"position\":1,\"name\":\"Ballkani zyrtarizon njohjen e Kosov\u00ebs n\u00eb BAHA\"}]},{\"@type\":\"Person\",\"@id\":\"https:\/\/www.visit-ulcinj.com\/blog\/#\/schema\/person\/dcab619c614d3038751c63bc2aadc06d\",\"name\":\"ulqini\",\"sameAs\":[\"http:\/\/www.visit-ulcinj.com\"],\"url\":\"https:\/\/www.visit-ulcinj.com\/blog\/author\/admin\/\"}]}<\/script>\n<!-- \/ Yoast SEO plugin. -->","yoast_head_json":{"title":"Ballkani zyrtarizon njohjen e Kosov\u00ebs n\u00eb BAHA - Lajme nga Ulqini","description":"Shtetet antare t\u00eb Aleanc\u00ebs Ballkanike: Maqedonia, Bullgaria, Serbija, Bosna e Hercegovina, Mali i Zi, Rumania, Sllovenia, Kroacia e Shqip\u00ebria zyrtarisht e","robots":{"index":"index","follow":"follow","max-snippet":"max-snippet:-1","max-image-preview":"max-image-preview:large","max-video-preview":"max-video-preview:-1"},"canonical":"https:\/\/www.visit-ulcinj.com\/blog\/2011\/05\/12\/ballkani-zyrtarizon-njohjen-e-kosoves-ne-baha\/","og_locale":"en_US","og_type":"article","og_title":"Ballkani zyrtarizon njohjen e Kosov\u00ebs n\u00eb BAHA - Lajme nga Ulqini","og_description":"Shtetet antare t\u00eb Aleanc\u00ebs Ballkanike: Maqedonia, Bullgaria, Serbija, Bosna e Hercegovina, Mali i Zi, Rumania, Sllovenia, Kroacia e Shqip\u00ebria zyrtarisht e","og_url":"https:\/\/www.visit-ulcinj.com\/blog\/2011\/05\/12\/ballkani-zyrtarizon-njohjen-e-kosoves-ne-baha\/","og_site_name":"Lajme nga Ulqini","article_published_time":"2011-05-12T17:05:36+00:00","article_modified_time":"2011-05-14T13:29:55+00:00","og_image":[{"url":"http:\/\/www.visit-ulcinj.com\/blog\/wp-content\/uploads\/2011\/05\/Balkan-Alliance-of-Hotel-Associations.jpg"}],"twitter_misc":{"Written by":"ulqini","Est. reading time":"5 minutes"},"schema":{"@context":"https:\/\/schema.org","@graph":[{"@type":"WebSite","@id":"https:\/\/www.visit-ulcinj.com\/blog\/#website","url":"https:\/\/www.visit-ulcinj.com\/blog\/","name":"Lajme nga Ulqini","description":"Lajme,Vijesti,Ulqini,Ulqin,Crna Gora,Mali i Zi","potentialAction":[{"@type":"SearchAction","target":{"@type":"EntryPoint","urlTemplate":"https:\/\/www.visit-ulcinj.com\/blog\/?s={search_term_string}"},"query-input":"required name=search_term_string"}],"inLanguage":"en-US"},{"@type":"ImageObject","inLanguage":"en-US","@id":"https:\/\/www.visit-ulcinj.com\/blog\/2011\/05\/12\/ballkani-zyrtarizon-njohjen-e-kosoves-ne-baha\/#primaryimage","url":"https:\/\/www.visit-ulcinj.com\/blog\/wp-content\/uploads\/2011\/05\/Balkan-Alliance-of-Hotel-Associations.jpg","contentUrl":"https:\/\/www.visit-ulcinj.com\/blog\/wp-content\/uploads\/2011\/05\/Balkan-Alliance-of-Hotel-Associations.jpg","width":"301","height":"405"},{"@type":"WebPage","@id":"https:\/\/www.visit-ulcinj.com\/blog\/2011\/05\/12\/ballkani-zyrtarizon-njohjen-e-kosoves-ne-baha\/#webpage","url":"https:\/\/www.visit-ulcinj.com\/blog\/2011\/05\/12\/ballkani-zyrtarizon-njohjen-e-kosoves-ne-baha\/","name":"Ballkani zyrtarizon njohjen e Kosov\u00ebs n\u00eb BAHA - Lajme nga Ulqini","isPartOf":{"@id":"https:\/\/www.visit-ulcinj.com\/blog\/#website"},"primaryImageOfPage":{"@id":"https:\/\/www.visit-ulcinj.com\/blog\/2011\/05\/12\/ballkani-zyrtarizon-njohjen-e-kosoves-ne-baha\/#primaryimage"},"datePublished":"2011-05-12T17:05:36+00:00","dateModified":"2011-05-14T13:29:55+00:00","author":{"@id":"https:\/\/www.visit-ulcinj.com\/blog\/#\/schema\/person\/dcab619c614d3038751c63bc2aadc06d"},"description":"Shtetet antare t\u00eb Aleanc\u00ebs Ballkanike: Maqedonia, Bullgaria, Serbija, Bosna e Hercegovina, Mali i Zi, Rumania, Sllovenia, Kroacia e Shqip\u00ebria zyrtarisht e","breadcrumb":{"@id":"https:\/\/www.visit-ulcinj.com\/blog\/2011\/05\/12\/ballkani-zyrtarizon-njohjen-e-kosoves-ne-baha\/#breadcrumb"},"inLanguage":"en-US","potentialAction":[{"@type":"ReadAction","target":["https:\/\/www.visit-ulcinj.com\/blog\/2011\/05\/12\/ballkani-zyrtarizon-njohjen-e-kosoves-ne-baha\/"]}]},{"@type":"BreadcrumbList","@id":"https:\/\/www.visit-ulcinj.com\/blog\/2011\/05\/12\/ballkani-zyrtarizon-njohjen-e-kosoves-ne-baha\/#breadcrumb","itemListElement":[{"@type":"ListItem","position":1,"name":"Ballkani zyrtarizon njohjen e Kosov\u00ebs n\u00eb BAHA"}]},{"@type":"Person","@id":"https:\/\/www.visit-ulcinj.com\/blog\/#\/schema\/person\/dcab619c614d3038751c63bc2aadc06d","name":"ulqini","sameAs":["http:\/\/www.visit-ulcinj.com"],"url":"https:\/\/www.visit-ulcinj.com\/blog\/author\/admin\/"}]}},"jetpack_featured_media_url":"","jetpack_sharing_enabled":true,"jetpack_shortlink":"https:\/\/wp.me\/pe6lTn-c6J","_links":{"self":[{"href":"https:\/\/www.visit-ulcinj.com\/blog\/wp-json\/wp\/v2\/posts\/46545"}],"collection":[{"href":"https:\/\/www.visit-ulcinj.com\/blog\/wp-json\/wp\/v2\/posts"}],"about":[{"href":"https:\/\/www.visit-ulcinj.com\/blog\/wp-json\/wp\/v2\/types\/post"}],"author":[{"embeddable":true,"href":"https:\/\/www.visit-ulcinj.com\/blog\/wp-json\/wp\/v2\/users\/1"}],"replies":[{"embeddable":true,"href":"https:\/\/www.visit-ulcinj.com\/blog\/wp-json\/wp\/v2\/comments?post=46545"}],"version-history":[{"count":0,"href":"https:\/\/www.visit-ulcinj.com\/blog\/wp-json\/wp\/v2\/posts\/46545\/revisions"}],"wp:attachment":[{"href":"https:\/\/www.visit-ulcinj.com\/blog\/wp-json\/wp\/v2\/media?parent=46545"}],"wp:term":[{"taxonomy":"category","embeddable":true,"href":"https:\/\/www.visit-ulcinj.com\/blog\/wp-json\/wp\/v2\/categories?post=46545"},{"taxonomy":"post_tag","embeddable":true,"href":"https:\/\/www.visit-ulcinj.com\/blog\/wp-json\/wp\/v2\/tags?post=46545"}],"curies":[{"name":"wp","href":"https:\/\/api.w.org\/{rel}","templated":true}]}}