{"id":46551,"date":"2011-05-13T15:03:12","date_gmt":"2011-05-13T14:03:12","guid":{"rendered":"http:\/\/www.visit-ulcinj.com\/blog\/?p=46551"},"modified":"2011-05-14T14:27:30","modified_gmt":"2011-05-14T13:27:30","slug":"u-ulcinjskoj-rivijeri-je-pocela-ljetna-sezona","status":"publish","type":"post","link":"https:\/\/www.visit-ulcinj.com\/blog\/2011\/05\/13\/u-ulcinjskoj-rivijeri-je-pocela-ljetna-sezona\/","title":{"rendered":"U Ulcinjskoj rivijeri je po\u010dela ljetna sezona"},"content":{"rendered":"<p><a href=\"http:\/\/www.visit-ulcinj.com\/blog\/wp-content\/uploads\/2011\/05\/U-Ulcinjskoj-rivijeri-je-pocela-ljetna-sezona.1.jpg\"><img loading=\"lazy\" class=\"alignleft size-full wp-image-46555\" title=\"U Ulcinjskoj rivijeri je pocela ljetna sezona.1\" src=\"http:\/\/www.visit-ulcinj.com\/blog\/wp-content\/uploads\/2011\/05\/U-Ulcinjskoj-rivijeri-je-pocela-ljetna-sezona.1.jpg\" alt=\"\" width=\"508\" height=\"380\" \/><\/a>Dolaskom prvih gostiju u hotel \u201cOlympic\u201d 8. maja je po\u010dela ljetna turisti\u010dka sezona u HTP \u201cUlcinjskoj rivijera\u201d. Nudisti\u010dki centar \u201cAda Bojana\u201d je otvaren 10. maja. Hotel \u201cBellevue\u201d \u0107e otvoriti kapije 26. maja kada \u0107e biti organizovani susreti zdravstvenih radnika Crne Gore, zatim sustreti radnika PTT i Elektroprivrede Crne Gore. Masovni dolasci gostiju u Ulcinjskoj rivijeri se o\u010dekuju od 1. juna kada dolaze prve ture gostiju agencija \u201cKovotur plus\u201d i \u201cViktoria\u201d iz \u010ce\u0161ke i \u201cOlestur\u201d i \u201cDamptur\u201d iz Poljske.<br \/>\n<a href=\"http:\/\/www.visit-ulcinj.com\/blog\/wp-content\/uploads\/2011\/05\/U-Ulcinjskoj-rivijeri-je-pocela-ljetna-sezona_Hotel-Bellevue.jpg\"><img loading=\"lazy\" class=\"alignleft size-full wp-image-46556\" title=\"U Ulcinjskoj rivijeri je pocela ljetna sezona_Hotel Bellevue\" src=\"http:\/\/www.visit-ulcinj.com\/blog\/wp-content\/uploads\/2011\/05\/U-Ulcinjskoj-rivijeri-je-pocela-ljetna-sezona_Hotel-Bellevue.jpg\" alt=\"\" width=\"508\" height=\"340\" \/><\/a><\/p>\n<p>Adu Bojanu su ove godine otvarili\u00a0 individualni gosti i kamperi, a prvi agencijski gosti dolaze posredstvom agencije \u201cObene\u201d 18. maja. Dva dana kasnije\u00a0 sti\u017ee i grupa ornitologa iz Holandije. U predsezoni polupansion na Adi ko\u0161ta 24 odnosno 26 eura po osobi dnevno, a vikend aran\u017emane svi zainteresovani mogu koristiti ve\u0107 od 13. maja.\u00a0 Ura\u0111ena je osnovna rekonstrukcija smje\u0161tajnog dijela i recepcije na Adi, a gosti \u0107e i ove godine mo\u0107i da u\u017eivaju u svim blagodetima \u201crajskog ostrva\u201d. Teniski tereni, mali fudbal, odbojka, jahanje konja- za rekreaciju, sufing i kitesurfing za one smjelije, a dobra hrana i vrhunsko vino u ribljim restoranima na ostrvu zadovolji\u0107e ukuse i najve\u0107ih gurmana.<br \/>\nRekonstrukcija hotela \u201cBellevue\u201d \u0107e biti zavr\u0161ena 7. maja, a u hotelu \u201cBellevue\u201d su renovirane 252 sobe, 126 kupatila, preure\u0111ene su recepcije u depadansima Cer i Avala, zatim holovi, stepeni\u0161ta i sanitarije i kompletan moleraj u sva tri objekta hotela \u201cBellevue\u201d. Nakon zavr\u0161ene rekonstrukcije \u2013 sve sobe u hotelu \u201cBellevue\u201d koji je kapaciteta 700 kreveta su renovirane jer je jedan dio hotela \u201cBellevue\u201d renoviran pro\u0161le godine.<br \/>\n<a href=\"http:\/\/www.visit-ulcinj.com\/blog\/wp-content\/uploads\/2011\/05\/U-Ulcinjskoj-rivijeri-je-pocela-ljetna-sezona.jpg\"><img loading=\"lazy\" class=\"alignleft size-full wp-image-46553\" title=\"U Ulcinjskoj rivijeri je pocela ljetna sezona\" src=\"http:\/\/www.visit-ulcinj.com\/blog\/wp-content\/uploads\/2011\/05\/U-Ulcinjskoj-rivijeri-je-pocela-ljetna-sezona.jpg\" alt=\"\" width=\"508\" height=\"340\" \/><\/a><br \/>\nU HTP \u201cUlcinjskoj rivijeri\u201d tokom pro\u0161le godine godine je ostvareno oko 80.000 no\u0107enja, a ove godine, prema svim najavama o\u010dekuje se jo\u0161 bolja sezona. Cijene su zadr\u017eane na nivou pro\u0161logodi\u0161njih i one se kre\u0107u od 20 eura u predsezoni\u00a0 do 40 eura u \u0161picu sezone za polupansion po osobi dnevno.<\/p>\n<p><strong>Ana Zivanovic<\/strong><br \/>\n<!--YouTube Error: bad URL entered--><\/p>\n","protected":false},"excerpt":{"rendered":"<p>Dolaskom prvih gostiju u hotel \u201cOlympic\u201d 8. maja je po\u010dela ljetna turisti\u010dka sezona u HTP \u201cUlcinjskoj rivijera\u201d. Nudisti\u010dki centar \u201cAda Bojana\u201d je otvaren 10. maja. Hotel \u201cBellevue\u201d \u0107e otvoriti kapije 26. maja kada \u0107e biti organizovani susreti zdravstvenih radnika Crne Gore, zatim sustreti radnika PTT i Elektroprivrede Crne Gore. Masovni dolasci gostiju u Ulcinjskoj rivijeri [&hellip;]<\/p>\n","protected":false},"author":1,"featured_media":0,"comment_status":"open","ping_status":"closed","sticky":false,"template":"","format":"standard","meta":{"spay_email":"","jetpack_publicize_message":"","jetpack_is_tweetstorm":false,"jetpack_publicize_feature_enabled":true},"categories":[15],"tags":[20,250,19],"jetpack_publicize_connections":[],"yoast_head":"<!-- This site is optimized with the Yoast SEO plugin v19.1 - https:\/\/yoast.com\/wordpress\/plugins\/seo\/ -->\n<title>U Ulcinjskoj rivijeri je po\u010dela ljetna sezona - Lajme nga Ulqini<\/title>\n<meta name=\"description\" content=\"Dolaskom prvih gostiju u hotel \u201cOlympic\u201d 8. maja je po\u010dela ljetna turisti\u010dka sezona u HTP \u201cUlcinjskoj rivijera\u201d. Nudisti\u010dki centar \u201cAda Bojana\u201d je otvaren\" \/>\n<meta name=\"robots\" content=\"index, follow, max-snippet:-1, max-image-preview:large, max-video-preview:-1\" \/>\n<link rel=\"canonical\" href=\"https:\/\/www.visit-ulcinj.com\/blog\/2011\/05\/13\/u-ulcinjskoj-rivijeri-je-pocela-ljetna-sezona\/\" \/>\n<meta property=\"og:locale\" content=\"en_US\" \/>\n<meta property=\"og:type\" content=\"article\" \/>\n<meta property=\"og:title\" content=\"U Ulcinjskoj rivijeri je po\u010dela ljetna sezona - Lajme nga Ulqini\" \/>\n<meta property=\"og:description\" content=\"Dolaskom prvih gostiju u hotel \u201cOlympic\u201d 8. maja je po\u010dela ljetna turisti\u010dka sezona u HTP \u201cUlcinjskoj rivijera\u201d. Nudisti\u010dki centar \u201cAda Bojana\u201d je otvaren\" \/>\n<meta property=\"og:url\" content=\"https:\/\/www.visit-ulcinj.com\/blog\/2011\/05\/13\/u-ulcinjskoj-rivijeri-je-pocela-ljetna-sezona\/\" \/>\n<meta property=\"og:site_name\" content=\"Lajme nga Ulqini\" \/>\n<meta property=\"article:published_time\" content=\"2011-05-13T14:03:12+00:00\" \/>\n<meta property=\"article:modified_time\" content=\"2011-05-14T13:27:30+00:00\" \/>\n<meta property=\"og:image\" content=\"http:\/\/www.visit-ulcinj.com\/blog\/wp-content\/uploads\/2011\/05\/U-Ulcinjskoj-rivijeri-je-pocela-ljetna-sezona.1.jpg\" \/>\n<meta name=\"twitter:label1\" content=\"Written by\" \/>\n\t<meta name=\"twitter:data1\" content=\"ulqini\" \/>\n\t<meta name=\"twitter:label2\" content=\"Est. reading time\" \/>\n\t<meta name=\"twitter:data2\" content=\"2 minutes\" \/>\n<script type=\"application\/ld+json\" class=\"yoast-schema-graph\">{\"@context\":\"https:\/\/schema.org\",\"@graph\":[{\"@type\":\"WebSite\",\"@id\":\"https:\/\/www.visit-ulcinj.com\/blog\/#website\",\"url\":\"https:\/\/www.visit-ulcinj.com\/blog\/\",\"name\":\"Lajme nga Ulqini\",\"description\":\"Lajme,Vijesti,Ulqini,Ulqin,Crna Gora,Mali i Zi\",\"potentialAction\":[{\"@type\":\"SearchAction\",\"target\":{\"@type\":\"EntryPoint\",\"urlTemplate\":\"https:\/\/www.visit-ulcinj.com\/blog\/?s={search_term_string}\"},\"query-input\":\"required name=search_term_string\"}],\"inLanguage\":\"en-US\"},{\"@type\":\"ImageObject\",\"inLanguage\":\"en-US\",\"@id\":\"https:\/\/www.visit-ulcinj.com\/blog\/2011\/05\/13\/u-ulcinjskoj-rivijeri-je-pocela-ljetna-sezona\/#primaryimage\",\"url\":\"https:\/\/www.visit-ulcinj.com\/blog\/wp-content\/uploads\/2011\/05\/U-Ulcinjskoj-rivijeri-je-pocela-ljetna-sezona.1.jpg\",\"contentUrl\":\"https:\/\/www.visit-ulcinj.com\/blog\/wp-content\/uploads\/2011\/05\/U-Ulcinjskoj-rivijeri-je-pocela-ljetna-sezona.1.jpg\",\"width\":\"1019\",\"height\":\"683\"},{\"@type\":\"WebPage\",\"@id\":\"https:\/\/www.visit-ulcinj.com\/blog\/2011\/05\/13\/u-ulcinjskoj-rivijeri-je-pocela-ljetna-sezona\/#webpage\",\"url\":\"https:\/\/www.visit-ulcinj.com\/blog\/2011\/05\/13\/u-ulcinjskoj-rivijeri-je-pocela-ljetna-sezona\/\",\"name\":\"U Ulcinjskoj rivijeri je po\u010dela ljetna sezona - Lajme nga Ulqini\",\"isPartOf\":{\"@id\":\"https:\/\/www.visit-ulcinj.com\/blog\/#website\"},\"primaryImageOfPage\":{\"@id\":\"https:\/\/www.visit-ulcinj.com\/blog\/2011\/05\/13\/u-ulcinjskoj-rivijeri-je-pocela-ljetna-sezona\/#primaryimage\"},\"datePublished\":\"2011-05-13T14:03:12+00:00\",\"dateModified\":\"2011-05-14T13:27:30+00:00\",\"author\":{\"@id\":\"https:\/\/www.visit-ulcinj.com\/blog\/#\/schema\/person\/dcab619c614d3038751c63bc2aadc06d\"},\"description\":\"Dolaskom prvih gostiju u hotel \u201cOlympic\u201d 8. maja je po\u010dela ljetna turisti\u010dka sezona u HTP \u201cUlcinjskoj rivijera\u201d. Nudisti\u010dki centar \u201cAda Bojana\u201d je otvaren\",\"breadcrumb\":{\"@id\":\"https:\/\/www.visit-ulcinj.com\/blog\/2011\/05\/13\/u-ulcinjskoj-rivijeri-je-pocela-ljetna-sezona\/#breadcrumb\"},\"inLanguage\":\"en-US\",\"potentialAction\":[{\"@type\":\"ReadAction\",\"target\":[\"https:\/\/www.visit-ulcinj.com\/blog\/2011\/05\/13\/u-ulcinjskoj-rivijeri-je-pocela-ljetna-sezona\/\"]}]},{\"@type\":\"BreadcrumbList\",\"@id\":\"https:\/\/www.visit-ulcinj.com\/blog\/2011\/05\/13\/u-ulcinjskoj-rivijeri-je-pocela-ljetna-sezona\/#breadcrumb\",\"itemListElement\":[{\"@type\":\"ListItem\",\"position\":1,\"name\":\"U Ulcinjskoj rivijeri je po\u010dela ljetna sezona\"}]},{\"@type\":\"Person\",\"@id\":\"https:\/\/www.visit-ulcinj.com\/blog\/#\/schema\/person\/dcab619c614d3038751c63bc2aadc06d\",\"name\":\"ulqini\",\"sameAs\":[\"http:\/\/www.visit-ulcinj.com\"],\"url\":\"https:\/\/www.visit-ulcinj.com\/blog\/author\/admin\/\"}]}<\/script>\n<!-- \/ Yoast SEO plugin. -->","yoast_head_json":{"title":"U Ulcinjskoj rivijeri je po\u010dela ljetna sezona - Lajme nga Ulqini","description":"Dolaskom prvih gostiju u hotel \u201cOlympic\u201d 8. maja je po\u010dela ljetna turisti\u010dka sezona u HTP \u201cUlcinjskoj rivijera\u201d. Nudisti\u010dki centar \u201cAda Bojana\u201d je otvaren","robots":{"index":"index","follow":"follow","max-snippet":"max-snippet:-1","max-image-preview":"max-image-preview:large","max-video-preview":"max-video-preview:-1"},"canonical":"https:\/\/www.visit-ulcinj.com\/blog\/2011\/05\/13\/u-ulcinjskoj-rivijeri-je-pocela-ljetna-sezona\/","og_locale":"en_US","og_type":"article","og_title":"U Ulcinjskoj rivijeri je po\u010dela ljetna sezona - Lajme nga Ulqini","og_description":"Dolaskom prvih gostiju u hotel \u201cOlympic\u201d 8. maja je po\u010dela ljetna turisti\u010dka sezona u HTP \u201cUlcinjskoj rivijera\u201d. Nudisti\u010dki centar \u201cAda Bojana\u201d je otvaren","og_url":"https:\/\/www.visit-ulcinj.com\/blog\/2011\/05\/13\/u-ulcinjskoj-rivijeri-je-pocela-ljetna-sezona\/","og_site_name":"Lajme nga Ulqini","article_published_time":"2011-05-13T14:03:12+00:00","article_modified_time":"2011-05-14T13:27:30+00:00","og_image":[{"url":"http:\/\/www.visit-ulcinj.com\/blog\/wp-content\/uploads\/2011\/05\/U-Ulcinjskoj-rivijeri-je-pocela-ljetna-sezona.1.jpg"}],"twitter_misc":{"Written by":"ulqini","Est. reading time":"2 minutes"},"schema":{"@context":"https:\/\/schema.org","@graph":[{"@type":"WebSite","@id":"https:\/\/www.visit-ulcinj.com\/blog\/#website","url":"https:\/\/www.visit-ulcinj.com\/blog\/","name":"Lajme nga Ulqini","description":"Lajme,Vijesti,Ulqini,Ulqin,Crna Gora,Mali i Zi","potentialAction":[{"@type":"SearchAction","target":{"@type":"EntryPoint","urlTemplate":"https:\/\/www.visit-ulcinj.com\/blog\/?s={search_term_string}"},"query-input":"required name=search_term_string"}],"inLanguage":"en-US"},{"@type":"ImageObject","inLanguage":"en-US","@id":"https:\/\/www.visit-ulcinj.com\/blog\/2011\/05\/13\/u-ulcinjskoj-rivijeri-je-pocela-ljetna-sezona\/#primaryimage","url":"https:\/\/www.visit-ulcinj.com\/blog\/wp-content\/uploads\/2011\/05\/U-Ulcinjskoj-rivijeri-je-pocela-ljetna-sezona.1.jpg","contentUrl":"https:\/\/www.visit-ulcinj.com\/blog\/wp-content\/uploads\/2011\/05\/U-Ulcinjskoj-rivijeri-je-pocela-ljetna-sezona.1.jpg","width":"1019","height":"683"},{"@type":"WebPage","@id":"https:\/\/www.visit-ulcinj.com\/blog\/2011\/05\/13\/u-ulcinjskoj-rivijeri-je-pocela-ljetna-sezona\/#webpage","url":"https:\/\/www.visit-ulcinj.com\/blog\/2011\/05\/13\/u-ulcinjskoj-rivijeri-je-pocela-ljetna-sezona\/","name":"U Ulcinjskoj rivijeri je po\u010dela ljetna sezona - Lajme nga Ulqini","isPartOf":{"@id":"https:\/\/www.visit-ulcinj.com\/blog\/#website"},"primaryImageOfPage":{"@id":"https:\/\/www.visit-ulcinj.com\/blog\/2011\/05\/13\/u-ulcinjskoj-rivijeri-je-pocela-ljetna-sezona\/#primaryimage"},"datePublished":"2011-05-13T14:03:12+00:00","dateModified":"2011-05-14T13:27:30+00:00","author":{"@id":"https:\/\/www.visit-ulcinj.com\/blog\/#\/schema\/person\/dcab619c614d3038751c63bc2aadc06d"},"description":"Dolaskom prvih gostiju u hotel \u201cOlympic\u201d 8. maja je po\u010dela ljetna turisti\u010dka sezona u HTP \u201cUlcinjskoj rivijera\u201d. Nudisti\u010dki centar \u201cAda Bojana\u201d je otvaren","breadcrumb":{"@id":"https:\/\/www.visit-ulcinj.com\/blog\/2011\/05\/13\/u-ulcinjskoj-rivijeri-je-pocela-ljetna-sezona\/#breadcrumb"},"inLanguage":"en-US","potentialAction":[{"@type":"ReadAction","target":["https:\/\/www.visit-ulcinj.com\/blog\/2011\/05\/13\/u-ulcinjskoj-rivijeri-je-pocela-ljetna-sezona\/"]}]},{"@type":"BreadcrumbList","@id":"https:\/\/www.visit-ulcinj.com\/blog\/2011\/05\/13\/u-ulcinjskoj-rivijeri-je-pocela-ljetna-sezona\/#breadcrumb","itemListElement":[{"@type":"ListItem","position":1,"name":"U Ulcinjskoj rivijeri je po\u010dela ljetna sezona"}]},{"@type":"Person","@id":"https:\/\/www.visit-ulcinj.com\/blog\/#\/schema\/person\/dcab619c614d3038751c63bc2aadc06d","name":"ulqini","sameAs":["http:\/\/www.visit-ulcinj.com"],"url":"https:\/\/www.visit-ulcinj.com\/blog\/author\/admin\/"}]}},"jetpack_featured_media_url":"","jetpack_sharing_enabled":true,"jetpack_shortlink":"https:\/\/wp.me\/pe6lTn-c6P","_links":{"self":[{"href":"https:\/\/www.visit-ulcinj.com\/blog\/wp-json\/wp\/v2\/posts\/46551"}],"collection":[{"href":"https:\/\/www.visit-ulcinj.com\/blog\/wp-json\/wp\/v2\/posts"}],"about":[{"href":"https:\/\/www.visit-ulcinj.com\/blog\/wp-json\/wp\/v2\/types\/post"}],"author":[{"embeddable":true,"href":"https:\/\/www.visit-ulcinj.com\/blog\/wp-json\/wp\/v2\/users\/1"}],"replies":[{"embeddable":true,"href":"https:\/\/www.visit-ulcinj.com\/blog\/wp-json\/wp\/v2\/comments?post=46551"}],"version-history":[{"count":0,"href":"https:\/\/www.visit-ulcinj.com\/blog\/wp-json\/wp\/v2\/posts\/46551\/revisions"}],"wp:attachment":[{"href":"https:\/\/www.visit-ulcinj.com\/blog\/wp-json\/wp\/v2\/media?parent=46551"}],"wp:term":[{"taxonomy":"category","embeddable":true,"href":"https:\/\/www.visit-ulcinj.com\/blog\/wp-json\/wp\/v2\/categories?post=46551"},{"taxonomy":"post_tag","embeddable":true,"href":"https:\/\/www.visit-ulcinj.com\/blog\/wp-json\/wp\/v2\/tags?post=46551"}],"curies":[{"name":"wp","href":"https:\/\/api.w.org\/{rel}","templated":true}]}}