{"id":46562,"date":"2011-05-13T18:01:43","date_gmt":"2011-05-13T17:01:43","guid":{"rendered":"http:\/\/www.visit-ulcinj.com\/blog\/?p=46562"},"modified":"2011-05-13T18:01:43","modified_gmt":"2011-05-13T17:01:43","slug":"le-montenegro-une-alternative-pour-cet-ete","status":"publish","type":"post","link":"https:\/\/www.visit-ulcinj.com\/blog\/2011\/05\/13\/le-montenegro-une-alternative-pour-cet-ete\/","title":{"rendered":"Le Mont\u00e9n\u00e9gro : une alternative pour cet \u00e9t\u00e9 ?"},"content":{"rendered":"<p><a href=\"http:\/\/www.visit-ulcinj.com\/blog\/wp-content\/uploads\/2011\/05\/Le-Mont\u00e9n\u00e9gro1.jpg\"><img loading=\"lazy\" class=\"alignleft size-full wp-image-46563\" title=\"Le Mont\u00e9n\u00e9gro\" src=\"http:\/\/www.visit-ulcinj.com\/blog\/wp-content\/uploads\/2011\/05\/Le-Mont\u00e9n\u00e9gro1.jpg\" alt=\"\" width=\"340\" height=\"500\" \/><\/a>Alors que la situation est toujours aussi incertaine en Tunisie, en Egypte et au Maroc, une destination \u00e9mergeante pourrait tirer son \u00e9pingle du jeu : le Mont\u00e9n\u00e9gro. A 2\u00a0h\u00a015 de vol de Paris et sans d\u00e9calage horaire, ce petit pays des Balkans m\u00e9ridional abrite de somptueux monast\u00e8res orthodoxes et des villages m\u00e9di\u00e9vaux remarquablement conserv\u00e9s le long d&#8217;un littoral pr\u00e9serv\u00e9 de 296 km de c\u00f4te, joyaux de la c\u00f4te dalmate, entre la Croatie et l&#8217;Albanie. Ind\u00e9pendant depuis le 3 juin 2006, ce pays o\u00f9 l&#8217;euro est d\u00e9j\u00e0 la monnaie officielle jouit d&#8217;un potentiel touristique impressionnant. Et contrairement \u00e0 la Croatie voisine qui n&#8217;offre que des plages de galets et des criques, le Mont\u00e9n\u00e9gro dispose de vraies plages de sable, comme \u00e0 Petrovac et \u00e0 Becici pr\u00e8s de Budva, au centre du littoral mont\u00e9n\u00e9grin, o\u00f9 se concentrent les principaux h\u00f4tels. Quant aux citadelles de Budva et de Kotor (class\u00e9e par l&#8217;Unesco), elles n&#8217;ont rien \u00e0 envier \u00e0 Dubrovnik, la foule en moins !<\/p>\n<p>A proximit\u00e9 de Budva, Sveti Stefan, la \u00ab\u00a0carte postale\u00a0\u00bb du Mont\u00e9n\u00e9gro, est l&#8217;une des destinations les plus attrayantes de la c\u00f4te Adriatique. Ancien village de p\u00eacheurs fortifi\u00e9 datant du 15\u00e8me si\u00e8cle, elle est construite sur un \u00eelot rocheux reli\u00e9e \u00e0 la c\u00f4te par un \u00e9troit isthme de sable. En 1960, l&#8217;\u00eele se m\u00e9tamorphose en un h\u00f4tel de luxe, symbole du pays et haut lieu de vill\u00e9giature pour les personnalit\u00e9s. Aujourd&#8217;hui, l&#8217;\u00eele rena\u00eet avec l&#8217;inauguration d&#8217;Aman Sveti Stefan, par l&#8217;un des groupes h\u00f4teliers les plus luxueux du monde, qui g\u00e8re \u00e9galement Villa Milocer, l&#8217;ancienne r\u00e9sidence d&#8217;\u00e9t\u00e9 du roi du Mont\u00e9n\u00e9gro, nich\u00e9e dans une splendide baie, face \u00e0 Sveti Stefan.<\/p>\n<p>Unique fjord de M\u00e9diterran\u00e9e, les Bouches de Kotor justifient \u00e0 elles seules un voyage au Mont\u00e9n\u00e9gro. Les montagnes culminant \u00e0 pr\u00e8s de 1 000 m plongent litt\u00e9ralement dans la mer, qui s&#8217;enfonce de 28 km dans les terres. Le tout jalonn\u00e9 de monast\u00e8res, de villages de p\u00eacheurs et de villes fortifi\u00e9es. Voila pour les amateurs de nature, de majestueux paysages et de culture. Les f\u00eatards ne sont pas en reste puisque les nuits de Kotor, d&#8217;Igalo et de Budva n&#8217;ont rien \u00e0 envier \u00e0 l&#8217;ambiance d&#8217;Ibiza !<\/p>\n<p>Le Mont\u00e9n\u00e9gro croule sous les projets h\u00f4teliers, dont certains sont tr\u00e8s ambitieux. Ainsi, la cha\u00eene h\u00f4teli\u00e8re haut de gamme Four Seasons va prochainement ouvrir son premier resort au Montenegro, sur la marina \u00ab\u00a0Porto Montenegro\u00a0\u00bb, l&#8217;une des plus luxueuses d&#8217;Europe, en cours de construction dans la baie de Tivat, \u00e0 l&#8217;entr\u00e9e des bouches du Kotor. Outre une marina moderne \u00e9quip\u00e9e de 800 amarres, Porto Montenegro, que l&#8217;on compare d\u00e9j\u00e0 \u00e0 Monte-Carlo, dispose d&#8217;un terrain de golf, des appartements r\u00e9sidentiels et un complexe commercial. Un op\u00e9rateur local a \u00e9galement sign\u00e9 avec Banyan Tree H\u00f4tels et Resorts pour l&#8217;\u00eele Sveti Marko dans le golfe de Tivat, qui proposera des villas et un superbe spa. Cette \u00eele a accueilli en son temps le Club M\u00e9diterran\u00e9e. A noter enfin que Marriott et Hilton pr\u00e9voient d&#8217;ouvrir leurs h\u00f4tels dans la capitale Podgorica, tandis que Kempinski et Viva Wyndham s&#8217;installeront prochainement pr\u00e8s de Budva.<\/p>\n<p>Mont\u00e9n\u00e9gro Airlines assure toute l&#8217;ann\u00e9e un vol direct entre Paris Roissy CDG et la capitale Podgorica deux fois par semaine. Pour la saison estivale, Montenegro Airlines propose cinq vols hebdomadaires vers Podgorica, les mardis, jeudis et vendredis et \u00e0 destination de Tivat, \u00e0 l&#8217;embouchure des bouches du Kotor, les samedis et dimanches. Plusieurs charters se posent \u00e9galement \u00e0 Dubrovnik en Croatie, \u00e0 30 minutes de bus de la fronti\u00e8re et \u00e0 45 minutes des h\u00f4tels de la r\u00e9gion d&#8217;Herceg Novi.<\/p>\n<p>Bref, une destination m\u00e9diterran\u00e9enne s\u00fbre, proche, ensoleill\u00e9e, culturelle, nature et festive, \u00e0 d\u00e9couvrir sans tarder !<\/p>\n<p>Plus d&#8217;informations sur la destination sur notre page <strong><a href=\"http:\/\/www.easyvoyage.com\/montenegro\">Montenegro<\/a><\/strong>.<\/p>\n<p>Retrouvez tous les vols vers le Mont\u00e9n\u00e9gro sur notre comparateur <strong><a href=\"http:\/\/www.easyvols.fr\/\">Easyvols<br \/>\n<\/a><\/strong><\/p>\n<p><a href=\"http:\/\/www.easyvoyage.com\/actualite\/le-montenegro-une-alternative-pour-cet-ete--6790\" target=\"_blank\"><strong>N. Pel\u00e9.<br \/>\nEasyvoyage<\/strong><\/a><br \/>\n<!--YouTube Error: bad URL entered--><br \/>\n<span style=\"color: #ffffff;\">Vacances en Mont\u00e9n\u00e9gro,Vacances en  Ulcinj,appartements, h\u00e9bergement, logement, h\u00f4tels,Appartement de  vacances, Bienvenue au Ulqin \/ Ulcinj \u2013 Mont\u00e9n\u00e9gro, chambres \u00e0 louer \u00e0  ulcinj, h\u00e9bergement priv\u00e9, h\u00e9bergements de vacances, <\/span><\/p>\n","protected":false},"excerpt":{"rendered":"<p>Alors que la situation est toujours aussi incertaine en Tunisie, en Egypte et au Maroc, une destination \u00e9mergeante pourrait tirer son \u00e9pingle du jeu : le Mont\u00e9n\u00e9gro. A 2\u00a0h\u00a015 de vol de Paris et sans d\u00e9calage horaire, ce petit pays des Balkans m\u00e9ridional abrite de somptueux monast\u00e8res orthodoxes et des villages m\u00e9di\u00e9vaux remarquablement conserv\u00e9s le [&hellip;]<\/p>\n","protected":false},"author":1,"featured_media":0,"comment_status":"open","ping_status":"closed","sticky":false,"template":"","format":"standard","meta":{"spay_email":"","jetpack_publicize_message":"","jetpack_is_tweetstorm":false,"jetpack_publicize_feature_enabled":true},"categories":[7],"tags":[8804,15570,18247,21,11329,3753,8809,4056,4050,3428,2440,4061,4046,4053,4047,4054,4055,8808,8805,4058,4049,18246,8801,4052,4059,4048,8803,8800,79,1096,19,8802,18248,18244,18245,8807,8806],"jetpack_publicize_connections":[],"yoast_head":"<!-- This site is optimized with the Yoast SEO plugin v19.1 - https:\/\/yoast.com\/wordpress\/plugins\/seo\/ -->\n<title>Le Mont\u00e9n\u00e9gro : une alternative pour cet \u00e9t\u00e9 ? - Lajme nga Ulqini<\/title>\n<meta name=\"description\" content=\"Alors que la situation est toujours aussi incertaine en Tunisie, en Egypte et au Maroc, une destination \u00e9mergeante pourrait tirer son \u00e9pingle du jeu : le\" \/>\n<meta name=\"robots\" content=\"index, follow, max-snippet:-1, max-image-preview:large, max-video-preview:-1\" \/>\n<link rel=\"canonical\" href=\"https:\/\/www.visit-ulcinj.com\/blog\/2011\/05\/13\/le-montenegro-une-alternative-pour-cet-ete\/\" \/>\n<meta property=\"og:locale\" content=\"en_US\" \/>\n<meta property=\"og:type\" content=\"article\" \/>\n<meta property=\"og:title\" content=\"Le Mont\u00e9n\u00e9gro : une alternative pour cet \u00e9t\u00e9 ? - Lajme nga Ulqini\" \/>\n<meta property=\"og:description\" content=\"Alors que la situation est toujours aussi incertaine en Tunisie, en Egypte et au Maroc, une destination \u00e9mergeante pourrait tirer son \u00e9pingle du jeu : le\" \/>\n<meta property=\"og:url\" content=\"https:\/\/www.visit-ulcinj.com\/blog\/2011\/05\/13\/le-montenegro-une-alternative-pour-cet-ete\/\" \/>\n<meta property=\"og:site_name\" content=\"Lajme nga Ulqini\" \/>\n<meta property=\"article:published_time\" content=\"2011-05-13T17:01:43+00:00\" \/>\n<meta name=\"twitter:label1\" content=\"Written by\" \/>\n\t<meta name=\"twitter:data1\" content=\"ulqini\" \/>\n\t<meta name=\"twitter:label2\" content=\"Est. reading time\" \/>\n\t<meta name=\"twitter:data2\" content=\"4 minutes\" \/>\n<script type=\"application\/ld+json\" class=\"yoast-schema-graph\">{\"@context\":\"https:\/\/schema.org\",\"@graph\":[{\"@type\":\"WebSite\",\"@id\":\"https:\/\/www.visit-ulcinj.com\/blog\/#website\",\"url\":\"https:\/\/www.visit-ulcinj.com\/blog\/\",\"name\":\"Lajme nga Ulqini\",\"description\":\"Lajme,Vijesti,Ulqini,Ulqin,Crna Gora,Mali i Zi\",\"potentialAction\":[{\"@type\":\"SearchAction\",\"target\":{\"@type\":\"EntryPoint\",\"urlTemplate\":\"https:\/\/www.visit-ulcinj.com\/blog\/?s={search_term_string}\"},\"query-input\":\"required name=search_term_string\"}],\"inLanguage\":\"en-US\"},{\"@type\":\"WebPage\",\"@id\":\"https:\/\/www.visit-ulcinj.com\/blog\/2011\/05\/13\/le-montenegro-une-alternative-pour-cet-ete\/#webpage\",\"url\":\"https:\/\/www.visit-ulcinj.com\/blog\/2011\/05\/13\/le-montenegro-une-alternative-pour-cet-ete\/\",\"name\":\"Le Mont\u00e9n\u00e9gro : une alternative pour cet \u00e9t\u00e9 ? - Lajme nga Ulqini\",\"isPartOf\":{\"@id\":\"https:\/\/www.visit-ulcinj.com\/blog\/#website\"},\"datePublished\":\"2011-05-13T17:01:43+00:00\",\"dateModified\":\"2011-05-13T17:01:43+00:00\",\"author\":{\"@id\":\"https:\/\/www.visit-ulcinj.com\/blog\/#\/schema\/person\/dcab619c614d3038751c63bc2aadc06d\"},\"description\":\"Alors que la situation est toujours aussi incertaine en Tunisie, en Egypte et au Maroc, une destination \u00e9mergeante pourrait tirer son \u00e9pingle du jeu : le\",\"breadcrumb\":{\"@id\":\"https:\/\/www.visit-ulcinj.com\/blog\/2011\/05\/13\/le-montenegro-une-alternative-pour-cet-ete\/#breadcrumb\"},\"inLanguage\":\"en-US\",\"potentialAction\":[{\"@type\":\"ReadAction\",\"target\":[\"https:\/\/www.visit-ulcinj.com\/blog\/2011\/05\/13\/le-montenegro-une-alternative-pour-cet-ete\/\"]}]},{\"@type\":\"BreadcrumbList\",\"@id\":\"https:\/\/www.visit-ulcinj.com\/blog\/2011\/05\/13\/le-montenegro-une-alternative-pour-cet-ete\/#breadcrumb\",\"itemListElement\":[{\"@type\":\"ListItem\",\"position\":1,\"name\":\"Le Mont\u00e9n\u00e9gro : une alternative pour cet \u00e9t\u00e9 ?\"}]},{\"@type\":\"Person\",\"@id\":\"https:\/\/www.visit-ulcinj.com\/blog\/#\/schema\/person\/dcab619c614d3038751c63bc2aadc06d\",\"name\":\"ulqini\",\"sameAs\":[\"http:\/\/www.visit-ulcinj.com\"],\"url\":\"https:\/\/www.visit-ulcinj.com\/blog\/author\/admin\/\"}]}<\/script>\n<!-- \/ Yoast SEO plugin. -->","yoast_head_json":{"title":"Le Mont\u00e9n\u00e9gro : une alternative pour cet \u00e9t\u00e9 ? - Lajme nga Ulqini","description":"Alors que la situation est toujours aussi incertaine en Tunisie, en Egypte et au Maroc, une destination \u00e9mergeante pourrait tirer son \u00e9pingle du jeu : le","robots":{"index":"index","follow":"follow","max-snippet":"max-snippet:-1","max-image-preview":"max-image-preview:large","max-video-preview":"max-video-preview:-1"},"canonical":"https:\/\/www.visit-ulcinj.com\/blog\/2011\/05\/13\/le-montenegro-une-alternative-pour-cet-ete\/","og_locale":"en_US","og_type":"article","og_title":"Le Mont\u00e9n\u00e9gro : une alternative pour cet \u00e9t\u00e9 ? - Lajme nga Ulqini","og_description":"Alors que la situation est toujours aussi incertaine en Tunisie, en Egypte et au Maroc, une destination \u00e9mergeante pourrait tirer son \u00e9pingle du jeu : le","og_url":"https:\/\/www.visit-ulcinj.com\/blog\/2011\/05\/13\/le-montenegro-une-alternative-pour-cet-ete\/","og_site_name":"Lajme nga Ulqini","article_published_time":"2011-05-13T17:01:43+00:00","twitter_misc":{"Written by":"ulqini","Est. reading time":"4 minutes"},"schema":{"@context":"https:\/\/schema.org","@graph":[{"@type":"WebSite","@id":"https:\/\/www.visit-ulcinj.com\/blog\/#website","url":"https:\/\/www.visit-ulcinj.com\/blog\/","name":"Lajme nga Ulqini","description":"Lajme,Vijesti,Ulqini,Ulqin,Crna Gora,Mali i Zi","potentialAction":[{"@type":"SearchAction","target":{"@type":"EntryPoint","urlTemplate":"https:\/\/www.visit-ulcinj.com\/blog\/?s={search_term_string}"},"query-input":"required name=search_term_string"}],"inLanguage":"en-US"},{"@type":"WebPage","@id":"https:\/\/www.visit-ulcinj.com\/blog\/2011\/05\/13\/le-montenegro-une-alternative-pour-cet-ete\/#webpage","url":"https:\/\/www.visit-ulcinj.com\/blog\/2011\/05\/13\/le-montenegro-une-alternative-pour-cet-ete\/","name":"Le Mont\u00e9n\u00e9gro : une alternative pour cet \u00e9t\u00e9 ? - Lajme nga Ulqini","isPartOf":{"@id":"https:\/\/www.visit-ulcinj.com\/blog\/#website"},"datePublished":"2011-05-13T17:01:43+00:00","dateModified":"2011-05-13T17:01:43+00:00","author":{"@id":"https:\/\/www.visit-ulcinj.com\/blog\/#\/schema\/person\/dcab619c614d3038751c63bc2aadc06d"},"description":"Alors que la situation est toujours aussi incertaine en Tunisie, en Egypte et au Maroc, une destination \u00e9mergeante pourrait tirer son \u00e9pingle du jeu : le","breadcrumb":{"@id":"https:\/\/www.visit-ulcinj.com\/blog\/2011\/05\/13\/le-montenegro-une-alternative-pour-cet-ete\/#breadcrumb"},"inLanguage":"en-US","potentialAction":[{"@type":"ReadAction","target":["https:\/\/www.visit-ulcinj.com\/blog\/2011\/05\/13\/le-montenegro-une-alternative-pour-cet-ete\/"]}]},{"@type":"BreadcrumbList","@id":"https:\/\/www.visit-ulcinj.com\/blog\/2011\/05\/13\/le-montenegro-une-alternative-pour-cet-ete\/#breadcrumb","itemListElement":[{"@type":"ListItem","position":1,"name":"Le Mont\u00e9n\u00e9gro : une alternative pour cet \u00e9t\u00e9 ?"}]},{"@type":"Person","@id":"https:\/\/www.visit-ulcinj.com\/blog\/#\/schema\/person\/dcab619c614d3038751c63bc2aadc06d","name":"ulqini","sameAs":["http:\/\/www.visit-ulcinj.com"],"url":"https:\/\/www.visit-ulcinj.com\/blog\/author\/admin\/"}]}},"jetpack_featured_media_url":"","jetpack_sharing_enabled":true,"jetpack_shortlink":"https:\/\/wp.me\/pe6lTn-c70","_links":{"self":[{"href":"https:\/\/www.visit-ulcinj.com\/blog\/wp-json\/wp\/v2\/posts\/46562"}],"collection":[{"href":"https:\/\/www.visit-ulcinj.com\/blog\/wp-json\/wp\/v2\/posts"}],"about":[{"href":"https:\/\/www.visit-ulcinj.com\/blog\/wp-json\/wp\/v2\/types\/post"}],"author":[{"embeddable":true,"href":"https:\/\/www.visit-ulcinj.com\/blog\/wp-json\/wp\/v2\/users\/1"}],"replies":[{"embeddable":true,"href":"https:\/\/www.visit-ulcinj.com\/blog\/wp-json\/wp\/v2\/comments?post=46562"}],"version-history":[{"count":0,"href":"https:\/\/www.visit-ulcinj.com\/blog\/wp-json\/wp\/v2\/posts\/46562\/revisions"}],"wp:attachment":[{"href":"https:\/\/www.visit-ulcinj.com\/blog\/wp-json\/wp\/v2\/media?parent=46562"}],"wp:term":[{"taxonomy":"category","embeddable":true,"href":"https:\/\/www.visit-ulcinj.com\/blog\/wp-json\/wp\/v2\/categories?post=46562"},{"taxonomy":"post_tag","embeddable":true,"href":"https:\/\/www.visit-ulcinj.com\/blog\/wp-json\/wp\/v2\/tags?post=46562"}],"curies":[{"name":"wp","href":"https:\/\/api.w.org\/{rel}","templated":true}]}}