{"id":46565,"date":"2011-05-14T14:26:55","date_gmt":"2011-05-14T13:26:55","guid":{"rendered":"http:\/\/www.visit-ulcinj.com\/blog\/?p=46565"},"modified":"2011-05-14T14:32:31","modified_gmt":"2011-05-14T13:32:31","slug":"albanci-ce-se-zaliti-zapadu","status":"publish","type":"post","link":"https:\/\/www.visit-ulcinj.com\/blog\/2011\/05\/14\/albanci-ce-se-zaliti-zapadu\/","title":{"rendered":"Albanci \u0107e se \u017ealiti Zapadu"},"content":{"rendered":"<p>Predstavnici albanskih stranaka odbacili su model autenti\u010dne zastupljenosti koji im je ponudila vlast. Na sastanku koji su Mehmed Bardhi i Amir Holaj iz koalicije Perspektiva imali sa predstavnicima DPS-a, SDP-a- i SNP-a, albanski poslanici su najavili da ne\u0107e podr\u017eati izborni zakon i upozorili da \u0107e za rje\u0161avanje pitanja zastupljenosti u parlamentu tra\u017eiti pomo\u0107 me\u0111unarodnih institucija.<\/p>\n<p><a href=\"http:\/\/www.visit-ulcinj.com\/blog\/wp-content\/uploads\/2011\/05\/hollaj_nimanbegu_bardhi.jpg\"><img loading=\"lazy\" class=\"alignleft size-full wp-image-46560\" title=\"hollaj_nimanbegu_bardhi\" src=\"http:\/\/www.visit-ulcinj.com\/blog\/wp-content\/uploads\/2011\/05\/hollaj_nimanbegu_bardhi.jpg\" alt=\"\" width=\"290\" height=\"190\" \/><\/a>Prema saznanjima \u201eVijesti&#8221;, Bardhi i Holaj su ostali pri ranijem zahtjevu da imaju posebnu izbornu jedinicu i pravo na pet poslanika sa nacionalne liste. Vlast je u pregovorima ostala pri stavu da taj model va\u017ei jo\u0161 jedan izborni ciklus, nakon \u010dega bi za Albance va\u017eila pravila kao i za ostale manjine.<\/p>\n<p>Prema izbornom modelu koji je upu\u0107en Venecijanskoj komisiji na razmatranje, u parlament \u0107e u\u0107i sve nacionalne stranke koje pre\u0111u cenzus od tri odsto. Ukoliko nijedna stranka ne uspije da pre\u0111e tu granicu sabira\u0107e se njihovi glasovi do limita od tri procenta. U tom slu\u010daju manjinske partije imale bi pravo na najvi\u0161e dva poslanika.<\/p>\n<p>U Skup\u0161tini Cme Gore albanske partije trenutno imaju \u010detiri poslanika.<\/p>\n<p><strong>RTCG<\/strong><\/p>\n<p>&nbsp;<\/p>\n","protected":false},"excerpt":{"rendered":"<p>Predstavnici albanskih stranaka odbacili su model autenti\u010dne zastupljenosti koji im je ponudila vlast. Na sastanku koji su Mehmed Bardhi i Amir Holaj iz koalicije Perspektiva imali sa predstavnicima DPS-a, SDP-a- i SNP-a, albanski poslanici su najavili da ne\u0107e podr\u017eati izborni zakon i upozorili da \u0107e za rje\u0161avanje pitanja zastupljenosti u parlamentu tra\u017eiti pomo\u0107 me\u0111unarodnih institucija. [&hellip;]<\/p>\n","protected":false},"author":1,"featured_media":0,"comment_status":"open","ping_status":"closed","sticky":false,"template":"","format":"standard","meta":{"spay_email":"","jetpack_publicize_message":"","jetpack_is_tweetstorm":false,"jetpack_publicize_feature_enabled":true},"categories":[8337],"tags":[4513,20,18249,19],"jetpack_publicize_connections":[],"yoast_head":"<!-- This site is optimized with the Yoast SEO plugin v19.1 - https:\/\/yoast.com\/wordpress\/plugins\/seo\/ -->\n<title>Albanci \u0107e se \u017ealiti Zapadu - Lajme nga Ulqini<\/title>\n<meta name=\"description\" content=\"Predstavnici albanskih stranaka odbacili su model autenti\u010dne zastupljenosti koji im je ponudila vlast. Na sastanku koji su Mehmed Bardhi i Amir Holaj iz\" \/>\n<meta name=\"robots\" content=\"index, follow, max-snippet:-1, max-image-preview:large, max-video-preview:-1\" \/>\n<link rel=\"canonical\" href=\"https:\/\/www.visit-ulcinj.com\/blog\/2011\/05\/14\/albanci-ce-se-zaliti-zapadu\/\" \/>\n<meta property=\"og:locale\" content=\"en_US\" \/>\n<meta property=\"og:type\" content=\"article\" \/>\n<meta property=\"og:title\" content=\"Albanci \u0107e se \u017ealiti Zapadu - Lajme nga Ulqini\" \/>\n<meta property=\"og:description\" content=\"Predstavnici albanskih stranaka odbacili su model autenti\u010dne zastupljenosti koji im je ponudila vlast. Na sastanku koji su Mehmed Bardhi i Amir Holaj iz\" \/>\n<meta property=\"og:url\" content=\"https:\/\/www.visit-ulcinj.com\/blog\/2011\/05\/14\/albanci-ce-se-zaliti-zapadu\/\" \/>\n<meta property=\"og:site_name\" content=\"Lajme nga Ulqini\" \/>\n<meta property=\"article:published_time\" content=\"2011-05-14T13:26:55+00:00\" \/>\n<meta property=\"article:modified_time\" content=\"2011-05-14T13:32:31+00:00\" \/>\n<meta property=\"og:image\" content=\"http:\/\/www.visit-ulcinj.com\/blog\/wp-content\/uploads\/2011\/05\/hollaj_nimanbegu_bardhi.jpg\" \/>\n<meta name=\"twitter:label1\" content=\"Written by\" \/>\n\t<meta name=\"twitter:data1\" content=\"ulqini\" \/>\n\t<meta name=\"twitter:label2\" content=\"Est. reading time\" \/>\n\t<meta name=\"twitter:data2\" content=\"1 minute\" \/>\n<script type=\"application\/ld+json\" class=\"yoast-schema-graph\">{\"@context\":\"https:\/\/schema.org\",\"@graph\":[{\"@type\":\"WebSite\",\"@id\":\"https:\/\/www.visit-ulcinj.com\/blog\/#website\",\"url\":\"https:\/\/www.visit-ulcinj.com\/blog\/\",\"name\":\"Lajme nga Ulqini\",\"description\":\"Lajme,Vijesti,Ulqini,Ulqin,Crna Gora,Mali i Zi\",\"potentialAction\":[{\"@type\":\"SearchAction\",\"target\":{\"@type\":\"EntryPoint\",\"urlTemplate\":\"https:\/\/www.visit-ulcinj.com\/blog\/?s={search_term_string}\"},\"query-input\":\"required name=search_term_string\"}],\"inLanguage\":\"en-US\"},{\"@type\":\"ImageObject\",\"inLanguage\":\"en-US\",\"@id\":\"https:\/\/www.visit-ulcinj.com\/blog\/2011\/05\/14\/albanci-ce-se-zaliti-zapadu\/#primaryimage\",\"url\":\"https:\/\/www.visit-ulcinj.com\/blog\/wp-content\/uploads\/2011\/05\/hollaj_nimanbegu_bardhi.jpg\",\"contentUrl\":\"https:\/\/www.visit-ulcinj.com\/blog\/wp-content\/uploads\/2011\/05\/hollaj_nimanbegu_bardhi.jpg\",\"width\":\"290\",\"height\":\"190\"},{\"@type\":\"WebPage\",\"@id\":\"https:\/\/www.visit-ulcinj.com\/blog\/2011\/05\/14\/albanci-ce-se-zaliti-zapadu\/#webpage\",\"url\":\"https:\/\/www.visit-ulcinj.com\/blog\/2011\/05\/14\/albanci-ce-se-zaliti-zapadu\/\",\"name\":\"Albanci \u0107e se \u017ealiti Zapadu - Lajme nga Ulqini\",\"isPartOf\":{\"@id\":\"https:\/\/www.visit-ulcinj.com\/blog\/#website\"},\"primaryImageOfPage\":{\"@id\":\"https:\/\/www.visit-ulcinj.com\/blog\/2011\/05\/14\/albanci-ce-se-zaliti-zapadu\/#primaryimage\"},\"datePublished\":\"2011-05-14T13:26:55+00:00\",\"dateModified\":\"2011-05-14T13:32:31+00:00\",\"author\":{\"@id\":\"https:\/\/www.visit-ulcinj.com\/blog\/#\/schema\/person\/dcab619c614d3038751c63bc2aadc06d\"},\"description\":\"Predstavnici albanskih stranaka odbacili su model autenti\u010dne zastupljenosti koji im je ponudila vlast. Na sastanku koji su Mehmed Bardhi i Amir Holaj iz\",\"breadcrumb\":{\"@id\":\"https:\/\/www.visit-ulcinj.com\/blog\/2011\/05\/14\/albanci-ce-se-zaliti-zapadu\/#breadcrumb\"},\"inLanguage\":\"en-US\",\"potentialAction\":[{\"@type\":\"ReadAction\",\"target\":[\"https:\/\/www.visit-ulcinj.com\/blog\/2011\/05\/14\/albanci-ce-se-zaliti-zapadu\/\"]}]},{\"@type\":\"BreadcrumbList\",\"@id\":\"https:\/\/www.visit-ulcinj.com\/blog\/2011\/05\/14\/albanci-ce-se-zaliti-zapadu\/#breadcrumb\",\"itemListElement\":[{\"@type\":\"ListItem\",\"position\":1,\"name\":\"Albanci \u0107e se \u017ealiti Zapadu\"}]},{\"@type\":\"Person\",\"@id\":\"https:\/\/www.visit-ulcinj.com\/blog\/#\/schema\/person\/dcab619c614d3038751c63bc2aadc06d\",\"name\":\"ulqini\",\"sameAs\":[\"http:\/\/www.visit-ulcinj.com\"],\"url\":\"https:\/\/www.visit-ulcinj.com\/blog\/author\/admin\/\"}]}<\/script>\n<!-- \/ Yoast SEO plugin. -->","yoast_head_json":{"title":"Albanci \u0107e se \u017ealiti Zapadu - Lajme nga Ulqini","description":"Predstavnici albanskih stranaka odbacili su model autenti\u010dne zastupljenosti koji im je ponudila vlast. Na sastanku koji su Mehmed Bardhi i Amir Holaj iz","robots":{"index":"index","follow":"follow","max-snippet":"max-snippet:-1","max-image-preview":"max-image-preview:large","max-video-preview":"max-video-preview:-1"},"canonical":"https:\/\/www.visit-ulcinj.com\/blog\/2011\/05\/14\/albanci-ce-se-zaliti-zapadu\/","og_locale":"en_US","og_type":"article","og_title":"Albanci \u0107e se \u017ealiti Zapadu - Lajme nga Ulqini","og_description":"Predstavnici albanskih stranaka odbacili su model autenti\u010dne zastupljenosti koji im je ponudila vlast. Na sastanku koji su Mehmed Bardhi i Amir Holaj iz","og_url":"https:\/\/www.visit-ulcinj.com\/blog\/2011\/05\/14\/albanci-ce-se-zaliti-zapadu\/","og_site_name":"Lajme nga Ulqini","article_published_time":"2011-05-14T13:26:55+00:00","article_modified_time":"2011-05-14T13:32:31+00:00","og_image":[{"url":"http:\/\/www.visit-ulcinj.com\/blog\/wp-content\/uploads\/2011\/05\/hollaj_nimanbegu_bardhi.jpg"}],"twitter_misc":{"Written by":"ulqini","Est. reading time":"1 minute"},"schema":{"@context":"https:\/\/schema.org","@graph":[{"@type":"WebSite","@id":"https:\/\/www.visit-ulcinj.com\/blog\/#website","url":"https:\/\/www.visit-ulcinj.com\/blog\/","name":"Lajme nga Ulqini","description":"Lajme,Vijesti,Ulqini,Ulqin,Crna Gora,Mali i Zi","potentialAction":[{"@type":"SearchAction","target":{"@type":"EntryPoint","urlTemplate":"https:\/\/www.visit-ulcinj.com\/blog\/?s={search_term_string}"},"query-input":"required name=search_term_string"}],"inLanguage":"en-US"},{"@type":"ImageObject","inLanguage":"en-US","@id":"https:\/\/www.visit-ulcinj.com\/blog\/2011\/05\/14\/albanci-ce-se-zaliti-zapadu\/#primaryimage","url":"https:\/\/www.visit-ulcinj.com\/blog\/wp-content\/uploads\/2011\/05\/hollaj_nimanbegu_bardhi.jpg","contentUrl":"https:\/\/www.visit-ulcinj.com\/blog\/wp-content\/uploads\/2011\/05\/hollaj_nimanbegu_bardhi.jpg","width":"290","height":"190"},{"@type":"WebPage","@id":"https:\/\/www.visit-ulcinj.com\/blog\/2011\/05\/14\/albanci-ce-se-zaliti-zapadu\/#webpage","url":"https:\/\/www.visit-ulcinj.com\/blog\/2011\/05\/14\/albanci-ce-se-zaliti-zapadu\/","name":"Albanci \u0107e se \u017ealiti Zapadu - Lajme nga Ulqini","isPartOf":{"@id":"https:\/\/www.visit-ulcinj.com\/blog\/#website"},"primaryImageOfPage":{"@id":"https:\/\/www.visit-ulcinj.com\/blog\/2011\/05\/14\/albanci-ce-se-zaliti-zapadu\/#primaryimage"},"datePublished":"2011-05-14T13:26:55+00:00","dateModified":"2011-05-14T13:32:31+00:00","author":{"@id":"https:\/\/www.visit-ulcinj.com\/blog\/#\/schema\/person\/dcab619c614d3038751c63bc2aadc06d"},"description":"Predstavnici albanskih stranaka odbacili su model autenti\u010dne zastupljenosti koji im je ponudila vlast. Na sastanku koji su Mehmed Bardhi i Amir Holaj iz","breadcrumb":{"@id":"https:\/\/www.visit-ulcinj.com\/blog\/2011\/05\/14\/albanci-ce-se-zaliti-zapadu\/#breadcrumb"},"inLanguage":"en-US","potentialAction":[{"@type":"ReadAction","target":["https:\/\/www.visit-ulcinj.com\/blog\/2011\/05\/14\/albanci-ce-se-zaliti-zapadu\/"]}]},{"@type":"BreadcrumbList","@id":"https:\/\/www.visit-ulcinj.com\/blog\/2011\/05\/14\/albanci-ce-se-zaliti-zapadu\/#breadcrumb","itemListElement":[{"@type":"ListItem","position":1,"name":"Albanci \u0107e se \u017ealiti Zapadu"}]},{"@type":"Person","@id":"https:\/\/www.visit-ulcinj.com\/blog\/#\/schema\/person\/dcab619c614d3038751c63bc2aadc06d","name":"ulqini","sameAs":["http:\/\/www.visit-ulcinj.com"],"url":"https:\/\/www.visit-ulcinj.com\/blog\/author\/admin\/"}]}},"jetpack_featured_media_url":"","jetpack_sharing_enabled":true,"jetpack_shortlink":"https:\/\/wp.me\/pe6lTn-c73","_links":{"self":[{"href":"https:\/\/www.visit-ulcinj.com\/blog\/wp-json\/wp\/v2\/posts\/46565"}],"collection":[{"href":"https:\/\/www.visit-ulcinj.com\/blog\/wp-json\/wp\/v2\/posts"}],"about":[{"href":"https:\/\/www.visit-ulcinj.com\/blog\/wp-json\/wp\/v2\/types\/post"}],"author":[{"embeddable":true,"href":"https:\/\/www.visit-ulcinj.com\/blog\/wp-json\/wp\/v2\/users\/1"}],"replies":[{"embeddable":true,"href":"https:\/\/www.visit-ulcinj.com\/blog\/wp-json\/wp\/v2\/comments?post=46565"}],"version-history":[{"count":0,"href":"https:\/\/www.visit-ulcinj.com\/blog\/wp-json\/wp\/v2\/posts\/46565\/revisions"}],"wp:attachment":[{"href":"https:\/\/www.visit-ulcinj.com\/blog\/wp-json\/wp\/v2\/media?parent=46565"}],"wp:term":[{"taxonomy":"category","embeddable":true,"href":"https:\/\/www.visit-ulcinj.com\/blog\/wp-json\/wp\/v2\/categories?post=46565"},{"taxonomy":"post_tag","embeddable":true,"href":"https:\/\/www.visit-ulcinj.com\/blog\/wp-json\/wp\/v2\/tags?post=46565"}],"curies":[{"name":"wp","href":"https:\/\/api.w.org\/{rel}","templated":true}]}}