{"id":466,"date":"2008-02-09T16:28:54","date_gmt":"2008-02-09T21:28:54","guid":{"rendered":"http:\/\/www.visit-ulcinj.com\/blog\/2008\/02\/09\/s%e2%80%99ka-me-turizem-%e2%80%9cme-domate\/"},"modified":"2008-02-12T14:08:18","modified_gmt":"2008-02-12T19:08:18","slug":"s%e2%80%99ka-me-turizem-%e2%80%9cme-domate","status":"publish","type":"post","link":"https:\/\/www.visit-ulcinj.com\/blog\/2008\/02\/09\/s%e2%80%99ka-me-turizem-%e2%80%9cme-domate\/","title":{"rendered":"S\u2019ka m\u00eb turiz\u00ebm \u201cme domate&#8221;"},"content":{"rendered":"<p><font size=\"1\"><img loading=\"lazy\" src=\"http:\/\/www.visit-ulcinj.com\/blog\/wp-content\/uploads\/2008\/02\/predrag-nenezic.thumbnail.jpg\" style=\"width: 110px; height: 140px\" align=\"left\" border=\"0\" height=\"128\" width=\"90\" \/>Turist\u00ebt q\u00eb k\u00ebt\u00eb sezon do t\u00eb shkojn\u00eb n\u00eb Mal t\u00eb Zi s\u2019do t\u00eb guxojn\u00eb t\u00eb marrin me vete sasi t\u00eb m\u00ebdha ushqimi,urdh\u00ebron Ligji malazez p\u00ebr <a href=\"http:\/\/www.visit-ulcinj.com\/blog\/wp-content\/uploads\/2008\/02\/predrag-nenezic.jpg\" title=\"predrag nenezic\"><img loading=\"lazy\" src=\"http:\/\/www.visit-ulcinj.com\/blog\/wp-content\/uploads\/2008\/02\/predrag-nenezic.thumbnail.jpg\" alt=\"predrag nenezic\" align=\"right\" border=\"0\" height=\"1\" hspace=\"2\" vspace=\"2\" width=\"1\" \/><img loading=\"lazy\" src=\"http:\/\/www.visit-ulcinj.com\/blog\/wp-content\/uploads\/2008\/02\/predrag-nenezic.thumbnail.jpg\" alt=\"predrag nenezic\" align=\"right\" border=\"0\" height=\"1\" hspace=\"2\" vspace=\"2\" width=\"1\" \/><\/a>Sigurin\u00eb e Ushqimit. Ministri i Turizmit i Malit t\u00eb Zi, Predrag Nenezic, n\u00eb Burs\u00ebn e Turizmit n\u00eb Budv\u00eb, tha se k\u00ebshtu do t\u00eb mbrohen turist\u00ebt sepse pati mjaft probleme me ushqimin q\u00eb transportohej n\u00ebp\u00ebr vetura n\u00eb temperatura m\u00eb t\u00eb larta se 40 grad\u00eb, gj\u00eb q\u00eb, si\u00e7 tha ai, shkaktonte telashe t\u00eb m\u00ebdha.&#8221;Duhemi q\u00eb aktivisht t\u00eb komunikojm\u00eb me koleg\u00ebt e tregut rajonal, ashtu q\u00eb gjat\u00eb sezonit t\u00eb mos shfaqen probleme shkaku i mosnjohjes s\u00eb rregullave&#8221;, tha Nenezic. Ai theksoi se Ligji p\u00ebr Sigurin\u00eb e Ushqimit u soll ekskluzivisht p\u00ebr shkak t\u00eb siguris\u00eb dhe p\u00ebr dobi t\u00eb sh\u00ebndetit t\u00eb turist\u00ebve.<\/font><!--more--><\/p>\n<p><strong>Montenegro Bans Tourists with Food<\/strong><br \/>\n08 February 2008 Budva _ Foreign visitors will not be allowed to bring food into Montenegro in future, according to Predrag Nenezic, the Minister of Tourism.<br \/>\n\u201cThe regulation on prohibiting the bringing of food into Montenegro has been adopted in order to protect tourists,\u201d Nenezic said, without elaborating, at Thursday\u2019s opening of the international tourism fair, METIBES in the coastal resort of Budva.<br \/>\nA similar ban is already in operation in Croatia and in EU countries.<br \/>\nNenezic said he expected about 1.3 million tourists in Montenegro this year, and revenues 14.5% higher than in 2007.<br \/>\nTotal revenue from tourism it to reach \u20ac549 million this year.<br \/>\nNenezic said it looked likely that privately-provided accommodation would increase in price this year while room rates in hotels would remain largely unchanged.<br \/>\nSome \u20ac15 million would be spent in 2008 on improving roads.<\/p>\n<p><a href=\"http:\/\/www.balkaninsight.com\/en\/main\/news\/7779\/\" target=\"_blank\">http:\/\/www.balkaninsight.com\/en\/main\/news\/7779\/<\/a><\/p>\n","protected":false},"excerpt":{"rendered":"<p><img loading=\"lazy\" src=\"http:\/\/www.visit-ulcinj.com\/blog\/wp-content\/uploads\/2008\/02\/predrag-nenezic.thumbnail.jpg\" alt=\"Predrag Nenezic\" height=\"140\" width=\"140\" \/><\/p>\n","protected":false},"author":1,"featured_media":0,"comment_status":"open","ping_status":"closed","sticky":false,"template":"","format":"standard","meta":{"spay_email":"","jetpack_publicize_message":"","jetpack_is_tweetstorm":false,"jetpack_publicize_feature_enabled":true},"categories":[15],"tags":[],"jetpack_publicize_connections":[],"yoast_head":"<!-- This site is optimized with the Yoast SEO plugin v19.1 - https:\/\/yoast.com\/wordpress\/plugins\/seo\/ -->\n<title>S\u2019ka m\u00eb turiz\u00ebm \u201cme domate&quot; - Lajme nga Ulqini<\/title>\n<meta name=\"robots\" content=\"index, follow, max-snippet:-1, max-image-preview:large, max-video-preview:-1\" \/>\n<link rel=\"canonical\" href=\"https:\/\/www.visit-ulcinj.com\/blog\/2008\/02\/09\/s\u2019ka-me-turizem-\u201cme-domate\/\" \/>\n<meta property=\"og:locale\" content=\"en_US\" \/>\n<meta property=\"og:type\" content=\"article\" \/>\n<meta property=\"og:title\" content=\"S\u2019ka m\u00eb turiz\u00ebm \u201cme domate&quot; - Lajme nga Ulqini\" \/>\n<meta property=\"og:url\" content=\"https:\/\/www.visit-ulcinj.com\/blog\/2008\/02\/09\/s\u2019ka-me-turizem-\u201cme-domate\/\" \/>\n<meta property=\"og:site_name\" content=\"Lajme nga Ulqini\" \/>\n<meta property=\"article:published_time\" content=\"2008-02-09T21:28:54+00:00\" \/>\n<meta property=\"article:modified_time\" content=\"2008-02-12T19:08:18+00:00\" \/>\n<meta property=\"og:image\" content=\"http:\/\/www.visit-ulcinj.com\/blog\/wp-content\/uploads\/2008\/02\/predrag-nenezic.thumbnail.jpg\" \/>\n<meta name=\"twitter:label1\" content=\"Written by\" \/>\n\t<meta name=\"twitter:data1\" content=\"ulqini\" \/>\n\t<meta name=\"twitter:label2\" content=\"Est. reading time\" \/>\n\t<meta name=\"twitter:data2\" content=\"1 minute\" \/>\n<script type=\"application\/ld+json\" class=\"yoast-schema-graph\">{\"@context\":\"https:\/\/schema.org\",\"@graph\":[{\"@type\":\"WebSite\",\"@id\":\"https:\/\/www.visit-ulcinj.com\/blog\/#website\",\"url\":\"https:\/\/www.visit-ulcinj.com\/blog\/\",\"name\":\"Lajme nga Ulqini\",\"description\":\"Lajme,Vijesti,Ulqini,Ulqin,Crna Gora,Mali i Zi\",\"potentialAction\":[{\"@type\":\"SearchAction\",\"target\":{\"@type\":\"EntryPoint\",\"urlTemplate\":\"https:\/\/www.visit-ulcinj.com\/blog\/?s={search_term_string}\"},\"query-input\":\"required name=search_term_string\"}],\"inLanguage\":\"en-US\"},{\"@type\":\"ImageObject\",\"inLanguage\":\"en-US\",\"@id\":\"https:\/\/www.visit-ulcinj.com\/blog\/2008\/02\/09\/s%e2%80%99ka-me-turizem-%e2%80%9cme-domate\/#primaryimage\",\"url\":\"http:\/\/www.visit-ulcinj.com\/blog\/wp-content\/uploads\/2008\/02\/predrag-nenezic.thumbnail.jpg\",\"contentUrl\":\"http:\/\/www.visit-ulcinj.com\/blog\/wp-content\/uploads\/2008\/02\/predrag-nenezic.thumbnail.jpg\"},{\"@type\":\"WebPage\",\"@id\":\"https:\/\/www.visit-ulcinj.com\/blog\/2008\/02\/09\/s%e2%80%99ka-me-turizem-%e2%80%9cme-domate\/#webpage\",\"url\":\"https:\/\/www.visit-ulcinj.com\/blog\/2008\/02\/09\/s%e2%80%99ka-me-turizem-%e2%80%9cme-domate\/\",\"name\":\"S\u2019ka m\u00eb turiz\u00ebm \u201cme domate\\\" - Lajme nga Ulqini\",\"isPartOf\":{\"@id\":\"https:\/\/www.visit-ulcinj.com\/blog\/#website\"},\"primaryImageOfPage\":{\"@id\":\"https:\/\/www.visit-ulcinj.com\/blog\/2008\/02\/09\/s%e2%80%99ka-me-turizem-%e2%80%9cme-domate\/#primaryimage\"},\"datePublished\":\"2008-02-09T21:28:54+00:00\",\"dateModified\":\"2008-02-12T19:08:18+00:00\",\"author\":{\"@id\":\"https:\/\/www.visit-ulcinj.com\/blog\/#\/schema\/person\/dcab619c614d3038751c63bc2aadc06d\"},\"breadcrumb\":{\"@id\":\"https:\/\/www.visit-ulcinj.com\/blog\/2008\/02\/09\/s%e2%80%99ka-me-turizem-%e2%80%9cme-domate\/#breadcrumb\"},\"inLanguage\":\"en-US\",\"potentialAction\":[{\"@type\":\"ReadAction\",\"target\":[\"https:\/\/www.visit-ulcinj.com\/blog\/2008\/02\/09\/s%e2%80%99ka-me-turizem-%e2%80%9cme-domate\/\"]}]},{\"@type\":\"BreadcrumbList\",\"@id\":\"https:\/\/www.visit-ulcinj.com\/blog\/2008\/02\/09\/s%e2%80%99ka-me-turizem-%e2%80%9cme-domate\/#breadcrumb\",\"itemListElement\":[{\"@type\":\"ListItem\",\"position\":1,\"name\":\"S\u2019ka m\u00eb turiz\u00ebm \u201cme domate&#8221;\"}]},{\"@type\":\"Person\",\"@id\":\"https:\/\/www.visit-ulcinj.com\/blog\/#\/schema\/person\/dcab619c614d3038751c63bc2aadc06d\",\"name\":\"ulqini\",\"sameAs\":[\"http:\/\/www.visit-ulcinj.com\"],\"url\":\"https:\/\/www.visit-ulcinj.com\/blog\/author\/admin\/\"}]}<\/script>\n<!-- \/ Yoast SEO plugin. -->","yoast_head_json":{"title":"S\u2019ka m\u00eb turiz\u00ebm \u201cme domate\" - Lajme nga Ulqini","robots":{"index":"index","follow":"follow","max-snippet":"max-snippet:-1","max-image-preview":"max-image-preview:large","max-video-preview":"max-video-preview:-1"},"canonical":"https:\/\/www.visit-ulcinj.com\/blog\/2008\/02\/09\/s\u2019ka-me-turizem-\u201cme-domate\/","og_locale":"en_US","og_type":"article","og_title":"S\u2019ka m\u00eb turiz\u00ebm \u201cme domate\" - Lajme nga Ulqini","og_url":"https:\/\/www.visit-ulcinj.com\/blog\/2008\/02\/09\/s\u2019ka-me-turizem-\u201cme-domate\/","og_site_name":"Lajme nga Ulqini","article_published_time":"2008-02-09T21:28:54+00:00","article_modified_time":"2008-02-12T19:08:18+00:00","og_image":[{"url":"http:\/\/www.visit-ulcinj.com\/blog\/wp-content\/uploads\/2008\/02\/predrag-nenezic.thumbnail.jpg"}],"twitter_misc":{"Written by":"ulqini","Est. reading time":"1 minute"},"schema":{"@context":"https:\/\/schema.org","@graph":[{"@type":"WebSite","@id":"https:\/\/www.visit-ulcinj.com\/blog\/#website","url":"https:\/\/www.visit-ulcinj.com\/blog\/","name":"Lajme nga Ulqini","description":"Lajme,Vijesti,Ulqini,Ulqin,Crna Gora,Mali i Zi","potentialAction":[{"@type":"SearchAction","target":{"@type":"EntryPoint","urlTemplate":"https:\/\/www.visit-ulcinj.com\/blog\/?s={search_term_string}"},"query-input":"required name=search_term_string"}],"inLanguage":"en-US"},{"@type":"ImageObject","inLanguage":"en-US","@id":"https:\/\/www.visit-ulcinj.com\/blog\/2008\/02\/09\/s%e2%80%99ka-me-turizem-%e2%80%9cme-domate\/#primaryimage","url":"http:\/\/www.visit-ulcinj.com\/blog\/wp-content\/uploads\/2008\/02\/predrag-nenezic.thumbnail.jpg","contentUrl":"http:\/\/www.visit-ulcinj.com\/blog\/wp-content\/uploads\/2008\/02\/predrag-nenezic.thumbnail.jpg"},{"@type":"WebPage","@id":"https:\/\/www.visit-ulcinj.com\/blog\/2008\/02\/09\/s%e2%80%99ka-me-turizem-%e2%80%9cme-domate\/#webpage","url":"https:\/\/www.visit-ulcinj.com\/blog\/2008\/02\/09\/s%e2%80%99ka-me-turizem-%e2%80%9cme-domate\/","name":"S\u2019ka m\u00eb turiz\u00ebm \u201cme domate\" - Lajme nga Ulqini","isPartOf":{"@id":"https:\/\/www.visit-ulcinj.com\/blog\/#website"},"primaryImageOfPage":{"@id":"https:\/\/www.visit-ulcinj.com\/blog\/2008\/02\/09\/s%e2%80%99ka-me-turizem-%e2%80%9cme-domate\/#primaryimage"},"datePublished":"2008-02-09T21:28:54+00:00","dateModified":"2008-02-12T19:08:18+00:00","author":{"@id":"https:\/\/www.visit-ulcinj.com\/blog\/#\/schema\/person\/dcab619c614d3038751c63bc2aadc06d"},"breadcrumb":{"@id":"https:\/\/www.visit-ulcinj.com\/blog\/2008\/02\/09\/s%e2%80%99ka-me-turizem-%e2%80%9cme-domate\/#breadcrumb"},"inLanguage":"en-US","potentialAction":[{"@type":"ReadAction","target":["https:\/\/www.visit-ulcinj.com\/blog\/2008\/02\/09\/s%e2%80%99ka-me-turizem-%e2%80%9cme-domate\/"]}]},{"@type":"BreadcrumbList","@id":"https:\/\/www.visit-ulcinj.com\/blog\/2008\/02\/09\/s%e2%80%99ka-me-turizem-%e2%80%9cme-domate\/#breadcrumb","itemListElement":[{"@type":"ListItem","position":1,"name":"S\u2019ka m\u00eb turiz\u00ebm \u201cme domate&#8221;"}]},{"@type":"Person","@id":"https:\/\/www.visit-ulcinj.com\/blog\/#\/schema\/person\/dcab619c614d3038751c63bc2aadc06d","name":"ulqini","sameAs":["http:\/\/www.visit-ulcinj.com"],"url":"https:\/\/www.visit-ulcinj.com\/blog\/author\/admin\/"}]}},"jetpack_featured_media_url":"","jetpack_sharing_enabled":true,"jetpack_shortlink":"https:\/\/wp.me\/pe6lTn-7w","_links":{"self":[{"href":"https:\/\/www.visit-ulcinj.com\/blog\/wp-json\/wp\/v2\/posts\/466"}],"collection":[{"href":"https:\/\/www.visit-ulcinj.com\/blog\/wp-json\/wp\/v2\/posts"}],"about":[{"href":"https:\/\/www.visit-ulcinj.com\/blog\/wp-json\/wp\/v2\/types\/post"}],"author":[{"embeddable":true,"href":"https:\/\/www.visit-ulcinj.com\/blog\/wp-json\/wp\/v2\/users\/1"}],"replies":[{"embeddable":true,"href":"https:\/\/www.visit-ulcinj.com\/blog\/wp-json\/wp\/v2\/comments?post=466"}],"version-history":[{"count":0,"href":"https:\/\/www.visit-ulcinj.com\/blog\/wp-json\/wp\/v2\/posts\/466\/revisions"}],"wp:attachment":[{"href":"https:\/\/www.visit-ulcinj.com\/blog\/wp-json\/wp\/v2\/media?parent=466"}],"wp:term":[{"taxonomy":"category","embeddable":true,"href":"https:\/\/www.visit-ulcinj.com\/blog\/wp-json\/wp\/v2\/categories?post=466"},{"taxonomy":"post_tag","embeddable":true,"href":"https:\/\/www.visit-ulcinj.com\/blog\/wp-json\/wp\/v2\/tags?post=466"}],"curies":[{"name":"wp","href":"https:\/\/api.w.org\/{rel}","templated":true}]}}