{"id":46626,"date":"2011-05-15T13:31:40","date_gmt":"2011-05-15T12:31:40","guid":{"rendered":"http:\/\/www.visit-ulcinj.com\/blog\/?p=46626"},"modified":"2011-05-15T13:31:40","modified_gmt":"2011-05-15T12:31:40","slug":"adelina-tahiri-operon-syte-ne-turqi","status":"publish","type":"post","link":"https:\/\/www.visit-ulcinj.com\/blog\/2011\/05\/15\/adelina-tahiri-operon-syte-ne-turqi\/","title":{"rendered":"Adelina Tahiri operon syt\u00eb n\u00eb Turqi"},"content":{"rendered":"<p><a href=\"http:\/\/www.visit-ulcinj.com\/blog\/wp-content\/uploads\/2011\/05\/Adelina-Tahiri.2.jpg\"><img loading=\"lazy\" class=\"alignleft size-full wp-image-46628\" title=\"Adelina Tahiri.2\" src=\"http:\/\/www.visit-ulcinj.com\/blog\/wp-content\/uploads\/2011\/05\/Adelina-Tahiri.2.jpg\" alt=\"\" width=\"508\" height=\"360\" \/><\/a>K\u00ebng\u00ebtarja shkupjane Adelina Tahiri k\u00ebto dit\u00eb ka udh\u00ebtuar p\u00ebr n\u00eb Turqi, me nj\u00eb motiv krejt t\u00eb ndrysh\u00ebm nga her\u00ebt e tjera. \u00cbsht\u00eb m\u00ebsuar se vizita e saj i dedikohet nj\u00eb konsulte mjek\u00ebsore q\u00eb ka kryer k\u00ebng\u00ebtarja n\u00eb nj\u00eb klinik\u00eb turke, p\u00ebr t\u00eb realizuar nj\u00eb nd\u00ebrhyrje kirurgjikale n\u00eb sy.<\/p>\n<p>Adelina q\u00eb n\u00eb mosh\u00eb t\u00eb vog\u00ebl ka pasur problem me syt\u00eb dhe tashm\u00eb q\u00eb ajo ka mbushur 18 vje\u00e7e \u00ebsht\u00eb par\u00eb e arsyeshme q\u00eb t\u2019i n\u00ebnshtrohet nj\u00eb nd\u00ebrhyrjeje t\u00eb till\u00eb, me q\u00ebllim q\u00eb t\u00eb mos ket\u00eb d\u00ebmtime t\u00eb m\u00ebvonshme. Gjithkush do t\u00eb habitet kur t\u00eb m\u00ebsoj\u00eb k\u00ebt\u00eb lajm, pasi Adelina njihet si nj\u00eb nga femrat e muzik\u00ebs me syt\u00eb m\u00eb t\u00eb bukur, por ja q\u00eb bukuria e syve nuk shkon paralelisht me sh\u00ebndetin e aparatit t\u00eb shikimit. Natyrisht, k\u00ebt\u00eb problem, k\u00ebng\u00ebtarja me sy t\u00eb shkruar me siguri do e tejkaloj\u00eb leht\u00eb dhe ne i urojm\u00eb q\u00eb t\u00eb b\u00ebhet mir\u00eb sa m\u00eb shpejt. Po k\u00ebshtu, \u00ebsht\u00eb m\u00ebsuar se k\u00ebng\u00ebtarja e \u201cBad boy\u201d duhet t\u00eb kishte udh\u00ebtuar m\u00eb her\u00ebt n\u00eb drejtim t\u00eb Turqis\u00eb, por obligimet n\u00eb muzik\u00eb nuk e kan\u00eb b\u00ebr\u00eb t\u00eb mundur k\u00ebt\u00eb udh\u00ebtim. Aktualisht fansat e saj mund t\u00eb shijojn\u00eb k\u00ebng\u00ebn e re t\u00eb realizuar edhe me klip prej saj, t\u00eb titulluar \u201cBad boy\u201d. K\u00ebng\u00ebtarja prej disa koh\u00ebsh \u00ebsht\u00eb p\u00ebrfolur p\u00ebr nj\u00eb lidhje sentimentale me futbollistin e njohur shqiptar, Lorik Cana, i cili aktualisht jeton n\u00eb Turqi, n\u00eb drejtim t\u00eb s\u00eb cil\u00ebs Adelina ka udh\u00ebtuar shpesh k\u00ebto koh\u00eb. Nuk dihet n\u00ebse gjat\u00eb k\u00ebtij udh\u00ebtimi ajo do t\u00eb shfryt\u00ebzoj\u00eb koh\u00ebn p\u00ebr t\u00eb pasur ndonj\u00eb takim me Lorikun, pasi i duhet t\u00eb kthehet p\u00ebrs\u00ebri n\u00eb Shkup sepse e presin koncerte, si dhe realizimi i k\u00ebng\u00ebve p\u00ebr albumin q\u00eb tashm\u00eb ka nisur ta realizoj\u00eb.<\/p>\n<p><strong>Standard<br \/>\n<br \/>\n<\/strong><!--YouTube Error: bad URL entered--><\/p>\n","protected":false},"excerpt":{"rendered":"<p>K\u00ebng\u00ebtarja shkupjane Adelina Tahiri k\u00ebto dit\u00eb ka udh\u00ebtuar p\u00ebr n\u00eb Turqi, me nj\u00eb motiv krejt t\u00eb ndrysh\u00ebm nga her\u00ebt e tjera. \u00cbsht\u00eb m\u00ebsuar se vizita e saj i dedikohet nj\u00eb konsulte mjek\u00ebsore q\u00eb ka kryer k\u00ebng\u00ebtarja n\u00eb nj\u00eb klinik\u00eb turke, p\u00ebr t\u00eb realizuar nj\u00eb nd\u00ebrhyrje kirurgjikale n\u00eb sy. Adelina q\u00eb n\u00eb mosh\u00eb t\u00eb vog\u00ebl ka [&hellip;]<\/p>\n","protected":false},"author":1,"featured_media":0,"comment_status":"open","ping_status":"closed","sticky":false,"template":"","format":"standard","meta":{"spay_email":"","jetpack_publicize_message":"","jetpack_is_tweetstorm":false,"jetpack_publicize_feature_enabled":true},"categories":[1],"tags":[6597],"jetpack_publicize_connections":[],"yoast_head":"<!-- This site is optimized with the Yoast SEO plugin v19.1 - https:\/\/yoast.com\/wordpress\/plugins\/seo\/ -->\n<title>Adelina Tahiri operon syt\u00eb n\u00eb Turqi - Lajme nga Ulqini<\/title>\n<meta name=\"description\" content=\"K\u00ebng\u00ebtarja shkupjane Adelina Tahiri k\u00ebto dit\u00eb ka udh\u00ebtuar p\u00ebr n\u00eb Turqi, me nj\u00eb motiv krejt t\u00eb ndrysh\u00ebm nga her\u00ebt e tjera. \u00cbsht\u00eb m\u00ebsuar se vizita e saj i\" \/>\n<meta name=\"robots\" content=\"index, follow, max-snippet:-1, max-image-preview:large, max-video-preview:-1\" \/>\n<link rel=\"canonical\" href=\"https:\/\/www.visit-ulcinj.com\/blog\/2011\/05\/15\/adelina-tahiri-operon-syte-ne-turqi\/\" \/>\n<meta property=\"og:locale\" content=\"en_US\" \/>\n<meta property=\"og:type\" content=\"article\" \/>\n<meta property=\"og:title\" content=\"Adelina Tahiri operon syt\u00eb n\u00eb Turqi - Lajme nga Ulqini\" \/>\n<meta property=\"og:description\" content=\"K\u00ebng\u00ebtarja shkupjane Adelina Tahiri k\u00ebto dit\u00eb ka udh\u00ebtuar p\u00ebr n\u00eb Turqi, me nj\u00eb motiv krejt t\u00eb ndrysh\u00ebm nga her\u00ebt e tjera. \u00cbsht\u00eb m\u00ebsuar se vizita e saj i\" \/>\n<meta property=\"og:url\" content=\"https:\/\/www.visit-ulcinj.com\/blog\/2011\/05\/15\/adelina-tahiri-operon-syte-ne-turqi\/\" \/>\n<meta property=\"og:site_name\" content=\"Lajme nga Ulqini\" \/>\n<meta property=\"article:published_time\" content=\"2011-05-15T12:31:40+00:00\" \/>\n<meta property=\"og:image\" content=\"https:\/\/www.visit-ulcinj.com\/blog\/wp-content\/uploads\/2011\/05\/Adelina-Tahiri.1-150x150.jpg\" \/>\n<meta name=\"twitter:label1\" content=\"Written by\" \/>\n\t<meta name=\"twitter:data1\" content=\"ulqini\" \/>\n\t<meta name=\"twitter:label2\" content=\"Est. reading time\" \/>\n\t<meta name=\"twitter:data2\" content=\"2 minutes\" \/>\n<script type=\"application\/ld+json\" class=\"yoast-schema-graph\">{\"@context\":\"https:\/\/schema.org\",\"@graph\":[{\"@type\":\"WebSite\",\"@id\":\"https:\/\/www.visit-ulcinj.com\/blog\/#website\",\"url\":\"https:\/\/www.visit-ulcinj.com\/blog\/\",\"name\":\"Lajme nga Ulqini\",\"description\":\"Lajme,Vijesti,Ulqini,Ulqin,Crna Gora,Mali i Zi\",\"potentialAction\":[{\"@type\":\"SearchAction\",\"target\":{\"@type\":\"EntryPoint\",\"urlTemplate\":\"https:\/\/www.visit-ulcinj.com\/blog\/?s={search_term_string}\"},\"query-input\":\"required name=search_term_string\"}],\"inLanguage\":\"en-US\"},{\"@type\":\"ImageObject\",\"inLanguage\":\"en-US\",\"@id\":\"https:\/\/www.visit-ulcinj.com\/blog\/2011\/05\/15\/adelina-tahiri-operon-syte-ne-turqi\/#primaryimage\",\"url\":\"http:\/\/www.visit-ulcinj.com\/blog\/wp-content\/uploads\/2011\/05\/Adelina-Tahiri.2.jpg\",\"contentUrl\":\"http:\/\/www.visit-ulcinj.com\/blog\/wp-content\/uploads\/2011\/05\/Adelina-Tahiri.2.jpg\"},{\"@type\":\"WebPage\",\"@id\":\"https:\/\/www.visit-ulcinj.com\/blog\/2011\/05\/15\/adelina-tahiri-operon-syte-ne-turqi\/#webpage\",\"url\":\"https:\/\/www.visit-ulcinj.com\/blog\/2011\/05\/15\/adelina-tahiri-operon-syte-ne-turqi\/\",\"name\":\"Adelina Tahiri operon syt\u00eb n\u00eb Turqi - Lajme nga Ulqini\",\"isPartOf\":{\"@id\":\"https:\/\/www.visit-ulcinj.com\/blog\/#website\"},\"primaryImageOfPage\":{\"@id\":\"https:\/\/www.visit-ulcinj.com\/blog\/2011\/05\/15\/adelina-tahiri-operon-syte-ne-turqi\/#primaryimage\"},\"datePublished\":\"2011-05-15T12:31:40+00:00\",\"dateModified\":\"2011-05-15T12:31:40+00:00\",\"author\":{\"@id\":\"https:\/\/www.visit-ulcinj.com\/blog\/#\/schema\/person\/dcab619c614d3038751c63bc2aadc06d\"},\"description\":\"K\u00ebng\u00ebtarja shkupjane Adelina Tahiri k\u00ebto dit\u00eb ka udh\u00ebtuar p\u00ebr n\u00eb Turqi, me nj\u00eb motiv krejt t\u00eb ndrysh\u00ebm nga her\u00ebt e tjera. \u00cbsht\u00eb m\u00ebsuar se vizita e saj i\",\"breadcrumb\":{\"@id\":\"https:\/\/www.visit-ulcinj.com\/blog\/2011\/05\/15\/adelina-tahiri-operon-syte-ne-turqi\/#breadcrumb\"},\"inLanguage\":\"en-US\",\"potentialAction\":[{\"@type\":\"ReadAction\",\"target\":[\"https:\/\/www.visit-ulcinj.com\/blog\/2011\/05\/15\/adelina-tahiri-operon-syte-ne-turqi\/\"]}]},{\"@type\":\"BreadcrumbList\",\"@id\":\"https:\/\/www.visit-ulcinj.com\/blog\/2011\/05\/15\/adelina-tahiri-operon-syte-ne-turqi\/#breadcrumb\",\"itemListElement\":[{\"@type\":\"ListItem\",\"position\":1,\"name\":\"Adelina Tahiri operon syt\u00eb n\u00eb Turqi\"}]},{\"@type\":\"Person\",\"@id\":\"https:\/\/www.visit-ulcinj.com\/blog\/#\/schema\/person\/dcab619c614d3038751c63bc2aadc06d\",\"name\":\"ulqini\",\"sameAs\":[\"http:\/\/www.visit-ulcinj.com\"],\"url\":\"https:\/\/www.visit-ulcinj.com\/blog\/author\/admin\/\"}]}<\/script>\n<!-- \/ Yoast SEO plugin. -->","yoast_head_json":{"title":"Adelina Tahiri operon syt\u00eb n\u00eb Turqi - Lajme nga Ulqini","description":"K\u00ebng\u00ebtarja shkupjane Adelina Tahiri k\u00ebto dit\u00eb ka udh\u00ebtuar p\u00ebr n\u00eb Turqi, me nj\u00eb motiv krejt t\u00eb ndrysh\u00ebm nga her\u00ebt e tjera. \u00cbsht\u00eb m\u00ebsuar se vizita e saj i","robots":{"index":"index","follow":"follow","max-snippet":"max-snippet:-1","max-image-preview":"max-image-preview:large","max-video-preview":"max-video-preview:-1"},"canonical":"https:\/\/www.visit-ulcinj.com\/blog\/2011\/05\/15\/adelina-tahiri-operon-syte-ne-turqi\/","og_locale":"en_US","og_type":"article","og_title":"Adelina Tahiri operon syt\u00eb n\u00eb Turqi - Lajme nga Ulqini","og_description":"K\u00ebng\u00ebtarja shkupjane Adelina Tahiri k\u00ebto dit\u00eb ka udh\u00ebtuar p\u00ebr n\u00eb Turqi, me nj\u00eb motiv krejt t\u00eb ndrysh\u00ebm nga her\u00ebt e tjera. \u00cbsht\u00eb m\u00ebsuar se vizita e saj i","og_url":"https:\/\/www.visit-ulcinj.com\/blog\/2011\/05\/15\/adelina-tahiri-operon-syte-ne-turqi\/","og_site_name":"Lajme nga Ulqini","article_published_time":"2011-05-15T12:31:40+00:00","og_image":[{"url":"https:\/\/www.visit-ulcinj.com\/blog\/wp-content\/uploads\/2011\/05\/Adelina-Tahiri.1-150x150.jpg"}],"twitter_misc":{"Written by":"ulqini","Est. reading time":"2 minutes"},"schema":{"@context":"https:\/\/schema.org","@graph":[{"@type":"WebSite","@id":"https:\/\/www.visit-ulcinj.com\/blog\/#website","url":"https:\/\/www.visit-ulcinj.com\/blog\/","name":"Lajme nga Ulqini","description":"Lajme,Vijesti,Ulqini,Ulqin,Crna Gora,Mali i Zi","potentialAction":[{"@type":"SearchAction","target":{"@type":"EntryPoint","urlTemplate":"https:\/\/www.visit-ulcinj.com\/blog\/?s={search_term_string}"},"query-input":"required name=search_term_string"}],"inLanguage":"en-US"},{"@type":"ImageObject","inLanguage":"en-US","@id":"https:\/\/www.visit-ulcinj.com\/blog\/2011\/05\/15\/adelina-tahiri-operon-syte-ne-turqi\/#primaryimage","url":"http:\/\/www.visit-ulcinj.com\/blog\/wp-content\/uploads\/2011\/05\/Adelina-Tahiri.2.jpg","contentUrl":"http:\/\/www.visit-ulcinj.com\/blog\/wp-content\/uploads\/2011\/05\/Adelina-Tahiri.2.jpg"},{"@type":"WebPage","@id":"https:\/\/www.visit-ulcinj.com\/blog\/2011\/05\/15\/adelina-tahiri-operon-syte-ne-turqi\/#webpage","url":"https:\/\/www.visit-ulcinj.com\/blog\/2011\/05\/15\/adelina-tahiri-operon-syte-ne-turqi\/","name":"Adelina Tahiri operon syt\u00eb n\u00eb Turqi - Lajme nga Ulqini","isPartOf":{"@id":"https:\/\/www.visit-ulcinj.com\/blog\/#website"},"primaryImageOfPage":{"@id":"https:\/\/www.visit-ulcinj.com\/blog\/2011\/05\/15\/adelina-tahiri-operon-syte-ne-turqi\/#primaryimage"},"datePublished":"2011-05-15T12:31:40+00:00","dateModified":"2011-05-15T12:31:40+00:00","author":{"@id":"https:\/\/www.visit-ulcinj.com\/blog\/#\/schema\/person\/dcab619c614d3038751c63bc2aadc06d"},"description":"K\u00ebng\u00ebtarja shkupjane Adelina Tahiri k\u00ebto dit\u00eb ka udh\u00ebtuar p\u00ebr n\u00eb Turqi, me nj\u00eb motiv krejt t\u00eb ndrysh\u00ebm nga her\u00ebt e tjera. \u00cbsht\u00eb m\u00ebsuar se vizita e saj i","breadcrumb":{"@id":"https:\/\/www.visit-ulcinj.com\/blog\/2011\/05\/15\/adelina-tahiri-operon-syte-ne-turqi\/#breadcrumb"},"inLanguage":"en-US","potentialAction":[{"@type":"ReadAction","target":["https:\/\/www.visit-ulcinj.com\/blog\/2011\/05\/15\/adelina-tahiri-operon-syte-ne-turqi\/"]}]},{"@type":"BreadcrumbList","@id":"https:\/\/www.visit-ulcinj.com\/blog\/2011\/05\/15\/adelina-tahiri-operon-syte-ne-turqi\/#breadcrumb","itemListElement":[{"@type":"ListItem","position":1,"name":"Adelina Tahiri operon syt\u00eb n\u00eb Turqi"}]},{"@type":"Person","@id":"https:\/\/www.visit-ulcinj.com\/blog\/#\/schema\/person\/dcab619c614d3038751c63bc2aadc06d","name":"ulqini","sameAs":["http:\/\/www.visit-ulcinj.com"],"url":"https:\/\/www.visit-ulcinj.com\/blog\/author\/admin\/"}]}},"jetpack_featured_media_url":"","jetpack_sharing_enabled":true,"jetpack_shortlink":"https:\/\/wp.me\/pe6lTn-c82","_links":{"self":[{"href":"https:\/\/www.visit-ulcinj.com\/blog\/wp-json\/wp\/v2\/posts\/46626"}],"collection":[{"href":"https:\/\/www.visit-ulcinj.com\/blog\/wp-json\/wp\/v2\/posts"}],"about":[{"href":"https:\/\/www.visit-ulcinj.com\/blog\/wp-json\/wp\/v2\/types\/post"}],"author":[{"embeddable":true,"href":"https:\/\/www.visit-ulcinj.com\/blog\/wp-json\/wp\/v2\/users\/1"}],"replies":[{"embeddable":true,"href":"https:\/\/www.visit-ulcinj.com\/blog\/wp-json\/wp\/v2\/comments?post=46626"}],"version-history":[{"count":0,"href":"https:\/\/www.visit-ulcinj.com\/blog\/wp-json\/wp\/v2\/posts\/46626\/revisions"}],"wp:attachment":[{"href":"https:\/\/www.visit-ulcinj.com\/blog\/wp-json\/wp\/v2\/media?parent=46626"}],"wp:term":[{"taxonomy":"category","embeddable":true,"href":"https:\/\/www.visit-ulcinj.com\/blog\/wp-json\/wp\/v2\/categories?post=46626"},{"taxonomy":"post_tag","embeddable":true,"href":"https:\/\/www.visit-ulcinj.com\/blog\/wp-json\/wp\/v2\/tags?post=46626"}],"curies":[{"name":"wp","href":"https:\/\/api.w.org\/{rel}","templated":true}]}}