{"id":4666,"date":"2008-10-17T14:38:38","date_gmt":"2008-10-17T19:38:38","guid":{"rendered":"http:\/\/www.visit-ulcinj.com\/blog\/?p=4666"},"modified":"2008-10-17T14:38:38","modified_gmt":"2008-10-17T19:38:38","slug":"enigma-e-historise-malazeze-rasti-i-shasit-5","status":"publish","type":"post","link":"https:\/\/www.visit-ulcinj.com\/blog\/2008\/10\/17\/enigma-e-historise-malazeze-rasti-i-shasit-5\/","title":{"rendered":"Enigma E Historis\u00cb Malazeze &#8211; Rasti I Shasit (5)"},"content":{"rendered":"<p><a href=\"http:\/\/www.visit-ulcinj.com\/blog\/wp-content\/uploads\/2008\/09\/shassvac1.jpg\"><img loading=\"lazy\" class=\"size-medium wp-image-3172 alignleft\" title=\"Shas , \u0160as , Sva?\" src=\"http:\/\/www.visit-ulcinj.com\/blog\/wp-content\/uploads\/2008\/09\/shassvac1-300x200.jpg\" alt=\"G\u00ebrmadhat mesjetare t\u00eb Qytetit t\u00eb Shasit\" width=\"300\" height=\"200\" srcset=\"https:\/\/www.visit-ulcinj.com\/blog\/wp-content\/uploads\/2008\/09\/shassvac1-300x200.jpg 300w, https:\/\/www.visit-ulcinj.com\/blog\/wp-content\/uploads\/2008\/09\/shassvac1.jpg 450w\" sizes=\"(max-width: 300px) 100vw, 300px\" \/><\/a><\/p>\n<p><strong>Kuptimi i historis\u00eb i lidhur me ndryshimet gjeografike<\/strong><br \/>\n\u00cbsht\u00eb e pamundur t\u00eb kuptosh historin\u00eb e njohur t\u00eb Shasit apo t\u00eb trev\u00ebs ose t\u00eb tentosh nj\u00eb rind\u00ebrtim t\u00eb periudh\u00ebs m\u00eb t\u00eb r\u00ebnd\u00ebsishme t\u00eb historis\u00eb q\u00eb tashm\u00eb \u00ebsht\u00eb krejt e err\u00ebt, pa iu referuar procesit t\u00eb ndryshimeve t\u00eb bregdetit dhe brigjeve t\u00eb k\u00ebtyre an\u00ebve.<br \/>\nN\u00eb shekullin XVII, hartat venedikase tregojn\u00eb nj\u00eb liqen t\u00eb dyt\u00eb t\u00eb vog\u00ebl, at\u00eb t\u00eb Sogagnit (Zogajve), n\u00eb t\u00eb nj\u00ebjt\u00ebn vij\u00eb midis liqenit kryesor t\u00eb Shkodr\u00ebs dhe liqenit t\u00eb Shasit (Sfaccio n\u00eb italisht) dhe ky ka t\u00eb ngjar\u00eb t\u00eb ket\u00eb ekzistuar m\u00eb p\u00ebrpara. Sogagni duhet t\u00eb jet\u00eb thar\u00eb aty nga periudha e von\u00ebt osmane dhe tashm\u00eb \u00ebsht\u00eb b\u00ebr\u00eb pjes\u00eb e mo\u00e7alishteve dhe kriporeve p\u00ebrtej Ulqinit.<br \/>\nN\u00eb hartat venedikase duket lidhja e drejtp\u00ebrdrejt\u00eb e lumit t\u00eb Bun\u00ebs me nj\u00eb kanal t\u00eb vog\u00ebl dhe mbi t\u00eb i nj\u00eb ure, ur\u00ebs s\u00eb Zornit (Ponte di Zorni) n\u00eb rrug\u00ebn Shkod\u00ebr-Ulqin. Por t\u00eb gjitha k\u00ebto jan\u00eb zhdukur dhe vizitori i sot\u00ebm mund t\u00eb shoh\u00eb vet\u00ebm nj\u00eb varg t\u00eb ngat\u00ebrruar kallamishtesh. \u00cbsht\u00eb e pamundur t\u00eb kuptosh historin\u00eb e njohur t\u00eb Shasit apo t\u00eb trev\u00ebs ose t\u00eb tentosh nj\u00eb rind\u00ebrtim t\u00eb periudh\u00ebs m\u00eb t\u00eb r\u00ebnd\u00ebsishme t\u00eb historis\u00eb q\u00eb tashm\u00eb \u00ebsht\u00eb krejt e err\u00ebt, pa iu referuar procesit t\u00eb ndryshimeve t\u00eb bregdetit dhe brigjeve t\u00eb k\u00ebtyre an\u00ebve. Harta n\u00eb vijim tregon pozicionin e Shasit dhe t\u00eb rrethinave n\u00eb raport me bregdetin kryesor &#8211; tokat kodrinore q\u00eb e rrethojn\u00eb.<br \/>\nN\u00eb antikitet bregdeti i Adriatikut kishte nj\u00eb pamje tjet\u00ebr, nd\u00ebrsa nj\u00eb pjes\u00eb e tokave q\u00eb tashm\u00eb jan\u00eb shnd\u00ebrruar n\u00eb k\u00ebneta t\u00eb m\u00ebdha n\u00eb brend\u00ebsi p\u00ebrgjat\u00eb gjith\u00eb bregdetit Adriatik n\u00eb jug deri n\u00eb veriper\u00ebndim t\u00eb Greqis\u00eb ishin t\u00eb thata. Shasi at\u00ebher\u00eb ka t\u00eb ngjar\u00eb t\u00eb ket\u00eb qen\u00eb fare af\u00ebr pjes\u00ebs s\u00eb lundrueshme p\u00ebr anijet e lashta dhe liqeni i sot\u00ebm i Shasit mund t\u00eb ket\u00eb qen\u00eb n\u00eb fakt nj\u00eb gji k\u00ebnetor i detit. Kodrina e Shasit duhet t\u00eb ket\u00eb qen\u00eb leht\u00ebsisht e dukshme nga hyrjet detare dhe e ekspozuar ndaj forcave kulturore t\u00eb shoq\u00ebruara me tregtin\u00eb, kolonizimin dhe piraterin\u00eb bregdetare, nd\u00ebrsa n\u00eb periudh\u00ebn pararomake, cilido vendbanim duhet t\u00eb ket\u00eb qen\u00eb nj\u00eb ngulim satelit p\u00ebr mbret\u00ebrin\u00eb Ilire t\u00eb Gentit me qend\u00ebr n\u00eb Shkod\u00ebr.<br \/>\nProcesi i shnd\u00ebrrimeve bregdetare mund t\u00eb shihet shum\u00eb m\u00eb qart\u00eb n\u00eb nj\u00eb qend\u00ebr t\u00eb r\u00ebnd\u00ebsishme si Lissusi i lasht\u00eb, Lezha e sotme, disa dhjet\u00ebra kilometra m\u00eb n\u00eb jug, n\u00eb Shqip\u00ebri, q\u00eb ka qen\u00eb nj\u00eb port romak. N\u00eb dit\u00ebt tona ky qytet \u00ebsht\u00eb bukur n\u00eb brend\u00ebsi dhe i rrethuar nga mo\u00e7alishte t\u00eb m\u00ebdha n\u00eb lidhje me detin.<br \/>\nP\u00ebrgjat\u00eb kufirit t\u00eb sot\u00ebm verior Shqip\u00ebri-Mali i Zi, lumi m\u00eb i madh n\u00eb k\u00ebt\u00eb zon\u00eb, Drini, kishte nj\u00eb gryk\u00ebderdhje mjaft t\u00eb gjer\u00eb dhe m\u00eb t\u00eb p\u00ebrhapur sesa tani dhe v\u00ebrshimet e p\u00ebrrenjve n\u00eb dim\u00ebr shkaktonin p\u00ebrmbytje t\u00eb m\u00ebdha. Prandaj dhe vendbanimet njer\u00ebzore n\u00eb af\u00ebrsi ishin p\u00ebrqendruar gjithnj\u00eb mbi nj\u00eb num\u00ebr kodrash t\u00eb vogla q\u00eb ngriheshin mbi k\u00ebneta.<a href=\"http:\/\/www.visit-ulcinj.com\/blog\/wp-content\/uploads\/2008\/08\/shasi.jpg\"><img loading=\"lazy\" class=\"alignright size-medium wp-image-2702\" title=\"shasi\" src=\"http:\/\/www.visit-ulcinj.com\/blog\/wp-content\/uploads\/2008\/08\/shasi-300x199.jpg\" alt=\"\" width=\"300\" height=\"199\" srcset=\"https:\/\/www.visit-ulcinj.com\/blog\/wp-content\/uploads\/2008\/08\/shasi-300x199.jpg 300w, https:\/\/www.visit-ulcinj.com\/blog\/wp-content\/uploads\/2008\/08\/shasi.jpg 542w\" sizes=\"(max-width: 300px) 100vw, 300px\" \/><\/a><br \/>\nPrandaj dhe kodra e Shasit me peshkun e saj t\u00eb bollsh\u00ebm n\u00eb liqen ishte nj\u00eb vend t\u00ebrheq\u00ebs p\u00ebr banim nga fise t\u00eb ndryshme q\u00eb n\u00eb koh\u00ebt m\u00eb t\u00eb lashta. Fiset ilire filluan t\u00eb nd\u00ebrtojn\u00eb vendbanime t\u00eb fortifikuara p\u00ebrgjat\u00eb bregdetit nga mesi i shekullit t\u00eb tret\u00eb para er\u00ebs s\u00eb re, nd\u00ebr t\u00eb cil\u00ebt Shkodra dhe Lissusi ishin m\u00eb t\u00eb r\u00ebnd\u00ebsishmet, por t\u00eb gjitha ishin piketuar p\u00ebr t\u00eb ruajtur rrug\u00ebt n\u00eb brend\u00ebsi dhe p\u00ebr t\u00eb siguruar bregdetin p\u00ebr anijet e tyre. Mund t\u00eb ket\u00eb pasur gjithashtu edhe nj\u00eb faltore lidhur me liqenin.<br \/>\nQendra kryesore e Shkodr\u00ebs u zhvillua me shpejt\u00ebsi n\u00eb shekullin IV p.e.r., nd\u00ebrsa rritja e qytetit ofroi nj\u00eb treg t\u00eb mir\u00eb p\u00ebr prodhimet ushqimore dhe u shnd\u00ebrrua n\u00eb nj\u00eb qend\u00ebr p\u00ebr disa vendbanime t\u00eb vogla satelite t\u00eb shp\u00ebrndara rrotull af\u00ebrsis\u00eb s\u00eb liqenit. Vendbanimi mbi Shas dhe kodrat aty rrotull sipas t\u00eb gjitha gjasave ishte tejet i kufizuar, por ai do t\u00eb ket\u00eb sh\u00ebrbyer si nj\u00eb qend\u00ebr kodrinore mjaft e mbrojtur ku barinjt\u00eb dhe grigjat e tyre gjenin strehim gjat\u00eb l\u00ebvizjeve, pasi ishte nj\u00eb vend i pabanuesh\u00ebm gjat\u00eb muajve me lag\u00ebshti dhe p\u00ebrmbytjes s\u00eb tokave p\u00ebrreth.<br \/>\n<strong>Averil Cameroon &#8211; James Pettifer<br \/>\nKoha Javore<\/strong><\/p>\n","protected":false},"excerpt":{"rendered":"<p>Kuptimi i historis\u00eb i lidhur me ndryshimet gjeografike \u00cbsht\u00eb e pamundur t\u00eb kuptosh historin\u00eb e njohur t\u00eb Shasit apo t\u00eb trev\u00ebs ose t\u00eb tentosh nj\u00eb rind\u00ebrtim t\u00eb periudh\u00ebs m\u00eb t\u00eb r\u00ebnd\u00ebsishme t\u00eb historis\u00eb q\u00eb tashm\u00eb \u00ebsht\u00eb krejt e err\u00ebt, pa iu referuar procesit t\u00eb ndryshimeve t\u00eb bregdetit dhe brigjeve t\u00eb k\u00ebtyre an\u00ebve. N\u00eb shekullin XVII, [&hellip;]<\/p>\n","protected":false},"author":1,"featured_media":0,"comment_status":"open","ping_status":"closed","sticky":false,"template":"","format":"standard","meta":{"spay_email":"","jetpack_publicize_message":"","jetpack_is_tweetstorm":false,"jetpack_publicize_feature_enabled":true},"categories":[4,12],"tags":[2083,2081,2082],"jetpack_publicize_connections":[],"yoast_head":"<!-- This site is optimized with the Yoast SEO plugin v19.1 - https:\/\/yoast.com\/wordpress\/plugins\/seo\/ -->\n<title>Enigma E Historis\u00cb Malazeze - Rasti I Shasit (5) - Lajme nga Ulqini<\/title>\n<meta name=\"description\" content=\"Kuptimi i historis\u00eb i lidhur me ndryshimet gjeografike \u00cbsht\u00eb e pamundur t\u00eb kuptosh historin\u00eb e njohur t\u00eb Shasit apo t\u00eb trev\u00ebs ose t\u00eb tentosh nj\u00eb rind\u00ebrtim\" \/>\n<meta name=\"robots\" content=\"index, follow, max-snippet:-1, max-image-preview:large, max-video-preview:-1\" \/>\n<link rel=\"canonical\" href=\"https:\/\/www.visit-ulcinj.com\/blog\/2008\/10\/17\/enigma-e-historise-malazeze-rasti-i-shasit-5\/\" \/>\n<meta property=\"og:locale\" content=\"en_US\" \/>\n<meta property=\"og:type\" content=\"article\" \/>\n<meta property=\"og:title\" content=\"Enigma E Historis\u00cb Malazeze - Rasti I Shasit (5) - Lajme nga Ulqini\" \/>\n<meta property=\"og:description\" content=\"Kuptimi i historis\u00eb i lidhur me ndryshimet gjeografike \u00cbsht\u00eb e pamundur t\u00eb kuptosh historin\u00eb e njohur t\u00eb Shasit apo t\u00eb trev\u00ebs ose t\u00eb tentosh nj\u00eb rind\u00ebrtim\" \/>\n<meta property=\"og:url\" content=\"https:\/\/www.visit-ulcinj.com\/blog\/2008\/10\/17\/enigma-e-historise-malazeze-rasti-i-shasit-5\/\" \/>\n<meta property=\"og:site_name\" content=\"Lajme nga Ulqini\" \/>\n<meta property=\"article:published_time\" content=\"2008-10-17T19:38:38+00:00\" \/>\n<meta property=\"og:image\" content=\"http:\/\/www.visit-ulcinj.com\/blog\/wp-content\/uploads\/2008\/09\/shassvac1-300x200.jpg\" \/>\n<meta name=\"twitter:label1\" content=\"Written by\" \/>\n\t<meta name=\"twitter:data1\" content=\"ulqini\" \/>\n\t<meta name=\"twitter:label2\" content=\"Est. reading time\" \/>\n\t<meta name=\"twitter:data2\" content=\"4 minutes\" \/>\n<script type=\"application\/ld+json\" class=\"yoast-schema-graph\">{\"@context\":\"https:\/\/schema.org\",\"@graph\":[{\"@type\":\"WebSite\",\"@id\":\"https:\/\/www.visit-ulcinj.com\/blog\/#website\",\"url\":\"https:\/\/www.visit-ulcinj.com\/blog\/\",\"name\":\"Lajme nga Ulqini\",\"description\":\"Lajme,Vijesti,Ulqini,Ulqin,Crna Gora,Mali i Zi\",\"potentialAction\":[{\"@type\":\"SearchAction\",\"target\":{\"@type\":\"EntryPoint\",\"urlTemplate\":\"https:\/\/www.visit-ulcinj.com\/blog\/?s={search_term_string}\"},\"query-input\":\"required name=search_term_string\"}],\"inLanguage\":\"en-US\"},{\"@type\":\"ImageObject\",\"inLanguage\":\"en-US\",\"@id\":\"https:\/\/www.visit-ulcinj.com\/blog\/2008\/10\/17\/enigma-e-historise-malazeze-rasti-i-shasit-5\/#primaryimage\",\"url\":\"http:\/\/www.visit-ulcinj.com\/blog\/wp-content\/uploads\/2008\/09\/shassvac1-300x200.jpg\",\"contentUrl\":\"http:\/\/www.visit-ulcinj.com\/blog\/wp-content\/uploads\/2008\/09\/shassvac1-300x200.jpg\"},{\"@type\":\"WebPage\",\"@id\":\"https:\/\/www.visit-ulcinj.com\/blog\/2008\/10\/17\/enigma-e-historise-malazeze-rasti-i-shasit-5\/#webpage\",\"url\":\"https:\/\/www.visit-ulcinj.com\/blog\/2008\/10\/17\/enigma-e-historise-malazeze-rasti-i-shasit-5\/\",\"name\":\"Enigma E Historis\u00cb Malazeze - Rasti I Shasit (5) - Lajme nga Ulqini\",\"isPartOf\":{\"@id\":\"https:\/\/www.visit-ulcinj.com\/blog\/#website\"},\"primaryImageOfPage\":{\"@id\":\"https:\/\/www.visit-ulcinj.com\/blog\/2008\/10\/17\/enigma-e-historise-malazeze-rasti-i-shasit-5\/#primaryimage\"},\"datePublished\":\"2008-10-17T19:38:38+00:00\",\"dateModified\":\"2008-10-17T19:38:38+00:00\",\"author\":{\"@id\":\"https:\/\/www.visit-ulcinj.com\/blog\/#\/schema\/person\/dcab619c614d3038751c63bc2aadc06d\"},\"description\":\"Kuptimi i historis\u00eb i lidhur me ndryshimet gjeografike \u00cbsht\u00eb e pamundur t\u00eb kuptosh historin\u00eb e njohur t\u00eb Shasit apo t\u00eb trev\u00ebs ose t\u00eb tentosh nj\u00eb rind\u00ebrtim\",\"breadcrumb\":{\"@id\":\"https:\/\/www.visit-ulcinj.com\/blog\/2008\/10\/17\/enigma-e-historise-malazeze-rasti-i-shasit-5\/#breadcrumb\"},\"inLanguage\":\"en-US\",\"potentialAction\":[{\"@type\":\"ReadAction\",\"target\":[\"https:\/\/www.visit-ulcinj.com\/blog\/2008\/10\/17\/enigma-e-historise-malazeze-rasti-i-shasit-5\/\"]}]},{\"@type\":\"BreadcrumbList\",\"@id\":\"https:\/\/www.visit-ulcinj.com\/blog\/2008\/10\/17\/enigma-e-historise-malazeze-rasti-i-shasit-5\/#breadcrumb\",\"itemListElement\":[{\"@type\":\"ListItem\",\"position\":1,\"name\":\"Enigma E Historis\u00cb Malazeze &#8211; Rasti I Shasit (5)\"}]},{\"@type\":\"Person\",\"@id\":\"https:\/\/www.visit-ulcinj.com\/blog\/#\/schema\/person\/dcab619c614d3038751c63bc2aadc06d\",\"name\":\"ulqini\",\"sameAs\":[\"http:\/\/www.visit-ulcinj.com\"],\"url\":\"https:\/\/www.visit-ulcinj.com\/blog\/author\/admin\/\"}]}<\/script>\n<!-- \/ Yoast SEO plugin. -->","yoast_head_json":{"title":"Enigma E Historis\u00cb Malazeze - Rasti I Shasit (5) - Lajme nga Ulqini","description":"Kuptimi i historis\u00eb i lidhur me ndryshimet gjeografike \u00cbsht\u00eb e pamundur t\u00eb kuptosh historin\u00eb e njohur t\u00eb Shasit apo t\u00eb trev\u00ebs ose t\u00eb tentosh nj\u00eb rind\u00ebrtim","robots":{"index":"index","follow":"follow","max-snippet":"max-snippet:-1","max-image-preview":"max-image-preview:large","max-video-preview":"max-video-preview:-1"},"canonical":"https:\/\/www.visit-ulcinj.com\/blog\/2008\/10\/17\/enigma-e-historise-malazeze-rasti-i-shasit-5\/","og_locale":"en_US","og_type":"article","og_title":"Enigma E Historis\u00cb Malazeze - Rasti I Shasit (5) - Lajme nga Ulqini","og_description":"Kuptimi i historis\u00eb i lidhur me ndryshimet gjeografike \u00cbsht\u00eb e pamundur t\u00eb kuptosh historin\u00eb e njohur t\u00eb Shasit apo t\u00eb trev\u00ebs ose t\u00eb tentosh nj\u00eb rind\u00ebrtim","og_url":"https:\/\/www.visit-ulcinj.com\/blog\/2008\/10\/17\/enigma-e-historise-malazeze-rasti-i-shasit-5\/","og_site_name":"Lajme nga Ulqini","article_published_time":"2008-10-17T19:38:38+00:00","og_image":[{"url":"http:\/\/www.visit-ulcinj.com\/blog\/wp-content\/uploads\/2008\/09\/shassvac1-300x200.jpg"}],"twitter_misc":{"Written by":"ulqini","Est. reading time":"4 minutes"},"schema":{"@context":"https:\/\/schema.org","@graph":[{"@type":"WebSite","@id":"https:\/\/www.visit-ulcinj.com\/blog\/#website","url":"https:\/\/www.visit-ulcinj.com\/blog\/","name":"Lajme nga Ulqini","description":"Lajme,Vijesti,Ulqini,Ulqin,Crna Gora,Mali i Zi","potentialAction":[{"@type":"SearchAction","target":{"@type":"EntryPoint","urlTemplate":"https:\/\/www.visit-ulcinj.com\/blog\/?s={search_term_string}"},"query-input":"required name=search_term_string"}],"inLanguage":"en-US"},{"@type":"ImageObject","inLanguage":"en-US","@id":"https:\/\/www.visit-ulcinj.com\/blog\/2008\/10\/17\/enigma-e-historise-malazeze-rasti-i-shasit-5\/#primaryimage","url":"http:\/\/www.visit-ulcinj.com\/blog\/wp-content\/uploads\/2008\/09\/shassvac1-300x200.jpg","contentUrl":"http:\/\/www.visit-ulcinj.com\/blog\/wp-content\/uploads\/2008\/09\/shassvac1-300x200.jpg"},{"@type":"WebPage","@id":"https:\/\/www.visit-ulcinj.com\/blog\/2008\/10\/17\/enigma-e-historise-malazeze-rasti-i-shasit-5\/#webpage","url":"https:\/\/www.visit-ulcinj.com\/blog\/2008\/10\/17\/enigma-e-historise-malazeze-rasti-i-shasit-5\/","name":"Enigma E Historis\u00cb Malazeze - Rasti I Shasit (5) - Lajme nga Ulqini","isPartOf":{"@id":"https:\/\/www.visit-ulcinj.com\/blog\/#website"},"primaryImageOfPage":{"@id":"https:\/\/www.visit-ulcinj.com\/blog\/2008\/10\/17\/enigma-e-historise-malazeze-rasti-i-shasit-5\/#primaryimage"},"datePublished":"2008-10-17T19:38:38+00:00","dateModified":"2008-10-17T19:38:38+00:00","author":{"@id":"https:\/\/www.visit-ulcinj.com\/blog\/#\/schema\/person\/dcab619c614d3038751c63bc2aadc06d"},"description":"Kuptimi i historis\u00eb i lidhur me ndryshimet gjeografike \u00cbsht\u00eb e pamundur t\u00eb kuptosh historin\u00eb e njohur t\u00eb Shasit apo t\u00eb trev\u00ebs ose t\u00eb tentosh nj\u00eb rind\u00ebrtim","breadcrumb":{"@id":"https:\/\/www.visit-ulcinj.com\/blog\/2008\/10\/17\/enigma-e-historise-malazeze-rasti-i-shasit-5\/#breadcrumb"},"inLanguage":"en-US","potentialAction":[{"@type":"ReadAction","target":["https:\/\/www.visit-ulcinj.com\/blog\/2008\/10\/17\/enigma-e-historise-malazeze-rasti-i-shasit-5\/"]}]},{"@type":"BreadcrumbList","@id":"https:\/\/www.visit-ulcinj.com\/blog\/2008\/10\/17\/enigma-e-historise-malazeze-rasti-i-shasit-5\/#breadcrumb","itemListElement":[{"@type":"ListItem","position":1,"name":"Enigma E Historis\u00cb Malazeze &#8211; Rasti I Shasit (5)"}]},{"@type":"Person","@id":"https:\/\/www.visit-ulcinj.com\/blog\/#\/schema\/person\/dcab619c614d3038751c63bc2aadc06d","name":"ulqini","sameAs":["http:\/\/www.visit-ulcinj.com"],"url":"https:\/\/www.visit-ulcinj.com\/blog\/author\/admin\/"}]}},"jetpack_featured_media_url":"","jetpack_sharing_enabled":true,"jetpack_shortlink":"https:\/\/wp.me\/pe6lTn-1dg","_links":{"self":[{"href":"https:\/\/www.visit-ulcinj.com\/blog\/wp-json\/wp\/v2\/posts\/4666"}],"collection":[{"href":"https:\/\/www.visit-ulcinj.com\/blog\/wp-json\/wp\/v2\/posts"}],"about":[{"href":"https:\/\/www.visit-ulcinj.com\/blog\/wp-json\/wp\/v2\/types\/post"}],"author":[{"embeddable":true,"href":"https:\/\/www.visit-ulcinj.com\/blog\/wp-json\/wp\/v2\/users\/1"}],"replies":[{"embeddable":true,"href":"https:\/\/www.visit-ulcinj.com\/blog\/wp-json\/wp\/v2\/comments?post=4666"}],"version-history":[{"count":0,"href":"https:\/\/www.visit-ulcinj.com\/blog\/wp-json\/wp\/v2\/posts\/4666\/revisions"}],"wp:attachment":[{"href":"https:\/\/www.visit-ulcinj.com\/blog\/wp-json\/wp\/v2\/media?parent=4666"}],"wp:term":[{"taxonomy":"category","embeddable":true,"href":"https:\/\/www.visit-ulcinj.com\/blog\/wp-json\/wp\/v2\/categories?post=4666"},{"taxonomy":"post_tag","embeddable":true,"href":"https:\/\/www.visit-ulcinj.com\/blog\/wp-json\/wp\/v2\/tags?post=4666"}],"curies":[{"name":"wp","href":"https:\/\/api.w.org\/{rel}","templated":true}]}}