{"id":46667,"date":"2011-05-20T15:11:44","date_gmt":"2011-05-20T14:11:44","guid":{"rendered":"http:\/\/www.visit-ulcinj.com\/blog\/?p=46667"},"modified":"2011-05-20T18:59:12","modified_gmt":"2011-05-20T17:59:12","slug":"rexha-jena-te-pergaditur-per-sezonin-turistik","status":"publish","type":"post","link":"https:\/\/www.visit-ulcinj.com\/blog\/2011\/05\/20\/rexha-jena-te-pergaditur-per-sezonin-turistik\/","title":{"rendered":"Rexha jena t\u00eb p\u00ebrgaditur p\u00ebr sezonin turistik"},"content":{"rendered":"<p><a href=\"http:\/\/www.visit-ulcinj.com\/blog\/wp-content\/uploads\/2011\/05\/Ali-Rexha-_-Drejtor_Organizata-turistike-e-Ulqinit.1.jpg\"><img loading=\"lazy\" class=\"alignleft size-full wp-image-46749\" title=\"Ali-Rexha-_-Drejtor_Organizata-turistike-e-Ulqinit.1\" src=\"http:\/\/www.visit-ulcinj.com\/blog\/wp-content\/uploads\/2011\/05\/Ali-Rexha-_-Drejtor_Organizata-turistike-e-Ulqinit.1.jpg\" alt=\"\" width=\"508\" height=\"380\" srcset=\"https:\/\/www.visit-ulcinj.com\/blog\/wp-content\/uploads\/2011\/05\/Ali-Rexha-_-Drejtor_Organizata-turistike-e-Ulqinit.1.jpg 1024w, https:\/\/www.visit-ulcinj.com\/blog\/wp-content\/uploads\/2011\/05\/Ali-Rexha-_-Drejtor_Organizata-turistike-e-Ulqinit.1-300x225.jpg 300w\" sizes=\"(max-width: 508px) 100vw, 508px\" \/><\/a> Mendojm\u00eb se n\u00eb muajin qershor do t\u00eb filloj\u00eb sezoni turistik u shpreh  Ali Rexha , drejtor i organizat\u00ebs turistike t\u00eb Ulqinit n\u00eb emisionin \u00ab Mozaik \u00bb. Ne me p\u00ebrgatitjet tona pothuajse jemi gati. P\u00ebrpiqemi q\u00eb plazhet t\u00eb jen\u00eb sa m\u00eb shum\u00eb t\u00eb rregulluara dhe t\u2019i plot\u00ebsojn\u00eb t\u00eb gjitha k\u00ebrkesat e turist\u00ebve.<br \/>\nUlqini ka filluar t\u00eb p\u00ebrgatitet p\u00ebr sezonin turistik t\u00eb ver\u00ebs qysh n\u00eb muajin maj, kur si\u00e7 theksojn\u00eb afarist\u00ebt e ndrysh\u00ebm por edhe koncesioner\u00ebt e plazheve, tashm\u00eb gjith\u00e7ka \u00ebsht\u00eb nga fundi i p\u00ebrgaditjeve, dhe b\u00ebhen p\u00ebrpjekje q\u00eb turist\u00ebt q\u00eb do t\u00eb vijn\u00eb n\u00eb Ulqin t\u00eb jen\u00eb sa m\u00eb t\u00eb k\u00ebnaqur.<br \/>\nNe me p\u00ebrgatitjet tona pothuajse jemi gati. P\u00ebrpiqemi q\u00eb plazhet t\u00eb jen\u00eb sa m\u00eb shum\u00eb t\u00eb rregulluara dhe t\u2019i plot\u00ebsojn\u00eb t\u00eb gjitha k\u00ebrkesat e turist\u00ebve, dhe tash nuk mbetet gj\u00eb tjet\u00ebr p\u00ebrve\u00e7 se destinacioni i turist\u00ebve t\u00eb jet\u00eb Ulqini.<br \/>\nAi ka shtuar se tash mbetet q\u00eb edhe institucionet komunale por edhe ata qendrore t\u00eb b\u00ebjn\u00eb sa m\u00eb mir\u00eb pun\u00ebn e tyre dhe t\u00eb kujdesen n\u00eb maksimum p\u00ebr past\u00ebrtin\u00eb e qytetit.<br \/>\nShpres\u00eb m\u00eb t\u00eb madhe p\u00ebr turiz\u00ebm m\u00eb t\u00eb mir\u00eb kan\u00eb edhe qytetar\u00ebt e Ulqinit t\u00eb cil\u00ebt gjith\u00eb vitit jetojn\u00eb nga dy muajit e turizmit ku gjat\u00eb k\u00ebsaj kohe merren me pun\u00eb t\u00eb ndryshme dhe t\u00eb cil\u00ebt apelojn\u00eb deri te institucionet p\u00ebrkat\u00ebse t\u00eb Malit t\u00eb Zi, q\u00eb t\u00eb propagandojn\u00eb sa m\u00eb shum\u00eb p\u00ebr zhvillimin e turizmit n\u00eb Ulqin.<br \/>\n<!--YouTube Error: bad URL entered--><\/p>\n","protected":false},"excerpt":{"rendered":"<p>Mendojm\u00eb se n\u00eb muajin qershor do t\u00eb filloj\u00eb sezoni turistik u shpreh Ali Rexha , drejtor i organizat\u00ebs turistike t\u00eb Ulqinit n\u00eb emisionin \u00ab Mozaik \u00bb. Ne me p\u00ebrgatitjet tona pothuajse jemi gati. P\u00ebrpiqemi q\u00eb plazhet t\u00eb jen\u00eb sa m\u00eb shum\u00eb t\u00eb rregulluara dhe t\u2019i plot\u00ebsojn\u00eb t\u00eb gjitha k\u00ebrkesat e turist\u00ebve. Ulqini ka filluar t\u00eb [&hellip;]<\/p>\n","protected":false},"author":1,"featured_media":0,"comment_status":"open","ping_status":"closed","sticky":false,"template":"","format":"standard","meta":{"spay_email":"","jetpack_publicize_message":"","jetpack_is_tweetstorm":false,"jetpack_publicize_feature_enabled":true},"categories":[5],"tags":[18268,8027,3901,18267,18270,18269,2798,2797],"jetpack_publicize_connections":[],"yoast_head":"<!-- This site is optimized with the Yoast SEO plugin v19.1 - https:\/\/yoast.com\/wordpress\/plugins\/seo\/ -->\n<title>Rexha jena t\u00eb p\u00ebrgaditur p\u00ebr sezonin turistik - Lajme nga Ulqini<\/title>\n<meta name=\"description\" content=\"Mendojm\u00eb se n\u00eb muajin qershor do t\u00eb filloj\u00eb sezoni turistik u shpreh Ali Rexha , drejtor i organizat\u00ebs turistike t\u00eb Ulqinit n\u00eb emisionin \u00ab Mozaik \u00bb. Ne me\" \/>\n<meta name=\"robots\" content=\"index, follow, max-snippet:-1, max-image-preview:large, max-video-preview:-1\" \/>\n<link rel=\"canonical\" href=\"https:\/\/www.visit-ulcinj.com\/blog\/2011\/05\/20\/rexha-jena-te-pergaditur-per-sezonin-turistik\/\" \/>\n<meta property=\"og:locale\" content=\"en_US\" \/>\n<meta property=\"og:type\" content=\"article\" \/>\n<meta property=\"og:title\" content=\"Rexha jena t\u00eb p\u00ebrgaditur p\u00ebr sezonin turistik - Lajme nga Ulqini\" \/>\n<meta property=\"og:description\" content=\"Mendojm\u00eb se n\u00eb muajin qershor do t\u00eb filloj\u00eb sezoni turistik u shpreh Ali Rexha , drejtor i organizat\u00ebs turistike t\u00eb Ulqinit n\u00eb emisionin \u00ab Mozaik \u00bb. Ne me\" \/>\n<meta property=\"og:url\" content=\"https:\/\/www.visit-ulcinj.com\/blog\/2011\/05\/20\/rexha-jena-te-pergaditur-per-sezonin-turistik\/\" \/>\n<meta property=\"og:site_name\" content=\"Lajme nga Ulqini\" \/>\n<meta property=\"article:published_time\" content=\"2011-05-20T14:11:44+00:00\" \/>\n<meta property=\"article:modified_time\" content=\"2011-05-20T17:59:12+00:00\" \/>\n<meta property=\"og:image\" content=\"http:\/\/www.visit-ulcinj.com\/blog\/wp-content\/uploads\/2011\/05\/Ali-Rexha-_-Drejtor_Organizata-turistike-e-Ulqinit.1.jpg\" \/>\n<meta name=\"twitter:label1\" content=\"Written by\" \/>\n\t<meta name=\"twitter:data1\" content=\"ulqini\" \/>\n\t<meta name=\"twitter:label2\" content=\"Est. reading time\" \/>\n\t<meta name=\"twitter:data2\" content=\"1 minute\" \/>\n<script type=\"application\/ld+json\" class=\"yoast-schema-graph\">{\"@context\":\"https:\/\/schema.org\",\"@graph\":[{\"@type\":\"WebSite\",\"@id\":\"https:\/\/www.visit-ulcinj.com\/blog\/#website\",\"url\":\"https:\/\/www.visit-ulcinj.com\/blog\/\",\"name\":\"Lajme nga Ulqini\",\"description\":\"Lajme,Vijesti,Ulqini,Ulqin,Crna Gora,Mali i Zi\",\"potentialAction\":[{\"@type\":\"SearchAction\",\"target\":{\"@type\":\"EntryPoint\",\"urlTemplate\":\"https:\/\/www.visit-ulcinj.com\/blog\/?s={search_term_string}\"},\"query-input\":\"required name=search_term_string\"}],\"inLanguage\":\"en-US\"},{\"@type\":\"ImageObject\",\"inLanguage\":\"en-US\",\"@id\":\"https:\/\/www.visit-ulcinj.com\/blog\/2011\/05\/20\/rexha-jena-te-pergaditur-per-sezonin-turistik\/#primaryimage\",\"url\":\"https:\/\/www.visit-ulcinj.com\/blog\/wp-content\/uploads\/2011\/05\/Ali-Rexha-_-Drejtor_Organizata-turistike-e-Ulqinit.1.jpg\",\"contentUrl\":\"https:\/\/www.visit-ulcinj.com\/blog\/wp-content\/uploads\/2011\/05\/Ali-Rexha-_-Drejtor_Organizata-turistike-e-Ulqinit.1.jpg\",\"width\":\"1024\",\"height\":\"768\"},{\"@type\":\"WebPage\",\"@id\":\"https:\/\/www.visit-ulcinj.com\/blog\/2011\/05\/20\/rexha-jena-te-pergaditur-per-sezonin-turistik\/#webpage\",\"url\":\"https:\/\/www.visit-ulcinj.com\/blog\/2011\/05\/20\/rexha-jena-te-pergaditur-per-sezonin-turistik\/\",\"name\":\"Rexha jena t\u00eb p\u00ebrgaditur p\u00ebr sezonin turistik - Lajme nga Ulqini\",\"isPartOf\":{\"@id\":\"https:\/\/www.visit-ulcinj.com\/blog\/#website\"},\"primaryImageOfPage\":{\"@id\":\"https:\/\/www.visit-ulcinj.com\/blog\/2011\/05\/20\/rexha-jena-te-pergaditur-per-sezonin-turistik\/#primaryimage\"},\"datePublished\":\"2011-05-20T14:11:44+00:00\",\"dateModified\":\"2011-05-20T17:59:12+00:00\",\"author\":{\"@id\":\"https:\/\/www.visit-ulcinj.com\/blog\/#\/schema\/person\/dcab619c614d3038751c63bc2aadc06d\"},\"description\":\"Mendojm\u00eb se n\u00eb muajin qershor do t\u00eb filloj\u00eb sezoni turistik u shpreh Ali Rexha , drejtor i organizat\u00ebs turistike t\u00eb Ulqinit n\u00eb emisionin \u00ab Mozaik \u00bb. Ne me\",\"breadcrumb\":{\"@id\":\"https:\/\/www.visit-ulcinj.com\/blog\/2011\/05\/20\/rexha-jena-te-pergaditur-per-sezonin-turistik\/#breadcrumb\"},\"inLanguage\":\"en-US\",\"potentialAction\":[{\"@type\":\"ReadAction\",\"target\":[\"https:\/\/www.visit-ulcinj.com\/blog\/2011\/05\/20\/rexha-jena-te-pergaditur-per-sezonin-turistik\/\"]}]},{\"@type\":\"BreadcrumbList\",\"@id\":\"https:\/\/www.visit-ulcinj.com\/blog\/2011\/05\/20\/rexha-jena-te-pergaditur-per-sezonin-turistik\/#breadcrumb\",\"itemListElement\":[{\"@type\":\"ListItem\",\"position\":1,\"name\":\"Rexha jena t\u00eb p\u00ebrgaditur p\u00ebr sezonin turistik\"}]},{\"@type\":\"Person\",\"@id\":\"https:\/\/www.visit-ulcinj.com\/blog\/#\/schema\/person\/dcab619c614d3038751c63bc2aadc06d\",\"name\":\"ulqini\",\"sameAs\":[\"http:\/\/www.visit-ulcinj.com\"],\"url\":\"https:\/\/www.visit-ulcinj.com\/blog\/author\/admin\/\"}]}<\/script>\n<!-- \/ Yoast SEO plugin. -->","yoast_head_json":{"title":"Rexha jena t\u00eb p\u00ebrgaditur p\u00ebr sezonin turistik - Lajme nga Ulqini","description":"Mendojm\u00eb se n\u00eb muajin qershor do t\u00eb filloj\u00eb sezoni turistik u shpreh Ali Rexha , drejtor i organizat\u00ebs turistike t\u00eb Ulqinit n\u00eb emisionin \u00ab Mozaik \u00bb. Ne me","robots":{"index":"index","follow":"follow","max-snippet":"max-snippet:-1","max-image-preview":"max-image-preview:large","max-video-preview":"max-video-preview:-1"},"canonical":"https:\/\/www.visit-ulcinj.com\/blog\/2011\/05\/20\/rexha-jena-te-pergaditur-per-sezonin-turistik\/","og_locale":"en_US","og_type":"article","og_title":"Rexha jena t\u00eb p\u00ebrgaditur p\u00ebr sezonin turistik - Lajme nga Ulqini","og_description":"Mendojm\u00eb se n\u00eb muajin qershor do t\u00eb filloj\u00eb sezoni turistik u shpreh Ali Rexha , drejtor i organizat\u00ebs turistike t\u00eb Ulqinit n\u00eb emisionin \u00ab Mozaik \u00bb. Ne me","og_url":"https:\/\/www.visit-ulcinj.com\/blog\/2011\/05\/20\/rexha-jena-te-pergaditur-per-sezonin-turistik\/","og_site_name":"Lajme nga Ulqini","article_published_time":"2011-05-20T14:11:44+00:00","article_modified_time":"2011-05-20T17:59:12+00:00","og_image":[{"url":"http:\/\/www.visit-ulcinj.com\/blog\/wp-content\/uploads\/2011\/05\/Ali-Rexha-_-Drejtor_Organizata-turistike-e-Ulqinit.1.jpg"}],"twitter_misc":{"Written by":"ulqini","Est. reading time":"1 minute"},"schema":{"@context":"https:\/\/schema.org","@graph":[{"@type":"WebSite","@id":"https:\/\/www.visit-ulcinj.com\/blog\/#website","url":"https:\/\/www.visit-ulcinj.com\/blog\/","name":"Lajme nga Ulqini","description":"Lajme,Vijesti,Ulqini,Ulqin,Crna Gora,Mali i Zi","potentialAction":[{"@type":"SearchAction","target":{"@type":"EntryPoint","urlTemplate":"https:\/\/www.visit-ulcinj.com\/blog\/?s={search_term_string}"},"query-input":"required name=search_term_string"}],"inLanguage":"en-US"},{"@type":"ImageObject","inLanguage":"en-US","@id":"https:\/\/www.visit-ulcinj.com\/blog\/2011\/05\/20\/rexha-jena-te-pergaditur-per-sezonin-turistik\/#primaryimage","url":"https:\/\/www.visit-ulcinj.com\/blog\/wp-content\/uploads\/2011\/05\/Ali-Rexha-_-Drejtor_Organizata-turistike-e-Ulqinit.1.jpg","contentUrl":"https:\/\/www.visit-ulcinj.com\/blog\/wp-content\/uploads\/2011\/05\/Ali-Rexha-_-Drejtor_Organizata-turistike-e-Ulqinit.1.jpg","width":"1024","height":"768"},{"@type":"WebPage","@id":"https:\/\/www.visit-ulcinj.com\/blog\/2011\/05\/20\/rexha-jena-te-pergaditur-per-sezonin-turistik\/#webpage","url":"https:\/\/www.visit-ulcinj.com\/blog\/2011\/05\/20\/rexha-jena-te-pergaditur-per-sezonin-turistik\/","name":"Rexha jena t\u00eb p\u00ebrgaditur p\u00ebr sezonin turistik - Lajme nga Ulqini","isPartOf":{"@id":"https:\/\/www.visit-ulcinj.com\/blog\/#website"},"primaryImageOfPage":{"@id":"https:\/\/www.visit-ulcinj.com\/blog\/2011\/05\/20\/rexha-jena-te-pergaditur-per-sezonin-turistik\/#primaryimage"},"datePublished":"2011-05-20T14:11:44+00:00","dateModified":"2011-05-20T17:59:12+00:00","author":{"@id":"https:\/\/www.visit-ulcinj.com\/blog\/#\/schema\/person\/dcab619c614d3038751c63bc2aadc06d"},"description":"Mendojm\u00eb se n\u00eb muajin qershor do t\u00eb filloj\u00eb sezoni turistik u shpreh Ali Rexha , drejtor i organizat\u00ebs turistike t\u00eb Ulqinit n\u00eb emisionin \u00ab Mozaik \u00bb. Ne me","breadcrumb":{"@id":"https:\/\/www.visit-ulcinj.com\/blog\/2011\/05\/20\/rexha-jena-te-pergaditur-per-sezonin-turistik\/#breadcrumb"},"inLanguage":"en-US","potentialAction":[{"@type":"ReadAction","target":["https:\/\/www.visit-ulcinj.com\/blog\/2011\/05\/20\/rexha-jena-te-pergaditur-per-sezonin-turistik\/"]}]},{"@type":"BreadcrumbList","@id":"https:\/\/www.visit-ulcinj.com\/blog\/2011\/05\/20\/rexha-jena-te-pergaditur-per-sezonin-turistik\/#breadcrumb","itemListElement":[{"@type":"ListItem","position":1,"name":"Rexha jena t\u00eb p\u00ebrgaditur p\u00ebr sezonin turistik"}]},{"@type":"Person","@id":"https:\/\/www.visit-ulcinj.com\/blog\/#\/schema\/person\/dcab619c614d3038751c63bc2aadc06d","name":"ulqini","sameAs":["http:\/\/www.visit-ulcinj.com"],"url":"https:\/\/www.visit-ulcinj.com\/blog\/author\/admin\/"}]}},"jetpack_featured_media_url":"","jetpack_sharing_enabled":true,"jetpack_shortlink":"https:\/\/wp.me\/pe6lTn-c8H","_links":{"self":[{"href":"https:\/\/www.visit-ulcinj.com\/blog\/wp-json\/wp\/v2\/posts\/46667"}],"collection":[{"href":"https:\/\/www.visit-ulcinj.com\/blog\/wp-json\/wp\/v2\/posts"}],"about":[{"href":"https:\/\/www.visit-ulcinj.com\/blog\/wp-json\/wp\/v2\/types\/post"}],"author":[{"embeddable":true,"href":"https:\/\/www.visit-ulcinj.com\/blog\/wp-json\/wp\/v2\/users\/1"}],"replies":[{"embeddable":true,"href":"https:\/\/www.visit-ulcinj.com\/blog\/wp-json\/wp\/v2\/comments?post=46667"}],"version-history":[{"count":0,"href":"https:\/\/www.visit-ulcinj.com\/blog\/wp-json\/wp\/v2\/posts\/46667\/revisions"}],"wp:attachment":[{"href":"https:\/\/www.visit-ulcinj.com\/blog\/wp-json\/wp\/v2\/media?parent=46667"}],"wp:term":[{"taxonomy":"category","embeddable":true,"href":"https:\/\/www.visit-ulcinj.com\/blog\/wp-json\/wp\/v2\/categories?post=46667"},{"taxonomy":"post_tag","embeddable":true,"href":"https:\/\/www.visit-ulcinj.com\/blog\/wp-json\/wp\/v2\/tags?post=46667"}],"curies":[{"name":"wp","href":"https:\/\/api.w.org\/{rel}","templated":true}]}}