{"id":46671,"date":"2011-05-17T17:42:26","date_gmt":"2011-05-17T16:42:26","guid":{"rendered":"http:\/\/www.visit-ulcinj.com\/blog\/?p=46671"},"modified":"2011-05-20T15:23:10","modified_gmt":"2011-05-20T14:23:10","slug":"ne-ulqin-hapet-shkolla-e-arteve-pamore-art-studio","status":"publish","type":"post","link":"https:\/\/www.visit-ulcinj.com\/blog\/2011\/05\/17\/ne-ulqin-hapet-shkolla-e-arteve-pamore-art-studio\/","title":{"rendered":"N\u00eb Ulqin hapet shkolla e arteve pamore &#8211; Art studio"},"content":{"rendered":"<p><a href=\"http:\/\/www.visit-ulcinj.com\/blog\/wp-content\/uploads\/2011\/05\/Mehmet-Aloja.jpg\"><img loading=\"lazy\" class=\"alignleft size-full wp-image-46672\" title=\"Mehmet Aloja\" src=\"http:\/\/www.visit-ulcinj.com\/blog\/wp-content\/uploads\/2011\/05\/Mehmet-Aloja.jpg\" alt=\"\" width=\"300\" height=\"350\" \/><\/a>N\u00eb Ulqin u hap Shkolla private \u201cArt studio\u201d p\u00ebr ushtrimin e talent\u00ebve t\u00eb rinj t\u00eb arteve pamore. Nism\u00ebtari dhe koordinatori i k\u00ebsaj pun\u00ebtorie artistike, \u00ebsht\u00eb piktori i njohur Mehmet Aloja, pedagog shum\u00ebvje\u00e7ar i artit figurativ n\u00eb Kosov\u00eb edhe n\u00eb Gjimnazin e Ulqinit, njofton KosovaLive.<\/p>\n<p><strong>Historiku i Piktorit Mehmet Aloja<\/strong><br \/>\nPiktori Mehmet Aloja u lind m\u00eb 1943 n\u00eb Ulqin. Shkoll\u00ebn Normale dhe Akademin\u00eb pedagogjike \u2013 dega e piktur\u00ebs, e ka mbaruar n\u00eb Nikshiq, n\u00eb vitin 1969, kurse Fakultetin Juridik e kreu n\u00eb Prishtin\u00eb n\u00eb vitin 1984. Punoi si m\u00ebsimdh\u00ebn\u00ebs n\u00eb Shkoll\u00ebn e Mesme n\u00eb Ulqin.<br \/>\nAloja \u00ebsht\u00eb an\u00ebtar i Shoqat\u00ebs Mbar\u00ebshqiptare t\u00eb Artist\u00ebve Figurativ\u00eb me seli n\u00eb Tiran\u00eb q\u00eb nga viti 1992 dhe \u00ebsht\u00eb kryetar i Shoqat\u00ebs s\u00eb Artist\u00ebve Figurativ\u00eb t\u00eb Ulqinit.<br \/>\nDeri tani ka organizuar ekspozita individuale n\u00eb Teatrin Krahinor t\u00eb Prishtin\u00ebs dhe Bibliotek\u00ebn e Qytetit n\u00eb Ulqin, si dhe ka ekspozuar n\u00eb shum\u00eb ekspozita kolektive.<\/p>\n<p><strong>Piktor origjinal dhe paq\u00ebsor<\/strong><br \/>\n\u201cTe Mehmet Aloja shoh nj\u00eb piktor shum\u00eb origjinal, nj\u00eb piktor shum\u00eb paq\u00ebsor. Pikturat e tij kan\u00eb nj\u00eb rit\u00ebm dhe kolorit t\u00eb ndjesh\u00ebm, plot lag\u00ebshti si\u00e7 \u00ebsht\u00eb edhe vet\u00eb peizazhi i Ulqinit dhe rrethinat e tij\u201d, theksoi piktori shkodran Agim Kadillari.<br \/>\nN\u00eb kuad\u00ebr t\u00eb aktiviteteve t\u00eb organizuara p\u00ebr nder t\u00eb Dit\u00ebs s\u00eb Ulqinit, t\u00eb diel\u00ebn n\u00eb galerin\u00eb e Qendr\u00ebs s\u00eb Kultur\u00ebs u hap ekspozita e piktorit Mehmet Aloja.<br \/>\nP\u00ebr veprat e ekspozuara n\u00eb k\u00ebt\u00eb ekspozit\u00eb dhe krijimtarin\u00eb e piktorit Mehmet Aloja foli piktori shkodran Agim Kadillari.<br \/>\nAi tha se Aloja \u00ebsht\u00eb nj\u00eb piktor k\u00ebmb\u00ebngul\u00ebs dhe me nj\u00eb vullnet t\u00eb jasht\u00ebzakonsh\u00ebm.<br \/>\n\u201cTek Aloja shoh nj\u00eb piktor shum\u00eb origjinal, nj\u00eb piktor shum\u00eb paq\u00ebsor. Pikturat e tij kan\u00eb nj\u00eb rit\u00ebm dhe kolorit t\u00eb ndjesh\u00ebm, plot lag\u00ebshti si\u00e7 \u00ebsht\u00eb edhe vet\u00eb peizazhi i Ulqinit dhe rrethinat e tij\u201d, theksoi Kadillari.<br \/>\nM\u00eb tej Kadillari tha se n\u00eb mesin e veprave t\u00eb ekspozuara ka peizazhe t\u00eb atilla q\u00eb jan\u00eb t\u00eb kalibrit europian.<br \/>\n\u201cNj\u00eb pjes\u00eb e tyre mund t\u00eb z\u00ebj\u00eb vend n\u00eb \u00e7do galeri t\u00eb Evrop\u00ebs\u201d, tha ai.<br \/>\n<a href=\"http:\/\/www.visit-ulcinj.com\/blog\/wp-content\/uploads\/2011\/05\/Mehmet-Aloja-piktura-e-detit-te-ulqinit.jpg\"><img loading=\"lazy\" class=\"alignleft size-full wp-image-46673\" title=\"Mehmet Aloja piktura e detit te ulqinit\" src=\"http:\/\/www.visit-ulcinj.com\/blog\/wp-content\/uploads\/2011\/05\/Mehmet-Aloja-piktura-e-detit-te-ulqinit.jpg\" alt=\"\" width=\"508\" height=\"333\" srcset=\"https:\/\/www.visit-ulcinj.com\/blog\/wp-content\/uploads\/2011\/05\/Mehmet-Aloja-piktura-e-detit-te-ulqinit.jpg 508w, https:\/\/www.visit-ulcinj.com\/blog\/wp-content\/uploads\/2011\/05\/Mehmet-Aloja-piktura-e-detit-te-ulqinit-300x196.jpg 300w\" sizes=\"(max-width: 508px) 100vw, 508px\" \/><\/a><\/p>\n<p><strong>Ekspozitat grupore<\/strong><br \/>\n1958 Dubrovnik-Akuarelist\u00ebt e rinj t\u00eb Adriatikut (\u00e7mimi II)<br \/>\n1964 Pej\u00eb-Akuarelet me piktorin Vllado Radoviq<br \/>\n1973 Prishtin\u00eb-Shoqata e artist\u00ebve figurativ\u00eb &#8216;Bajram Curri&#8217;, Teatri krahinor<br \/>\n2000 Tuz-Piktor\u00ebt shqiptar\u00eb n\u00eb Mal t\u00eb Zi, &#8216;Golden Gate&#8217;<br \/>\n2003 Ulqin-Piktor\u00ebt shqiptar\u00eb n\u00eb Mal t\u00eb Zi, Biblioteka e qyteti<br \/>\n2003 Shkod\u00ebr-Piktor\u00ebt shqiptar\u00eb n\u00eb Mal t\u00eb Zi, Galeria e arteve<br \/>\n2003 Cetinj\u00eb-Piktor\u00ebt shqiptar\u00eb n\u00eb Mal t\u00eb Zi, &#8216;Bilard&#8217;<br \/>\n2004 Ulqin-Piktor\u00ebt ulqinak\u00eb, &#8216;Real Gallery&#8217;<br \/>\n2004 Tiran\u00eb-Piktor\u00ebt shqiptar\u00eb n\u00eb Mal t\u00eb Zi, Muzeu komb\u00ebtar<br \/>\n2005 Ulqin-Piktor\u00ebt ulqinak\u00eb, &#8216;Art Gallery&#8217;<br \/>\n2005 Ulqin-Piktor\u00ebt e pakicave nacionale n\u00eb Mal t\u00eb Zi, &#8216;Art Gallery&#8217;N<br \/>\n2006 Shkod\u00ebr-N\u00eb hapjen e &#8216;Rozafa Art Gallery&#8217;<br \/>\n2007 Ulqin-Ekspozita e artist\u00ebve figurativ\u00eb t\u00eb Ulqinit, &#8216;Art Gallery&#8217; (promovimi i Shoqat\u00ebs)<br \/>\n2007 Vjen 23 (Austria)-galeria &#8216;Art Erlaa&#8217;<br \/>\n2008 Pej\u00eb-Galeria e qytetit<br \/>\n2009 Skod\u00ebr-Rozafa Art Gallery<\/p>\n<p><strong>Ekspozitat vetjake<\/strong><br \/>\n1971 Prishtin\u00eb- Teatri krahinor<br \/>\n2003 Ulqin-Biblioteka e qytetit<br \/>\n2008 Prishtin\u00eb-Galeri &#8216;Qafa&#8217;<br \/>\n2009 Ulqin-Art Gallery<br \/>\n2009 Shkod\u00ebr- Rozafa Gallery<br \/>\n2010 Mitrovic\u00eb-Muzeu i qytetit (\u00e7mimi II)<br \/>\n2010 Durr\u00ebs-Muzeu &#8216;Aleksand\u00ebr Mojsiu\u2019<\/p>\n<!--YouTube Error: bad URL entered-->\n","protected":false},"excerpt":{"rendered":"<p>N\u00eb Ulqin u hap Shkolla private \u201cArt studio\u201d p\u00ebr ushtrimin e talent\u00ebve t\u00eb rinj t\u00eb arteve pamore. Nism\u00ebtari dhe koordinatori i k\u00ebsaj pun\u00ebtorie artistike, \u00ebsht\u00eb piktori i njohur Mehmet Aloja, pedagog shum\u00ebvje\u00e7ar i artit figurativ n\u00eb Kosov\u00eb edhe n\u00eb Gjimnazin e Ulqinit, njofton KosovaLive. Historiku i Piktorit Mehmet Aloja Piktori Mehmet Aloja u lind m\u00eb [&hellip;]<\/p>\n","protected":false},"author":1,"featured_media":0,"comment_status":"open","ping_status":"closed","sticky":false,"template":"","format":"standard","meta":{"spay_email":"","jetpack_publicize_message":"","jetpack_is_tweetstorm":false,"jetpack_publicize_feature_enabled":true},"categories":[1,14249],"tags":[18262,18263,152,18261,291,18],"jetpack_publicize_connections":[],"yoast_head":"<!-- This site is optimized with the Yoast SEO plugin v19.1 - https:\/\/yoast.com\/wordpress\/plugins\/seo\/ -->\n<title>N\u00eb Ulqin hapet shkolla e arteve pamore - Art studio - Lajme nga Ulqini<\/title>\n<meta name=\"description\" content=\"N\u00eb Ulqin u hap Shkolla private \u201cArt studio\u201d p\u00ebr ushtrimin e talent\u00ebve t\u00eb rinj t\u00eb arteve pamore. Nism\u00ebtari dhe koordinatori i k\u00ebsaj pun\u00ebtorie artistike,\" \/>\n<meta name=\"robots\" content=\"index, follow, max-snippet:-1, max-image-preview:large, max-video-preview:-1\" \/>\n<link rel=\"canonical\" href=\"https:\/\/www.visit-ulcinj.com\/blog\/2011\/05\/17\/ne-ulqin-hapet-shkolla-e-arteve-pamore-art-studio\/\" \/>\n<meta property=\"og:locale\" content=\"en_US\" \/>\n<meta property=\"og:type\" content=\"article\" \/>\n<meta property=\"og:title\" content=\"N\u00eb Ulqin hapet shkolla e arteve pamore - Art studio - Lajme nga Ulqini\" \/>\n<meta property=\"og:description\" content=\"N\u00eb Ulqin u hap Shkolla private \u201cArt studio\u201d p\u00ebr ushtrimin e talent\u00ebve t\u00eb rinj t\u00eb arteve pamore. Nism\u00ebtari dhe koordinatori i k\u00ebsaj pun\u00ebtorie artistike,\" \/>\n<meta property=\"og:url\" content=\"https:\/\/www.visit-ulcinj.com\/blog\/2011\/05\/17\/ne-ulqin-hapet-shkolla-e-arteve-pamore-art-studio\/\" \/>\n<meta property=\"og:site_name\" content=\"Lajme nga Ulqini\" \/>\n<meta property=\"article:published_time\" content=\"2011-05-17T16:42:26+00:00\" \/>\n<meta property=\"article:modified_time\" content=\"2011-05-20T14:23:10+00:00\" \/>\n<meta property=\"og:image\" content=\"http:\/\/www.visit-ulcinj.com\/blog\/wp-content\/uploads\/2011\/05\/Mehmet-Aloja.jpg\" \/>\n<meta name=\"twitter:label1\" content=\"Written by\" \/>\n\t<meta name=\"twitter:data1\" content=\"ulqini\" \/>\n\t<meta name=\"twitter:label2\" content=\"Est. reading time\" \/>\n\t<meta name=\"twitter:data2\" content=\"3 minutes\" \/>\n<script type=\"application\/ld+json\" class=\"yoast-schema-graph\">{\"@context\":\"https:\/\/schema.org\",\"@graph\":[{\"@type\":\"WebSite\",\"@id\":\"https:\/\/www.visit-ulcinj.com\/blog\/#website\",\"url\":\"https:\/\/www.visit-ulcinj.com\/blog\/\",\"name\":\"Lajme nga Ulqini\",\"description\":\"Lajme,Vijesti,Ulqini,Ulqin,Crna Gora,Mali i Zi\",\"potentialAction\":[{\"@type\":\"SearchAction\",\"target\":{\"@type\":\"EntryPoint\",\"urlTemplate\":\"https:\/\/www.visit-ulcinj.com\/blog\/?s={search_term_string}\"},\"query-input\":\"required name=search_term_string\"}],\"inLanguage\":\"en-US\"},{\"@type\":\"ImageObject\",\"inLanguage\":\"en-US\",\"@id\":\"https:\/\/www.visit-ulcinj.com\/blog\/2011\/05\/17\/ne-ulqin-hapet-shkolla-e-arteve-pamore-art-studio\/#primaryimage\",\"url\":\"https:\/\/www.visit-ulcinj.com\/blog\/wp-content\/uploads\/2011\/05\/Mehmet-Aloja.jpg\",\"contentUrl\":\"https:\/\/www.visit-ulcinj.com\/blog\/wp-content\/uploads\/2011\/05\/Mehmet-Aloja.jpg\",\"width\":\"260\",\"height\":\"320\"},{\"@type\":\"WebPage\",\"@id\":\"https:\/\/www.visit-ulcinj.com\/blog\/2011\/05\/17\/ne-ulqin-hapet-shkolla-e-arteve-pamore-art-studio\/#webpage\",\"url\":\"https:\/\/www.visit-ulcinj.com\/blog\/2011\/05\/17\/ne-ulqin-hapet-shkolla-e-arteve-pamore-art-studio\/\",\"name\":\"N\u00eb Ulqin hapet shkolla e arteve pamore - Art studio - Lajme nga Ulqini\",\"isPartOf\":{\"@id\":\"https:\/\/www.visit-ulcinj.com\/blog\/#website\"},\"primaryImageOfPage\":{\"@id\":\"https:\/\/www.visit-ulcinj.com\/blog\/2011\/05\/17\/ne-ulqin-hapet-shkolla-e-arteve-pamore-art-studio\/#primaryimage\"},\"datePublished\":\"2011-05-17T16:42:26+00:00\",\"dateModified\":\"2011-05-20T14:23:10+00:00\",\"author\":{\"@id\":\"https:\/\/www.visit-ulcinj.com\/blog\/#\/schema\/person\/dcab619c614d3038751c63bc2aadc06d\"},\"description\":\"N\u00eb Ulqin u hap Shkolla private \u201cArt studio\u201d p\u00ebr ushtrimin e talent\u00ebve t\u00eb rinj t\u00eb arteve pamore. Nism\u00ebtari dhe koordinatori i k\u00ebsaj pun\u00ebtorie artistike,\",\"breadcrumb\":{\"@id\":\"https:\/\/www.visit-ulcinj.com\/blog\/2011\/05\/17\/ne-ulqin-hapet-shkolla-e-arteve-pamore-art-studio\/#breadcrumb\"},\"inLanguage\":\"en-US\",\"potentialAction\":[{\"@type\":\"ReadAction\",\"target\":[\"https:\/\/www.visit-ulcinj.com\/blog\/2011\/05\/17\/ne-ulqin-hapet-shkolla-e-arteve-pamore-art-studio\/\"]}]},{\"@type\":\"BreadcrumbList\",\"@id\":\"https:\/\/www.visit-ulcinj.com\/blog\/2011\/05\/17\/ne-ulqin-hapet-shkolla-e-arteve-pamore-art-studio\/#breadcrumb\",\"itemListElement\":[{\"@type\":\"ListItem\",\"position\":1,\"name\":\"N\u00eb Ulqin hapet shkolla e arteve pamore &#8211; Art studio\"}]},{\"@type\":\"Person\",\"@id\":\"https:\/\/www.visit-ulcinj.com\/blog\/#\/schema\/person\/dcab619c614d3038751c63bc2aadc06d\",\"name\":\"ulqini\",\"sameAs\":[\"http:\/\/www.visit-ulcinj.com\"],\"url\":\"https:\/\/www.visit-ulcinj.com\/blog\/author\/admin\/\"}]}<\/script>\n<!-- \/ Yoast SEO plugin. -->","yoast_head_json":{"title":"N\u00eb Ulqin hapet shkolla e arteve pamore - Art studio - Lajme nga Ulqini","description":"N\u00eb Ulqin u hap Shkolla private \u201cArt studio\u201d p\u00ebr ushtrimin e talent\u00ebve t\u00eb rinj t\u00eb arteve pamore. Nism\u00ebtari dhe koordinatori i k\u00ebsaj pun\u00ebtorie artistike,","robots":{"index":"index","follow":"follow","max-snippet":"max-snippet:-1","max-image-preview":"max-image-preview:large","max-video-preview":"max-video-preview:-1"},"canonical":"https:\/\/www.visit-ulcinj.com\/blog\/2011\/05\/17\/ne-ulqin-hapet-shkolla-e-arteve-pamore-art-studio\/","og_locale":"en_US","og_type":"article","og_title":"N\u00eb Ulqin hapet shkolla e arteve pamore - Art studio - Lajme nga Ulqini","og_description":"N\u00eb Ulqin u hap Shkolla private \u201cArt studio\u201d p\u00ebr ushtrimin e talent\u00ebve t\u00eb rinj t\u00eb arteve pamore. Nism\u00ebtari dhe koordinatori i k\u00ebsaj pun\u00ebtorie artistike,","og_url":"https:\/\/www.visit-ulcinj.com\/blog\/2011\/05\/17\/ne-ulqin-hapet-shkolla-e-arteve-pamore-art-studio\/","og_site_name":"Lajme nga Ulqini","article_published_time":"2011-05-17T16:42:26+00:00","article_modified_time":"2011-05-20T14:23:10+00:00","og_image":[{"url":"http:\/\/www.visit-ulcinj.com\/blog\/wp-content\/uploads\/2011\/05\/Mehmet-Aloja.jpg"}],"twitter_misc":{"Written by":"ulqini","Est. reading time":"3 minutes"},"schema":{"@context":"https:\/\/schema.org","@graph":[{"@type":"WebSite","@id":"https:\/\/www.visit-ulcinj.com\/blog\/#website","url":"https:\/\/www.visit-ulcinj.com\/blog\/","name":"Lajme nga Ulqini","description":"Lajme,Vijesti,Ulqini,Ulqin,Crna Gora,Mali i Zi","potentialAction":[{"@type":"SearchAction","target":{"@type":"EntryPoint","urlTemplate":"https:\/\/www.visit-ulcinj.com\/blog\/?s={search_term_string}"},"query-input":"required name=search_term_string"}],"inLanguage":"en-US"},{"@type":"ImageObject","inLanguage":"en-US","@id":"https:\/\/www.visit-ulcinj.com\/blog\/2011\/05\/17\/ne-ulqin-hapet-shkolla-e-arteve-pamore-art-studio\/#primaryimage","url":"https:\/\/www.visit-ulcinj.com\/blog\/wp-content\/uploads\/2011\/05\/Mehmet-Aloja.jpg","contentUrl":"https:\/\/www.visit-ulcinj.com\/blog\/wp-content\/uploads\/2011\/05\/Mehmet-Aloja.jpg","width":"260","height":"320"},{"@type":"WebPage","@id":"https:\/\/www.visit-ulcinj.com\/blog\/2011\/05\/17\/ne-ulqin-hapet-shkolla-e-arteve-pamore-art-studio\/#webpage","url":"https:\/\/www.visit-ulcinj.com\/blog\/2011\/05\/17\/ne-ulqin-hapet-shkolla-e-arteve-pamore-art-studio\/","name":"N\u00eb Ulqin hapet shkolla e arteve pamore - Art studio - Lajme nga Ulqini","isPartOf":{"@id":"https:\/\/www.visit-ulcinj.com\/blog\/#website"},"primaryImageOfPage":{"@id":"https:\/\/www.visit-ulcinj.com\/blog\/2011\/05\/17\/ne-ulqin-hapet-shkolla-e-arteve-pamore-art-studio\/#primaryimage"},"datePublished":"2011-05-17T16:42:26+00:00","dateModified":"2011-05-20T14:23:10+00:00","author":{"@id":"https:\/\/www.visit-ulcinj.com\/blog\/#\/schema\/person\/dcab619c614d3038751c63bc2aadc06d"},"description":"N\u00eb Ulqin u hap Shkolla private \u201cArt studio\u201d p\u00ebr ushtrimin e talent\u00ebve t\u00eb rinj t\u00eb arteve pamore. Nism\u00ebtari dhe koordinatori i k\u00ebsaj pun\u00ebtorie artistike,","breadcrumb":{"@id":"https:\/\/www.visit-ulcinj.com\/blog\/2011\/05\/17\/ne-ulqin-hapet-shkolla-e-arteve-pamore-art-studio\/#breadcrumb"},"inLanguage":"en-US","potentialAction":[{"@type":"ReadAction","target":["https:\/\/www.visit-ulcinj.com\/blog\/2011\/05\/17\/ne-ulqin-hapet-shkolla-e-arteve-pamore-art-studio\/"]}]},{"@type":"BreadcrumbList","@id":"https:\/\/www.visit-ulcinj.com\/blog\/2011\/05\/17\/ne-ulqin-hapet-shkolla-e-arteve-pamore-art-studio\/#breadcrumb","itemListElement":[{"@type":"ListItem","position":1,"name":"N\u00eb Ulqin hapet shkolla e arteve pamore &#8211; Art studio"}]},{"@type":"Person","@id":"https:\/\/www.visit-ulcinj.com\/blog\/#\/schema\/person\/dcab619c614d3038751c63bc2aadc06d","name":"ulqini","sameAs":["http:\/\/www.visit-ulcinj.com"],"url":"https:\/\/www.visit-ulcinj.com\/blog\/author\/admin\/"}]}},"jetpack_featured_media_url":"","jetpack_sharing_enabled":true,"jetpack_shortlink":"https:\/\/wp.me\/pe6lTn-c8L","_links":{"self":[{"href":"https:\/\/www.visit-ulcinj.com\/blog\/wp-json\/wp\/v2\/posts\/46671"}],"collection":[{"href":"https:\/\/www.visit-ulcinj.com\/blog\/wp-json\/wp\/v2\/posts"}],"about":[{"href":"https:\/\/www.visit-ulcinj.com\/blog\/wp-json\/wp\/v2\/types\/post"}],"author":[{"embeddable":true,"href":"https:\/\/www.visit-ulcinj.com\/blog\/wp-json\/wp\/v2\/users\/1"}],"replies":[{"embeddable":true,"href":"https:\/\/www.visit-ulcinj.com\/blog\/wp-json\/wp\/v2\/comments?post=46671"}],"version-history":[{"count":0,"href":"https:\/\/www.visit-ulcinj.com\/blog\/wp-json\/wp\/v2\/posts\/46671\/revisions"}],"wp:attachment":[{"href":"https:\/\/www.visit-ulcinj.com\/blog\/wp-json\/wp\/v2\/media?parent=46671"}],"wp:term":[{"taxonomy":"category","embeddable":true,"href":"https:\/\/www.visit-ulcinj.com\/blog\/wp-json\/wp\/v2\/categories?post=46671"},{"taxonomy":"post_tag","embeddable":true,"href":"https:\/\/www.visit-ulcinj.com\/blog\/wp-json\/wp\/v2\/tags?post=46671"}],"curies":[{"name":"wp","href":"https:\/\/api.w.org\/{rel}","templated":true}]}}