{"id":46679,"date":"2011-05-17T18:37:07","date_gmt":"2011-05-17T17:37:07","guid":{"rendered":"http:\/\/www.visit-ulcinj.com\/blog\/?p=46679"},"modified":"2011-05-17T18:37:07","modified_gmt":"2011-05-17T17:37:07","slug":"u-hangaru-ulcinjske-solane-nema-ni-grama-sol","status":"publish","type":"post","link":"https:\/\/www.visit-ulcinj.com\/blog\/2011\/05\/17\/u-hangaru-ulcinjske-solane-nema-ni-grama-sol\/","title":{"rendered":"U hangaru ulcinjske solane nema ni grama sol"},"content":{"rendered":"<p><a href=\"http:\/\/www.visit-ulcinj.com\/blog\/wp-content\/uploads\/2011\/05\/Solana_Bajo-Sekulic_Ulcinj_Crna-Gora.jpg\"><img loading=\"lazy\" class=\"alignleft size-large wp-image-46680\" title=\"Solana_Bajo Sekulic_Ulcinj_Crna Gora\" src=\"http:\/\/www.visit-ulcinj.com\/blog\/wp-content\/uploads\/2011\/05\/Solana_Bajo-Sekulic_Ulcinj_Crna-Gora-1024x609.jpg\" alt=\"\" width=\"508\" height=\"380\" \/><\/a><br \/>\nIako su donijeli odluku o formiranju \u010detvoro\u010dlanog stru\u010dnog tima koji \u0107e biti zadu\u017een da realizuje ovogodi\u0161nju berbu, proces proizvodnje kasni ve\u0107 nekoliko mjeseci.<\/p>\n<p>Solana \u201cBajo Sekuli\u0107\u201d u Ulcinju \u017eivi vjerovatno najte\u017ee dane u svojoj skoro osam decenija dugoj istoriji &#8211; u do pola pokrivenom hangaru nema ni grama soli, zbog kra\u0111e trafoa na pumpnoj stanici u \u0110eranama u pitanje je dovedena ovogodi\u0161nja berba soli, a od 74 zaposlena samo je jedan visoko\u0161kolac, i to ekonomske struke, dok je troje njih zavr\u0161ilo vi\u0161u \u0161kolu.<\/p>\n<p>Zato su, saznaju \u201dVijesti\u201d, ve\u0107inski vlasnici, na \u010delu sa novim direktorom Dragi\u0161om Rosandi\u0107em, donijeli odluku o formiranju \u010detvoro\u010dlanog stru\u010dnog tima koji \u0107e biti zadu\u017een da realizuje ovogodi\u0161nju berbu, iako proces proizvodnje kasni ve\u0107 nekoliko mjeseci.<\/p>\n<h3><strong><strong><strong><strong><strong><strong><strong><strong><strong><strong><strong><a title=\"Vijesti\" href=\"http:\/\/www.vijesti.me\/vijesti\/u-hangaru-ulcinjske-solane-nema-ni-grama-soli-clanak-20292\" target=\"_blank\"><strong><strong><strong><strong><strong>Pro\u010ditaj vijest do kraja &gt;&gt; Vijesti<\/strong><\/strong><\/strong><\/strong><\/strong><\/a><\/strong><\/strong><\/strong><\/strong><\/strong><\/strong><\/strong><\/strong><\/strong><\/strong><\/strong><\/h3>\n<p>[flv width=&#8221;508&#8243; height=&#8221;360&#8243;]http:\/\/solana-ulcinj.com\/VTS_01_1.flv[\/flv]<\/p>\n<p>&nbsp;<\/p>\n","protected":false},"excerpt":{"rendered":"<p>Iako su donijeli odluku o formiranju \u010detvoro\u010dlanog stru\u010dnog tima koji \u0107e biti zadu\u017een da realizuje ovogodi\u0161nju berbu, proces proizvodnje kasni ve\u0107 nekoliko mjeseci. Solana \u201cBajo Sekuli\u0107\u201d u Ulcinju \u017eivi vjerovatno najte\u017ee dane u svojoj skoro osam decenija dugoj istoriji &#8211; u do pola pokrivenom hangaru nema ni grama soli, zbog kra\u0111e trafoa na pumpnoj stanici [&hellip;]<\/p>\n","protected":false},"author":1,"featured_media":0,"comment_status":"open","ping_status":"closed","sticky":false,"template":"","format":"standard","meta":{"spay_email":"","jetpack_publicize_message":"","jetpack_is_tweetstorm":false,"jetpack_publicize_feature_enabled":true},"categories":[8337],"tags":[18264,20,4126,19],"jetpack_publicize_connections":[],"yoast_head":"<!-- This site is optimized with the Yoast SEO plugin v19.1 - https:\/\/yoast.com\/wordpress\/plugins\/seo\/ -->\n<title>U hangaru ulcinjske solane nema ni grama sol - Lajme nga Ulqini<\/title>\n<meta name=\"description\" content=\"Iako su donijeli odluku o formiranju \u010detvoro\u010dlanog stru\u010dnog tima koji \u0107e biti zadu\u017een da realizuje ovogodi\u0161nju berbu, proces proizvodnje kasni ve\u0107\" \/>\n<meta name=\"robots\" content=\"index, follow, max-snippet:-1, max-image-preview:large, max-video-preview:-1\" \/>\n<link rel=\"canonical\" href=\"https:\/\/www.visit-ulcinj.com\/blog\/2011\/05\/17\/u-hangaru-ulcinjske-solane-nema-ni-grama-sol\/\" \/>\n<meta property=\"og:locale\" content=\"en_US\" \/>\n<meta property=\"og:type\" content=\"article\" \/>\n<meta property=\"og:title\" content=\"U hangaru ulcinjske solane nema ni grama sol - Lajme nga Ulqini\" \/>\n<meta property=\"og:description\" content=\"Iako su donijeli odluku o formiranju \u010detvoro\u010dlanog stru\u010dnog tima koji \u0107e biti zadu\u017een da realizuje ovogodi\u0161nju berbu, proces proizvodnje kasni ve\u0107\" \/>\n<meta property=\"og:url\" content=\"https:\/\/www.visit-ulcinj.com\/blog\/2011\/05\/17\/u-hangaru-ulcinjske-solane-nema-ni-grama-sol\/\" \/>\n<meta property=\"og:site_name\" content=\"Lajme nga Ulqini\" \/>\n<meta property=\"article:published_time\" content=\"2011-05-17T17:37:07+00:00\" \/>\n<meta property=\"og:image\" content=\"http:\/\/www.visit-ulcinj.com\/blog\/wp-content\/uploads\/2011\/05\/Solana_Bajo-Sekulic_Ulcinj_Crna-Gora-1024x609.jpg\" \/>\n<meta name=\"twitter:label1\" content=\"Written by\" \/>\n\t<meta name=\"twitter:data1\" content=\"ulqini\" \/>\n\t<meta name=\"twitter:label2\" content=\"Est. reading time\" \/>\n\t<meta name=\"twitter:data2\" content=\"1 minute\" \/>\n<script type=\"application\/ld+json\" class=\"yoast-schema-graph\">{\"@context\":\"https:\/\/schema.org\",\"@graph\":[{\"@type\":\"WebSite\",\"@id\":\"https:\/\/www.visit-ulcinj.com\/blog\/#website\",\"url\":\"https:\/\/www.visit-ulcinj.com\/blog\/\",\"name\":\"Lajme nga Ulqini\",\"description\":\"Lajme,Vijesti,Ulqini,Ulqin,Crna Gora,Mali i Zi\",\"potentialAction\":[{\"@type\":\"SearchAction\",\"target\":{\"@type\":\"EntryPoint\",\"urlTemplate\":\"https:\/\/www.visit-ulcinj.com\/blog\/?s={search_term_string}\"},\"query-input\":\"required name=search_term_string\"}],\"inLanguage\":\"en-US\"},{\"@type\":\"ImageObject\",\"inLanguage\":\"en-US\",\"@id\":\"https:\/\/www.visit-ulcinj.com\/blog\/2011\/05\/17\/u-hangaru-ulcinjske-solane-nema-ni-grama-sol\/#primaryimage\",\"url\":\"https:\/\/www.visit-ulcinj.com\/blog\/wp-content\/uploads\/2011\/05\/Solana_Bajo-Sekulic_Ulcinj_Crna-Gora.jpg\",\"contentUrl\":\"https:\/\/www.visit-ulcinj.com\/blog\/wp-content\/uploads\/2011\/05\/Solana_Bajo-Sekulic_Ulcinj_Crna-Gora.jpg\",\"width\":\"1064\",\"height\":\"633\"},{\"@type\":\"WebPage\",\"@id\":\"https:\/\/www.visit-ulcinj.com\/blog\/2011\/05\/17\/u-hangaru-ulcinjske-solane-nema-ni-grama-sol\/#webpage\",\"url\":\"https:\/\/www.visit-ulcinj.com\/blog\/2011\/05\/17\/u-hangaru-ulcinjske-solane-nema-ni-grama-sol\/\",\"name\":\"U hangaru ulcinjske solane nema ni grama sol - Lajme nga Ulqini\",\"isPartOf\":{\"@id\":\"https:\/\/www.visit-ulcinj.com\/blog\/#website\"},\"primaryImageOfPage\":{\"@id\":\"https:\/\/www.visit-ulcinj.com\/blog\/2011\/05\/17\/u-hangaru-ulcinjske-solane-nema-ni-grama-sol\/#primaryimage\"},\"datePublished\":\"2011-05-17T17:37:07+00:00\",\"dateModified\":\"2011-05-17T17:37:07+00:00\",\"author\":{\"@id\":\"https:\/\/www.visit-ulcinj.com\/blog\/#\/schema\/person\/dcab619c614d3038751c63bc2aadc06d\"},\"description\":\"Iako su donijeli odluku o formiranju \u010detvoro\u010dlanog stru\u010dnog tima koji \u0107e biti zadu\u017een da realizuje ovogodi\u0161nju berbu, proces proizvodnje kasni ve\u0107\",\"breadcrumb\":{\"@id\":\"https:\/\/www.visit-ulcinj.com\/blog\/2011\/05\/17\/u-hangaru-ulcinjske-solane-nema-ni-grama-sol\/#breadcrumb\"},\"inLanguage\":\"en-US\",\"potentialAction\":[{\"@type\":\"ReadAction\",\"target\":[\"https:\/\/www.visit-ulcinj.com\/blog\/2011\/05\/17\/u-hangaru-ulcinjske-solane-nema-ni-grama-sol\/\"]}]},{\"@type\":\"BreadcrumbList\",\"@id\":\"https:\/\/www.visit-ulcinj.com\/blog\/2011\/05\/17\/u-hangaru-ulcinjske-solane-nema-ni-grama-sol\/#breadcrumb\",\"itemListElement\":[{\"@type\":\"ListItem\",\"position\":1,\"name\":\"U hangaru ulcinjske solane nema ni grama sol\"}]},{\"@type\":\"Person\",\"@id\":\"https:\/\/www.visit-ulcinj.com\/blog\/#\/schema\/person\/dcab619c614d3038751c63bc2aadc06d\",\"name\":\"ulqini\",\"sameAs\":[\"http:\/\/www.visit-ulcinj.com\"],\"url\":\"https:\/\/www.visit-ulcinj.com\/blog\/author\/admin\/\"}]}<\/script>\n<!-- \/ Yoast SEO plugin. -->","yoast_head_json":{"title":"U hangaru ulcinjske solane nema ni grama sol - Lajme nga Ulqini","description":"Iako su donijeli odluku o formiranju \u010detvoro\u010dlanog stru\u010dnog tima koji \u0107e biti zadu\u017een da realizuje ovogodi\u0161nju berbu, proces proizvodnje kasni ve\u0107","robots":{"index":"index","follow":"follow","max-snippet":"max-snippet:-1","max-image-preview":"max-image-preview:large","max-video-preview":"max-video-preview:-1"},"canonical":"https:\/\/www.visit-ulcinj.com\/blog\/2011\/05\/17\/u-hangaru-ulcinjske-solane-nema-ni-grama-sol\/","og_locale":"en_US","og_type":"article","og_title":"U hangaru ulcinjske solane nema ni grama sol - Lajme nga Ulqini","og_description":"Iako su donijeli odluku o formiranju \u010detvoro\u010dlanog stru\u010dnog tima koji \u0107e biti zadu\u017een da realizuje ovogodi\u0161nju berbu, proces proizvodnje kasni ve\u0107","og_url":"https:\/\/www.visit-ulcinj.com\/blog\/2011\/05\/17\/u-hangaru-ulcinjske-solane-nema-ni-grama-sol\/","og_site_name":"Lajme nga Ulqini","article_published_time":"2011-05-17T17:37:07+00:00","og_image":[{"url":"http:\/\/www.visit-ulcinj.com\/blog\/wp-content\/uploads\/2011\/05\/Solana_Bajo-Sekulic_Ulcinj_Crna-Gora-1024x609.jpg"}],"twitter_misc":{"Written by":"ulqini","Est. reading time":"1 minute"},"schema":{"@context":"https:\/\/schema.org","@graph":[{"@type":"WebSite","@id":"https:\/\/www.visit-ulcinj.com\/blog\/#website","url":"https:\/\/www.visit-ulcinj.com\/blog\/","name":"Lajme nga Ulqini","description":"Lajme,Vijesti,Ulqini,Ulqin,Crna Gora,Mali i Zi","potentialAction":[{"@type":"SearchAction","target":{"@type":"EntryPoint","urlTemplate":"https:\/\/www.visit-ulcinj.com\/blog\/?s={search_term_string}"},"query-input":"required name=search_term_string"}],"inLanguage":"en-US"},{"@type":"ImageObject","inLanguage":"en-US","@id":"https:\/\/www.visit-ulcinj.com\/blog\/2011\/05\/17\/u-hangaru-ulcinjske-solane-nema-ni-grama-sol\/#primaryimage","url":"https:\/\/www.visit-ulcinj.com\/blog\/wp-content\/uploads\/2011\/05\/Solana_Bajo-Sekulic_Ulcinj_Crna-Gora.jpg","contentUrl":"https:\/\/www.visit-ulcinj.com\/blog\/wp-content\/uploads\/2011\/05\/Solana_Bajo-Sekulic_Ulcinj_Crna-Gora.jpg","width":"1064","height":"633"},{"@type":"WebPage","@id":"https:\/\/www.visit-ulcinj.com\/blog\/2011\/05\/17\/u-hangaru-ulcinjske-solane-nema-ni-grama-sol\/#webpage","url":"https:\/\/www.visit-ulcinj.com\/blog\/2011\/05\/17\/u-hangaru-ulcinjske-solane-nema-ni-grama-sol\/","name":"U hangaru ulcinjske solane nema ni grama sol - Lajme nga Ulqini","isPartOf":{"@id":"https:\/\/www.visit-ulcinj.com\/blog\/#website"},"primaryImageOfPage":{"@id":"https:\/\/www.visit-ulcinj.com\/blog\/2011\/05\/17\/u-hangaru-ulcinjske-solane-nema-ni-grama-sol\/#primaryimage"},"datePublished":"2011-05-17T17:37:07+00:00","dateModified":"2011-05-17T17:37:07+00:00","author":{"@id":"https:\/\/www.visit-ulcinj.com\/blog\/#\/schema\/person\/dcab619c614d3038751c63bc2aadc06d"},"description":"Iako su donijeli odluku o formiranju \u010detvoro\u010dlanog stru\u010dnog tima koji \u0107e biti zadu\u017een da realizuje ovogodi\u0161nju berbu, proces proizvodnje kasni ve\u0107","breadcrumb":{"@id":"https:\/\/www.visit-ulcinj.com\/blog\/2011\/05\/17\/u-hangaru-ulcinjske-solane-nema-ni-grama-sol\/#breadcrumb"},"inLanguage":"en-US","potentialAction":[{"@type":"ReadAction","target":["https:\/\/www.visit-ulcinj.com\/blog\/2011\/05\/17\/u-hangaru-ulcinjske-solane-nema-ni-grama-sol\/"]}]},{"@type":"BreadcrumbList","@id":"https:\/\/www.visit-ulcinj.com\/blog\/2011\/05\/17\/u-hangaru-ulcinjske-solane-nema-ni-grama-sol\/#breadcrumb","itemListElement":[{"@type":"ListItem","position":1,"name":"U hangaru ulcinjske solane nema ni grama sol"}]},{"@type":"Person","@id":"https:\/\/www.visit-ulcinj.com\/blog\/#\/schema\/person\/dcab619c614d3038751c63bc2aadc06d","name":"ulqini","sameAs":["http:\/\/www.visit-ulcinj.com"],"url":"https:\/\/www.visit-ulcinj.com\/blog\/author\/admin\/"}]}},"jetpack_featured_media_url":"","jetpack_sharing_enabled":true,"jetpack_shortlink":"https:\/\/wp.me\/pe6lTn-c8T","_links":{"self":[{"href":"https:\/\/www.visit-ulcinj.com\/blog\/wp-json\/wp\/v2\/posts\/46679"}],"collection":[{"href":"https:\/\/www.visit-ulcinj.com\/blog\/wp-json\/wp\/v2\/posts"}],"about":[{"href":"https:\/\/www.visit-ulcinj.com\/blog\/wp-json\/wp\/v2\/types\/post"}],"author":[{"embeddable":true,"href":"https:\/\/www.visit-ulcinj.com\/blog\/wp-json\/wp\/v2\/users\/1"}],"replies":[{"embeddable":true,"href":"https:\/\/www.visit-ulcinj.com\/blog\/wp-json\/wp\/v2\/comments?post=46679"}],"version-history":[{"count":1,"href":"https:\/\/www.visit-ulcinj.com\/blog\/wp-json\/wp\/v2\/posts\/46679\/revisions"}],"predecessor-version":[{"id":48639,"href":"https:\/\/www.visit-ulcinj.com\/blog\/wp-json\/wp\/v2\/posts\/46679\/revisions\/48639"}],"wp:attachment":[{"href":"https:\/\/www.visit-ulcinj.com\/blog\/wp-json\/wp\/v2\/media?parent=46679"}],"wp:term":[{"taxonomy":"category","embeddable":true,"href":"https:\/\/www.visit-ulcinj.com\/blog\/wp-json\/wp\/v2\/categories?post=46679"},{"taxonomy":"post_tag","embeddable":true,"href":"https:\/\/www.visit-ulcinj.com\/blog\/wp-json\/wp\/v2\/tags?post=46679"}],"curies":[{"name":"wp","href":"https:\/\/api.w.org\/{rel}","templated":true}]}}