{"id":46688,"date":"2011-05-18T15:35:41","date_gmt":"2011-05-18T14:35:41","guid":{"rendered":"http:\/\/www.visit-ulcinj.com\/blog\/?p=46688"},"modified":"2011-05-26T12:12:28","modified_gmt":"2011-05-26T11:12:28","slug":"shfletoni-revisten-shkollore-shkendijat-katerkolle","status":"publish","type":"post","link":"https:\/\/www.visit-ulcinj.com\/blog\/2011\/05\/18\/shfletoni-revisten-shkollore-shkendijat-katerkolle\/","title":{"rendered":"Shfletoni revist\u00ebn shkollore Shk\u00ebndijat &#8211; Kat\u00ebrkoll\u00eb"},"content":{"rendered":"<p><strong>Redaksia e revist\u00ebs Shk\u00ebndijat uron kolektivin e Shkoll\u00ebs fillore\u201cBedri Elezaga\u201cn\u00eb Kat\u00ebrkoll\u00eb,me rastin e Dit\u00ebs s\u00eb Shkoll\u00ebs \u2013 15 maj.<br \/>\nFaliminderojm\u00a0kryeredaktoren e Revist\u00ebs &#8220;Shk\u00ebndijat&#8221; zonj\u00ebn\u00a0Luljeta Avdiu &#8211; Cura dhe ekipin e saj redaktues.<br \/>\n<a href=\"https:\/\/acrobat.com\/#d=FbPQJWVj4kWfcO59r2mq3A\" target=\"_blank\">Shfletoni revist\u00ebn shkollore Shk\u00ebndijat &#8211; Kat\u00ebrkoll\u00eb<br \/>\nLink: <\/a><strong><a href=\"https:\/\/acrobat.com\/#d=FbPQJWVj4kWfcO59r2mq3A\" target=\"_blank\">https:\/\/acrobat.com\/#d=FbPQJWVj4kWfcO59r2mq3A\u00a0ose kliko n\u00eb Fotograf<\/a>i<br \/>\n<\/strong><\/strong><br \/>\n<strong><a title=\"Revista Shkendijat Katerkoll\u00eb\" href=\"https:\/\/acrobat.com\/app.html#d=FbPQJWVj4kWfcO59r2mq3A\" target=\"_blank\"><img loading=\"lazy\" class=\"alignleft size-full wp-image-46689\" title=\"Revista shkollore Shkendijat_Katerkolle\" src=\"http:\/\/www.visit-ulcinj.com\/blog\/wp-content\/uploads\/2011\/05\/Revista-shkollore-Shkendijat_Katerkolle.jpg\" alt=\"\" width=\"509\" height=\"560\" srcset=\"https:\/\/www.visit-ulcinj.com\/blog\/wp-content\/uploads\/2011\/05\/Revista-shkollore-Shkendijat_Katerkolle.jpg 509w, https:\/\/www.visit-ulcinj.com\/blog\/wp-content\/uploads\/2011\/05\/Revista-shkollore-Shkendijat_Katerkolle-272x300.jpg 272w\" sizes=\"(max-width: 509px) 100vw, 509px\" \/><\/a><br \/>\n<\/strong><br \/>\nRedaksia e revist\u00ebs Shk\u00ebndijat uron kolektivin e Shkoll\u00ebs fillore\u201cBedri Elezaga\u201cn\u00eb Kat\u00ebrkoll\u00eb,me rastin e Dit\u00ebs s\u00eb Shkoll\u00ebs \u2013 15 maj<br \/>\n<strong>Faliminderojm p\u00ebr Dit\u00ebn e Shkoll\u00ebs n\u00eb Katerkoll\u00eb, Ilir Lleshin, Edi Gjenashin dhe Mensur Rexhen p\u00ebr Videon dhe fotografijat<\/strong><br \/>\n<!--YouTube Error: bad URL entered--><br \/>\n\n\t\t<style type=\"text\/css\">\n\t\t\t#gallery-1 {\n\t\t\t\tmargin: auto;\n\t\t\t}\n\t\t\t#gallery-1 .gallery-item {\n\t\t\t\tfloat: left;\n\t\t\t\tmargin-top: 10px;\n\t\t\t\ttext-align: center;\n\t\t\t\twidth: 33%;\n\t\t\t}\n\t\t\t#gallery-1 img {\n\t\t\t\tborder: 2px solid #cfcfcf;\n\t\t\t}\n\t\t\t#gallery-1 .gallery-caption {\n\t\t\t\tmargin-left: 0;\n\t\t\t}\n\t\t\t\/* see gallery_shortcode() in wp-includes\/media.php *\/\n\t\t<\/style>\n\t\t<div id='gallery-1' class='gallery galleryid-46688 gallery-columns-3 gallery-size-thumbnail'><dl class='gallery-item'>\n\t\t\t<dt class='gallery-icon portrait'>\n\t\t\t\t<a href='https:\/\/www.visit-ulcinj.com\/blog\/wp-content\/uploads\/2011\/05\/Revista-shkollore-Shkendijat_Katerkolle.jpg'><img width=\"150\" height=\"150\" src=\"https:\/\/www.visit-ulcinj.com\/blog\/wp-content\/uploads\/2011\/05\/Revista-shkollore-Shkendijat_Katerkolle-150x150.jpg\" class=\"attachment-thumbnail size-thumbnail\" alt=\"\" loading=\"lazy\" \/><\/a>\n\t\t\t<\/dt><\/dl><dl class='gallery-item'>\n\t\t\t<dt class='gallery-icon landscape'>\n\t\t\t\t<a href='https:\/\/www.visit-ulcinj.com\/blog\/wp-content\/uploads\/2011\/05\/Dita-e-Shkoll\u00ebs-n\u00eb-Katerkoll\u00eb-nga-Edi-Gjenashi-e-Mensur-Rexha.jpg'><img width=\"150\" height=\"150\" src=\"https:\/\/www.visit-ulcinj.com\/blog\/wp-content\/uploads\/2011\/05\/Dita-e-Shkoll\u00ebs-n\u00eb-Katerkoll\u00eb-nga-Edi-Gjenashi-e-Mensur-Rexha-150x150.jpg\" class=\"attachment-thumbnail size-thumbnail\" alt=\"\" loading=\"lazy\" \/><\/a>\n\t\t\t<\/dt><\/dl><dl class='gallery-item'>\n\t\t\t<dt class='gallery-icon landscape'>\n\t\t\t\t<a href='https:\/\/www.visit-ulcinj.com\/blog\/wp-content\/uploads\/2011\/05\/Dita-e-Shkoll\u00ebs-n\u00eb-Katerkoll\u00eb-nga-Edi-Gjenashi-e-Mensur-Rexha.8.jpg'><img width=\"150\" height=\"150\" src=\"https:\/\/www.visit-ulcinj.com\/blog\/wp-content\/uploads\/2011\/05\/Dita-e-Shkoll\u00ebs-n\u00eb-Katerkoll\u00eb-nga-Edi-Gjenashi-e-Mensur-Rexha.8-150x150.jpg\" class=\"attachment-thumbnail size-thumbnail\" alt=\"\" loading=\"lazy\" \/><\/a>\n\t\t\t<\/dt><\/dl><br style=\"clear: both\" \/><dl class='gallery-item'>\n\t\t\t<dt class='gallery-icon landscape'>\n\t\t\t\t<a href='https:\/\/www.visit-ulcinj.com\/blog\/wp-content\/uploads\/2011\/05\/Dita-e-Shkoll\u00ebs-n\u00eb-Katerkoll\u00eb-nga-Edi-Gjenashi-e-Mensur-Rexha.9.jpg'><img width=\"150\" height=\"150\" src=\"https:\/\/www.visit-ulcinj.com\/blog\/wp-content\/uploads\/2011\/05\/Dita-e-Shkoll\u00ebs-n\u00eb-Katerkoll\u00eb-nga-Edi-Gjenashi-e-Mensur-Rexha.9-150x150.jpg\" class=\"attachment-thumbnail size-thumbnail\" alt=\"\" loading=\"lazy\" \/><\/a>\n\t\t\t<\/dt><\/dl><dl class='gallery-item'>\n\t\t\t<dt class='gallery-icon landscape'>\n\t\t\t\t<a href='https:\/\/www.visit-ulcinj.com\/blog\/wp-content\/uploads\/2011\/05\/Dita-e-Shkoll\u00ebs-n\u00eb-Katerkoll\u00eb-nga-Edi-Gjenashi-e-Mensur-Rexha.10.jpg'><img width=\"150\" height=\"150\" src=\"https:\/\/www.visit-ulcinj.com\/blog\/wp-content\/uploads\/2011\/05\/Dita-e-Shkoll\u00ebs-n\u00eb-Katerkoll\u00eb-nga-Edi-Gjenashi-e-Mensur-Rexha.10-150x150.jpg\" class=\"attachment-thumbnail size-thumbnail\" alt=\"\" loading=\"lazy\" \/><\/a>\n\t\t\t<\/dt><\/dl><dl class='gallery-item'>\n\t\t\t<dt class='gallery-icon landscape'>\n\t\t\t\t<a href='https:\/\/www.visit-ulcinj.com\/blog\/wp-content\/uploads\/2011\/05\/Dita-e-Shkoll\u00ebs-n\u00eb-Katerkoll\u00eb-nga-Edi-Gjenashi-e-Mensur-Rexha.11.jpg'><img width=\"150\" height=\"150\" src=\"https:\/\/www.visit-ulcinj.com\/blog\/wp-content\/uploads\/2011\/05\/Dita-e-Shkoll\u00ebs-n\u00eb-Katerkoll\u00eb-nga-Edi-Gjenashi-e-Mensur-Rexha.11-150x150.jpg\" class=\"attachment-thumbnail size-thumbnail\" alt=\"\" loading=\"lazy\" \/><\/a>\n\t\t\t<\/dt><\/dl><br style=\"clear: both\" \/><dl class='gallery-item'>\n\t\t\t<dt class='gallery-icon landscape'>\n\t\t\t\t<a href='https:\/\/www.visit-ulcinj.com\/blog\/wp-content\/uploads\/2011\/05\/Dita-e-Shkoll\u00ebs-n\u00eb-Katerkoll\u00eb-nga-Edi-Gjenashi-e-Mensur-Rexha1.jpg'><img width=\"150\" height=\"150\" src=\"https:\/\/www.visit-ulcinj.com\/blog\/wp-content\/uploads\/2011\/05\/Dita-e-Shkoll\u00ebs-n\u00eb-Katerkoll\u00eb-nga-Edi-Gjenashi-e-Mensur-Rexha1-150x150.jpg\" class=\"attachment-thumbnail size-thumbnail\" alt=\"\" loading=\"lazy\" \/><\/a>\n\t\t\t<\/dt><\/dl><dl class='gallery-item'>\n\t\t\t<dt class='gallery-icon landscape'>\n\t\t\t\t<a href='https:\/\/www.visit-ulcinj.com\/blog\/wp-content\/uploads\/2011\/05\/Dita-e-Shkoll\u00ebs-n\u00eb-Katerkoll\u00eb-nga-Edi-Gjenashi-e-Mensur-Rexha.4.jpg'><img width=\"150\" height=\"150\" src=\"https:\/\/www.visit-ulcinj.com\/blog\/wp-content\/uploads\/2011\/05\/Dita-e-Shkoll\u00ebs-n\u00eb-Katerkoll\u00eb-nga-Edi-Gjenashi-e-Mensur-Rexha.4-150x150.jpg\" class=\"attachment-thumbnail size-thumbnail\" alt=\"\" loading=\"lazy\" \/><\/a>\n\t\t\t<\/dt><\/dl><dl class='gallery-item'>\n\t\t\t<dt class='gallery-icon landscape'>\n\t\t\t\t<a href='https:\/\/www.visit-ulcinj.com\/blog\/wp-content\/uploads\/2011\/05\/Dita-e-Shkoll\u00ebs-n\u00eb-Katerkoll\u00eb-nga-Edi-Gjenashi-e-Mensur-Rexha.5.jpg'><img width=\"150\" height=\"150\" src=\"https:\/\/www.visit-ulcinj.com\/blog\/wp-content\/uploads\/2011\/05\/Dita-e-Shkoll\u00ebs-n\u00eb-Katerkoll\u00eb-nga-Edi-Gjenashi-e-Mensur-Rexha.5-150x150.jpg\" class=\"attachment-thumbnail size-thumbnail\" alt=\"\" loading=\"lazy\" \/><\/a>\n\t\t\t<\/dt><\/dl><br style=\"clear: both\" \/><dl class='gallery-item'>\n\t\t\t<dt class='gallery-icon landscape'>\n\t\t\t\t<a href='https:\/\/www.visit-ulcinj.com\/blog\/wp-content\/uploads\/2011\/05\/Dita-e-Shkoll\u00ebs-n\u00eb-Katerkoll\u00eb-nga-Edi-Gjenashi-e-Mensur-Rexha.6.jpg'><img width=\"150\" height=\"150\" src=\"https:\/\/www.visit-ulcinj.com\/blog\/wp-content\/uploads\/2011\/05\/Dita-e-Shkoll\u00ebs-n\u00eb-Katerkoll\u00eb-nga-Edi-Gjenashi-e-Mensur-Rexha.6-150x150.jpg\" class=\"attachment-thumbnail size-thumbnail\" alt=\"\" loading=\"lazy\" \/><\/a>\n\t\t\t<\/dt><\/dl><dl class='gallery-item'>\n\t\t\t<dt class='gallery-icon landscape'>\n\t\t\t\t<a href='https:\/\/www.visit-ulcinj.com\/blog\/wp-content\/uploads\/2011\/05\/Dita-e-Shkoll\u00ebs-n\u00eb-Katerkoll\u00eb-nga-Edi-Gjenashi-e-Mensur-Rexha.7.jpg'><img width=\"150\" height=\"150\" src=\"https:\/\/www.visit-ulcinj.com\/blog\/wp-content\/uploads\/2011\/05\/Dita-e-Shkoll\u00ebs-n\u00eb-Katerkoll\u00eb-nga-Edi-Gjenashi-e-Mensur-Rexha.7-150x150.jpg\" class=\"attachment-thumbnail size-thumbnail\" alt=\"\" loading=\"lazy\" \/><\/a>\n\t\t\t<\/dt><\/dl><dl class='gallery-item'>\n\t\t\t<dt class='gallery-icon landscape'>\n\t\t\t\t<a href='https:\/\/www.visit-ulcinj.com\/blog\/wp-content\/uploads\/2011\/05\/Dita-e-Shkoll\u00ebs-n\u00eb-Katerkoll\u00eb-nga-Edi-Gjenashi-e-Mensur-Rexha.3.jpg'><img width=\"150\" height=\"150\" src=\"https:\/\/www.visit-ulcinj.com\/blog\/wp-content\/uploads\/2011\/05\/Dita-e-Shkoll\u00ebs-n\u00eb-Katerkoll\u00eb-nga-Edi-Gjenashi-e-Mensur-Rexha.3-150x150.jpg\" class=\"attachment-thumbnail size-thumbnail\" alt=\"\" loading=\"lazy\" \/><\/a>\n\t\t\t<\/dt><\/dl><br style=\"clear: both\" \/><dl class='gallery-item'>\n\t\t\t<dt class='gallery-icon landscape'>\n\t\t\t\t<a href='https:\/\/www.visit-ulcinj.com\/blog\/wp-content\/uploads\/2011\/05\/Dita-e-Shkoll\u00ebs-n\u00eb-Katerkoll\u00eb-nga-Edi-Gjenashi-e-Mensur-Rexha.2.jpg'><img width=\"150\" height=\"150\" src=\"https:\/\/www.visit-ulcinj.com\/blog\/wp-content\/uploads\/2011\/05\/Dita-e-Shkoll\u00ebs-n\u00eb-Katerkoll\u00eb-nga-Edi-Gjenashi-e-Mensur-Rexha.2-150x150.jpg\" class=\"attachment-thumbnail size-thumbnail\" alt=\"\" loading=\"lazy\" \/><\/a>\n\t\t\t<\/dt><\/dl><dl class='gallery-item'>\n\t\t\t<dt class='gallery-icon landscape'>\n\t\t\t\t<a href='https:\/\/www.visit-ulcinj.com\/blog\/wp-content\/uploads\/2011\/05\/Dita-e-Shkoll\u00ebs-n\u00eb-Katerkoll\u00eb-nga-Edi-Gjenashi-e-Mensur-Rexha.1.jpg'><img width=\"150\" height=\"150\" src=\"https:\/\/www.visit-ulcinj.com\/blog\/wp-content\/uploads\/2011\/05\/Dita-e-Shkoll\u00ebs-n\u00eb-Katerkoll\u00eb-nga-Edi-Gjenashi-e-Mensur-Rexha.1-150x150.jpg\" class=\"attachment-thumbnail size-thumbnail\" alt=\"\" loading=\"lazy\" \/><\/a>\n\t\t\t<\/dt><\/dl><dl class='gallery-item'>\n\t\t\t<dt class='gallery-icon landscape'>\n\t\t\t\t<a href='https:\/\/www.visit-ulcinj.com\/blog\/wp-content\/uploads\/2011\/05\/228130_192898530756359_100001086415019_487092_3124463_n.jpg'><img width=\"150\" height=\"150\" src=\"https:\/\/www.visit-ulcinj.com\/blog\/wp-content\/uploads\/2011\/05\/228130_192898530756359_100001086415019_487092_3124463_n-150x150.jpg\" class=\"attachment-thumbnail size-thumbnail\" alt=\"\" loading=\"lazy\" \/><\/a>\n\t\t\t<\/dt><\/dl><br style=\"clear: both\" \/>\n\t\t<\/div>\n<\/p>\n","protected":false},"excerpt":{"rendered":"<p>Redaksia e revist\u00ebs Shk\u00ebndijat uron kolektivin e Shkoll\u00ebs fillore\u201cBedri Elezaga\u201cn\u00eb Kat\u00ebrkoll\u00eb,me rastin e Dit\u00ebs s\u00eb Shkoll\u00ebs \u2013 15 maj. Faliminderojm\u00a0kryeredaktoren e Revist\u00ebs &#8220;Shk\u00ebndijat&#8221; zonj\u00ebn\u00a0Luljeta Avdiu &#8211; Cura dhe ekipin e saj redaktues. Shfletoni revist\u00ebn shkollore Shk\u00ebndijat &#8211; Kat\u00ebrkoll\u00eb Link: https:\/\/acrobat.com\/#d=FbPQJWVj4kWfcO59r2mq3A\u00a0ose kliko n\u00eb Fotografi Redaksia e revist\u00ebs Shk\u00ebndijat uron kolektivin e Shkoll\u00ebs fillore\u201cBedri Elezaga\u201cn\u00eb Kat\u00ebrkoll\u00eb,me rastin [&hellip;]<\/p>\n","protected":false},"author":1,"featured_media":0,"comment_status":"open","ping_status":"closed","sticky":false,"template":"","format":"standard","meta":{"spay_email":"","jetpack_publicize_message":"","jetpack_is_tweetstorm":false,"jetpack_publicize_feature_enabled":true},"categories":[1,11],"tags":[14351,212,14353,14354,12340,17070,17071,17657,17632,14652,3642,13243,17637,17356,14358,3506,214,17658,14360,14361,14362,14363,3507,2158,3500,14364,3327,3512,17072,5116,95,17636,15141,14366,79,17073,17079,17074,1653,17638,14367,14663,14368,14369,14370,2083,14371,14372,17075,17076,17077,14375,1655,19,17078,200,18,561,14376],"jetpack_publicize_connections":[],"yoast_head":"<!-- This site is optimized with the Yoast SEO plugin v19.1 - https:\/\/yoast.com\/wordpress\/plugins\/seo\/ -->\n<title>Shfletoni revist\u00ebn shkollore Shk\u00ebndijat - Kat\u00ebrkoll\u00eb - Lajme nga Ulqini<\/title>\n<meta name=\"description\" content=\"Redaksia e revist\u00ebs Shk\u00ebndijat uron kolektivin e Shkoll\u00ebs fillore\u201cBedri Elezaga\u201cn\u00eb Kat\u00ebrkoll\u00eb,me rastin e Dit\u00ebs s\u00eb Shkoll\u00ebs \u2013 15 maj.\" \/>\n<meta name=\"robots\" content=\"index, follow, max-snippet:-1, max-image-preview:large, max-video-preview:-1\" \/>\n<link rel=\"canonical\" href=\"https:\/\/www.visit-ulcinj.com\/blog\/2011\/05\/18\/shfletoni-revisten-shkollore-shkendijat-katerkolle\/\" \/>\n<meta property=\"og:locale\" content=\"en_US\" \/>\n<meta property=\"og:type\" content=\"article\" \/>\n<meta property=\"og:title\" content=\"Shfletoni revist\u00ebn shkollore Shk\u00ebndijat - Kat\u00ebrkoll\u00eb - Lajme nga Ulqini\" \/>\n<meta property=\"og:description\" content=\"Redaksia e revist\u00ebs Shk\u00ebndijat uron kolektivin e Shkoll\u00ebs fillore\u201cBedri Elezaga\u201cn\u00eb Kat\u00ebrkoll\u00eb,me rastin e Dit\u00ebs s\u00eb Shkoll\u00ebs \u2013 15 maj.\" \/>\n<meta property=\"og:url\" content=\"https:\/\/www.visit-ulcinj.com\/blog\/2011\/05\/18\/shfletoni-revisten-shkollore-shkendijat-katerkolle\/\" \/>\n<meta property=\"og:site_name\" content=\"Lajme nga Ulqini\" \/>\n<meta property=\"article:published_time\" content=\"2011-05-18T14:35:41+00:00\" \/>\n<meta property=\"article:modified_time\" content=\"2011-05-26T11:12:28+00:00\" \/>\n<meta property=\"og:image\" content=\"https:\/\/www.visit-ulcinj.com\/blog\/wp-content\/uploads\/2011\/05\/Revista-shkollore-Shkendijat_Katerkolle-150x150.jpg\" \/>\n<meta name=\"twitter:label1\" content=\"Written by\" \/>\n\t<meta name=\"twitter:data1\" content=\"ulqini\" \/>\n\t<meta name=\"twitter:label2\" content=\"Est. reading time\" \/>\n\t<meta name=\"twitter:data2\" content=\"1 minute\" \/>\n<script type=\"application\/ld+json\" class=\"yoast-schema-graph\">{\"@context\":\"https:\/\/schema.org\",\"@graph\":[{\"@type\":\"WebSite\",\"@id\":\"https:\/\/www.visit-ulcinj.com\/blog\/#website\",\"url\":\"https:\/\/www.visit-ulcinj.com\/blog\/\",\"name\":\"Lajme nga Ulqini\",\"description\":\"Lajme,Vijesti,Ulqini,Ulqin,Crna Gora,Mali i Zi\",\"potentialAction\":[{\"@type\":\"SearchAction\",\"target\":{\"@type\":\"EntryPoint\",\"urlTemplate\":\"https:\/\/www.visit-ulcinj.com\/blog\/?s={search_term_string}\"},\"query-input\":\"required name=search_term_string\"}],\"inLanguage\":\"en-US\"},{\"@type\":\"ImageObject\",\"inLanguage\":\"en-US\",\"@id\":\"https:\/\/www.visit-ulcinj.com\/blog\/2011\/05\/18\/shfletoni-revisten-shkollore-shkendijat-katerkolle\/#primaryimage\",\"url\":\"https:\/\/www.visit-ulcinj.com\/blog\/wp-content\/uploads\/2011\/05\/Revista-shkollore-Shkendijat_Katerkolle.jpg\",\"contentUrl\":\"https:\/\/www.visit-ulcinj.com\/blog\/wp-content\/uploads\/2011\/05\/Revista-shkollore-Shkendijat_Katerkolle.jpg\",\"width\":\"509\",\"height\":\"560\"},{\"@type\":\"WebPage\",\"@id\":\"https:\/\/www.visit-ulcinj.com\/blog\/2011\/05\/18\/shfletoni-revisten-shkollore-shkendijat-katerkolle\/#webpage\",\"url\":\"https:\/\/www.visit-ulcinj.com\/blog\/2011\/05\/18\/shfletoni-revisten-shkollore-shkendijat-katerkolle\/\",\"name\":\"Shfletoni revist\u00ebn shkollore Shk\u00ebndijat - Kat\u00ebrkoll\u00eb - Lajme nga Ulqini\",\"isPartOf\":{\"@id\":\"https:\/\/www.visit-ulcinj.com\/blog\/#website\"},\"primaryImageOfPage\":{\"@id\":\"https:\/\/www.visit-ulcinj.com\/blog\/2011\/05\/18\/shfletoni-revisten-shkollore-shkendijat-katerkolle\/#primaryimage\"},\"datePublished\":\"2011-05-18T14:35:41+00:00\",\"dateModified\":\"2011-05-26T11:12:28+00:00\",\"author\":{\"@id\":\"https:\/\/www.visit-ulcinj.com\/blog\/#\/schema\/person\/dcab619c614d3038751c63bc2aadc06d\"},\"description\":\"Redaksia e revist\u00ebs Shk\u00ebndijat uron kolektivin e Shkoll\u00ebs fillore\u201cBedri Elezaga\u201cn\u00eb Kat\u00ebrkoll\u00eb,me rastin e Dit\u00ebs s\u00eb Shkoll\u00ebs \u2013 15 maj.\",\"breadcrumb\":{\"@id\":\"https:\/\/www.visit-ulcinj.com\/blog\/2011\/05\/18\/shfletoni-revisten-shkollore-shkendijat-katerkolle\/#breadcrumb\"},\"inLanguage\":\"en-US\",\"potentialAction\":[{\"@type\":\"ReadAction\",\"target\":[\"https:\/\/www.visit-ulcinj.com\/blog\/2011\/05\/18\/shfletoni-revisten-shkollore-shkendijat-katerkolle\/\"]}]},{\"@type\":\"BreadcrumbList\",\"@id\":\"https:\/\/www.visit-ulcinj.com\/blog\/2011\/05\/18\/shfletoni-revisten-shkollore-shkendijat-katerkolle\/#breadcrumb\",\"itemListElement\":[{\"@type\":\"ListItem\",\"position\":1,\"name\":\"Shfletoni revist\u00ebn shkollore Shk\u00ebndijat &#8211; Kat\u00ebrkoll\u00eb\"}]},{\"@type\":\"Person\",\"@id\":\"https:\/\/www.visit-ulcinj.com\/blog\/#\/schema\/person\/dcab619c614d3038751c63bc2aadc06d\",\"name\":\"ulqini\",\"sameAs\":[\"http:\/\/www.visit-ulcinj.com\"],\"url\":\"https:\/\/www.visit-ulcinj.com\/blog\/author\/admin\/\"}]}<\/script>\n<!-- \/ Yoast SEO plugin. -->","yoast_head_json":{"title":"Shfletoni revist\u00ebn shkollore Shk\u00ebndijat - Kat\u00ebrkoll\u00eb - Lajme nga Ulqini","description":"Redaksia e revist\u00ebs Shk\u00ebndijat uron kolektivin e Shkoll\u00ebs fillore\u201cBedri Elezaga\u201cn\u00eb Kat\u00ebrkoll\u00eb,me rastin e Dit\u00ebs s\u00eb Shkoll\u00ebs \u2013 15 maj.","robots":{"index":"index","follow":"follow","max-snippet":"max-snippet:-1","max-image-preview":"max-image-preview:large","max-video-preview":"max-video-preview:-1"},"canonical":"https:\/\/www.visit-ulcinj.com\/blog\/2011\/05\/18\/shfletoni-revisten-shkollore-shkendijat-katerkolle\/","og_locale":"en_US","og_type":"article","og_title":"Shfletoni revist\u00ebn shkollore Shk\u00ebndijat - Kat\u00ebrkoll\u00eb - Lajme nga Ulqini","og_description":"Redaksia e revist\u00ebs Shk\u00ebndijat uron kolektivin e Shkoll\u00ebs fillore\u201cBedri Elezaga\u201cn\u00eb Kat\u00ebrkoll\u00eb,me rastin e Dit\u00ebs s\u00eb Shkoll\u00ebs \u2013 15 maj.","og_url":"https:\/\/www.visit-ulcinj.com\/blog\/2011\/05\/18\/shfletoni-revisten-shkollore-shkendijat-katerkolle\/","og_site_name":"Lajme nga Ulqini","article_published_time":"2011-05-18T14:35:41+00:00","article_modified_time":"2011-05-26T11:12:28+00:00","og_image":[{"url":"https:\/\/www.visit-ulcinj.com\/blog\/wp-content\/uploads\/2011\/05\/Revista-shkollore-Shkendijat_Katerkolle-150x150.jpg"}],"twitter_misc":{"Written by":"ulqini","Est. reading time":"1 minute"},"schema":{"@context":"https:\/\/schema.org","@graph":[{"@type":"WebSite","@id":"https:\/\/www.visit-ulcinj.com\/blog\/#website","url":"https:\/\/www.visit-ulcinj.com\/blog\/","name":"Lajme nga Ulqini","description":"Lajme,Vijesti,Ulqini,Ulqin,Crna Gora,Mali i Zi","potentialAction":[{"@type":"SearchAction","target":{"@type":"EntryPoint","urlTemplate":"https:\/\/www.visit-ulcinj.com\/blog\/?s={search_term_string}"},"query-input":"required name=search_term_string"}],"inLanguage":"en-US"},{"@type":"ImageObject","inLanguage":"en-US","@id":"https:\/\/www.visit-ulcinj.com\/blog\/2011\/05\/18\/shfletoni-revisten-shkollore-shkendijat-katerkolle\/#primaryimage","url":"https:\/\/www.visit-ulcinj.com\/blog\/wp-content\/uploads\/2011\/05\/Revista-shkollore-Shkendijat_Katerkolle.jpg","contentUrl":"https:\/\/www.visit-ulcinj.com\/blog\/wp-content\/uploads\/2011\/05\/Revista-shkollore-Shkendijat_Katerkolle.jpg","width":"509","height":"560"},{"@type":"WebPage","@id":"https:\/\/www.visit-ulcinj.com\/blog\/2011\/05\/18\/shfletoni-revisten-shkollore-shkendijat-katerkolle\/#webpage","url":"https:\/\/www.visit-ulcinj.com\/blog\/2011\/05\/18\/shfletoni-revisten-shkollore-shkendijat-katerkolle\/","name":"Shfletoni revist\u00ebn shkollore Shk\u00ebndijat - Kat\u00ebrkoll\u00eb - Lajme nga Ulqini","isPartOf":{"@id":"https:\/\/www.visit-ulcinj.com\/blog\/#website"},"primaryImageOfPage":{"@id":"https:\/\/www.visit-ulcinj.com\/blog\/2011\/05\/18\/shfletoni-revisten-shkollore-shkendijat-katerkolle\/#primaryimage"},"datePublished":"2011-05-18T14:35:41+00:00","dateModified":"2011-05-26T11:12:28+00:00","author":{"@id":"https:\/\/www.visit-ulcinj.com\/blog\/#\/schema\/person\/dcab619c614d3038751c63bc2aadc06d"},"description":"Redaksia e revist\u00ebs Shk\u00ebndijat uron kolektivin e Shkoll\u00ebs fillore\u201cBedri Elezaga\u201cn\u00eb Kat\u00ebrkoll\u00eb,me rastin e Dit\u00ebs s\u00eb Shkoll\u00ebs \u2013 15 maj.","breadcrumb":{"@id":"https:\/\/www.visit-ulcinj.com\/blog\/2011\/05\/18\/shfletoni-revisten-shkollore-shkendijat-katerkolle\/#breadcrumb"},"inLanguage":"en-US","potentialAction":[{"@type":"ReadAction","target":["https:\/\/www.visit-ulcinj.com\/blog\/2011\/05\/18\/shfletoni-revisten-shkollore-shkendijat-katerkolle\/"]}]},{"@type":"BreadcrumbList","@id":"https:\/\/www.visit-ulcinj.com\/blog\/2011\/05\/18\/shfletoni-revisten-shkollore-shkendijat-katerkolle\/#breadcrumb","itemListElement":[{"@type":"ListItem","position":1,"name":"Shfletoni revist\u00ebn shkollore Shk\u00ebndijat &#8211; Kat\u00ebrkoll\u00eb"}]},{"@type":"Person","@id":"https:\/\/www.visit-ulcinj.com\/blog\/#\/schema\/person\/dcab619c614d3038751c63bc2aadc06d","name":"ulqini","sameAs":["http:\/\/www.visit-ulcinj.com"],"url":"https:\/\/www.visit-ulcinj.com\/blog\/author\/admin\/"}]}},"jetpack_featured_media_url":"","jetpack_sharing_enabled":true,"jetpack_shortlink":"https:\/\/wp.me\/pe6lTn-c92","_links":{"self":[{"href":"https:\/\/www.visit-ulcinj.com\/blog\/wp-json\/wp\/v2\/posts\/46688"}],"collection":[{"href":"https:\/\/www.visit-ulcinj.com\/blog\/wp-json\/wp\/v2\/posts"}],"about":[{"href":"https:\/\/www.visit-ulcinj.com\/blog\/wp-json\/wp\/v2\/types\/post"}],"author":[{"embeddable":true,"href":"https:\/\/www.visit-ulcinj.com\/blog\/wp-json\/wp\/v2\/users\/1"}],"replies":[{"embeddable":true,"href":"https:\/\/www.visit-ulcinj.com\/blog\/wp-json\/wp\/v2\/comments?post=46688"}],"version-history":[{"count":0,"href":"https:\/\/www.visit-ulcinj.com\/blog\/wp-json\/wp\/v2\/posts\/46688\/revisions"}],"wp:attachment":[{"href":"https:\/\/www.visit-ulcinj.com\/blog\/wp-json\/wp\/v2\/media?parent=46688"}],"wp:term":[{"taxonomy":"category","embeddable":true,"href":"https:\/\/www.visit-ulcinj.com\/blog\/wp-json\/wp\/v2\/categories?post=46688"},{"taxonomy":"post_tag","embeddable":true,"href":"https:\/\/www.visit-ulcinj.com\/blog\/wp-json\/wp\/v2\/tags?post=46688"}],"curies":[{"name":"wp","href":"https:\/\/api.w.org\/{rel}","templated":true}]}}