{"id":46695,"date":"2011-05-19T13:24:08","date_gmt":"2011-05-19T12:24:08","guid":{"rendered":"http:\/\/www.visit-ulcinj.com\/blog\/?p=46695"},"modified":"2011-05-21T14:17:59","modified_gmt":"2011-05-21T13:17:59","slug":"shkelqeu-ne-katerkolle-pishtari-i-gjimnazit-privat-drita","status":"publish","type":"post","link":"https:\/\/www.visit-ulcinj.com\/blog\/2011\/05\/19\/shkelqeu-ne-katerkolle-pishtari-i-gjimnazit-privat-drita\/","title":{"rendered":"Shkelqeu n\u00eb Katerkoll\u00eb pishtari i Gjimnazit privat Drita"},"content":{"rendered":"<p><a href=\"http:\/\/www.visit-ulcinj.com\/blog\/wp-content\/uploads\/2011\/05\/Themeluesi-drejtori-mesimdhenesit-e-nxenesit-e-Gjimnazit-privat-Drita-nga-Ulqini_shkolla-Bedri-Elezaga_Katerkolle.jpg\"><img loading=\"lazy\" class=\"alignleft size-full wp-image-46696\" title=\"Themeluesi, drejtori, mesimdhenesit e nxenesit e Gjimnazit privat Drita nga Ulqini_shkolla Bedri Elezaga_Katerkolle\" src=\"http:\/\/www.visit-ulcinj.com\/blog\/wp-content\/uploads\/2011\/05\/Themeluesi-drejtori-mesimdhenesit-e-nxenesit-e-Gjimnazit-privat-Drita-nga-Ulqini_shkolla-Bedri-Elezaga_Katerkolle.jpg\" alt=\"\" width=\"508\" height=\"380\" srcset=\"https:\/\/www.visit-ulcinj.com\/blog\/wp-content\/uploads\/2011\/05\/Themeluesi-drejtori-mesimdhenesit-e-nxenesit-e-Gjimnazit-privat-Drita-nga-Ulqini_shkolla-Bedri-Elezaga_Katerkolle.jpg 1024w, https:\/\/www.visit-ulcinj.com\/blog\/wp-content\/uploads\/2011\/05\/Themeluesi-drejtori-mesimdhenesit-e-nxenesit-e-Gjimnazit-privat-Drita-nga-Ulqini_shkolla-Bedri-Elezaga_Katerkolle-300x225.jpg 300w\" sizes=\"(max-width: 508px) 100vw, 508px\" \/><\/a>Themeluesi, drejtori, m\u00ebsimdh\u00ebn\u00ebsit e nx\u00ebn\u00ebsit e Gjimnazit privat \u201cDrita\u201d nga Ulqini, p\u00ebrpara semimaturant\u00ebve t\u00eb IP SHF \u201cBedri Elezaga\u201d n\u00eb Katerkoll\u00eb, b\u00ebn\u00eb prezentimin e ofert\u00ebs s\u00eb tyre shkollore.<\/p>\n<p>Mbas fjal\u00ebs s\u00eb nikoqirit,  foli drejtori i Gjimnazit, zot\u00ebri Bilal Alaj. Ai i njoftoi semimaturant\u00ebt me leternjoftimin e Gjimnazit privat \u201cDrita\u201d.  Tha se, shkolla n\u00eb fjal\u00eb, \u00ebsht\u00eb e re, se vitin e kaluar nga bankat e saj\u00eb kishin dalur maturant\u00ebt e par\u00eb, t\u00eb cil\u00ebt sot t\u00eb gjith\u00eb vazhdojn\u00eb studimet n\u00eb univerzitete t\u00eb ndryshme, si n\u00eb Podgoric\u00eb, Shkod\u00ebr, Tiran\u00eb, Tetov\u00eb e madje edhe n\u00eb Sarajev\u00eb. Drejtori shtoi se, n\u00eb k\u00ebt\u00eb shkoll\u00eb kushtet  p\u00ebr edukimin dhe arsimimin e brezave t\u00eb ri, jan\u00eb t\u00eb mira dhe si t\u00eb tilla t\u00eb favorshme p\u00ebr vet\u00eb nx\u00ebn\u00ebsit e prind\u00ebrit e tyre. N\u00eb Gjimnazin ton\u00eb, vazhdon Alaj, m\u00ebsimi zhvillohet n\u00ebp\u00ebr kabinete t\u00eb cil\u00ebt jan\u00eb t\u00eb paisuara mir\u00eb me mjete konkretizimi \u00e7ka e leht\u00ebson pun\u00ebn e m\u00ebsimdh\u00ebn\u00ebsit edhe t\u00eb vet\u00eb nx\u00ebn\u00ebsit.  Q\u00eb kjo shkoll\u00eb p\u00ebrkujdeset maksimalisht p\u00ebr nx\u00ebn\u00ebs, tregon fakti se n\u00eb shkoll\u00eb \u00ebsht\u00eb e organizuar kuzhina,  gjithashtu edhe transporti i nx\u00ebn\u00ebsve n\u00ebp\u00ebr qytet e n\u00ebp\u00ebr mbar\u00eb fshatrat e An\u00ebs s\u00eb Malit. Ne, shtoj Alaj, p\u00ebrkujdesemi p\u00ebr tekstet m\u00ebsimore e lektyr\u00eb shkollore. N\u00eb fund drejtori Alaj, ftoj semimaturant\u00ebt t\u00eb vizitojn\u00eb Gjimnazin, qoft\u00eb vet\u00eb apo me prind\u00ebrit e tyre, ku p\u00ebr s\u00eb af\u00ebrmi do t\u00eb njoftohen me personelin, ambientin dhe kushtet e pun\u00ebs e t\u00eb m\u00ebsimit n\u00eb at\u00eb shkoll\u00eb.<\/p>\n<p>Mbas drejtorit foli themeluesi zot\u00ebri Hysejn Bisha. Ai tha se Gjimnazi privat \u201cDrita\u201d,  \u00ebsht\u00eb i vetmi institucion privat edukativo-arsimor n\u00eb Mal t\u00eb Zi, ku m\u00ebsimi zhvillohet n\u00eb gjuhen shqipe. Akcent t\u00eb ve\u00e7ant\u00eb, shtoj Bisha, kemi v\u00ebn\u00eb n\u00eb p\u00ebrzgjedhjen e kuadrove t\u00eb m\u00ebsimdh\u00ebnies e krahas tyre, p\u00ebr regjistrim n\u00eb k\u00ebt\u00eb institucion \u00e7do vit shkollor\u00eb, p\u00ebrzgjedhim nx\u00ebn\u00ebsit m\u00eb t\u00eb mir\u00eb. Meqen\u00ebse pa disciplin\u00eb nuk ka sukses, kujdes maksimal i kushtohet diciplin\u00ebs e sjelljes s\u00eb nx\u00ebn\u00ebsve, tha Ai. P\u00ebr tejkalimin e problemeve, b\u00ebhen biseda t\u00eb shpeshta me nx\u00ebn\u00ebs e mbledhje t\u00eb shumta me prind\u00ebr. M\u00ebsidh\u00ebn\u00ebsit dhe nx\u00ebn\u00ebsit jan\u00eb t\u00eb paisur me uniform\u00eb. Krahas m\u00ebsimit, shkolla organizon shetije, pik nik, vizita t\u00eb monumenteve t\u00eb ndryshme historike e kulturore, ekskurzione&#8230;<\/p>\n<p>Nx\u00ebn\u00ebsja e vitit t\u00eb IV-t\u00eb, Besa Tagani, duke b\u00ebr\u00eb prezantimin s\u00eb bashku me profesor\u00ebt, shpalosi vetem l\u00ebvdata p\u00ebr Gjimnazin e saj\u00eb. Ajo tha se mbas mbarimit t\u00eb shkoll\u00ebs fillore, nuk kam pas\u00eb d\u00ebshtir\u00eb q\u00eb t\u00eb regjistrohem n\u00eb k\u00ebt\u00eb Gjimnaz, por ishte vendosm\u00ebria e prind\u00ebrve q\u00eb m\u00eb shtyn\u00eb ta b\u00ebj\u00eb k\u00ebt\u00eb, p\u00ebr \u00e7ka iu jam shum mir\u00ebnjoh\u00ebs. Fillimisht kisha frik\u00eb se do ta humbi shoq\u00ebrin\u00eb e viteve m\u00eb par\u00eb. Kjo shkoll\u00eb jo vetem q\u00eb m\u00eb ndihmoi t\u00eb ruaj shoq\u00ebrin\u00eb e m\u00eb par\u00ebshme, por m\u00eb avancoi q\u00eb ta zgjeroj ate. Falenderoi profesor\u00ebt, t\u00eb cil\u00ebt p\u00ebrve\u00e7 m\u00ebsimit, na ndihmojn\u00eb n\u00eb zgjidhjen e \u00e7do problemi e v\u00ebshtirsije q\u00eb hasim, vazhdon Besa. Dua t\u00eb ju them se mos t\u2019ju bregos uniforma, se shpejt do m\u00ebsoheni me t\u00eb. Do t\u00eb zgjoheni n\u00eb m\u00ebngjes edhe do i thoni vehtes ja uniforma, k\u00ebto do ti veshi sot, k\u00ebshtu q\u00eb \u00e7do dit\u00eb do ta keni t\u00eb zgjidhur problemin e veshjes. Nj\u00eb problem m\u00eb pak, thot\u00eb Ajo. Tani jam maturante. Me plot goj\u00eb them, se ia ka vle q\u00eb kat\u00ebr vitet e kaluara isha nx\u00ebn\u00ebse e k\u00ebsaj shkolle.<br \/>\nMaturanti Bashkim Alaj, i cili e ka pasion aktrimin edhe humorin, thot\u00eb se, fal\u00eb  k\u00ebti insitucioni, i \u00ebsht\u00eb dh\u00ebn\u00eb shum her\u00eb mund\u00ebsia t\u00eb shpalosin d\u00ebshirat dhe vlerat e tia artistike. Me sensin e humorit,  ai thot se, duke iu falenderu Gjimnazit privat \u201cDrita\u201d, kam shtu bark, \u00e7ka do t\u00eb thot se ushqimin e kena cil\u00ebsor\u00eb. Bashkimi i ftoi semimaturant\u00ebt t\u00eb b\u00ebhen pjes\u00eb e Gjimnazit \u201cDrita\u201d, se kurr nuk do t\u00eb pendohen.<br \/>\nMe oratoria prej cic\u00ebroni, nx\u00ebn\u00ebsi pedant i vitit t\u00eb dyt\u00eb Ardian \u00c7obaj, i ftoj semimaturant\u00ebt q\u00eb t\u00eb b\u00ebhen pjes\u00eb e Gjimnazit \u201cDrita\u201d, sepse aty jan\u00eb mund\u00ebsit\u00eb e shumta q\u00eb nx\u00ebn\u00ebsit t\u00eb zhvillohen n\u00eb aspektin psikologjik, sepse raportet m\u00ebsimdh\u00ebn\u00ebs-nx\u00ebn\u00ebs jan\u00eb t\u00eb shkelqyera.<br \/>\nAmaneti i t\u00eb par\u00ebve, d\u00ebshira e madhe e atyre q\u00eb ishin t\u00eb etur p\u00ebr driten e dituris\u00eb, Gjimnazin privat \u201cDrita\u201d, po e shtyn\u00eb gjithnj\u00eb e m\u00eb tep\u00eb q\u00eb  pishtarin e dituris\u00eb n\u00eb duart e tyre, ta ngrisin \u00e7do dit\u00eb e m\u00eb lart\u00eb. Ky pishtar, po ngrit\u00ebt \u00e7do dit\u00eb, e gjith\u00ebnj\u00eb m\u00eb tep\u00ebr po rrezaton drit\u00eb diturie mbi filizat e ri.<\/p>\n<p><strong>Ilir  Lleshi<\/strong><\/p>\n","protected":false},"excerpt":{"rendered":"<p>Themeluesi, drejtori, m\u00ebsimdh\u00ebn\u00ebsit e nx\u00ebn\u00ebsit e Gjimnazit privat \u201cDrita\u201d nga Ulqini, p\u00ebrpara semimaturant\u00ebve t\u00eb IP SHF \u201cBedri Elezaga\u201d n\u00eb Katerkoll\u00eb, b\u00ebn\u00eb prezentimin e ofert\u00ebs s\u00eb tyre shkollore. Mbas fjal\u00ebs s\u00eb nikoqirit, foli drejtori i Gjimnazit, zot\u00ebri Bilal Alaj. Ai i njoftoi semimaturant\u00ebt me leternjoftimin e Gjimnazit privat \u201cDrita\u201d. Tha se, shkolla n\u00eb fjal\u00eb, \u00ebsht\u00eb e [&hellip;]<\/p>\n","protected":false},"author":1,"featured_media":0,"comment_status":"open","ping_status":"closed","sticky":false,"template":"","format":"standard","meta":{"spay_email":"","jetpack_publicize_message":"","jetpack_is_tweetstorm":false,"jetpack_publicize_feature_enabled":true},"categories":[1,11],"tags":[14351,212,17828,17834,17811,17831,14353,17808,14354,12340,17840,17839,17835,17814,17810,17816,17071,17807,3516,14652,17837,17827,14358,17802,17812,17803,18266,17820,17825,17817,17805,17823,17832,3506,17818,214,17680,14362,14363,3507,17800,498,3500,14364,17799,3327,17841,17826,15213,3512,17806,17838,95,17813,17804,15141,17836,14366,79,17073,1653,1909,14367,17801,14663,17822,14368,14369,17824,14370,2083,14371,14372,17844,17821,17830,17077,14375,17833,17829,200,18,17819,17809,14376],"jetpack_publicize_connections":[],"yoast_head":"<!-- This site is optimized with the Yoast SEO plugin v19.1 - https:\/\/yoast.com\/wordpress\/plugins\/seo\/ -->\n<title>Shkelqeu n\u00eb Katerkoll\u00eb pishtari i Gjimnazit privat Drita - Lajme nga Ulqini<\/title>\n<meta name=\"description\" content=\"Themeluesi, drejtori, m\u00ebsimdh\u00ebn\u00ebsit e nx\u00ebn\u00ebsit e Gjimnazit privat \u201cDrita\u201d nga Ulqini, p\u00ebrpara semimaturant\u00ebve t\u00eb IP SHF \u201cBedri Elezaga\u201d n\u00eb Katerkoll\u00eb,\" \/>\n<meta name=\"robots\" content=\"index, follow, max-snippet:-1, max-image-preview:large, max-video-preview:-1\" \/>\n<link rel=\"canonical\" href=\"https:\/\/www.visit-ulcinj.com\/blog\/2011\/05\/19\/shkelqeu-ne-katerkolle-pishtari-i-gjimnazit-privat-drita\/\" \/>\n<meta property=\"og:locale\" content=\"en_US\" \/>\n<meta property=\"og:type\" content=\"article\" \/>\n<meta property=\"og:title\" content=\"Shkelqeu n\u00eb Katerkoll\u00eb pishtari i Gjimnazit privat Drita - Lajme nga Ulqini\" \/>\n<meta property=\"og:description\" content=\"Themeluesi, drejtori, m\u00ebsimdh\u00ebn\u00ebsit e nx\u00ebn\u00ebsit e Gjimnazit privat \u201cDrita\u201d nga Ulqini, p\u00ebrpara semimaturant\u00ebve t\u00eb IP SHF \u201cBedri Elezaga\u201d n\u00eb Katerkoll\u00eb,\" \/>\n<meta property=\"og:url\" content=\"https:\/\/www.visit-ulcinj.com\/blog\/2011\/05\/19\/shkelqeu-ne-katerkolle-pishtari-i-gjimnazit-privat-drita\/\" \/>\n<meta property=\"og:site_name\" content=\"Lajme nga Ulqini\" \/>\n<meta property=\"article:published_time\" content=\"2011-05-19T12:24:08+00:00\" \/>\n<meta property=\"article:modified_time\" content=\"2011-05-21T13:17:59+00:00\" \/>\n<meta property=\"og:image\" content=\"http:\/\/www.visit-ulcinj.com\/blog\/wp-content\/uploads\/2011\/05\/Themeluesi-drejtori-mesimdhenesit-e-nxenesit-e-Gjimnazit-privat-Drita-nga-Ulqini_shkolla-Bedri-Elezaga_Katerkolle.jpg\" \/>\n<meta name=\"twitter:label1\" content=\"Written by\" \/>\n\t<meta name=\"twitter:data1\" content=\"ulqini\" \/>\n\t<meta name=\"twitter:label2\" content=\"Est. reading time\" \/>\n\t<meta name=\"twitter:data2\" content=\"4 minutes\" \/>\n<script type=\"application\/ld+json\" class=\"yoast-schema-graph\">{\"@context\":\"https:\/\/schema.org\",\"@graph\":[{\"@type\":\"WebSite\",\"@id\":\"https:\/\/www.visit-ulcinj.com\/blog\/#website\",\"url\":\"https:\/\/www.visit-ulcinj.com\/blog\/\",\"name\":\"Lajme nga Ulqini\",\"description\":\"Lajme,Vijesti,Ulqini,Ulqin,Crna Gora,Mali i Zi\",\"potentialAction\":[{\"@type\":\"SearchAction\",\"target\":{\"@type\":\"EntryPoint\",\"urlTemplate\":\"https:\/\/www.visit-ulcinj.com\/blog\/?s={search_term_string}\"},\"query-input\":\"required name=search_term_string\"}],\"inLanguage\":\"en-US\"},{\"@type\":\"ImageObject\",\"inLanguage\":\"en-US\",\"@id\":\"https:\/\/www.visit-ulcinj.com\/blog\/2011\/05\/19\/shkelqeu-ne-katerkolle-pishtari-i-gjimnazit-privat-drita\/#primaryimage\",\"url\":\"https:\/\/www.visit-ulcinj.com\/blog\/wp-content\/uploads\/2011\/05\/Themeluesi-drejtori-mesimdhenesit-e-nxenesit-e-Gjimnazit-privat-Drita-nga-Ulqini_shkolla-Bedri-Elezaga_Katerkolle.jpg\",\"contentUrl\":\"https:\/\/www.visit-ulcinj.com\/blog\/wp-content\/uploads\/2011\/05\/Themeluesi-drejtori-mesimdhenesit-e-nxenesit-e-Gjimnazit-privat-Drita-nga-Ulqini_shkolla-Bedri-Elezaga_Katerkolle.jpg\",\"width\":\"1024\",\"height\":\"768\"},{\"@type\":\"WebPage\",\"@id\":\"https:\/\/www.visit-ulcinj.com\/blog\/2011\/05\/19\/shkelqeu-ne-katerkolle-pishtari-i-gjimnazit-privat-drita\/#webpage\",\"url\":\"https:\/\/www.visit-ulcinj.com\/blog\/2011\/05\/19\/shkelqeu-ne-katerkolle-pishtari-i-gjimnazit-privat-drita\/\",\"name\":\"Shkelqeu n\u00eb Katerkoll\u00eb pishtari i Gjimnazit privat Drita - Lajme nga Ulqini\",\"isPartOf\":{\"@id\":\"https:\/\/www.visit-ulcinj.com\/blog\/#website\"},\"primaryImageOfPage\":{\"@id\":\"https:\/\/www.visit-ulcinj.com\/blog\/2011\/05\/19\/shkelqeu-ne-katerkolle-pishtari-i-gjimnazit-privat-drita\/#primaryimage\"},\"datePublished\":\"2011-05-19T12:24:08+00:00\",\"dateModified\":\"2011-05-21T13:17:59+00:00\",\"author\":{\"@id\":\"https:\/\/www.visit-ulcinj.com\/blog\/#\/schema\/person\/dcab619c614d3038751c63bc2aadc06d\"},\"description\":\"Themeluesi, drejtori, m\u00ebsimdh\u00ebn\u00ebsit e nx\u00ebn\u00ebsit e Gjimnazit privat \u201cDrita\u201d nga Ulqini, p\u00ebrpara semimaturant\u00ebve t\u00eb IP SHF \u201cBedri Elezaga\u201d n\u00eb Katerkoll\u00eb,\",\"breadcrumb\":{\"@id\":\"https:\/\/www.visit-ulcinj.com\/blog\/2011\/05\/19\/shkelqeu-ne-katerkolle-pishtari-i-gjimnazit-privat-drita\/#breadcrumb\"},\"inLanguage\":\"en-US\",\"potentialAction\":[{\"@type\":\"ReadAction\",\"target\":[\"https:\/\/www.visit-ulcinj.com\/blog\/2011\/05\/19\/shkelqeu-ne-katerkolle-pishtari-i-gjimnazit-privat-drita\/\"]}]},{\"@type\":\"BreadcrumbList\",\"@id\":\"https:\/\/www.visit-ulcinj.com\/blog\/2011\/05\/19\/shkelqeu-ne-katerkolle-pishtari-i-gjimnazit-privat-drita\/#breadcrumb\",\"itemListElement\":[{\"@type\":\"ListItem\",\"position\":1,\"name\":\"Shkelqeu n\u00eb Katerkoll\u00eb pishtari i Gjimnazit privat Drita\"}]},{\"@type\":\"Person\",\"@id\":\"https:\/\/www.visit-ulcinj.com\/blog\/#\/schema\/person\/dcab619c614d3038751c63bc2aadc06d\",\"name\":\"ulqini\",\"sameAs\":[\"http:\/\/www.visit-ulcinj.com\"],\"url\":\"https:\/\/www.visit-ulcinj.com\/blog\/author\/admin\/\"}]}<\/script>\n<!-- \/ Yoast SEO plugin. -->","yoast_head_json":{"title":"Shkelqeu n\u00eb Katerkoll\u00eb pishtari i Gjimnazit privat Drita - Lajme nga Ulqini","description":"Themeluesi, drejtori, m\u00ebsimdh\u00ebn\u00ebsit e nx\u00ebn\u00ebsit e Gjimnazit privat \u201cDrita\u201d nga Ulqini, p\u00ebrpara semimaturant\u00ebve t\u00eb IP SHF \u201cBedri Elezaga\u201d n\u00eb Katerkoll\u00eb,","robots":{"index":"index","follow":"follow","max-snippet":"max-snippet:-1","max-image-preview":"max-image-preview:large","max-video-preview":"max-video-preview:-1"},"canonical":"https:\/\/www.visit-ulcinj.com\/blog\/2011\/05\/19\/shkelqeu-ne-katerkolle-pishtari-i-gjimnazit-privat-drita\/","og_locale":"en_US","og_type":"article","og_title":"Shkelqeu n\u00eb Katerkoll\u00eb pishtari i Gjimnazit privat Drita - Lajme nga Ulqini","og_description":"Themeluesi, drejtori, m\u00ebsimdh\u00ebn\u00ebsit e nx\u00ebn\u00ebsit e Gjimnazit privat \u201cDrita\u201d nga Ulqini, p\u00ebrpara semimaturant\u00ebve t\u00eb IP SHF \u201cBedri Elezaga\u201d n\u00eb Katerkoll\u00eb,","og_url":"https:\/\/www.visit-ulcinj.com\/blog\/2011\/05\/19\/shkelqeu-ne-katerkolle-pishtari-i-gjimnazit-privat-drita\/","og_site_name":"Lajme nga Ulqini","article_published_time":"2011-05-19T12:24:08+00:00","article_modified_time":"2011-05-21T13:17:59+00:00","og_image":[{"url":"http:\/\/www.visit-ulcinj.com\/blog\/wp-content\/uploads\/2011\/05\/Themeluesi-drejtori-mesimdhenesit-e-nxenesit-e-Gjimnazit-privat-Drita-nga-Ulqini_shkolla-Bedri-Elezaga_Katerkolle.jpg"}],"twitter_misc":{"Written by":"ulqini","Est. reading time":"4 minutes"},"schema":{"@context":"https:\/\/schema.org","@graph":[{"@type":"WebSite","@id":"https:\/\/www.visit-ulcinj.com\/blog\/#website","url":"https:\/\/www.visit-ulcinj.com\/blog\/","name":"Lajme nga Ulqini","description":"Lajme,Vijesti,Ulqini,Ulqin,Crna Gora,Mali i Zi","potentialAction":[{"@type":"SearchAction","target":{"@type":"EntryPoint","urlTemplate":"https:\/\/www.visit-ulcinj.com\/blog\/?s={search_term_string}"},"query-input":"required name=search_term_string"}],"inLanguage":"en-US"},{"@type":"ImageObject","inLanguage":"en-US","@id":"https:\/\/www.visit-ulcinj.com\/blog\/2011\/05\/19\/shkelqeu-ne-katerkolle-pishtari-i-gjimnazit-privat-drita\/#primaryimage","url":"https:\/\/www.visit-ulcinj.com\/blog\/wp-content\/uploads\/2011\/05\/Themeluesi-drejtori-mesimdhenesit-e-nxenesit-e-Gjimnazit-privat-Drita-nga-Ulqini_shkolla-Bedri-Elezaga_Katerkolle.jpg","contentUrl":"https:\/\/www.visit-ulcinj.com\/blog\/wp-content\/uploads\/2011\/05\/Themeluesi-drejtori-mesimdhenesit-e-nxenesit-e-Gjimnazit-privat-Drita-nga-Ulqini_shkolla-Bedri-Elezaga_Katerkolle.jpg","width":"1024","height":"768"},{"@type":"WebPage","@id":"https:\/\/www.visit-ulcinj.com\/blog\/2011\/05\/19\/shkelqeu-ne-katerkolle-pishtari-i-gjimnazit-privat-drita\/#webpage","url":"https:\/\/www.visit-ulcinj.com\/blog\/2011\/05\/19\/shkelqeu-ne-katerkolle-pishtari-i-gjimnazit-privat-drita\/","name":"Shkelqeu n\u00eb Katerkoll\u00eb pishtari i Gjimnazit privat Drita - Lajme nga Ulqini","isPartOf":{"@id":"https:\/\/www.visit-ulcinj.com\/blog\/#website"},"primaryImageOfPage":{"@id":"https:\/\/www.visit-ulcinj.com\/blog\/2011\/05\/19\/shkelqeu-ne-katerkolle-pishtari-i-gjimnazit-privat-drita\/#primaryimage"},"datePublished":"2011-05-19T12:24:08+00:00","dateModified":"2011-05-21T13:17:59+00:00","author":{"@id":"https:\/\/www.visit-ulcinj.com\/blog\/#\/schema\/person\/dcab619c614d3038751c63bc2aadc06d"},"description":"Themeluesi, drejtori, m\u00ebsimdh\u00ebn\u00ebsit e nx\u00ebn\u00ebsit e Gjimnazit privat \u201cDrita\u201d nga Ulqini, p\u00ebrpara semimaturant\u00ebve t\u00eb IP SHF \u201cBedri Elezaga\u201d n\u00eb Katerkoll\u00eb,","breadcrumb":{"@id":"https:\/\/www.visit-ulcinj.com\/blog\/2011\/05\/19\/shkelqeu-ne-katerkolle-pishtari-i-gjimnazit-privat-drita\/#breadcrumb"},"inLanguage":"en-US","potentialAction":[{"@type":"ReadAction","target":["https:\/\/www.visit-ulcinj.com\/blog\/2011\/05\/19\/shkelqeu-ne-katerkolle-pishtari-i-gjimnazit-privat-drita\/"]}]},{"@type":"BreadcrumbList","@id":"https:\/\/www.visit-ulcinj.com\/blog\/2011\/05\/19\/shkelqeu-ne-katerkolle-pishtari-i-gjimnazit-privat-drita\/#breadcrumb","itemListElement":[{"@type":"ListItem","position":1,"name":"Shkelqeu n\u00eb Katerkoll\u00eb pishtari i Gjimnazit privat Drita"}]},{"@type":"Person","@id":"https:\/\/www.visit-ulcinj.com\/blog\/#\/schema\/person\/dcab619c614d3038751c63bc2aadc06d","name":"ulqini","sameAs":["http:\/\/www.visit-ulcinj.com"],"url":"https:\/\/www.visit-ulcinj.com\/blog\/author\/admin\/"}]}},"jetpack_featured_media_url":"","jetpack_sharing_enabled":true,"jetpack_shortlink":"https:\/\/wp.me\/pe6lTn-c99","_links":{"self":[{"href":"https:\/\/www.visit-ulcinj.com\/blog\/wp-json\/wp\/v2\/posts\/46695"}],"collection":[{"href":"https:\/\/www.visit-ulcinj.com\/blog\/wp-json\/wp\/v2\/posts"}],"about":[{"href":"https:\/\/www.visit-ulcinj.com\/blog\/wp-json\/wp\/v2\/types\/post"}],"author":[{"embeddable":true,"href":"https:\/\/www.visit-ulcinj.com\/blog\/wp-json\/wp\/v2\/users\/1"}],"replies":[{"embeddable":true,"href":"https:\/\/www.visit-ulcinj.com\/blog\/wp-json\/wp\/v2\/comments?post=46695"}],"version-history":[{"count":0,"href":"https:\/\/www.visit-ulcinj.com\/blog\/wp-json\/wp\/v2\/posts\/46695\/revisions"}],"wp:attachment":[{"href":"https:\/\/www.visit-ulcinj.com\/blog\/wp-json\/wp\/v2\/media?parent=46695"}],"wp:term":[{"taxonomy":"category","embeddable":true,"href":"https:\/\/www.visit-ulcinj.com\/blog\/wp-json\/wp\/v2\/categories?post=46695"},{"taxonomy":"post_tag","embeddable":true,"href":"https:\/\/www.visit-ulcinj.com\/blog\/wp-json\/wp\/v2\/tags?post=46695"}],"curies":[{"name":"wp","href":"https:\/\/api.w.org\/{rel}","templated":true}]}}