{"id":46726,"date":"2011-05-18T18:22:54","date_gmt":"2011-05-18T17:22:54","guid":{"rendered":"http:\/\/www.visit-ulcinj.com\/blog\/?p=46726"},"modified":"2011-05-23T19:57:45","modified_gmt":"2011-05-23T18:57:45","slug":"zoran-piperovic-nije-bilo-vrijedanja","status":"publish","type":"post","link":"https:\/\/www.visit-ulcinj.com\/blog\/2011\/05\/18\/zoran-piperovic-nije-bilo-vrijedanja\/","title":{"rendered":"Zoran Piperovi\u0107: Nije bilo vrije\u0111anja"},"content":{"rendered":"<div id=\"attachment_46727\" style=\"width: 518px\" class=\"wp-caption alignleft\"><a href=\"http:\/\/www.visit-ulcinj.com\/blog\/wp-content\/uploads\/2011\/05\/Zoran-Piperovic-predsjednik-Ulcinja-_Foto_BORIS-PEJOVIC.jpg\"><img aria-describedby=\"caption-attachment-46727\" loading=\"lazy\" class=\"size-full wp-image-46727 \" title=\"Zoran Piperovic, predsjednik Ulcinja _Foto_BORIS PEJOVIC\" src=\"http:\/\/www.visit-ulcinj.com\/blog\/wp-content\/uploads\/2011\/05\/Zoran-Piperovic-_Foto_BORIS-PEJOVIC.jpg\" alt=\"\" width=\"508\" height=\"475\" \/><\/a><p id=\"caption-attachment-46727\" class=\"wp-caption-text\">Zoran Piperovi\u0107, predsjednik Ulcinja (Foto: BORIS PEJOVI\u0106)<\/p><\/div>\n<p>O\u010digledno oni znaju kako treba sa Ciganima, kao \u0161to bi rekao Joki\u0107, a nama ne preostaje ni\u0161ta drugo neko, ako ne na\u0111emo pare, da naredne sezone igramo u ligi Avganistana &#8211; ironi\u010dno je rekao prvi \u010dovjek Ulcinjana.<br \/>\nPredsjednik Ulcinja Zoran Piperovi\u0107, nakon kazne koji im je izrekao komesar za takmi\u010denje Miomir M. Mugo\u0161a, bio je vi\u0161e nego iznena\u0111en.<\/p>\n<p>&#8211; Sada mi je jasno zbog \u010dega mi je \u010dlan uprave Vlado Ivanovi\u0107, nakon \u0161to mu je Skender Ustabe\u0107iri objasnio \u0161to se desilo u Baru, a nakon \u0161to je razgovarao sa komesarom i rekao \u0161ta je sudija Ognjen Joki\u0107, on mu je odgovorio zavr\u0161i\u0107emo sve to samo da ne zna Piperovi\u0107. Sve je trebalo da se desi, pa da se vidi sva oko\u0161tenost dijela KS Crne Gore ili u prevodu ako se malo pobuni\u0161 \u010deka te drakonska kazna, a vjerovatno etiketa neprijatelja KSCG i dr\u017eave &#8211; rekao je Piperovi\u0107 za &#8220;Vijesti&#8221;.<\/p>\n<h3><strong><strong><strong><strong><strong><strong><strong><strong><strong><strong><strong><strong><strong><strong><strong><strong><a href=\"http:\/\/www.vijesti.me\/sport\/zoran-piperovic-nije-bilo-vrijedanja-clanak-20339\" target=\"_blank\">Pro\u010ditaj vijest do kraja &gt;&gt; Vijesti<\/a><\/strong><\/strong><\/strong><\/strong><\/strong><\/strong><\/strong><\/strong><\/strong><\/strong><\/strong><\/strong><\/strong><\/strong><\/strong><\/strong><\/h3>\n<p>&nbsp;<\/p>\n","protected":false},"excerpt":{"rendered":"<p>O\u010digledno oni znaju kako treba sa Ciganima, kao \u0161to bi rekao Joki\u0107, a nama ne preostaje ni\u0161ta drugo neko, ako ne na\u0111emo pare, da naredne sezone igramo u ligi Avganistana &#8211; ironi\u010dno je rekao prvi \u010dovjek Ulcinjana. Predsjednik Ulcinja Zoran Piperovi\u0107, nakon kazne koji im je izrekao komesar za takmi\u010denje Miomir M. Mugo\u0161a, bio je [&hellip;]<\/p>\n","protected":false},"author":1,"featured_media":0,"comment_status":"open","ping_status":"closed","sticky":false,"template":"","format":"standard","meta":{"spay_email":"","jetpack_publicize_message":"","jetpack_is_tweetstorm":false,"jetpack_publicize_feature_enabled":true},"categories":[8337],"tags":[4572,19,2133],"jetpack_publicize_connections":[],"yoast_head":"<!-- This site is optimized with the Yoast SEO plugin v19.1 - https:\/\/yoast.com\/wordpress\/plugins\/seo\/ -->\n<title>Zoran Piperovi\u0107: Nije bilo vrije\u0111anja - Lajme nga Ulqini<\/title>\n<meta name=\"description\" content=\"O\u010digledno oni znaju kako treba sa Ciganima, kao \u0161to bi rekao Joki\u0107, a nama ne preostaje ni\u0161ta drugo neko, ako ne na\u0111emo pare, da naredne sezone igramo u\" \/>\n<meta name=\"robots\" content=\"index, follow, max-snippet:-1, max-image-preview:large, max-video-preview:-1\" \/>\n<link rel=\"canonical\" href=\"https:\/\/www.visit-ulcinj.com\/blog\/2011\/05\/18\/zoran-piperovic-nije-bilo-vrijedanja\/\" \/>\n<meta property=\"og:locale\" content=\"en_US\" \/>\n<meta property=\"og:type\" content=\"article\" \/>\n<meta property=\"og:title\" content=\"Zoran Piperovi\u0107: Nije bilo vrije\u0111anja - Lajme nga Ulqini\" \/>\n<meta property=\"og:description\" content=\"O\u010digledno oni znaju kako treba sa Ciganima, kao \u0161to bi rekao Joki\u0107, a nama ne preostaje ni\u0161ta drugo neko, ako ne na\u0111emo pare, da naredne sezone igramo u\" \/>\n<meta property=\"og:url\" content=\"https:\/\/www.visit-ulcinj.com\/blog\/2011\/05\/18\/zoran-piperovic-nije-bilo-vrijedanja\/\" \/>\n<meta property=\"og:site_name\" content=\"Lajme nga Ulqini\" \/>\n<meta property=\"article:published_time\" content=\"2011-05-18T17:22:54+00:00\" \/>\n<meta property=\"article:modified_time\" content=\"2011-05-23T18:57:45+00:00\" \/>\n<meta property=\"og:image\" content=\"http:\/\/www.visit-ulcinj.com\/blog\/wp-content\/uploads\/2011\/05\/Zoran-Piperovic-_Foto_BORIS-PEJOVIC.jpg\" \/>\n<meta name=\"twitter:label1\" content=\"Written by\" \/>\n\t<meta name=\"twitter:data1\" content=\"ulqini\" \/>\n\t<meta name=\"twitter:label2\" content=\"Est. reading time\" \/>\n\t<meta name=\"twitter:data2\" content=\"1 minute\" \/>\n<script type=\"application\/ld+json\" class=\"yoast-schema-graph\">{\"@context\":\"https:\/\/schema.org\",\"@graph\":[{\"@type\":\"WebSite\",\"@id\":\"https:\/\/www.visit-ulcinj.com\/blog\/#website\",\"url\":\"https:\/\/www.visit-ulcinj.com\/blog\/\",\"name\":\"Lajme nga Ulqini\",\"description\":\"Lajme,Vijesti,Ulqini,Ulqin,Crna Gora,Mali i Zi\",\"potentialAction\":[{\"@type\":\"SearchAction\",\"target\":{\"@type\":\"EntryPoint\",\"urlTemplate\":\"https:\/\/www.visit-ulcinj.com\/blog\/?s={search_term_string}\"},\"query-input\":\"required name=search_term_string\"}],\"inLanguage\":\"en-US\"},{\"@type\":\"ImageObject\",\"inLanguage\":\"en-US\",\"@id\":\"https:\/\/www.visit-ulcinj.com\/blog\/2011\/05\/18\/zoran-piperovic-nije-bilo-vrijedanja\/#primaryimage\",\"url\":\"http:\/\/www.visit-ulcinj.com\/blog\/wp-content\/uploads\/2011\/05\/Zoran-Piperovic-_Foto_BORIS-PEJOVIC.jpg\",\"contentUrl\":\"http:\/\/www.visit-ulcinj.com\/blog\/wp-content\/uploads\/2011\/05\/Zoran-Piperovic-_Foto_BORIS-PEJOVIC.jpg\"},{\"@type\":\"WebPage\",\"@id\":\"https:\/\/www.visit-ulcinj.com\/blog\/2011\/05\/18\/zoran-piperovic-nije-bilo-vrijedanja\/#webpage\",\"url\":\"https:\/\/www.visit-ulcinj.com\/blog\/2011\/05\/18\/zoran-piperovic-nije-bilo-vrijedanja\/\",\"name\":\"Zoran Piperovi\u0107: Nije bilo vrije\u0111anja - Lajme nga Ulqini\",\"isPartOf\":{\"@id\":\"https:\/\/www.visit-ulcinj.com\/blog\/#website\"},\"primaryImageOfPage\":{\"@id\":\"https:\/\/www.visit-ulcinj.com\/blog\/2011\/05\/18\/zoran-piperovic-nije-bilo-vrijedanja\/#primaryimage\"},\"datePublished\":\"2011-05-18T17:22:54+00:00\",\"dateModified\":\"2011-05-23T18:57:45+00:00\",\"author\":{\"@id\":\"https:\/\/www.visit-ulcinj.com\/blog\/#\/schema\/person\/dcab619c614d3038751c63bc2aadc06d\"},\"description\":\"O\u010digledno oni znaju kako treba sa Ciganima, kao \u0161to bi rekao Joki\u0107, a nama ne preostaje ni\u0161ta drugo neko, ako ne na\u0111emo pare, da naredne sezone igramo u\",\"breadcrumb\":{\"@id\":\"https:\/\/www.visit-ulcinj.com\/blog\/2011\/05\/18\/zoran-piperovic-nije-bilo-vrijedanja\/#breadcrumb\"},\"inLanguage\":\"en-US\",\"potentialAction\":[{\"@type\":\"ReadAction\",\"target\":[\"https:\/\/www.visit-ulcinj.com\/blog\/2011\/05\/18\/zoran-piperovic-nije-bilo-vrijedanja\/\"]}]},{\"@type\":\"BreadcrumbList\",\"@id\":\"https:\/\/www.visit-ulcinj.com\/blog\/2011\/05\/18\/zoran-piperovic-nije-bilo-vrijedanja\/#breadcrumb\",\"itemListElement\":[{\"@type\":\"ListItem\",\"position\":1,\"name\":\"Zoran Piperovi\u0107: Nije bilo vrije\u0111anja\"}]},{\"@type\":\"Person\",\"@id\":\"https:\/\/www.visit-ulcinj.com\/blog\/#\/schema\/person\/dcab619c614d3038751c63bc2aadc06d\",\"name\":\"ulqini\",\"sameAs\":[\"http:\/\/www.visit-ulcinj.com\"],\"url\":\"https:\/\/www.visit-ulcinj.com\/blog\/author\/admin\/\"}]}<\/script>\n<!-- \/ Yoast SEO plugin. -->","yoast_head_json":{"title":"Zoran Piperovi\u0107: Nije bilo vrije\u0111anja - Lajme nga Ulqini","description":"O\u010digledno oni znaju kako treba sa Ciganima, kao \u0161to bi rekao Joki\u0107, a nama ne preostaje ni\u0161ta drugo neko, ako ne na\u0111emo pare, da naredne sezone igramo u","robots":{"index":"index","follow":"follow","max-snippet":"max-snippet:-1","max-image-preview":"max-image-preview:large","max-video-preview":"max-video-preview:-1"},"canonical":"https:\/\/www.visit-ulcinj.com\/blog\/2011\/05\/18\/zoran-piperovic-nije-bilo-vrijedanja\/","og_locale":"en_US","og_type":"article","og_title":"Zoran Piperovi\u0107: Nije bilo vrije\u0111anja - Lajme nga Ulqini","og_description":"O\u010digledno oni znaju kako treba sa Ciganima, kao \u0161to bi rekao Joki\u0107, a nama ne preostaje ni\u0161ta drugo neko, ako ne na\u0111emo pare, da naredne sezone igramo u","og_url":"https:\/\/www.visit-ulcinj.com\/blog\/2011\/05\/18\/zoran-piperovic-nije-bilo-vrijedanja\/","og_site_name":"Lajme nga Ulqini","article_published_time":"2011-05-18T17:22:54+00:00","article_modified_time":"2011-05-23T18:57:45+00:00","og_image":[{"url":"http:\/\/www.visit-ulcinj.com\/blog\/wp-content\/uploads\/2011\/05\/Zoran-Piperovic-_Foto_BORIS-PEJOVIC.jpg"}],"twitter_misc":{"Written by":"ulqini","Est. reading time":"1 minute"},"schema":{"@context":"https:\/\/schema.org","@graph":[{"@type":"WebSite","@id":"https:\/\/www.visit-ulcinj.com\/blog\/#website","url":"https:\/\/www.visit-ulcinj.com\/blog\/","name":"Lajme nga Ulqini","description":"Lajme,Vijesti,Ulqini,Ulqin,Crna Gora,Mali i Zi","potentialAction":[{"@type":"SearchAction","target":{"@type":"EntryPoint","urlTemplate":"https:\/\/www.visit-ulcinj.com\/blog\/?s={search_term_string}"},"query-input":"required name=search_term_string"}],"inLanguage":"en-US"},{"@type":"ImageObject","inLanguage":"en-US","@id":"https:\/\/www.visit-ulcinj.com\/blog\/2011\/05\/18\/zoran-piperovic-nije-bilo-vrijedanja\/#primaryimage","url":"http:\/\/www.visit-ulcinj.com\/blog\/wp-content\/uploads\/2011\/05\/Zoran-Piperovic-_Foto_BORIS-PEJOVIC.jpg","contentUrl":"http:\/\/www.visit-ulcinj.com\/blog\/wp-content\/uploads\/2011\/05\/Zoran-Piperovic-_Foto_BORIS-PEJOVIC.jpg"},{"@type":"WebPage","@id":"https:\/\/www.visit-ulcinj.com\/blog\/2011\/05\/18\/zoran-piperovic-nije-bilo-vrijedanja\/#webpage","url":"https:\/\/www.visit-ulcinj.com\/blog\/2011\/05\/18\/zoran-piperovic-nije-bilo-vrijedanja\/","name":"Zoran Piperovi\u0107: Nije bilo vrije\u0111anja - Lajme nga Ulqini","isPartOf":{"@id":"https:\/\/www.visit-ulcinj.com\/blog\/#website"},"primaryImageOfPage":{"@id":"https:\/\/www.visit-ulcinj.com\/blog\/2011\/05\/18\/zoran-piperovic-nije-bilo-vrijedanja\/#primaryimage"},"datePublished":"2011-05-18T17:22:54+00:00","dateModified":"2011-05-23T18:57:45+00:00","author":{"@id":"https:\/\/www.visit-ulcinj.com\/blog\/#\/schema\/person\/dcab619c614d3038751c63bc2aadc06d"},"description":"O\u010digledno oni znaju kako treba sa Ciganima, kao \u0161to bi rekao Joki\u0107, a nama ne preostaje ni\u0161ta drugo neko, ako ne na\u0111emo pare, da naredne sezone igramo u","breadcrumb":{"@id":"https:\/\/www.visit-ulcinj.com\/blog\/2011\/05\/18\/zoran-piperovic-nije-bilo-vrijedanja\/#breadcrumb"},"inLanguage":"en-US","potentialAction":[{"@type":"ReadAction","target":["https:\/\/www.visit-ulcinj.com\/blog\/2011\/05\/18\/zoran-piperovic-nije-bilo-vrijedanja\/"]}]},{"@type":"BreadcrumbList","@id":"https:\/\/www.visit-ulcinj.com\/blog\/2011\/05\/18\/zoran-piperovic-nije-bilo-vrijedanja\/#breadcrumb","itemListElement":[{"@type":"ListItem","position":1,"name":"Zoran Piperovi\u0107: Nije bilo vrije\u0111anja"}]},{"@type":"Person","@id":"https:\/\/www.visit-ulcinj.com\/blog\/#\/schema\/person\/dcab619c614d3038751c63bc2aadc06d","name":"ulqini","sameAs":["http:\/\/www.visit-ulcinj.com"],"url":"https:\/\/www.visit-ulcinj.com\/blog\/author\/admin\/"}]}},"jetpack_featured_media_url":"","jetpack_sharing_enabled":true,"jetpack_shortlink":"https:\/\/wp.me\/pe6lTn-c9E","_links":{"self":[{"href":"https:\/\/www.visit-ulcinj.com\/blog\/wp-json\/wp\/v2\/posts\/46726"}],"collection":[{"href":"https:\/\/www.visit-ulcinj.com\/blog\/wp-json\/wp\/v2\/posts"}],"about":[{"href":"https:\/\/www.visit-ulcinj.com\/blog\/wp-json\/wp\/v2\/types\/post"}],"author":[{"embeddable":true,"href":"https:\/\/www.visit-ulcinj.com\/blog\/wp-json\/wp\/v2\/users\/1"}],"replies":[{"embeddable":true,"href":"https:\/\/www.visit-ulcinj.com\/blog\/wp-json\/wp\/v2\/comments?post=46726"}],"version-history":[{"count":0,"href":"https:\/\/www.visit-ulcinj.com\/blog\/wp-json\/wp\/v2\/posts\/46726\/revisions"}],"wp:attachment":[{"href":"https:\/\/www.visit-ulcinj.com\/blog\/wp-json\/wp\/v2\/media?parent=46726"}],"wp:term":[{"taxonomy":"category","embeddable":true,"href":"https:\/\/www.visit-ulcinj.com\/blog\/wp-json\/wp\/v2\/categories?post=46726"},{"taxonomy":"post_tag","embeddable":true,"href":"https:\/\/www.visit-ulcinj.com\/blog\/wp-json\/wp\/v2\/tags?post=46726"}],"curies":[{"name":"wp","href":"https:\/\/api.w.org\/{rel}","templated":true}]}}