{"id":46739,"date":"2011-05-19T14:00:42","date_gmt":"2011-05-19T13:00:42","guid":{"rendered":"http:\/\/www.visit-ulcinj.com\/blog\/?p=46739"},"modified":"2011-05-19T14:00:42","modified_gmt":"2011-05-19T13:00:42","slug":"bashkpunim-me-i-mire-per-parandalimin-e-dhunes-ne-familje","status":"publish","type":"post","link":"https:\/\/www.visit-ulcinj.com\/blog\/2011\/05\/19\/bashkpunim-me-i-mire-per-parandalimin-e-dhunes-ne-familje\/","title":{"rendered":"Bashkpunim m\u00eb i mir\u00eb p\u00ebr parandalimin e dhun\u00ebs n\u00eb familje"},"content":{"rendered":"<p><a href=\"http:\/\/www.visit-ulcinj.com\/blog\/wp-content\/uploads\/2011\/05\/SOS-telefoni_per-parandalimin-e-dhunes-ne-familje.1.jpg\"><img loading=\"lazy\" class=\"alignleft size-full wp-image-46742\" title=\"SOS-telefoni_per parandalimin e dhunes ne familje.1\" src=\"http:\/\/www.visit-ulcinj.com\/blog\/wp-content\/uploads\/2011\/05\/SOS-telefoni_per-parandalimin-e-dhunes-ne-familje.1.jpg\" alt=\"\" width=\"508\" height=\"380\" srcset=\"https:\/\/www.visit-ulcinj.com\/blog\/wp-content\/uploads\/2011\/05\/SOS-telefoni_per-parandalimin-e-dhunes-ne-familje.1.jpg 991w, https:\/\/www.visit-ulcinj.com\/blog\/wp-content\/uploads\/2011\/05\/SOS-telefoni_per-parandalimin-e-dhunes-ne-familje.1-300x224.jpg 300w\" sizes=\"(max-width: 508px) 100vw, 508px\" \/><\/a><br \/>\nSOS-telefoni p\u00ebr femra dhe f\u00ebmij\u00eb viktima t\u00eb dhun\u00ebs  n\u00eb Ulqin ,nga data 14-t\u00eb deri m\u00eb 16-t\u00eb maj  mbajti seminari tredidor me tem\u00eb:\u201d preventiva efikase dhe mbrojtja nga dhuna n\u00eb familje\u201d,n\u00eb kuad\u00ebr t\u00eb projektit<\/p>\n<p>\u201eP\u00ebrkrahje viktimave t\u00eb dhun\u00ebs familjare,dhe p\u00ebrmirsimi i pozit\u00ebs s\u00eb tyre\u201c<br \/>\nme p\u00ebrkrahjen e Fondit p\u00ebr shoq\u00ebri aktive (FAKT) .<\/p>\n<p>Q\u00ebllimi i seminarit ishte  aft\u00ebsimi i an\u00ebtar\u00ebve t\u00eb ekipit multidisiplinar n\u00eb komun\u00ebn e Ulqinit p\u00ebr operim t\u00eb vazhduesh\u00ebm t\u00eb pun\u00ebs n\u00eb parandalimin e dhun\u00ebs n\u00eb familje ,q\u00eb n\u00eb k\u00ebt\u00eb m\u00ebnyr\u00eb t\u00eb krijohen kushte reale p\u00ebr funksionimin m\u00eb efikas dhe p\u00ebrmirsimin e trajtimit t\u00eb personave t\u00eb pambrojtur,k\u00ebsaj radhe viktimave t\u00eb dhun\u00ebs n\u00eb familje.N\u00eb k\u00ebt\u00eb ekip jan\u00eb t\u00eb ky\u00e7ur p\u00ebrfaqsuesit e policis\u00eb,Gjygjit,prokuroris\u00eb,Sht\u00ebpis\u00eb s\u00eb Sh\u00ebndetit,komun\u00ebs,Qendr\u00ebs p\u00ebr pun\u00eb sociale dhe SOS-telefoni p\u00ebr femra dhe f\u00ebmij\u00eb viktima t\u00eb dhun\u00ebs,t\u00eb cil\u00ebt kan\u00eb t\u00eb n\u00ebnshkruar edhe memorandumin e bashkpunimit.<br \/>\n<a href=\"http:\/\/www.visit-ulcinj.com\/blog\/wp-content\/uploads\/2011\/05\/SOS-telefoni_per-parandalimin-e-dhunes-ne-familje.2.jpg\"><img loading=\"lazy\" class=\"alignleft size-full wp-image-46743\" title=\"SOS-telefoni_per parandalimin e dhunes ne familje.2\" src=\"http:\/\/www.visit-ulcinj.com\/blog\/wp-content\/uploads\/2011\/05\/SOS-telefoni_per-parandalimin-e-dhunes-ne-familje.2.jpg\" alt=\"\" width=\"508\" height=\"360\" \/><\/a><br \/>\nSi\u00e7 njohfton drejtoresha e shoqat\u00ebs s\u00eb lart\u00ebp\u00ebrmendur, Hatixhe Nelaj temat  kryesore q\u00eb jan\u00eb trajtuar n\u00eb k\u00ebt\u00eb seminar\u00eb ishin:<br \/>\nNjohftimi i an\u00ebtar\u00ebve t\u00eb ekipit  multidisiplinar me efektet dhe pasojat e dhun\u00ebs kund\u00ebr grave dhe f\u00ebmij\u00ebve,si  ,tejkalimi i paragjykimeve tek punonj\u00ebsit n\u00eb institucione , q\u00eb  zvog\u00ebloj\u00eb efikasitetin gjat\u00eb intervenimit , masat parandaluese.<br \/>\n\u00cbsht\u00eb me r\u00ebnd\u00ebsi t\u00eb ve\u00e7ant\u00eb t\u00eb thuhet se k\u00ebtu kemi shk\u00ebmbyer p\u00ebrvojat e p\u00ebrbashk\u00ebta me p\u00ebrfaqsuesit e institucioneve n\u00eb lidhje me rastet e dhun\u00ebs n\u00eb familje.<br \/>\nVitet e fundit, jan\u00eb shtuar n\u00eb mas\u00eb rastet e denoncimit t\u00eb dhun\u00ebs n\u00eb familje,kjo jo si rritje e dhun\u00ebs por si vet\u00ebdinj\u00ebsim i gruas p\u00ebr t\u00eb paraqitur problemin .<br \/>\nSituata q\u00eb rezulton n\u00eb terren ka treguar se pa marr\u00eb parasysh\u00eb n\u00eb ndryshimet pozitive,institucionet e sistemit ende nuk jan\u00eb t\u00eb vet\u00ebdijshme se \u00e7far\u00eb pasojash bart dhuna n\u00eb familje p\u00ebr shoq\u00ebrin\u00eb n\u00eb p\u00ebrgjith\u00ebsi,dhe sa \u00ebsht\u00eb me r\u00ebnd\u00ebsi roli i tyre dhe veprimi n\u00eb parandalimin e k\u00ebtij fenomeni ,edhe pse pik\u00ebrisht ata thon\u00eb se numri m\u00eb i madh i rasteve delikuente,madje sjelljeve  kriminale jan\u00eb pasoj\u00eb  ku autor\u00ebt e krimeve i kan\u00eb p\u00ebrjetuar n\u00eb familjet e tyre,shton Nelaj.<\/p>\n<p>Nga konkludimet dal\u00eb nga ky trajnim \u00ebsht\u00eb p\u00ebrfunduar se duhet t\u00eb gjith\u00eb s\u00eb bashku t\u00eb punojm\u00eb n\u00eb forcimin e p\u00ebrkrahjes s\u00eb grave t\u00eb keqtrajtuara,t\u00eb q\u00ebndrojm\u00eb deri n\u00eb fund me q\u00ebndrimet tona p\u00ebr ndihm\u00ebn q\u00eb duhet ofruar kategoris\u00eb n\u00eb fjal\u00eb,q\u00eb mundi  i p\u00ebrbashk\u00ebt mos t\u00eb jet\u00eb i kot\u00eb.<br \/>\nMe nj\u00eb pun\u00eb t\u00eb p\u00ebrbashk\u00ebt dhe me evidenc\u00eb kualitative n\u00eb institucione do t\u00eb kontribojm\u00eb n\u00eb zbulimin m\u00eb t\u00eb shpejt\u00eb t\u00eb rasteve ,do t\u00eb kemi nj\u00eb trajtim m\u00eb t\u00eb mir\u00eb t\u00eb personave t\u00eb keqtrajtuara dhe do t\u00eb zvoglojm\u00eb numrin e rasteve.Vlen\u00eb t\u00eb ceket n\u00ebnvizon zonja Neljaj, se grat\u00eb shum\u00eb m\u00eb leht\u00eb kontaktojn\u00eb n\u00eb numrin e SOS telefonit,pasi q\u00eb gruaja shum\u00eb m\u00eb leht\u00eb e ka ti rr\u00ebfehet nj\u00eb gruaje se sa t\u00eb shkoj\u00eb direkt n\u00eb polici. Patjet\u00ebr duhet t\u00eb kemi edhe bashkpunim t\u00eb mir\u00eb me mjek\u00ebt t\u00eb cil\u00ebt t\u00eb par\u00ebt n\u00eb p\u00ebrgjith\u00ebsi jan\u00eb n\u00eb kontakt me grat\u00eb  viktima t\u00eb  dhun\u00ebs,t\u00eb cil\u00ebt jan\u00eb t\u00eb obliguar q\u00eb me kujdes t\u00eb madh dhe durim t\u00eb kryejn\u00eb shiqimin edhe t\u00eb b\u00ebjn\u00eb identifikimin e t\u00eb gjitha l\u00ebndimeve t\u00eb dukshme,ti ndihmojn\u00eb viktimat  dhe t\u00eb informojn\u00eb sh\u00ebrbimet p\u00ebrkat\u00ebse p\u00ebr rastin.<br \/>\n<a href=\"http:\/\/www.visit-ulcinj.com\/blog\/wp-content\/uploads\/2011\/05\/SOS-telefoni_per-parandalimin-e-dhunes-ne-familje.jpg\"><img loading=\"lazy\" class=\"alignleft size-full wp-image-46741\" title=\"SOS-telefoni_per parandalimin e dhunes ne familje\" src=\"http:\/\/www.visit-ulcinj.com\/blog\/wp-content\/uploads\/2011\/05\/SOS-telefoni_per-parandalimin-e-dhunes-ne-familje.jpg\" alt=\"\" width=\"508\" height=\"360\" \/><\/a><\/p>\n<p>Seminari \u00ebsht\u00eb udh\u00ebhequr nga  trajneret me nj\u00eb p\u00ebrvoj\u00eb t\u00eb bujshme n\u00eb k\u00ebt\u00eb fush\u00eb Bilana Zekoviq,drejtoresha e SOS telefonit n\u00eb Podgoric\u00eb,dhe Dr, Jelena Radulloviq nga Podgorica.<\/p>\n<p>Dhuna n\u00eb familje \u00ebsht\u00eb nj\u00eb dukuri prezente n\u00eb mbar\u00eb  bot\u00ebn,por mjaft e p\u00ebrhapur edhe n\u00eb shoq\u00ebrin\u00eb dhe rrethin tone q\u00eb nuk i  ka shp\u00ebtuar  ndikimit negativ t\u00eb saj\u00eb. Shpesh her\u00eb, grat\u00eb, f\u00ebmij\u00ebt dhe t\u00eb moshuarit, jan\u00eb t\u00eb rrezikuar pik\u00ebrisht aty ku duhet t\u00eb jen\u00eb m\u00eb t\u00eb mbrojtur, aty ku presin dashuri,siguri,  dhe p\u00ebrkrahje, n\u00eb familje,n\u00eb sht\u00ebpit\u00eb e tyre.<br \/>\nDhuna n\u00eb familje vjen e ligjeruar edhe nga zakonet e trashiguara t\u00eb rrethit patriarkal,por tashme nuk mund te vazhdoj\u00eb i nj\u00ebjti fenomen.Dhuna n\u00eb familje \u00ebsht\u00eb nj\u00eb dukuri diskriminuese e gruas dhe si e till\u00eb ajo duhet luftuar n\u00eb t\u00eb gjitha format e saj<br \/>\nSecili mund t\u00eb jet\u00eb viktim\u00eb e dhun\u00ebs n\u00eb familje. Dhuna \u00ebsht\u00eb nj\u00eb fenomen q\u00eb mund t&#8217;i ndodh \u00e7&#8217;dokujt pa patur parasysh mosh\u00ebn apo grup\u00ebn sociale ose ekonomike. Kjo mund t&#8217;ju ndodh edhe njer\u00ebzve me shkall\u00eb t\u00eb ndryshme arsimimi,kemi patur raste kun a jan\u00eb lajm\u00ebruar gra t\u00eb personave me funksione t\u00eb larta,t\u00eb cilat me vite t\u00eb t\u00ebra kan\u00eb duruar dhun\u00eb nga bashkshorti.Nuk \u00ebsht\u00eb dhun\u00eb vet\u00ebm dhuna fizike,dhuna ka disa f\u00ebtyra.<\/p>\n<p id=\"watch-headline-title\"><strong>SOS Telefoni 411-700 Ulqin &#8211; Ulqini &#8211; Hatixhe Nelaj<\/strong><br \/>\n<!--YouTube Error: bad URL entered--><\/p>\n<p>&nbsp;<\/p>\n","protected":false},"excerpt":{"rendered":"<p>SOS-telefoni p\u00ebr femra dhe f\u00ebmij\u00eb viktima t\u00eb dhun\u00ebs n\u00eb Ulqin ,nga data 14-t\u00eb deri m\u00eb 16-t\u00eb maj mbajti seminari tredidor me tem\u00eb:\u201d preventiva efikase dhe mbrojtja nga dhuna n\u00eb familje\u201d,n\u00eb kuad\u00ebr t\u00eb projektit \u201eP\u00ebrkrahje viktimave t\u00eb dhun\u00ebs familjare,dhe p\u00ebrmirsimi i pozit\u00ebs s\u00eb tyre\u201c me p\u00ebrkrahjen e Fondit p\u00ebr shoq\u00ebri aktive (FAKT) . Q\u00ebllimi i seminarit [&hellip;]<\/p>\n","protected":false},"author":1,"featured_media":0,"comment_status":"open","ping_status":"closed","sticky":false,"template":"","format":"standard","meta":{"spay_email":"","jetpack_publicize_message":"","jetpack_is_tweetstorm":false,"jetpack_publicize_feature_enabled":true},"categories":[11],"tags":[2041,5688,18231,5684,200,18],"jetpack_publicize_connections":[],"yoast_head":"<!-- This site is optimized with the Yoast SEO plugin v19.1 - https:\/\/yoast.com\/wordpress\/plugins\/seo\/ -->\n<title>Bashkpunim m\u00eb i mir\u00eb p\u00ebr parandalimin e dhun\u00ebs n\u00eb familje - Lajme nga Ulqini<\/title>\n<meta name=\"description\" content=\"SOS-telefoni p\u00ebr femra dhe f\u00ebmij\u00eb viktima t\u00eb dhun\u00ebs n\u00eb Ulqin ,nga data 14-t\u00eb deri m\u00eb 16-t\u00eb maj mbajti seminari tredidor me tem\u00eb:\u201d preventiva efikase dhe\" \/>\n<meta name=\"robots\" content=\"index, follow, max-snippet:-1, max-image-preview:large, max-video-preview:-1\" \/>\n<link rel=\"canonical\" href=\"https:\/\/www.visit-ulcinj.com\/blog\/2011\/05\/19\/bashkpunim-me-i-mire-per-parandalimin-e-dhunes-ne-familje\/\" \/>\n<meta property=\"og:locale\" content=\"en_US\" \/>\n<meta property=\"og:type\" content=\"article\" \/>\n<meta property=\"og:title\" content=\"Bashkpunim m\u00eb i mir\u00eb p\u00ebr parandalimin e dhun\u00ebs n\u00eb familje - Lajme nga Ulqini\" \/>\n<meta property=\"og:description\" content=\"SOS-telefoni p\u00ebr femra dhe f\u00ebmij\u00eb viktima t\u00eb dhun\u00ebs n\u00eb Ulqin ,nga data 14-t\u00eb deri m\u00eb 16-t\u00eb maj mbajti seminari tredidor me tem\u00eb:\u201d preventiva efikase dhe\" \/>\n<meta property=\"og:url\" content=\"https:\/\/www.visit-ulcinj.com\/blog\/2011\/05\/19\/bashkpunim-me-i-mire-per-parandalimin-e-dhunes-ne-familje\/\" \/>\n<meta property=\"og:site_name\" content=\"Lajme nga Ulqini\" \/>\n<meta property=\"article:published_time\" content=\"2011-05-19T13:00:42+00:00\" \/>\n<meta property=\"og:image\" content=\"http:\/\/www.visit-ulcinj.com\/blog\/wp-content\/uploads\/2011\/05\/SOS-telefoni_per-parandalimin-e-dhunes-ne-familje.1.jpg\" \/>\n<meta name=\"twitter:label1\" content=\"Written by\" \/>\n\t<meta name=\"twitter:data1\" content=\"ulqini\" \/>\n\t<meta name=\"twitter:label2\" content=\"Est. reading time\" \/>\n\t<meta name=\"twitter:data2\" content=\"4 minutes\" \/>\n<script type=\"application\/ld+json\" class=\"yoast-schema-graph\">{\"@context\":\"https:\/\/schema.org\",\"@graph\":[{\"@type\":\"WebSite\",\"@id\":\"https:\/\/www.visit-ulcinj.com\/blog\/#website\",\"url\":\"https:\/\/www.visit-ulcinj.com\/blog\/\",\"name\":\"Lajme nga Ulqini\",\"description\":\"Lajme,Vijesti,Ulqini,Ulqin,Crna Gora,Mali i Zi\",\"potentialAction\":[{\"@type\":\"SearchAction\",\"target\":{\"@type\":\"EntryPoint\",\"urlTemplate\":\"https:\/\/www.visit-ulcinj.com\/blog\/?s={search_term_string}\"},\"query-input\":\"required name=search_term_string\"}],\"inLanguage\":\"en-US\"},{\"@type\":\"ImageObject\",\"inLanguage\":\"en-US\",\"@id\":\"https:\/\/www.visit-ulcinj.com\/blog\/2011\/05\/19\/bashkpunim-me-i-mire-per-parandalimin-e-dhunes-ne-familje\/#primaryimage\",\"url\":\"https:\/\/www.visit-ulcinj.com\/blog\/wp-content\/uploads\/2011\/05\/SOS-telefoni_per-parandalimin-e-dhunes-ne-familje.1.jpg\",\"contentUrl\":\"https:\/\/www.visit-ulcinj.com\/blog\/wp-content\/uploads\/2011\/05\/SOS-telefoni_per-parandalimin-e-dhunes-ne-familje.1.jpg\",\"width\":\"991\",\"height\":\"743\"},{\"@type\":\"WebPage\",\"@id\":\"https:\/\/www.visit-ulcinj.com\/blog\/2011\/05\/19\/bashkpunim-me-i-mire-per-parandalimin-e-dhunes-ne-familje\/#webpage\",\"url\":\"https:\/\/www.visit-ulcinj.com\/blog\/2011\/05\/19\/bashkpunim-me-i-mire-per-parandalimin-e-dhunes-ne-familje\/\",\"name\":\"Bashkpunim m\u00eb i mir\u00eb p\u00ebr parandalimin e dhun\u00ebs n\u00eb familje - Lajme nga Ulqini\",\"isPartOf\":{\"@id\":\"https:\/\/www.visit-ulcinj.com\/blog\/#website\"},\"primaryImageOfPage\":{\"@id\":\"https:\/\/www.visit-ulcinj.com\/blog\/2011\/05\/19\/bashkpunim-me-i-mire-per-parandalimin-e-dhunes-ne-familje\/#primaryimage\"},\"datePublished\":\"2011-05-19T13:00:42+00:00\",\"dateModified\":\"2011-05-19T13:00:42+00:00\",\"author\":{\"@id\":\"https:\/\/www.visit-ulcinj.com\/blog\/#\/schema\/person\/dcab619c614d3038751c63bc2aadc06d\"},\"description\":\"SOS-telefoni p\u00ebr femra dhe f\u00ebmij\u00eb viktima t\u00eb dhun\u00ebs n\u00eb Ulqin ,nga data 14-t\u00eb deri m\u00eb 16-t\u00eb maj mbajti seminari tredidor me tem\u00eb:\u201d preventiva efikase dhe\",\"breadcrumb\":{\"@id\":\"https:\/\/www.visit-ulcinj.com\/blog\/2011\/05\/19\/bashkpunim-me-i-mire-per-parandalimin-e-dhunes-ne-familje\/#breadcrumb\"},\"inLanguage\":\"en-US\",\"potentialAction\":[{\"@type\":\"ReadAction\",\"target\":[\"https:\/\/www.visit-ulcinj.com\/blog\/2011\/05\/19\/bashkpunim-me-i-mire-per-parandalimin-e-dhunes-ne-familje\/\"]}]},{\"@type\":\"BreadcrumbList\",\"@id\":\"https:\/\/www.visit-ulcinj.com\/blog\/2011\/05\/19\/bashkpunim-me-i-mire-per-parandalimin-e-dhunes-ne-familje\/#breadcrumb\",\"itemListElement\":[{\"@type\":\"ListItem\",\"position\":1,\"name\":\"Bashkpunim m\u00eb i mir\u00eb p\u00ebr parandalimin e dhun\u00ebs n\u00eb familje\"}]},{\"@type\":\"Person\",\"@id\":\"https:\/\/www.visit-ulcinj.com\/blog\/#\/schema\/person\/dcab619c614d3038751c63bc2aadc06d\",\"name\":\"ulqini\",\"sameAs\":[\"http:\/\/www.visit-ulcinj.com\"],\"url\":\"https:\/\/www.visit-ulcinj.com\/blog\/author\/admin\/\"}]}<\/script>\n<!-- \/ Yoast SEO plugin. -->","yoast_head_json":{"title":"Bashkpunim m\u00eb i mir\u00eb p\u00ebr parandalimin e dhun\u00ebs n\u00eb familje - Lajme nga Ulqini","description":"SOS-telefoni p\u00ebr femra dhe f\u00ebmij\u00eb viktima t\u00eb dhun\u00ebs n\u00eb Ulqin ,nga data 14-t\u00eb deri m\u00eb 16-t\u00eb maj mbajti seminari tredidor me tem\u00eb:\u201d preventiva efikase dhe","robots":{"index":"index","follow":"follow","max-snippet":"max-snippet:-1","max-image-preview":"max-image-preview:large","max-video-preview":"max-video-preview:-1"},"canonical":"https:\/\/www.visit-ulcinj.com\/blog\/2011\/05\/19\/bashkpunim-me-i-mire-per-parandalimin-e-dhunes-ne-familje\/","og_locale":"en_US","og_type":"article","og_title":"Bashkpunim m\u00eb i mir\u00eb p\u00ebr parandalimin e dhun\u00ebs n\u00eb familje - Lajme nga Ulqini","og_description":"SOS-telefoni p\u00ebr femra dhe f\u00ebmij\u00eb viktima t\u00eb dhun\u00ebs n\u00eb Ulqin ,nga data 14-t\u00eb deri m\u00eb 16-t\u00eb maj mbajti seminari tredidor me tem\u00eb:\u201d preventiva efikase dhe","og_url":"https:\/\/www.visit-ulcinj.com\/blog\/2011\/05\/19\/bashkpunim-me-i-mire-per-parandalimin-e-dhunes-ne-familje\/","og_site_name":"Lajme nga Ulqini","article_published_time":"2011-05-19T13:00:42+00:00","og_image":[{"url":"http:\/\/www.visit-ulcinj.com\/blog\/wp-content\/uploads\/2011\/05\/SOS-telefoni_per-parandalimin-e-dhunes-ne-familje.1.jpg"}],"twitter_misc":{"Written by":"ulqini","Est. reading time":"4 minutes"},"schema":{"@context":"https:\/\/schema.org","@graph":[{"@type":"WebSite","@id":"https:\/\/www.visit-ulcinj.com\/blog\/#website","url":"https:\/\/www.visit-ulcinj.com\/blog\/","name":"Lajme nga Ulqini","description":"Lajme,Vijesti,Ulqini,Ulqin,Crna Gora,Mali i Zi","potentialAction":[{"@type":"SearchAction","target":{"@type":"EntryPoint","urlTemplate":"https:\/\/www.visit-ulcinj.com\/blog\/?s={search_term_string}"},"query-input":"required name=search_term_string"}],"inLanguage":"en-US"},{"@type":"ImageObject","inLanguage":"en-US","@id":"https:\/\/www.visit-ulcinj.com\/blog\/2011\/05\/19\/bashkpunim-me-i-mire-per-parandalimin-e-dhunes-ne-familje\/#primaryimage","url":"https:\/\/www.visit-ulcinj.com\/blog\/wp-content\/uploads\/2011\/05\/SOS-telefoni_per-parandalimin-e-dhunes-ne-familje.1.jpg","contentUrl":"https:\/\/www.visit-ulcinj.com\/blog\/wp-content\/uploads\/2011\/05\/SOS-telefoni_per-parandalimin-e-dhunes-ne-familje.1.jpg","width":"991","height":"743"},{"@type":"WebPage","@id":"https:\/\/www.visit-ulcinj.com\/blog\/2011\/05\/19\/bashkpunim-me-i-mire-per-parandalimin-e-dhunes-ne-familje\/#webpage","url":"https:\/\/www.visit-ulcinj.com\/blog\/2011\/05\/19\/bashkpunim-me-i-mire-per-parandalimin-e-dhunes-ne-familje\/","name":"Bashkpunim m\u00eb i mir\u00eb p\u00ebr parandalimin e dhun\u00ebs n\u00eb familje - Lajme nga Ulqini","isPartOf":{"@id":"https:\/\/www.visit-ulcinj.com\/blog\/#website"},"primaryImageOfPage":{"@id":"https:\/\/www.visit-ulcinj.com\/blog\/2011\/05\/19\/bashkpunim-me-i-mire-per-parandalimin-e-dhunes-ne-familje\/#primaryimage"},"datePublished":"2011-05-19T13:00:42+00:00","dateModified":"2011-05-19T13:00:42+00:00","author":{"@id":"https:\/\/www.visit-ulcinj.com\/blog\/#\/schema\/person\/dcab619c614d3038751c63bc2aadc06d"},"description":"SOS-telefoni p\u00ebr femra dhe f\u00ebmij\u00eb viktima t\u00eb dhun\u00ebs n\u00eb Ulqin ,nga data 14-t\u00eb deri m\u00eb 16-t\u00eb maj mbajti seminari tredidor me tem\u00eb:\u201d preventiva efikase dhe","breadcrumb":{"@id":"https:\/\/www.visit-ulcinj.com\/blog\/2011\/05\/19\/bashkpunim-me-i-mire-per-parandalimin-e-dhunes-ne-familje\/#breadcrumb"},"inLanguage":"en-US","potentialAction":[{"@type":"ReadAction","target":["https:\/\/www.visit-ulcinj.com\/blog\/2011\/05\/19\/bashkpunim-me-i-mire-per-parandalimin-e-dhunes-ne-familje\/"]}]},{"@type":"BreadcrumbList","@id":"https:\/\/www.visit-ulcinj.com\/blog\/2011\/05\/19\/bashkpunim-me-i-mire-per-parandalimin-e-dhunes-ne-familje\/#breadcrumb","itemListElement":[{"@type":"ListItem","position":1,"name":"Bashkpunim m\u00eb i mir\u00eb p\u00ebr parandalimin e dhun\u00ebs n\u00eb familje"}]},{"@type":"Person","@id":"https:\/\/www.visit-ulcinj.com\/blog\/#\/schema\/person\/dcab619c614d3038751c63bc2aadc06d","name":"ulqini","sameAs":["http:\/\/www.visit-ulcinj.com"],"url":"https:\/\/www.visit-ulcinj.com\/blog\/author\/admin\/"}]}},"jetpack_featured_media_url":"","jetpack_sharing_enabled":true,"jetpack_shortlink":"https:\/\/wp.me\/pe6lTn-c9R","_links":{"self":[{"href":"https:\/\/www.visit-ulcinj.com\/blog\/wp-json\/wp\/v2\/posts\/46739"}],"collection":[{"href":"https:\/\/www.visit-ulcinj.com\/blog\/wp-json\/wp\/v2\/posts"}],"about":[{"href":"https:\/\/www.visit-ulcinj.com\/blog\/wp-json\/wp\/v2\/types\/post"}],"author":[{"embeddable":true,"href":"https:\/\/www.visit-ulcinj.com\/blog\/wp-json\/wp\/v2\/users\/1"}],"replies":[{"embeddable":true,"href":"https:\/\/www.visit-ulcinj.com\/blog\/wp-json\/wp\/v2\/comments?post=46739"}],"version-history":[{"count":0,"href":"https:\/\/www.visit-ulcinj.com\/blog\/wp-json\/wp\/v2\/posts\/46739\/revisions"}],"wp:attachment":[{"href":"https:\/\/www.visit-ulcinj.com\/blog\/wp-json\/wp\/v2\/media?parent=46739"}],"wp:term":[{"taxonomy":"category","embeddable":true,"href":"https:\/\/www.visit-ulcinj.com\/blog\/wp-json\/wp\/v2\/categories?post=46739"},{"taxonomy":"post_tag","embeddable":true,"href":"https:\/\/www.visit-ulcinj.com\/blog\/wp-json\/wp\/v2\/tags?post=46739"}],"curies":[{"name":"wp","href":"https:\/\/api.w.org\/{rel}","templated":true}]}}