{"id":46760,"date":"2011-05-20T20:15:19","date_gmt":"2011-05-20T19:15:19","guid":{"rendered":"http:\/\/www.visit-ulcinj.com\/blog\/?p=46760"},"modified":"2011-05-20T20:16:52","modified_gmt":"2011-05-20T19:16:52","slug":"edhe-partite-shqiptare-perkrahin-themelimin-rekom-it","status":"publish","type":"post","link":"https:\/\/www.visit-ulcinj.com\/blog\/2011\/05\/20\/edhe-partite-shqiptare-perkrahin-themelimin-rekom-it\/","title":{"rendered":"Edhe partit\u00eb shqiptare p\u00ebrkrahin themelimin REKOM-it"},"content":{"rendered":"<p><a href=\"http:\/\/www.visit-ulcinj.com\/blog\/wp-content\/uploads\/2011\/05\/AMIR-HOLLAJ.jpg\"><img loading=\"lazy\" class=\"alignleft size-full wp-image-46761\" title=\"AMIR HOLLAJ\" src=\"http:\/\/www.visit-ulcinj.com\/blog\/wp-content\/uploads\/2011\/05\/AMIR-HOLLAJ.jpg\" alt=\"\" width=\"508\" height=\"380\" \/><\/a><\/p>\n<p>Klubi i partive nacionale shqiptare n\u00eb Kuvendin e Malit t\u00eb Zi ka mb\u00ebshtetur themelimin e Komisionit rajonal i cili do t\u00eb merret me v\u00ebrtetimin e fakteve p\u00ebr krimet e luft\u00ebs dhe shkeljet e tjera t\u00eb r\u00ebnda t\u00eb t\u00eb drejtave t\u00eb njeriut n\u00eb territorin e ish Jugosllavis\u00eb.<\/p>\n<p>N\u00eb kuad\u00ebr t\u00eb konsultimeve me partit\u00eb parlamentare p\u00ebrfaq\u00ebsuesit e koalicionit p\u00ebr REKOM n\u00eb Mal t\u00eb Zi Dragolub Vukoviq, Mirela Rebronja dhe Marina Vukoviq biseduan dje n\u00eb Podgoric\u00eb me kryetarin e klubit t\u00eb partive nacionale shqiptare Amir Hollaj.<\/p>\n<p>Ai , si kryetar i klubit t\u00eb deputet\u00ebve shqiptar\u00eb ka theksuar se q\u00ebndrimi i tyre p\u00ebr k\u00ebt\u00eb \u00e7\u00ebshtje \u00ebsht\u00eb unik , respektivisht se q\u00ebllimet t\u00eb cilat duhet ti realizoj\u00eb REKOM jan\u00eb m\u00eb tep\u00ebr se t\u00eb nevojshme p\u00ebr shoq\u00ebrin\u00eb malazeze. Koalicioni p\u00ebr REKOM ka paralajm\u00ebruar se konsultimet do t\u00eb vazhdojn\u00eb gjat\u00eb dit\u00ebve t\u00eb ardhshme.<\/p>\n<p><strong>RTCG<\/strong><\/p>\n<p><strong><a title=\"REKOM\" href=\"http:\/\/support.zarekom.org\/intro.php\" target=\"_blank\"><img loading=\"lazy\" class=\"alignleft size-large wp-image-46763\" title=\"recom_logo_black\" src=\"http:\/\/www.visit-ulcinj.com\/blog\/wp-content\/uploads\/2011\/05\/recom_logo_black1-1024x248.jpg\" alt=\"\" width=\"508\" height=\"248\" \/><\/a><br \/>\n<\/strong><br \/>\nKoalicioni p\u00ebr KOMRA mbledh\u00eb m\u00eb shum\u00eb se 1500 shoqata t\u00eb viktimave,  organizata dhe individ\u00eb nga t\u00eb gjitha shtetet e ish-RSFJ-s\u00eb. N\u00eb mesin e  tyre jan\u00eb shoqatat e familjar\u00ebve t\u00eb t\u00eb zhdukurve, veteran\u00eb, gazetar\u00eb,  pakica, organizata p\u00ebr t\u00eb drejtat e njeriut. Koalicioni avokon formimin e  KOMRA-s, Komisionin Regjional i Ngarkuar me Gjetjen e Fakteve p\u00ebr t\u00eb  Gjitha Viktimat e Krimeve t\u00eb Luft\u00ebs dhe Shkeljeve Tjera t\u00eb R\u00ebnda t\u00eb  Drejtave t\u00eb Njeriut t\u00eb Kryera n\u00eb Territorin e ish-Jugosllavis\u00eb n\u00eb  periudh\u00ebn kohore nga viti 1991 deri n\u00eb vitin 2001.<\/p>\n<h2><strong><a href=\"http:\/\/support.zarekom.org\/petition.php\">N\u00ebnshkruaje nism\u00ebn k\u00ebtu!<\/a><\/strong><\/h2>\n<p><strong><br \/>\n<\/strong><\/p>\n<p>&nbsp;<\/p>\n","protected":false},"excerpt":{"rendered":"<p>Klubi i partive nacionale shqiptare n\u00eb Kuvendin e Malit t\u00eb Zi ka mb\u00ebshtetur themelimin e Komisionit rajonal i cili do t\u00eb merret me v\u00ebrtetimin e fakteve p\u00ebr krimet e luft\u00ebs dhe shkeljet e tjera t\u00eb r\u00ebnda t\u00eb t\u00eb drejtave t\u00eb njeriut n\u00eb territorin e ish Jugosllavis\u00eb. N\u00eb kuad\u00ebr t\u00eb konsultimeve me partit\u00eb parlamentare p\u00ebrfaq\u00ebsuesit e [&hellip;]<\/p>\n","protected":false},"author":1,"featured_media":0,"comment_status":"open","ping_status":"closed","sticky":false,"template":"","format":"standard","meta":{"spay_email":"","jetpack_publicize_message":"","jetpack_is_tweetstorm":false,"jetpack_publicize_feature_enabled":true},"categories":[6],"tags":[1303,18274],"jetpack_publicize_connections":[],"yoast_head":"<!-- This site is optimized with the Yoast SEO plugin v19.1 - https:\/\/yoast.com\/wordpress\/plugins\/seo\/ -->\n<title>Edhe partit\u00eb shqiptare p\u00ebrkrahin themelimin REKOM-it - Lajme nga Ulqini<\/title>\n<meta name=\"description\" content=\"Klubi i partive nacionale shqiptare n\u00eb Kuvendin e Malit t\u00eb Zi ka mb\u00ebshtetur themelimin e Komisionit rajonal i cili do t\u00eb merret me v\u00ebrtetimin e fakteve\" \/>\n<meta name=\"robots\" content=\"index, follow, max-snippet:-1, max-image-preview:large, max-video-preview:-1\" \/>\n<link rel=\"canonical\" href=\"https:\/\/www.visit-ulcinj.com\/blog\/2011\/05\/20\/edhe-partite-shqiptare-perkrahin-themelimin-rekom-it\/\" \/>\n<meta property=\"og:locale\" content=\"en_US\" \/>\n<meta property=\"og:type\" content=\"article\" \/>\n<meta property=\"og:title\" content=\"Edhe partit\u00eb shqiptare p\u00ebrkrahin themelimin REKOM-it - Lajme nga Ulqini\" \/>\n<meta property=\"og:description\" content=\"Klubi i partive nacionale shqiptare n\u00eb Kuvendin e Malit t\u00eb Zi ka mb\u00ebshtetur themelimin e Komisionit rajonal i cili do t\u00eb merret me v\u00ebrtetimin e fakteve\" \/>\n<meta property=\"og:url\" content=\"https:\/\/www.visit-ulcinj.com\/blog\/2011\/05\/20\/edhe-partite-shqiptare-perkrahin-themelimin-rekom-it\/\" \/>\n<meta property=\"og:site_name\" content=\"Lajme nga Ulqini\" \/>\n<meta property=\"article:published_time\" content=\"2011-05-20T19:15:19+00:00\" \/>\n<meta property=\"article:modified_time\" content=\"2011-05-20T19:16:52+00:00\" \/>\n<meta property=\"og:image\" content=\"http:\/\/www.visit-ulcinj.com\/blog\/wp-content\/uploads\/2011\/05\/AMIR-HOLLAJ.jpg\" \/>\n<meta name=\"twitter:label1\" content=\"Written by\" \/>\n\t<meta name=\"twitter:data1\" content=\"ulqini\" \/>\n\t<meta name=\"twitter:label2\" content=\"Est. reading time\" \/>\n\t<meta name=\"twitter:data2\" content=\"1 minute\" \/>\n<script type=\"application\/ld+json\" class=\"yoast-schema-graph\">{\"@context\":\"https:\/\/schema.org\",\"@graph\":[{\"@type\":\"WebSite\",\"@id\":\"https:\/\/www.visit-ulcinj.com\/blog\/#website\",\"url\":\"https:\/\/www.visit-ulcinj.com\/blog\/\",\"name\":\"Lajme nga Ulqini\",\"description\":\"Lajme,Vijesti,Ulqini,Ulqin,Crna Gora,Mali i Zi\",\"potentialAction\":[{\"@type\":\"SearchAction\",\"target\":{\"@type\":\"EntryPoint\",\"urlTemplate\":\"https:\/\/www.visit-ulcinj.com\/blog\/?s={search_term_string}\"},\"query-input\":\"required name=search_term_string\"}],\"inLanguage\":\"en-US\"},{\"@type\":\"ImageObject\",\"inLanguage\":\"en-US\",\"@id\":\"https:\/\/www.visit-ulcinj.com\/blog\/2011\/05\/20\/edhe-partite-shqiptare-perkrahin-themelimin-rekom-it\/#primaryimage\",\"url\":\"https:\/\/www.visit-ulcinj.com\/blog\/wp-content\/uploads\/2011\/05\/AMIR-HOLLAJ.jpg\",\"contentUrl\":\"https:\/\/www.visit-ulcinj.com\/blog\/wp-content\/uploads\/2011\/05\/AMIR-HOLLAJ.jpg\",\"width\":\"1000\",\"height\":\"713\"},{\"@type\":\"WebPage\",\"@id\":\"https:\/\/www.visit-ulcinj.com\/blog\/2011\/05\/20\/edhe-partite-shqiptare-perkrahin-themelimin-rekom-it\/#webpage\",\"url\":\"https:\/\/www.visit-ulcinj.com\/blog\/2011\/05\/20\/edhe-partite-shqiptare-perkrahin-themelimin-rekom-it\/\",\"name\":\"Edhe partit\u00eb shqiptare p\u00ebrkrahin themelimin REKOM-it - Lajme nga Ulqini\",\"isPartOf\":{\"@id\":\"https:\/\/www.visit-ulcinj.com\/blog\/#website\"},\"primaryImageOfPage\":{\"@id\":\"https:\/\/www.visit-ulcinj.com\/blog\/2011\/05\/20\/edhe-partite-shqiptare-perkrahin-themelimin-rekom-it\/#primaryimage\"},\"datePublished\":\"2011-05-20T19:15:19+00:00\",\"dateModified\":\"2011-05-20T19:16:52+00:00\",\"author\":{\"@id\":\"https:\/\/www.visit-ulcinj.com\/blog\/#\/schema\/person\/dcab619c614d3038751c63bc2aadc06d\"},\"description\":\"Klubi i partive nacionale shqiptare n\u00eb Kuvendin e Malit t\u00eb Zi ka mb\u00ebshtetur themelimin e Komisionit rajonal i cili do t\u00eb merret me v\u00ebrtetimin e fakteve\",\"breadcrumb\":{\"@id\":\"https:\/\/www.visit-ulcinj.com\/blog\/2011\/05\/20\/edhe-partite-shqiptare-perkrahin-themelimin-rekom-it\/#breadcrumb\"},\"inLanguage\":\"en-US\",\"potentialAction\":[{\"@type\":\"ReadAction\",\"target\":[\"https:\/\/www.visit-ulcinj.com\/blog\/2011\/05\/20\/edhe-partite-shqiptare-perkrahin-themelimin-rekom-it\/\"]}]},{\"@type\":\"BreadcrumbList\",\"@id\":\"https:\/\/www.visit-ulcinj.com\/blog\/2011\/05\/20\/edhe-partite-shqiptare-perkrahin-themelimin-rekom-it\/#breadcrumb\",\"itemListElement\":[{\"@type\":\"ListItem\",\"position\":1,\"name\":\"Edhe partit\u00eb shqiptare p\u00ebrkrahin themelimin REKOM-it\"}]},{\"@type\":\"Person\",\"@id\":\"https:\/\/www.visit-ulcinj.com\/blog\/#\/schema\/person\/dcab619c614d3038751c63bc2aadc06d\",\"name\":\"ulqini\",\"sameAs\":[\"http:\/\/www.visit-ulcinj.com\"],\"url\":\"https:\/\/www.visit-ulcinj.com\/blog\/author\/admin\/\"}]}<\/script>\n<!-- \/ Yoast SEO plugin. -->","yoast_head_json":{"title":"Edhe partit\u00eb shqiptare p\u00ebrkrahin themelimin REKOM-it - Lajme nga Ulqini","description":"Klubi i partive nacionale shqiptare n\u00eb Kuvendin e Malit t\u00eb Zi ka mb\u00ebshtetur themelimin e Komisionit rajonal i cili do t\u00eb merret me v\u00ebrtetimin e fakteve","robots":{"index":"index","follow":"follow","max-snippet":"max-snippet:-1","max-image-preview":"max-image-preview:large","max-video-preview":"max-video-preview:-1"},"canonical":"https:\/\/www.visit-ulcinj.com\/blog\/2011\/05\/20\/edhe-partite-shqiptare-perkrahin-themelimin-rekom-it\/","og_locale":"en_US","og_type":"article","og_title":"Edhe partit\u00eb shqiptare p\u00ebrkrahin themelimin REKOM-it - Lajme nga Ulqini","og_description":"Klubi i partive nacionale shqiptare n\u00eb Kuvendin e Malit t\u00eb Zi ka mb\u00ebshtetur themelimin e Komisionit rajonal i cili do t\u00eb merret me v\u00ebrtetimin e fakteve","og_url":"https:\/\/www.visit-ulcinj.com\/blog\/2011\/05\/20\/edhe-partite-shqiptare-perkrahin-themelimin-rekom-it\/","og_site_name":"Lajme nga Ulqini","article_published_time":"2011-05-20T19:15:19+00:00","article_modified_time":"2011-05-20T19:16:52+00:00","og_image":[{"url":"http:\/\/www.visit-ulcinj.com\/blog\/wp-content\/uploads\/2011\/05\/AMIR-HOLLAJ.jpg"}],"twitter_misc":{"Written by":"ulqini","Est. reading time":"1 minute"},"schema":{"@context":"https:\/\/schema.org","@graph":[{"@type":"WebSite","@id":"https:\/\/www.visit-ulcinj.com\/blog\/#website","url":"https:\/\/www.visit-ulcinj.com\/blog\/","name":"Lajme nga Ulqini","description":"Lajme,Vijesti,Ulqini,Ulqin,Crna Gora,Mali i Zi","potentialAction":[{"@type":"SearchAction","target":{"@type":"EntryPoint","urlTemplate":"https:\/\/www.visit-ulcinj.com\/blog\/?s={search_term_string}"},"query-input":"required name=search_term_string"}],"inLanguage":"en-US"},{"@type":"ImageObject","inLanguage":"en-US","@id":"https:\/\/www.visit-ulcinj.com\/blog\/2011\/05\/20\/edhe-partite-shqiptare-perkrahin-themelimin-rekom-it\/#primaryimage","url":"https:\/\/www.visit-ulcinj.com\/blog\/wp-content\/uploads\/2011\/05\/AMIR-HOLLAJ.jpg","contentUrl":"https:\/\/www.visit-ulcinj.com\/blog\/wp-content\/uploads\/2011\/05\/AMIR-HOLLAJ.jpg","width":"1000","height":"713"},{"@type":"WebPage","@id":"https:\/\/www.visit-ulcinj.com\/blog\/2011\/05\/20\/edhe-partite-shqiptare-perkrahin-themelimin-rekom-it\/#webpage","url":"https:\/\/www.visit-ulcinj.com\/blog\/2011\/05\/20\/edhe-partite-shqiptare-perkrahin-themelimin-rekom-it\/","name":"Edhe partit\u00eb shqiptare p\u00ebrkrahin themelimin REKOM-it - Lajme nga Ulqini","isPartOf":{"@id":"https:\/\/www.visit-ulcinj.com\/blog\/#website"},"primaryImageOfPage":{"@id":"https:\/\/www.visit-ulcinj.com\/blog\/2011\/05\/20\/edhe-partite-shqiptare-perkrahin-themelimin-rekom-it\/#primaryimage"},"datePublished":"2011-05-20T19:15:19+00:00","dateModified":"2011-05-20T19:16:52+00:00","author":{"@id":"https:\/\/www.visit-ulcinj.com\/blog\/#\/schema\/person\/dcab619c614d3038751c63bc2aadc06d"},"description":"Klubi i partive nacionale shqiptare n\u00eb Kuvendin e Malit t\u00eb Zi ka mb\u00ebshtetur themelimin e Komisionit rajonal i cili do t\u00eb merret me v\u00ebrtetimin e fakteve","breadcrumb":{"@id":"https:\/\/www.visit-ulcinj.com\/blog\/2011\/05\/20\/edhe-partite-shqiptare-perkrahin-themelimin-rekom-it\/#breadcrumb"},"inLanguage":"en-US","potentialAction":[{"@type":"ReadAction","target":["https:\/\/www.visit-ulcinj.com\/blog\/2011\/05\/20\/edhe-partite-shqiptare-perkrahin-themelimin-rekom-it\/"]}]},{"@type":"BreadcrumbList","@id":"https:\/\/www.visit-ulcinj.com\/blog\/2011\/05\/20\/edhe-partite-shqiptare-perkrahin-themelimin-rekom-it\/#breadcrumb","itemListElement":[{"@type":"ListItem","position":1,"name":"Edhe partit\u00eb shqiptare p\u00ebrkrahin themelimin REKOM-it"}]},{"@type":"Person","@id":"https:\/\/www.visit-ulcinj.com\/blog\/#\/schema\/person\/dcab619c614d3038751c63bc2aadc06d","name":"ulqini","sameAs":["http:\/\/www.visit-ulcinj.com"],"url":"https:\/\/www.visit-ulcinj.com\/blog\/author\/admin\/"}]}},"jetpack_featured_media_url":"","jetpack_sharing_enabled":true,"jetpack_shortlink":"https:\/\/wp.me\/pe6lTn-cac","_links":{"self":[{"href":"https:\/\/www.visit-ulcinj.com\/blog\/wp-json\/wp\/v2\/posts\/46760"}],"collection":[{"href":"https:\/\/www.visit-ulcinj.com\/blog\/wp-json\/wp\/v2\/posts"}],"about":[{"href":"https:\/\/www.visit-ulcinj.com\/blog\/wp-json\/wp\/v2\/types\/post"}],"author":[{"embeddable":true,"href":"https:\/\/www.visit-ulcinj.com\/blog\/wp-json\/wp\/v2\/users\/1"}],"replies":[{"embeddable":true,"href":"https:\/\/www.visit-ulcinj.com\/blog\/wp-json\/wp\/v2\/comments?post=46760"}],"version-history":[{"count":0,"href":"https:\/\/www.visit-ulcinj.com\/blog\/wp-json\/wp\/v2\/posts\/46760\/revisions"}],"wp:attachment":[{"href":"https:\/\/www.visit-ulcinj.com\/blog\/wp-json\/wp\/v2\/media?parent=46760"}],"wp:term":[{"taxonomy":"category","embeddable":true,"href":"https:\/\/www.visit-ulcinj.com\/blog\/wp-json\/wp\/v2\/categories?post=46760"},{"taxonomy":"post_tag","embeddable":true,"href":"https:\/\/www.visit-ulcinj.com\/blog\/wp-json\/wp\/v2\/tags?post=46760"}],"curies":[{"name":"wp","href":"https:\/\/api.w.org\/{rel}","templated":true}]}}