{"id":46783,"date":"2011-05-21T06:51:02","date_gmt":"2011-05-21T05:51:02","guid":{"rendered":"http:\/\/www.visit-ulcinj.com\/blog\/?p=46783"},"modified":"2011-05-21T06:52:34","modified_gmt":"2011-05-21T05:52:34","slug":"razvoj-zenskog-fudbala-u-ulcinju","status":"publish","type":"post","link":"https:\/\/www.visit-ulcinj.com\/blog\/2011\/05\/21\/razvoj-zenskog-fudbala-u-ulcinju\/","title":{"rendered":"Razvoj \u017eenskog fudbala u Ulcinju"},"content":{"rendered":"<p><strong><a href=\"http:\/\/www.visit-ulcinj.com\/blog\/wp-content\/uploads\/2011\/05\/Razvoj-zenskog-fudbala-u-Ulcinju1.jpg\"><img loading=\"lazy\" class=\"alignleft size-full wp-image-46786\" title=\"Razvoj zenskog fudbala u Ulcinju\" src=\"http:\/\/www.visit-ulcinj.com\/blog\/wp-content\/uploads\/2011\/05\/Razvoj-zenskog-fudbala-u-Ulcinju1.jpg\" alt=\"\" width=\"330\" height=\"235\" \/><\/a>Mlade, talentovane i uporne<\/strong><\/p>\n<p>ULCINJ &#8211; \u017denska fudbalska sekcija, koja je po\u010dela sa radom prije tri mjeseca u okviru \u0160kolskog centra \u201eBratstvo i jedinstvo\u201c, uskoro \u0107e postati prvi \u017eenski fudbalski klub u Ulcinju. Devetnaest djevojaka okupljenih u ovom timu pokazale su upornost, volju, ali i veliki talenat. Profesor fizi\u010dkog vaspitanja Drago Vuk\u010devi\u0107 pokrenuo je \u010ditavu ideju, ali i pored velikog entuzijazma i volje nije o\u010dekivao ovako veliko interesovanje za \u017eenski fudbal.<\/p>\n<p>&#8211; Mimo svih mojih o\u010dekivanja, interesovanje je veliko i broj djevojaka koje aktivno treniraju je iz nedjelje u nedjelju sve ve\u0107i. Dobar dio djevojaka je ovladao sasvim korektno osnovnim elementima i tehnikom fudbala \u2013 s ponosom govori Drago.<\/p>\n<p>Za sada, ovaj fudbalski tim \u010dine 12 Albanki, pet Crnogorki i dvije Romkinje starosti od 14 do 18 godina. Ve\u0107ina djevojaka su i odli\u010dni \u0111aci.<\/p>\n<p>&#8211; Deset djevojaka je nevjerovatno talentovano. Ostale djevojke jako brzo u\u010de, a ono \u0161to je najva\u017enije \u2013 sve imaju volju i upornost, a to su osobine koje su neophodne u svakom sportu \u2013 ka\u017ee Drago. U radu mu poma\u017ee kolega Sergej Vujo\u0161evi\u0107.<\/p>\n<p>Iako sekcija radi u okviru \u0160C \u201eBratstvo i jedinstvo\u201c, fudbalskom timu su pridru\u017eene i \u010detiri u\u010denice O\u0160 \u201eMar\u0161al Tito\u201c. Treninzi se odvijaju u sporskoj sali \u0161kole i na fudbalskim terenima \u201eCau\u0161evi\u0107\u201c.<\/p>\n<p>&#8211; Po\u010dela sam da treniram prije dvije nedjelje. Privla\u010di me fudbal kao sport, a re\u010deno mi je da imam dobre predispozicije. Mnogi su bili iznena\u0111eni ovom mojom odlukom \u2013 rekla nam je Stanka (18).<\/p>\n<p>U Fudbalskom savezu Crne Gore su podr\u017eali razvoj \u017eenskog fudbala u Ulcinju, pa \u0107e se tako ova ekipa uskoro uklju\u010diti i u takmi\u010denja. Na teritoriji Crne Gore postoji \u0161est \u017eenskih fudbalskih klubova.<br \/>\n<strong><a href=\"http:\/\/pobjeda.co.me\/citanje.php?datum=2011-05-19&amp;id=209324\" target=\"_blank\">A. \u017divanovi\u0107<br \/>\nPobjeda<\/a><\/strong><\/p>\n<p>&nbsp;<\/p>\n","protected":false},"excerpt":{"rendered":"<p>Mlade, talentovane i uporne ULCINJ &#8211; \u017denska fudbalska sekcija, koja je po\u010dela sa radom prije tri mjeseca u okviru \u0160kolskog centra \u201eBratstvo i jedinstvo\u201c, uskoro \u0107e postati prvi \u017eenski fudbalski klub u Ulcinju. Devetnaest djevojaka okupljenih u ovom timu pokazale su upornost, volju, ali i veliki talenat. Profesor fizi\u010dkog vaspitanja Drago Vuk\u010devi\u0107 pokrenuo je \u010ditavu [&hellip;]<\/p>\n","protected":false},"author":1,"featured_media":0,"comment_status":"open","ping_status":"closed","sticky":false,"template":"","format":"standard","meta":{"spay_email":"","jetpack_publicize_message":"","jetpack_is_tweetstorm":false,"jetpack_publicize_feature_enabled":true},"categories":[8337],"tags":[19],"jetpack_publicize_connections":[],"yoast_head":"<!-- This site is optimized with the Yoast SEO plugin v19.1 - https:\/\/yoast.com\/wordpress\/plugins\/seo\/ -->\n<title>Razvoj \u017eenskog fudbala u Ulcinju - Lajme nga Ulqini<\/title>\n<meta name=\"description\" content=\"Mlade, talentovane i uporne ULCINJ - \u017denska fudbalska sekcija, koja je po\u010dela sa radom prije tri mjeseca u okviru \u0160kolskog centra \u201eBratstvo i jedinstvo\u201c,\" \/>\n<meta name=\"robots\" content=\"index, follow, max-snippet:-1, max-image-preview:large, max-video-preview:-1\" \/>\n<link rel=\"canonical\" href=\"https:\/\/www.visit-ulcinj.com\/blog\/2011\/05\/21\/razvoj-zenskog-fudbala-u-ulcinju\/\" \/>\n<meta property=\"og:locale\" content=\"en_US\" \/>\n<meta property=\"og:type\" content=\"article\" \/>\n<meta property=\"og:title\" content=\"Razvoj \u017eenskog fudbala u Ulcinju - Lajme nga Ulqini\" \/>\n<meta property=\"og:description\" content=\"Mlade, talentovane i uporne ULCINJ - \u017denska fudbalska sekcija, koja je po\u010dela sa radom prije tri mjeseca u okviru \u0160kolskog centra \u201eBratstvo i jedinstvo\u201c,\" \/>\n<meta property=\"og:url\" content=\"https:\/\/www.visit-ulcinj.com\/blog\/2011\/05\/21\/razvoj-zenskog-fudbala-u-ulcinju\/\" \/>\n<meta property=\"og:site_name\" content=\"Lajme nga Ulqini\" \/>\n<meta property=\"article:published_time\" content=\"2011-05-21T05:51:02+00:00\" \/>\n<meta property=\"article:modified_time\" content=\"2011-05-21T05:52:34+00:00\" \/>\n<meta property=\"og:image\" content=\"http:\/\/www.visit-ulcinj.com\/blog\/wp-content\/uploads\/2011\/05\/Razvoj-zenskog-fudbala-u-Ulcinju1.jpg\" \/>\n<meta name=\"twitter:label1\" content=\"Written by\" \/>\n\t<meta name=\"twitter:data1\" content=\"ulqini\" \/>\n\t<meta name=\"twitter:label2\" content=\"Est. reading time\" \/>\n\t<meta name=\"twitter:data2\" content=\"1 minute\" \/>\n<script type=\"application\/ld+json\" class=\"yoast-schema-graph\">{\"@context\":\"https:\/\/schema.org\",\"@graph\":[{\"@type\":\"WebSite\",\"@id\":\"https:\/\/www.visit-ulcinj.com\/blog\/#website\",\"url\":\"https:\/\/www.visit-ulcinj.com\/blog\/\",\"name\":\"Lajme nga Ulqini\",\"description\":\"Lajme,Vijesti,Ulqini,Ulqin,Crna Gora,Mali i Zi\",\"potentialAction\":[{\"@type\":\"SearchAction\",\"target\":{\"@type\":\"EntryPoint\",\"urlTemplate\":\"https:\/\/www.visit-ulcinj.com\/blog\/?s={search_term_string}\"},\"query-input\":\"required name=search_term_string\"}],\"inLanguage\":\"en-US\"},{\"@type\":\"ImageObject\",\"inLanguage\":\"en-US\",\"@id\":\"https:\/\/www.visit-ulcinj.com\/blog\/2011\/05\/21\/razvoj-zenskog-fudbala-u-ulcinju\/#primaryimage\",\"url\":\"https:\/\/www.visit-ulcinj.com\/blog\/wp-content\/uploads\/2011\/05\/Razvoj-zenskog-fudbala-u-Ulcinju1.jpg\",\"contentUrl\":\"https:\/\/www.visit-ulcinj.com\/blog\/wp-content\/uploads\/2011\/05\/Razvoj-zenskog-fudbala-u-Ulcinju1.jpg\",\"width\":\"300\",\"height\":\"225\"},{\"@type\":\"WebPage\",\"@id\":\"https:\/\/www.visit-ulcinj.com\/blog\/2011\/05\/21\/razvoj-zenskog-fudbala-u-ulcinju\/#webpage\",\"url\":\"https:\/\/www.visit-ulcinj.com\/blog\/2011\/05\/21\/razvoj-zenskog-fudbala-u-ulcinju\/\",\"name\":\"Razvoj \u017eenskog fudbala u Ulcinju - Lajme nga Ulqini\",\"isPartOf\":{\"@id\":\"https:\/\/www.visit-ulcinj.com\/blog\/#website\"},\"primaryImageOfPage\":{\"@id\":\"https:\/\/www.visit-ulcinj.com\/blog\/2011\/05\/21\/razvoj-zenskog-fudbala-u-ulcinju\/#primaryimage\"},\"datePublished\":\"2011-05-21T05:51:02+00:00\",\"dateModified\":\"2011-05-21T05:52:34+00:00\",\"author\":{\"@id\":\"https:\/\/www.visit-ulcinj.com\/blog\/#\/schema\/person\/dcab619c614d3038751c63bc2aadc06d\"},\"description\":\"Mlade, talentovane i uporne ULCINJ - \u017denska fudbalska sekcija, koja je po\u010dela sa radom prije tri mjeseca u okviru \u0160kolskog centra \u201eBratstvo i jedinstvo\u201c,\",\"breadcrumb\":{\"@id\":\"https:\/\/www.visit-ulcinj.com\/blog\/2011\/05\/21\/razvoj-zenskog-fudbala-u-ulcinju\/#breadcrumb\"},\"inLanguage\":\"en-US\",\"potentialAction\":[{\"@type\":\"ReadAction\",\"target\":[\"https:\/\/www.visit-ulcinj.com\/blog\/2011\/05\/21\/razvoj-zenskog-fudbala-u-ulcinju\/\"]}]},{\"@type\":\"BreadcrumbList\",\"@id\":\"https:\/\/www.visit-ulcinj.com\/blog\/2011\/05\/21\/razvoj-zenskog-fudbala-u-ulcinju\/#breadcrumb\",\"itemListElement\":[{\"@type\":\"ListItem\",\"position\":1,\"name\":\"Razvoj \u017eenskog fudbala u Ulcinju\"}]},{\"@type\":\"Person\",\"@id\":\"https:\/\/www.visit-ulcinj.com\/blog\/#\/schema\/person\/dcab619c614d3038751c63bc2aadc06d\",\"name\":\"ulqini\",\"sameAs\":[\"http:\/\/www.visit-ulcinj.com\"],\"url\":\"https:\/\/www.visit-ulcinj.com\/blog\/author\/admin\/\"}]}<\/script>\n<!-- \/ Yoast SEO plugin. -->","yoast_head_json":{"title":"Razvoj \u017eenskog fudbala u Ulcinju - Lajme nga Ulqini","description":"Mlade, talentovane i uporne ULCINJ - \u017denska fudbalska sekcija, koja je po\u010dela sa radom prije tri mjeseca u okviru \u0160kolskog centra \u201eBratstvo i jedinstvo\u201c,","robots":{"index":"index","follow":"follow","max-snippet":"max-snippet:-1","max-image-preview":"max-image-preview:large","max-video-preview":"max-video-preview:-1"},"canonical":"https:\/\/www.visit-ulcinj.com\/blog\/2011\/05\/21\/razvoj-zenskog-fudbala-u-ulcinju\/","og_locale":"en_US","og_type":"article","og_title":"Razvoj \u017eenskog fudbala u Ulcinju - Lajme nga Ulqini","og_description":"Mlade, talentovane i uporne ULCINJ - \u017denska fudbalska sekcija, koja je po\u010dela sa radom prije tri mjeseca u okviru \u0160kolskog centra \u201eBratstvo i jedinstvo\u201c,","og_url":"https:\/\/www.visit-ulcinj.com\/blog\/2011\/05\/21\/razvoj-zenskog-fudbala-u-ulcinju\/","og_site_name":"Lajme nga Ulqini","article_published_time":"2011-05-21T05:51:02+00:00","article_modified_time":"2011-05-21T05:52:34+00:00","og_image":[{"url":"http:\/\/www.visit-ulcinj.com\/blog\/wp-content\/uploads\/2011\/05\/Razvoj-zenskog-fudbala-u-Ulcinju1.jpg"}],"twitter_misc":{"Written by":"ulqini","Est. reading time":"1 minute"},"schema":{"@context":"https:\/\/schema.org","@graph":[{"@type":"WebSite","@id":"https:\/\/www.visit-ulcinj.com\/blog\/#website","url":"https:\/\/www.visit-ulcinj.com\/blog\/","name":"Lajme nga Ulqini","description":"Lajme,Vijesti,Ulqini,Ulqin,Crna Gora,Mali i Zi","potentialAction":[{"@type":"SearchAction","target":{"@type":"EntryPoint","urlTemplate":"https:\/\/www.visit-ulcinj.com\/blog\/?s={search_term_string}"},"query-input":"required name=search_term_string"}],"inLanguage":"en-US"},{"@type":"ImageObject","inLanguage":"en-US","@id":"https:\/\/www.visit-ulcinj.com\/blog\/2011\/05\/21\/razvoj-zenskog-fudbala-u-ulcinju\/#primaryimage","url":"https:\/\/www.visit-ulcinj.com\/blog\/wp-content\/uploads\/2011\/05\/Razvoj-zenskog-fudbala-u-Ulcinju1.jpg","contentUrl":"https:\/\/www.visit-ulcinj.com\/blog\/wp-content\/uploads\/2011\/05\/Razvoj-zenskog-fudbala-u-Ulcinju1.jpg","width":"300","height":"225"},{"@type":"WebPage","@id":"https:\/\/www.visit-ulcinj.com\/blog\/2011\/05\/21\/razvoj-zenskog-fudbala-u-ulcinju\/#webpage","url":"https:\/\/www.visit-ulcinj.com\/blog\/2011\/05\/21\/razvoj-zenskog-fudbala-u-ulcinju\/","name":"Razvoj \u017eenskog fudbala u Ulcinju - Lajme nga Ulqini","isPartOf":{"@id":"https:\/\/www.visit-ulcinj.com\/blog\/#website"},"primaryImageOfPage":{"@id":"https:\/\/www.visit-ulcinj.com\/blog\/2011\/05\/21\/razvoj-zenskog-fudbala-u-ulcinju\/#primaryimage"},"datePublished":"2011-05-21T05:51:02+00:00","dateModified":"2011-05-21T05:52:34+00:00","author":{"@id":"https:\/\/www.visit-ulcinj.com\/blog\/#\/schema\/person\/dcab619c614d3038751c63bc2aadc06d"},"description":"Mlade, talentovane i uporne ULCINJ - \u017denska fudbalska sekcija, koja je po\u010dela sa radom prije tri mjeseca u okviru \u0160kolskog centra \u201eBratstvo i jedinstvo\u201c,","breadcrumb":{"@id":"https:\/\/www.visit-ulcinj.com\/blog\/2011\/05\/21\/razvoj-zenskog-fudbala-u-ulcinju\/#breadcrumb"},"inLanguage":"en-US","potentialAction":[{"@type":"ReadAction","target":["https:\/\/www.visit-ulcinj.com\/blog\/2011\/05\/21\/razvoj-zenskog-fudbala-u-ulcinju\/"]}]},{"@type":"BreadcrumbList","@id":"https:\/\/www.visit-ulcinj.com\/blog\/2011\/05\/21\/razvoj-zenskog-fudbala-u-ulcinju\/#breadcrumb","itemListElement":[{"@type":"ListItem","position":1,"name":"Razvoj \u017eenskog fudbala u Ulcinju"}]},{"@type":"Person","@id":"https:\/\/www.visit-ulcinj.com\/blog\/#\/schema\/person\/dcab619c614d3038751c63bc2aadc06d","name":"ulqini","sameAs":["http:\/\/www.visit-ulcinj.com"],"url":"https:\/\/www.visit-ulcinj.com\/blog\/author\/admin\/"}]}},"jetpack_featured_media_url":"","jetpack_sharing_enabled":true,"jetpack_shortlink":"https:\/\/wp.me\/pe6lTn-caz","_links":{"self":[{"href":"https:\/\/www.visit-ulcinj.com\/blog\/wp-json\/wp\/v2\/posts\/46783"}],"collection":[{"href":"https:\/\/www.visit-ulcinj.com\/blog\/wp-json\/wp\/v2\/posts"}],"about":[{"href":"https:\/\/www.visit-ulcinj.com\/blog\/wp-json\/wp\/v2\/types\/post"}],"author":[{"embeddable":true,"href":"https:\/\/www.visit-ulcinj.com\/blog\/wp-json\/wp\/v2\/users\/1"}],"replies":[{"embeddable":true,"href":"https:\/\/www.visit-ulcinj.com\/blog\/wp-json\/wp\/v2\/comments?post=46783"}],"version-history":[{"count":0,"href":"https:\/\/www.visit-ulcinj.com\/blog\/wp-json\/wp\/v2\/posts\/46783\/revisions"}],"wp:attachment":[{"href":"https:\/\/www.visit-ulcinj.com\/blog\/wp-json\/wp\/v2\/media?parent=46783"}],"wp:term":[{"taxonomy":"category","embeddable":true,"href":"https:\/\/www.visit-ulcinj.com\/blog\/wp-json\/wp\/v2\/categories?post=46783"},{"taxonomy":"post_tag","embeddable":true,"href":"https:\/\/www.visit-ulcinj.com\/blog\/wp-json\/wp\/v2\/tags?post=46783"}],"curies":[{"name":"wp","href":"https:\/\/api.w.org\/{rel}","templated":true}]}}