{"id":46789,"date":"2011-05-21T07:25:38","date_gmt":"2011-05-21T06:25:38","guid":{"rendered":"http:\/\/www.visit-ulcinj.com\/blog\/?p=46789"},"modified":"2011-05-29T18:24:12","modified_gmt":"2011-05-29T17:24:12","slug":"fondacioni-studenti-organizoj-garat-e-recituesve-te-rinj-ulqin-2011","status":"publish","type":"post","link":"https:\/\/www.visit-ulcinj.com\/blog\/2011\/05\/21\/fondacioni-studenti-organizoj-garat-e-recituesve-te-rinj-ulqin-2011\/","title":{"rendered":"Fondacioni STUDENTI organizoj &#8211; Garat e recituesve t\u00eb rinj &#8211; Ulqin 2011"},"content":{"rendered":"<p><a href=\"http:\/\/www.visit-ulcinj.com\/blog\/wp-content\/uploads\/2011\/05\/Sabina-Osmanovic_fondaciono-Studenti_Ulqin-2011.jpg\"><img loading=\"lazy\" class=\"alignleft size-full wp-image-46832\" title=\"Sabina Osmanovic_fondaciono Studenti_Ulqin 2011\" src=\"http:\/\/www.visit-ulcinj.com\/blog\/wp-content\/uploads\/2011\/05\/Sabina-Osmanovic_fondaciono-Studenti_Ulqin-2011.jpg\" alt=\"\" width=\"508\" height=\"380\" \/><\/a>Fondacioni ,,STUDENTI&#8221;, p\u00ebr t\u00eb gjasht\u00ebn her\u00eb me radh\u00eb, organizoj ,,Garat e recituesve t\u00eb rinj &#8211; Ulqin 2011&#8243;.<br \/>\nGarat u mban t\u00eb premten, me 20.05.2011, n\u00eb Bibliotek\u00ebn e Qytetit-Ulqin, n\u00eb or\u00ebn 20. Donatori kryesor i k\u00ebtij evenimenti t\u00eb r\u00ebnd\u00ebsish\u00ebm kulturor p\u00ebr Komun\u00ebn ton\u00eb \u00ebsht\u00eb Fondi p\u00ebr Pakica.<br \/>\nP\u00ebr realizimin e k\u00ebtij aktiviteti e ka mund\u00ebsuar,Komuna e Ulqinit, Shoqata \u201cAna e Malit\u201d n\u00eb Nju Jork, nd\u00ebrsa p\u00ebr mbajtjen e tij kan\u00eb kontribuar, K\u00ebshilli Nacional i Shqiptar\u00ebve n\u00eb Malin e Zi .<br \/>\nKy \u00ebsht\u00eb viti i gjasht\u00eb me radh\u00eb q\u00eb mbahen \u201cGarat e Recituesve t\u00eb Rinj.<\/p>\n<p><strong>Lajme nga Ulqini<\/strong><\/p>\n<p><strong><a href=\"http:\/\/www.visit-ulcinj.com\/blog\/wp-content\/uploads\/2011\/05\/JuriaMusa-GjokaSabina-OsmanovicAsllan-Bisha_Ulqin.jpg\"><img loading=\"lazy\" class=\"alignleft size-full wp-image-46834\" title=\"Juria,Musa Gjoka,Sabina Osmanovic,Asllan Bisha_Ulqin\" src=\"http:\/\/www.visit-ulcinj.com\/blog\/wp-content\/uploads\/2011\/05\/JuriaMusa-GjokaSabina-OsmanovicAsllan-Bisha_Ulqin.jpg\" alt=\"\" width=\"508\" height=\"340\" \/><\/a><br \/>\n<\/strong><\/p>\n<p>Juria e perbere nga Musa Gjoka (gazetar), Dr. Sabina Osmanovic (profesoresh e Gjermanistikes ne Universitetin &#8220;Luigj Gurakuqi&#8221;) dhe Asllan Bisha (shkrimtar) vleresoj nxenesit konkurrues si me poshte:<\/p>\n<p><strong>Shkollat fillore: <\/strong><br \/>\nVendi i pare: Edis Luka (Shkolla fillore &#8220;Bedri Elezaga&#8221;, Katerkolle) recitoi &#8220;Qelia 21&#8221; nga Pano Taci<\/p>\n<p>Vendi i dyte: Flutura Ismailaga (Shkolla fillore &#8220;Boshko Strugar&#8221;, Ulqin) recitoi &#8220;Balte shqiptare&#8221; nga Mitrush Kuteli<\/p>\n<p>Vendi i trete: Afredita Mehmedi (Shkolla fillore &#8220;Marshalli Tito&#8221;, Ulqin) recitoi &#8220;Anes Lumejve&#8221; nga Fan S. Noli<\/p>\n<p><strong>Shkollat e mesme:<\/strong><br \/>\nVendi i pare: Flutura Mustafa (Gjimnazi &#8220;Vellazerim-Bashkim&#8221; Ulqin) recitoi &#8220;Mund te shkruaj sonte&#8230;&#8221; nga Pablo Neruda<\/p>\n<p>Vendi i dyte: Dhurata Abazi (Gjimnazi privat &#8220;Drita&#8221;, Ulqin) recitoi &#8220;Kristal&#8221; nga Ismail Kadare<\/p>\n<p>Vendi i trete: Elira Kovaci (Gjimnazi &#8220;Vellazerim-Bashkim&#8221;, Ulqin) recitoi &#8220;Shfaqja duhet te vazhdoje&#8221; nga Pablo Coelho<\/p>\n<p>Ndersa me e mira e gares ( qe duhej te zgjidhej njeri nga dy qe zejne vendin e pare) u zgjodh Flutura Musatafa<\/p>\n<p><a href=\"http:\/\/www.facebook.com\/sabina.osmanovic\" target=\"_blank\"><strong>Sabina Osmanovic\u00a0Facebook<\/strong><br \/>\n<\/a><\/p>\n<p><strong>Lajme nga Ulqini<\/strong><\/p>\n<p><strong>Flutura Mustafa, recituesja m\u00eb e mir\u00eb e garave t\u00eb sivjetme<\/strong><\/p>\n<p>N\u00eb revist\u00ebn e sivjetme t\u00eb garave t\u00eb recituesve t\u00eb rinj t\u00eb shkollave t\u00eb mesme dhe fillore t\u00eb Ulqinit, pjes\u00ebmarr\u00ebsja m\u00eb e mir\u00eb u shpall gjimnazistja, Flutura Mustafa, t\u00eb cil\u00ebs juria ia dha vendin e par\u00eb edhe \u00e7mimin special t\u00eb manifestimit. Kjo artiste e re, edhe n\u00eb takimet e ngjashme jasht\u00eb Ulqinit, me z\u00ebrin e saj brilant dhe interpretimin artistik, \u00ebsht\u00eb nderuar me shp\u00ebrblimet m\u00eb t\u00eb larta.<\/p>\n<p><strong>KosovaLive <\/strong><\/p>\n<p>Jemi duke ju publikuar disa fotografi t\u00eb marrura nga Facebooku duke iu falimideruar<\/p>\n<p><strong><a href=\"http:\/\/www.facebook.com\/profile.php?id=100001564340764\" target=\"_blank\">Ana E Malit Tradita Facebook<br \/>\n\n\t\t<style type=\"text\/css\">\n\t\t\t#gallery-1 {\n\t\t\t\tmargin: auto;\n\t\t\t}\n\t\t\t#gallery-1 .gallery-item {\n\t\t\t\tfloat: left;\n\t\t\t\tmargin-top: 10px;\n\t\t\t\ttext-align: center;\n\t\t\t\twidth: 33%;\n\t\t\t}\n\t\t\t#gallery-1 img {\n\t\t\t\tborder: 2px solid #cfcfcf;\n\t\t\t}\n\t\t\t#gallery-1 .gallery-caption {\n\t\t\t\tmargin-left: 0;\n\t\t\t}\n\t\t\t\/* see gallery_shortcode() in wp-includes\/media.php *\/\n\t\t<\/style>\n\t\t<div id='gallery-1' class='gallery galleryid-46789 gallery-columns-3 gallery-size-thumbnail'><dl class='gallery-item'>\n\t\t\t<dt class='gallery-icon landscape'>\n\t\t\t\t<a href='https:\/\/www.visit-ulcinj.com\/blog\/wp-content\/uploads\/2011\/05\/JuriaMusa-GjokaSabina-OsmanovicAsllan-Bisha_Ulqin.jpg'><img width=\"150\" height=\"150\" src=\"https:\/\/www.visit-ulcinj.com\/blog\/wp-content\/uploads\/2011\/05\/JuriaMusa-GjokaSabina-OsmanovicAsllan-Bisha_Ulqin-150x150.jpg\" class=\"attachment-thumbnail size-thumbnail\" alt=\"\" loading=\"lazy\" \/><\/a>\n\t\t\t<\/dt><\/dl><dl class='gallery-item'>\n\t\t\t<dt class='gallery-icon portrait'>\n\t\t\t\t<a href='https:\/\/www.visit-ulcinj.com\/blog\/wp-content\/uploads\/2011\/05\/SABINA-OSMANOVIC.jpg'><img width=\"150\" height=\"150\" src=\"https:\/\/www.visit-ulcinj.com\/blog\/wp-content\/uploads\/2011\/05\/SABINA-OSMANOVIC-150x150.jpg\" class=\"attachment-thumbnail size-thumbnail\" alt=\"\" loading=\"lazy\" \/><\/a>\n\t\t\t<\/dt><\/dl>\n\t\t\t<br style='clear: both' \/>\n\t\t<\/div>\n<\/p>\n<p><\/a><\/strong><\/p>\n<p><strong><a href=\"http:\/\/www.facebook.com\/profile.php?id=100001564340764\" target=\"_blank\"> <\/a><\/strong><\/p>\n<p><strong><a href=\"http:\/\/www.facebook.com\/profile.php?id=100001564340764\" target=\"_blank\"><\/a><\/strong><!--YouTube Error: bad URL entered--><\/p>\n","protected":false},"excerpt":{"rendered":"<p>Fondacioni ,,STUDENTI&#8221;, p\u00ebr t\u00eb gjasht\u00ebn her\u00eb me radh\u00eb, organizoj ,,Garat e recituesve t\u00eb rinj &#8211; Ulqin 2011&#8243;. Garat u mban t\u00eb premten, me 20.05.2011, n\u00eb Bibliotek\u00ebn e Qytetit-Ulqin, n\u00eb or\u00ebn 20. Donatori kryesor i k\u00ebtij evenimenti t\u00eb r\u00ebnd\u00ebsish\u00ebm kulturor p\u00ebr Komun\u00ebn ton\u00eb \u00ebsht\u00eb Fondi p\u00ebr Pakica. P\u00ebr realizimin e k\u00ebtij aktiviteti e ka mund\u00ebsuar,Komuna e [&hellip;]<\/p>\n","protected":false},"author":1,"featured_media":0,"comment_status":"open","ping_status":"closed","sticky":false,"template":"","format":"standard","meta":{"spay_email":"","jetpack_publicize_message":"","jetpack_is_tweetstorm":false,"jetpack_publicize_feature_enabled":true},"categories":[4,1],"tags":[3505,1954,14651,3502,714,14356,14652,18280,3504,3506,3499,14653,14654,297,14655,3500,14656,3228,14657,14659,14660,14658,3227,14661,14662,14663,14665,14664,14666,3231,14667,9937,14668,200,18281,18,18282],"jetpack_publicize_connections":[],"yoast_head":"<!-- This site is optimized with the Yoast SEO plugin v19.1 - https:\/\/yoast.com\/wordpress\/plugins\/seo\/ -->\n<title>Fondacioni STUDENTI organizoj - Garat e recituesve t\u00eb rinj - Ulqin 2011 - Lajme nga Ulqini<\/title>\n<meta name=\"description\" content=\"Fondacioni ,,STUDENTI&quot;, p\u00ebr t\u00eb gjasht\u00ebn her\u00eb me radh\u00eb, organizoj ,,Garat e recituesve t\u00eb rinj - Ulqin 2011&quot;. Garat u mban t\u00eb premten, me 20.05.2011, n\u00eb\" \/>\n<meta name=\"robots\" content=\"index, follow, max-snippet:-1, max-image-preview:large, max-video-preview:-1\" \/>\n<link rel=\"canonical\" href=\"https:\/\/www.visit-ulcinj.com\/blog\/2011\/05\/21\/fondacioni-studenti-organizoj-garat-e-recituesve-te-rinj-ulqin-2011\/\" \/>\n<meta property=\"og:locale\" content=\"en_US\" \/>\n<meta property=\"og:type\" content=\"article\" \/>\n<meta property=\"og:title\" content=\"Fondacioni STUDENTI organizoj - Garat e recituesve t\u00eb rinj - Ulqin 2011 - Lajme nga Ulqini\" \/>\n<meta property=\"og:description\" content=\"Fondacioni ,,STUDENTI&quot;, p\u00ebr t\u00eb gjasht\u00ebn her\u00eb me radh\u00eb, organizoj ,,Garat e recituesve t\u00eb rinj - Ulqin 2011&quot;. Garat u mban t\u00eb premten, me 20.05.2011, n\u00eb\" \/>\n<meta property=\"og:url\" content=\"https:\/\/www.visit-ulcinj.com\/blog\/2011\/05\/21\/fondacioni-studenti-organizoj-garat-e-recituesve-te-rinj-ulqin-2011\/\" \/>\n<meta property=\"og:site_name\" content=\"Lajme nga Ulqini\" \/>\n<meta property=\"article:published_time\" content=\"2011-05-21T06:25:38+00:00\" \/>\n<meta property=\"article:modified_time\" content=\"2011-05-29T17:24:12+00:00\" \/>\n<meta property=\"og:image\" content=\"https:\/\/www.visit-ulcinj.com\/blog\/wp-content\/uploads\/2011\/05\/ondacioni-STUDENTI-organizoj-Garat-e-recituesve-t\u00eb-rinj-Ulqin-2011.2-150x150.jpg\" \/>\n<meta name=\"twitter:label1\" content=\"Written by\" \/>\n\t<meta name=\"twitter:data1\" content=\"ulqini\" \/>\n\t<meta name=\"twitter:label2\" content=\"Est. reading time\" \/>\n\t<meta name=\"twitter:data2\" content=\"2 minutes\" \/>\n<script type=\"application\/ld+json\" class=\"yoast-schema-graph\">{\"@context\":\"https:\/\/schema.org\",\"@graph\":[{\"@type\":\"WebSite\",\"@id\":\"https:\/\/www.visit-ulcinj.com\/blog\/#website\",\"url\":\"https:\/\/www.visit-ulcinj.com\/blog\/\",\"name\":\"Lajme nga Ulqini\",\"description\":\"Lajme,Vijesti,Ulqini,Ulqin,Crna Gora,Mali i Zi\",\"potentialAction\":[{\"@type\":\"SearchAction\",\"target\":{\"@type\":\"EntryPoint\",\"urlTemplate\":\"https:\/\/www.visit-ulcinj.com\/blog\/?s={search_term_string}\"},\"query-input\":\"required name=search_term_string\"}],\"inLanguage\":\"en-US\"},{\"@type\":\"ImageObject\",\"inLanguage\":\"en-US\",\"@id\":\"https:\/\/www.visit-ulcinj.com\/blog\/2011\/05\/21\/fondacioni-studenti-organizoj-garat-e-recituesve-te-rinj-ulqin-2011\/#primaryimage\",\"url\":\"http:\/\/www.visit-ulcinj.com\/blog\/wp-content\/uploads\/2011\/05\/Sabina-Osmanovic_fondaciono-Studenti_Ulqin-2011.jpg\",\"contentUrl\":\"http:\/\/www.visit-ulcinj.com\/blog\/wp-content\/uploads\/2011\/05\/Sabina-Osmanovic_fondaciono-Studenti_Ulqin-2011.jpg\"},{\"@type\":\"WebPage\",\"@id\":\"https:\/\/www.visit-ulcinj.com\/blog\/2011\/05\/21\/fondacioni-studenti-organizoj-garat-e-recituesve-te-rinj-ulqin-2011\/#webpage\",\"url\":\"https:\/\/www.visit-ulcinj.com\/blog\/2011\/05\/21\/fondacioni-studenti-organizoj-garat-e-recituesve-te-rinj-ulqin-2011\/\",\"name\":\"Fondacioni STUDENTI organizoj - Garat e recituesve t\u00eb rinj - Ulqin 2011 - Lajme nga Ulqini\",\"isPartOf\":{\"@id\":\"https:\/\/www.visit-ulcinj.com\/blog\/#website\"},\"primaryImageOfPage\":{\"@id\":\"https:\/\/www.visit-ulcinj.com\/blog\/2011\/05\/21\/fondacioni-studenti-organizoj-garat-e-recituesve-te-rinj-ulqin-2011\/#primaryimage\"},\"datePublished\":\"2011-05-21T06:25:38+00:00\",\"dateModified\":\"2011-05-29T17:24:12+00:00\",\"author\":{\"@id\":\"https:\/\/www.visit-ulcinj.com\/blog\/#\/schema\/person\/dcab619c614d3038751c63bc2aadc06d\"},\"description\":\"Fondacioni ,,STUDENTI\\\", p\u00ebr t\u00eb gjasht\u00ebn her\u00eb me radh\u00eb, organizoj ,,Garat e recituesve t\u00eb rinj - Ulqin 2011\\\". Garat u mban t\u00eb premten, me 20.05.2011, n\u00eb\",\"breadcrumb\":{\"@id\":\"https:\/\/www.visit-ulcinj.com\/blog\/2011\/05\/21\/fondacioni-studenti-organizoj-garat-e-recituesve-te-rinj-ulqin-2011\/#breadcrumb\"},\"inLanguage\":\"en-US\",\"potentialAction\":[{\"@type\":\"ReadAction\",\"target\":[\"https:\/\/www.visit-ulcinj.com\/blog\/2011\/05\/21\/fondacioni-studenti-organizoj-garat-e-recituesve-te-rinj-ulqin-2011\/\"]}]},{\"@type\":\"BreadcrumbList\",\"@id\":\"https:\/\/www.visit-ulcinj.com\/blog\/2011\/05\/21\/fondacioni-studenti-organizoj-garat-e-recituesve-te-rinj-ulqin-2011\/#breadcrumb\",\"itemListElement\":[{\"@type\":\"ListItem\",\"position\":1,\"name\":\"Fondacioni STUDENTI organizoj &#8211; Garat e recituesve t\u00eb rinj &#8211; Ulqin 2011\"}]},{\"@type\":\"Person\",\"@id\":\"https:\/\/www.visit-ulcinj.com\/blog\/#\/schema\/person\/dcab619c614d3038751c63bc2aadc06d\",\"name\":\"ulqini\",\"sameAs\":[\"http:\/\/www.visit-ulcinj.com\"],\"url\":\"https:\/\/www.visit-ulcinj.com\/blog\/author\/admin\/\"}]}<\/script>\n<!-- \/ Yoast SEO plugin. -->","yoast_head_json":{"title":"Fondacioni STUDENTI organizoj - Garat e recituesve t\u00eb rinj - Ulqin 2011 - Lajme nga Ulqini","description":"Fondacioni ,,STUDENTI\", p\u00ebr t\u00eb gjasht\u00ebn her\u00eb me radh\u00eb, organizoj ,,Garat e recituesve t\u00eb rinj - Ulqin 2011\". Garat u mban t\u00eb premten, me 20.05.2011, n\u00eb","robots":{"index":"index","follow":"follow","max-snippet":"max-snippet:-1","max-image-preview":"max-image-preview:large","max-video-preview":"max-video-preview:-1"},"canonical":"https:\/\/www.visit-ulcinj.com\/blog\/2011\/05\/21\/fondacioni-studenti-organizoj-garat-e-recituesve-te-rinj-ulqin-2011\/","og_locale":"en_US","og_type":"article","og_title":"Fondacioni STUDENTI organizoj - Garat e recituesve t\u00eb rinj - Ulqin 2011 - Lajme nga Ulqini","og_description":"Fondacioni ,,STUDENTI\", p\u00ebr t\u00eb gjasht\u00ebn her\u00eb me radh\u00eb, organizoj ,,Garat e recituesve t\u00eb rinj - Ulqin 2011\". Garat u mban t\u00eb premten, me 20.05.2011, n\u00eb","og_url":"https:\/\/www.visit-ulcinj.com\/blog\/2011\/05\/21\/fondacioni-studenti-organizoj-garat-e-recituesve-te-rinj-ulqin-2011\/","og_site_name":"Lajme nga Ulqini","article_published_time":"2011-05-21T06:25:38+00:00","article_modified_time":"2011-05-29T17:24:12+00:00","og_image":[{"url":"https:\/\/www.visit-ulcinj.com\/blog\/wp-content\/uploads\/2011\/05\/ondacioni-STUDENTI-organizoj-Garat-e-recituesve-t\u00eb-rinj-Ulqin-2011.2-150x150.jpg"}],"twitter_misc":{"Written by":"ulqini","Est. reading time":"2 minutes"},"schema":{"@context":"https:\/\/schema.org","@graph":[{"@type":"WebSite","@id":"https:\/\/www.visit-ulcinj.com\/blog\/#website","url":"https:\/\/www.visit-ulcinj.com\/blog\/","name":"Lajme nga Ulqini","description":"Lajme,Vijesti,Ulqini,Ulqin,Crna Gora,Mali i Zi","potentialAction":[{"@type":"SearchAction","target":{"@type":"EntryPoint","urlTemplate":"https:\/\/www.visit-ulcinj.com\/blog\/?s={search_term_string}"},"query-input":"required name=search_term_string"}],"inLanguage":"en-US"},{"@type":"ImageObject","inLanguage":"en-US","@id":"https:\/\/www.visit-ulcinj.com\/blog\/2011\/05\/21\/fondacioni-studenti-organizoj-garat-e-recituesve-te-rinj-ulqin-2011\/#primaryimage","url":"http:\/\/www.visit-ulcinj.com\/blog\/wp-content\/uploads\/2011\/05\/Sabina-Osmanovic_fondaciono-Studenti_Ulqin-2011.jpg","contentUrl":"http:\/\/www.visit-ulcinj.com\/blog\/wp-content\/uploads\/2011\/05\/Sabina-Osmanovic_fondaciono-Studenti_Ulqin-2011.jpg"},{"@type":"WebPage","@id":"https:\/\/www.visit-ulcinj.com\/blog\/2011\/05\/21\/fondacioni-studenti-organizoj-garat-e-recituesve-te-rinj-ulqin-2011\/#webpage","url":"https:\/\/www.visit-ulcinj.com\/blog\/2011\/05\/21\/fondacioni-studenti-organizoj-garat-e-recituesve-te-rinj-ulqin-2011\/","name":"Fondacioni STUDENTI organizoj - Garat e recituesve t\u00eb rinj - Ulqin 2011 - Lajme nga Ulqini","isPartOf":{"@id":"https:\/\/www.visit-ulcinj.com\/blog\/#website"},"primaryImageOfPage":{"@id":"https:\/\/www.visit-ulcinj.com\/blog\/2011\/05\/21\/fondacioni-studenti-organizoj-garat-e-recituesve-te-rinj-ulqin-2011\/#primaryimage"},"datePublished":"2011-05-21T06:25:38+00:00","dateModified":"2011-05-29T17:24:12+00:00","author":{"@id":"https:\/\/www.visit-ulcinj.com\/blog\/#\/schema\/person\/dcab619c614d3038751c63bc2aadc06d"},"description":"Fondacioni ,,STUDENTI\", p\u00ebr t\u00eb gjasht\u00ebn her\u00eb me radh\u00eb, organizoj ,,Garat e recituesve t\u00eb rinj - Ulqin 2011\". Garat u mban t\u00eb premten, me 20.05.2011, n\u00eb","breadcrumb":{"@id":"https:\/\/www.visit-ulcinj.com\/blog\/2011\/05\/21\/fondacioni-studenti-organizoj-garat-e-recituesve-te-rinj-ulqin-2011\/#breadcrumb"},"inLanguage":"en-US","potentialAction":[{"@type":"ReadAction","target":["https:\/\/www.visit-ulcinj.com\/blog\/2011\/05\/21\/fondacioni-studenti-organizoj-garat-e-recituesve-te-rinj-ulqin-2011\/"]}]},{"@type":"BreadcrumbList","@id":"https:\/\/www.visit-ulcinj.com\/blog\/2011\/05\/21\/fondacioni-studenti-organizoj-garat-e-recituesve-te-rinj-ulqin-2011\/#breadcrumb","itemListElement":[{"@type":"ListItem","position":1,"name":"Fondacioni STUDENTI organizoj &#8211; Garat e recituesve t\u00eb rinj &#8211; Ulqin 2011"}]},{"@type":"Person","@id":"https:\/\/www.visit-ulcinj.com\/blog\/#\/schema\/person\/dcab619c614d3038751c63bc2aadc06d","name":"ulqini","sameAs":["http:\/\/www.visit-ulcinj.com"],"url":"https:\/\/www.visit-ulcinj.com\/blog\/author\/admin\/"}]}},"jetpack_featured_media_url":"","jetpack_sharing_enabled":true,"jetpack_shortlink":"https:\/\/wp.me\/pe6lTn-caF","_links":{"self":[{"href":"https:\/\/www.visit-ulcinj.com\/blog\/wp-json\/wp\/v2\/posts\/46789"}],"collection":[{"href":"https:\/\/www.visit-ulcinj.com\/blog\/wp-json\/wp\/v2\/posts"}],"about":[{"href":"https:\/\/www.visit-ulcinj.com\/blog\/wp-json\/wp\/v2\/types\/post"}],"author":[{"embeddable":true,"href":"https:\/\/www.visit-ulcinj.com\/blog\/wp-json\/wp\/v2\/users\/1"}],"replies":[{"embeddable":true,"href":"https:\/\/www.visit-ulcinj.com\/blog\/wp-json\/wp\/v2\/comments?post=46789"}],"version-history":[{"count":0,"href":"https:\/\/www.visit-ulcinj.com\/blog\/wp-json\/wp\/v2\/posts\/46789\/revisions"}],"wp:attachment":[{"href":"https:\/\/www.visit-ulcinj.com\/blog\/wp-json\/wp\/v2\/media?parent=46789"}],"wp:term":[{"taxonomy":"category","embeddable":true,"href":"https:\/\/www.visit-ulcinj.com\/blog\/wp-json\/wp\/v2\/categories?post=46789"},{"taxonomy":"post_tag","embeddable":true,"href":"https:\/\/www.visit-ulcinj.com\/blog\/wp-json\/wp\/v2\/tags?post=46789"}],"curies":[{"name":"wp","href":"https:\/\/api.w.org\/{rel}","templated":true}]}}