{"id":46812,"date":"2011-05-21T13:07:44","date_gmt":"2011-05-21T12:07:44","guid":{"rendered":"http:\/\/www.visit-ulcinj.com\/blog\/?p=46812"},"modified":"2011-05-21T13:07:44","modified_gmt":"2011-05-21T12:07:44","slug":"flori-mbledh-kengetaret-ne-nje-krijim-dedikuar-emmy-t","status":"publish","type":"post","link":"https:\/\/www.visit-ulcinj.com\/blog\/2011\/05\/21\/flori-mbledh-kengetaret-ne-nje-krijim-dedikuar-emmy-t\/","title":{"rendered":"Flori mbledh kengetaret ne nje krijim dedikuar Emmy-t"},"content":{"rendered":"<p><a href=\"http:\/\/www.visit-ulcinj.com\/blog\/wp-content\/uploads\/2011\/05\/Flori-Mumajesi-dhe-Emmy.jpg\"><img loading=\"lazy\" class=\"alignleft size-full wp-image-46813\" title=\"Flori Mumajesi dhe Emmy\" src=\"http:\/\/www.visit-ulcinj.com\/blog\/wp-content\/uploads\/2011\/05\/Flori-Mumajesi-dhe-Emmy.jpg\" alt=\"\" width=\"508\" height=\"620\" \/><\/a>Do t\u00eb jet\u00eb nj\u00eb dedikim nostalgjie dhe kujtimi t\u00eb mir\u00eb p\u00ebr k\u00ebng\u00ebtaren Elsina Idershai (Emmy), e cila u nda nga jeta n\u00eb mosh\u00ebn 21-vje\u00e7are pak muaj m\u00eb par\u00eb. Kantautori Flori Mumajesi, i cili kishte realizuar dhe k\u00ebng\u00ebn e saj t\u00eb fundit \u201cA ma jep\u201d, ka menduar t\u00eb realizoj\u00eb nj\u00eb krijim, q\u00eb i kushtohet vet\u00ebm asaj. P\u00ebr k\u00ebt\u00eb ka menduar t\u00eb ftoj\u00eb n\u00eb k\u00ebt\u00eb realizim shum\u00eb k\u00ebng\u00ebtar\u00eb q\u00eb e kan\u00eb pasur mikesh\u00eb Emmy-n. Nuk dihet ende se kur do t\u00eb publikohet kjo k\u00ebng\u00eb e re, nd\u00ebrkoh\u00eb q\u00eb \u00ebsht\u00eb k\u00ebnga e dyt\u00eb e krijuar nga Flori, pas asaj me titull \u201cMe ty\u201d, me t\u00eb cil\u00ebn Elvana Gjata konkurron n\u00eb Festivalin e Muzik\u00ebs Moderne \u201cTop Fest 8\u201d n\u00eb \u201cTop Channel\u201d. N\u00eb k\u00ebt\u00eb k\u00ebng\u00eb intepreton dhe k\u00ebng\u00ebtari kosovar q\u00eb jeton n\u00eb Zvic\u00ebr, Valton Krasniqi, nj\u00eb nga miqt\u00eb m\u00eb t\u00eb ngusht\u00eb dhe bashk\u00ebpun\u00ebtor me Emmyn. Gjithashtu, ai ka menduar q\u00eb nj\u00eb k\u00ebng\u00eb t\u00eb shkruar p\u00ebr Emmyn, t\u2019ua jap\u00eb dy k\u00ebng\u00ebtar\u00ebve t\u00eb tjer\u00eb p\u00ebr ta k\u00ebnduar, pasi \u00ebsht\u00eb kompozuar p\u00ebr t\u2019u interpretuar n\u00eb duet. K\u00ebnga q\u00eb Valtoni i dedikon asaj \u00ebsht\u00eb zhanri i muzik\u00ebs \u201cclub\u201d, ku n\u00eb vargje dhe melodi mish\u00ebrohet kujtimi i k\u00ebng\u00ebtares.<\/p>\n<p><strong>Panorama Plus<br \/>\n<\/strong><!--YouTube Error: bad URL entered--><\/p>\n","protected":false},"excerpt":{"rendered":"<p>Do t\u00eb jet\u00eb nj\u00eb dedikim nostalgjie dhe kujtimi t\u00eb mir\u00eb p\u00ebr k\u00ebng\u00ebtaren Elsina Idershai (Emmy), e cila u nda nga jeta n\u00eb mosh\u00ebn 21-vje\u00e7are pak muaj m\u00eb par\u00eb. Kantautori Flori Mumajesi, i cili kishte realizuar dhe k\u00ebng\u00ebn e saj t\u00eb fundit \u201cA ma jep\u201d, ka menduar t\u00eb realizoj\u00eb nj\u00eb krijim, q\u00eb i kushtohet vet\u00ebm asaj. [&hellip;]<\/p>\n","protected":false},"author":1,"featured_media":0,"comment_status":"open","ping_status":"closed","sticky":false,"template":"","format":"standard","meta":{"spay_email":"","jetpack_publicize_message":"","jetpack_is_tweetstorm":false,"jetpack_publicize_feature_enabled":true},"categories":[1],"tags":[18284,15243,6624],"jetpack_publicize_connections":[],"yoast_head":"<!-- This site is optimized with the Yoast SEO plugin v19.1 - https:\/\/yoast.com\/wordpress\/plugins\/seo\/ -->\n<title>Flori mbledh kengetaret ne nje krijim dedikuar Emmy-t - Lajme nga Ulqini<\/title>\n<meta name=\"description\" content=\"Do t\u00eb jet\u00eb nj\u00eb dedikim nostalgjie dhe kujtimi t\u00eb mir\u00eb p\u00ebr k\u00ebng\u00ebtaren Elsina Idershai (Emmy), e cila u nda nga jeta n\u00eb mosh\u00ebn 21-vje\u00e7are pak muaj m\u00eb par\u00eb.\" \/>\n<meta name=\"robots\" content=\"index, follow, max-snippet:-1, max-image-preview:large, max-video-preview:-1\" \/>\n<link rel=\"canonical\" href=\"https:\/\/www.visit-ulcinj.com\/blog\/2011\/05\/21\/flori-mbledh-kengetaret-ne-nje-krijim-dedikuar-emmy-t\/\" \/>\n<meta property=\"og:locale\" content=\"en_US\" \/>\n<meta property=\"og:type\" content=\"article\" \/>\n<meta property=\"og:title\" content=\"Flori mbledh kengetaret ne nje krijim dedikuar Emmy-t - Lajme nga Ulqini\" \/>\n<meta property=\"og:description\" content=\"Do t\u00eb jet\u00eb nj\u00eb dedikim nostalgjie dhe kujtimi t\u00eb mir\u00eb p\u00ebr k\u00ebng\u00ebtaren Elsina Idershai (Emmy), e cila u nda nga jeta n\u00eb mosh\u00ebn 21-vje\u00e7are pak muaj m\u00eb par\u00eb.\" \/>\n<meta property=\"og:url\" content=\"https:\/\/www.visit-ulcinj.com\/blog\/2011\/05\/21\/flori-mbledh-kengetaret-ne-nje-krijim-dedikuar-emmy-t\/\" \/>\n<meta property=\"og:site_name\" content=\"Lajme nga Ulqini\" \/>\n<meta property=\"article:published_time\" content=\"2011-05-21T12:07:44+00:00\" \/>\n<meta property=\"og:image\" content=\"http:\/\/www.visit-ulcinj.com\/blog\/wp-content\/uploads\/2011\/05\/Flori-Mumajesi-dhe-Emmy.jpg\" \/>\n<meta name=\"twitter:label1\" content=\"Written by\" \/>\n\t<meta name=\"twitter:data1\" content=\"ulqini\" \/>\n\t<meta name=\"twitter:label2\" content=\"Est. reading time\" \/>\n\t<meta name=\"twitter:data2\" content=\"1 minute\" \/>\n<script type=\"application\/ld+json\" class=\"yoast-schema-graph\">{\"@context\":\"https:\/\/schema.org\",\"@graph\":[{\"@type\":\"WebSite\",\"@id\":\"https:\/\/www.visit-ulcinj.com\/blog\/#website\",\"url\":\"https:\/\/www.visit-ulcinj.com\/blog\/\",\"name\":\"Lajme nga Ulqini\",\"description\":\"Lajme,Vijesti,Ulqini,Ulqin,Crna Gora,Mali i Zi\",\"potentialAction\":[{\"@type\":\"SearchAction\",\"target\":{\"@type\":\"EntryPoint\",\"urlTemplate\":\"https:\/\/www.visit-ulcinj.com\/blog\/?s={search_term_string}\"},\"query-input\":\"required name=search_term_string\"}],\"inLanguage\":\"en-US\"},{\"@type\":\"ImageObject\",\"inLanguage\":\"en-US\",\"@id\":\"https:\/\/www.visit-ulcinj.com\/blog\/2011\/05\/21\/flori-mbledh-kengetaret-ne-nje-krijim-dedikuar-emmy-t\/#primaryimage\",\"url\":\"http:\/\/www.visit-ulcinj.com\/blog\/wp-content\/uploads\/2011\/05\/Flori-Mumajesi-dhe-Emmy.jpg\",\"contentUrl\":\"http:\/\/www.visit-ulcinj.com\/blog\/wp-content\/uploads\/2011\/05\/Flori-Mumajesi-dhe-Emmy.jpg\"},{\"@type\":\"WebPage\",\"@id\":\"https:\/\/www.visit-ulcinj.com\/blog\/2011\/05\/21\/flori-mbledh-kengetaret-ne-nje-krijim-dedikuar-emmy-t\/#webpage\",\"url\":\"https:\/\/www.visit-ulcinj.com\/blog\/2011\/05\/21\/flori-mbledh-kengetaret-ne-nje-krijim-dedikuar-emmy-t\/\",\"name\":\"Flori mbledh kengetaret ne nje krijim dedikuar Emmy-t - Lajme nga Ulqini\",\"isPartOf\":{\"@id\":\"https:\/\/www.visit-ulcinj.com\/blog\/#website\"},\"primaryImageOfPage\":{\"@id\":\"https:\/\/www.visit-ulcinj.com\/blog\/2011\/05\/21\/flori-mbledh-kengetaret-ne-nje-krijim-dedikuar-emmy-t\/#primaryimage\"},\"datePublished\":\"2011-05-21T12:07:44+00:00\",\"dateModified\":\"2011-05-21T12:07:44+00:00\",\"author\":{\"@id\":\"https:\/\/www.visit-ulcinj.com\/blog\/#\/schema\/person\/dcab619c614d3038751c63bc2aadc06d\"},\"description\":\"Do t\u00eb jet\u00eb nj\u00eb dedikim nostalgjie dhe kujtimi t\u00eb mir\u00eb p\u00ebr k\u00ebng\u00ebtaren Elsina Idershai (Emmy), e cila u nda nga jeta n\u00eb mosh\u00ebn 21-vje\u00e7are pak muaj m\u00eb par\u00eb.\",\"breadcrumb\":{\"@id\":\"https:\/\/www.visit-ulcinj.com\/blog\/2011\/05\/21\/flori-mbledh-kengetaret-ne-nje-krijim-dedikuar-emmy-t\/#breadcrumb\"},\"inLanguage\":\"en-US\",\"potentialAction\":[{\"@type\":\"ReadAction\",\"target\":[\"https:\/\/www.visit-ulcinj.com\/blog\/2011\/05\/21\/flori-mbledh-kengetaret-ne-nje-krijim-dedikuar-emmy-t\/\"]}]},{\"@type\":\"BreadcrumbList\",\"@id\":\"https:\/\/www.visit-ulcinj.com\/blog\/2011\/05\/21\/flori-mbledh-kengetaret-ne-nje-krijim-dedikuar-emmy-t\/#breadcrumb\",\"itemListElement\":[{\"@type\":\"ListItem\",\"position\":1,\"name\":\"Flori mbledh kengetaret ne nje krijim dedikuar Emmy-t\"}]},{\"@type\":\"Person\",\"@id\":\"https:\/\/www.visit-ulcinj.com\/blog\/#\/schema\/person\/dcab619c614d3038751c63bc2aadc06d\",\"name\":\"ulqini\",\"sameAs\":[\"http:\/\/www.visit-ulcinj.com\"],\"url\":\"https:\/\/www.visit-ulcinj.com\/blog\/author\/admin\/\"}]}<\/script>\n<!-- \/ Yoast SEO plugin. -->","yoast_head_json":{"title":"Flori mbledh kengetaret ne nje krijim dedikuar Emmy-t - Lajme nga Ulqini","description":"Do t\u00eb jet\u00eb nj\u00eb dedikim nostalgjie dhe kujtimi t\u00eb mir\u00eb p\u00ebr k\u00ebng\u00ebtaren Elsina Idershai (Emmy), e cila u nda nga jeta n\u00eb mosh\u00ebn 21-vje\u00e7are pak muaj m\u00eb par\u00eb.","robots":{"index":"index","follow":"follow","max-snippet":"max-snippet:-1","max-image-preview":"max-image-preview:large","max-video-preview":"max-video-preview:-1"},"canonical":"https:\/\/www.visit-ulcinj.com\/blog\/2011\/05\/21\/flori-mbledh-kengetaret-ne-nje-krijim-dedikuar-emmy-t\/","og_locale":"en_US","og_type":"article","og_title":"Flori mbledh kengetaret ne nje krijim dedikuar Emmy-t - Lajme nga Ulqini","og_description":"Do t\u00eb jet\u00eb nj\u00eb dedikim nostalgjie dhe kujtimi t\u00eb mir\u00eb p\u00ebr k\u00ebng\u00ebtaren Elsina Idershai (Emmy), e cila u nda nga jeta n\u00eb mosh\u00ebn 21-vje\u00e7are pak muaj m\u00eb par\u00eb.","og_url":"https:\/\/www.visit-ulcinj.com\/blog\/2011\/05\/21\/flori-mbledh-kengetaret-ne-nje-krijim-dedikuar-emmy-t\/","og_site_name":"Lajme nga Ulqini","article_published_time":"2011-05-21T12:07:44+00:00","og_image":[{"url":"http:\/\/www.visit-ulcinj.com\/blog\/wp-content\/uploads\/2011\/05\/Flori-Mumajesi-dhe-Emmy.jpg"}],"twitter_misc":{"Written by":"ulqini","Est. reading time":"1 minute"},"schema":{"@context":"https:\/\/schema.org","@graph":[{"@type":"WebSite","@id":"https:\/\/www.visit-ulcinj.com\/blog\/#website","url":"https:\/\/www.visit-ulcinj.com\/blog\/","name":"Lajme nga Ulqini","description":"Lajme,Vijesti,Ulqini,Ulqin,Crna Gora,Mali i Zi","potentialAction":[{"@type":"SearchAction","target":{"@type":"EntryPoint","urlTemplate":"https:\/\/www.visit-ulcinj.com\/blog\/?s={search_term_string}"},"query-input":"required name=search_term_string"}],"inLanguage":"en-US"},{"@type":"ImageObject","inLanguage":"en-US","@id":"https:\/\/www.visit-ulcinj.com\/blog\/2011\/05\/21\/flori-mbledh-kengetaret-ne-nje-krijim-dedikuar-emmy-t\/#primaryimage","url":"http:\/\/www.visit-ulcinj.com\/blog\/wp-content\/uploads\/2011\/05\/Flori-Mumajesi-dhe-Emmy.jpg","contentUrl":"http:\/\/www.visit-ulcinj.com\/blog\/wp-content\/uploads\/2011\/05\/Flori-Mumajesi-dhe-Emmy.jpg"},{"@type":"WebPage","@id":"https:\/\/www.visit-ulcinj.com\/blog\/2011\/05\/21\/flori-mbledh-kengetaret-ne-nje-krijim-dedikuar-emmy-t\/#webpage","url":"https:\/\/www.visit-ulcinj.com\/blog\/2011\/05\/21\/flori-mbledh-kengetaret-ne-nje-krijim-dedikuar-emmy-t\/","name":"Flori mbledh kengetaret ne nje krijim dedikuar Emmy-t - Lajme nga Ulqini","isPartOf":{"@id":"https:\/\/www.visit-ulcinj.com\/blog\/#website"},"primaryImageOfPage":{"@id":"https:\/\/www.visit-ulcinj.com\/blog\/2011\/05\/21\/flori-mbledh-kengetaret-ne-nje-krijim-dedikuar-emmy-t\/#primaryimage"},"datePublished":"2011-05-21T12:07:44+00:00","dateModified":"2011-05-21T12:07:44+00:00","author":{"@id":"https:\/\/www.visit-ulcinj.com\/blog\/#\/schema\/person\/dcab619c614d3038751c63bc2aadc06d"},"description":"Do t\u00eb jet\u00eb nj\u00eb dedikim nostalgjie dhe kujtimi t\u00eb mir\u00eb p\u00ebr k\u00ebng\u00ebtaren Elsina Idershai (Emmy), e cila u nda nga jeta n\u00eb mosh\u00ebn 21-vje\u00e7are pak muaj m\u00eb par\u00eb.","breadcrumb":{"@id":"https:\/\/www.visit-ulcinj.com\/blog\/2011\/05\/21\/flori-mbledh-kengetaret-ne-nje-krijim-dedikuar-emmy-t\/#breadcrumb"},"inLanguage":"en-US","potentialAction":[{"@type":"ReadAction","target":["https:\/\/www.visit-ulcinj.com\/blog\/2011\/05\/21\/flori-mbledh-kengetaret-ne-nje-krijim-dedikuar-emmy-t\/"]}]},{"@type":"BreadcrumbList","@id":"https:\/\/www.visit-ulcinj.com\/blog\/2011\/05\/21\/flori-mbledh-kengetaret-ne-nje-krijim-dedikuar-emmy-t\/#breadcrumb","itemListElement":[{"@type":"ListItem","position":1,"name":"Flori mbledh kengetaret ne nje krijim dedikuar Emmy-t"}]},{"@type":"Person","@id":"https:\/\/www.visit-ulcinj.com\/blog\/#\/schema\/person\/dcab619c614d3038751c63bc2aadc06d","name":"ulqini","sameAs":["http:\/\/www.visit-ulcinj.com"],"url":"https:\/\/www.visit-ulcinj.com\/blog\/author\/admin\/"}]}},"jetpack_featured_media_url":"","jetpack_sharing_enabled":true,"jetpack_shortlink":"https:\/\/wp.me\/pe6lTn-cb2","_links":{"self":[{"href":"https:\/\/www.visit-ulcinj.com\/blog\/wp-json\/wp\/v2\/posts\/46812"}],"collection":[{"href":"https:\/\/www.visit-ulcinj.com\/blog\/wp-json\/wp\/v2\/posts"}],"about":[{"href":"https:\/\/www.visit-ulcinj.com\/blog\/wp-json\/wp\/v2\/types\/post"}],"author":[{"embeddable":true,"href":"https:\/\/www.visit-ulcinj.com\/blog\/wp-json\/wp\/v2\/users\/1"}],"replies":[{"embeddable":true,"href":"https:\/\/www.visit-ulcinj.com\/blog\/wp-json\/wp\/v2\/comments?post=46812"}],"version-history":[{"count":0,"href":"https:\/\/www.visit-ulcinj.com\/blog\/wp-json\/wp\/v2\/posts\/46812\/revisions"}],"wp:attachment":[{"href":"https:\/\/www.visit-ulcinj.com\/blog\/wp-json\/wp\/v2\/media?parent=46812"}],"wp:term":[{"taxonomy":"category","embeddable":true,"href":"https:\/\/www.visit-ulcinj.com\/blog\/wp-json\/wp\/v2\/categories?post=46812"},{"taxonomy":"post_tag","embeddable":true,"href":"https:\/\/www.visit-ulcinj.com\/blog\/wp-json\/wp\/v2\/tags?post=46812"}],"curies":[{"name":"wp","href":"https:\/\/api.w.org\/{rel}","templated":true}]}}