{"id":46815,"date":"2011-05-21T13:35:24","date_gmt":"2011-05-21T12:35:24","guid":{"rendered":"http:\/\/www.visit-ulcinj.com\/blog\/?p=46815"},"modified":"2011-05-21T13:35:24","modified_gmt":"2011-05-21T12:35:24","slug":"rezarta-ne-poza-hot-me-ermalin","status":"publish","type":"post","link":"https:\/\/www.visit-ulcinj.com\/blog\/2011\/05\/21\/rezarta-ne-poza-hot-me-ermalin\/","title":{"rendered":"Rezarta, n\u00eb poza hot me Ermalin"},"content":{"rendered":"<p><a href=\"http:\/\/www.visit-ulcinj.com\/blog\/wp-content\/uploads\/2011\/05\/Rezarta-ne-poza-hot-me-Ermalin.1.jpg\"><img loading=\"lazy\" class=\"alignleft size-full wp-image-46816\" title=\"Rezarta, ne poza hot me Ermalin.1\" src=\"http:\/\/www.visit-ulcinj.com\/blog\/wp-content\/uploads\/2011\/05\/Rezarta-ne-poza-hot-me-Ermalin.1.jpg\" alt=\"\" width=\"508\" height=\"380\" \/><\/a>T\u00eb gjith\u00eb e njohin tashm\u00eb pasionin e madh t\u00eb Rezarta Shkurt\u00ebs p\u00ebr fotografin\u00eb, po aq sa edhe p\u00ebr muzik\u00ebn. Fotot e saj personale jan\u00eb t\u00eb mrekullueshme, por ajo vet\u00eb tashm\u00eb ka nj\u00eb arkiv t\u00eb t\u00ebr\u00eb me foto artistike, ku nuk mungojn\u00eb edhe protagonist\u00eb t\u00eb njohur t\u00eb ekranit, kryesisht vajza k\u00ebng\u00ebtare q\u00eb shfaqen edhe m\u00eb t\u00eb bukura, fal\u00eb talentit t\u00eb Rezit. Por, dit\u00ebt e fundit ajo ka realizuar nj\u00eb set fotosh me bashk\u00ebshortin e saj, Ermalin, n\u00eb plazh dhe, si\u00e7 i shihni, k\u00ebto foto jan\u00eb perfekte dhe mjaft sensuale.<\/p>\n<p><br \/>\n<!--YouTube Error: bad URL entered--><\/p>\n","protected":false},"excerpt":{"rendered":"<p>T\u00eb gjith\u00eb e njohin tashm\u00eb pasionin e madh t\u00eb Rezarta Shkurt\u00ebs p\u00ebr fotografin\u00eb, po aq sa edhe p\u00ebr muzik\u00ebn. Fotot e saj personale jan\u00eb t\u00eb mrekullueshme, por ajo vet\u00eb tashm\u00eb ka nj\u00eb arkiv t\u00eb t\u00ebr\u00eb me foto artistike, ku nuk mungojn\u00eb edhe protagonist\u00eb t\u00eb njohur t\u00eb ekranit, kryesisht vajza k\u00ebng\u00ebtare q\u00eb shfaqen edhe m\u00eb t\u00eb [&hellip;]<\/p>\n","protected":false},"author":1,"featured_media":0,"comment_status":"open","ping_status":"closed","sticky":false,"template":"","format":"standard","meta":{"spay_email":"","jetpack_publicize_message":"","jetpack_is_tweetstorm":false,"jetpack_publicize_feature_enabled":true},"categories":[1],"tags":[4953],"jetpack_publicize_connections":[],"yoast_head":"<!-- This site is optimized with the Yoast SEO plugin v19.1 - https:\/\/yoast.com\/wordpress\/plugins\/seo\/ -->\n<title>Rezarta, n\u00eb poza hot me Ermalin - Lajme nga Ulqini<\/title>\n<meta name=\"description\" content=\"T\u00eb gjith\u00eb e njohin tashm\u00eb pasionin e madh t\u00eb Rezarta Shkurt\u00ebs p\u00ebr fotografin\u00eb, po aq sa edhe p\u00ebr muzik\u00ebn. Fotot e saj personale jan\u00eb t\u00eb mrekullueshme, por\" \/>\n<meta name=\"robots\" content=\"index, follow, max-snippet:-1, max-image-preview:large, max-video-preview:-1\" \/>\n<link rel=\"canonical\" href=\"https:\/\/www.visit-ulcinj.com\/blog\/2011\/05\/21\/rezarta-ne-poza-hot-me-ermalin\/\" \/>\n<meta property=\"og:locale\" content=\"en_US\" \/>\n<meta property=\"og:type\" content=\"article\" \/>\n<meta property=\"og:title\" content=\"Rezarta, n\u00eb poza hot me Ermalin - Lajme nga Ulqini\" \/>\n<meta property=\"og:description\" content=\"T\u00eb gjith\u00eb e njohin tashm\u00eb pasionin e madh t\u00eb Rezarta Shkurt\u00ebs p\u00ebr fotografin\u00eb, po aq sa edhe p\u00ebr muzik\u00ebn. Fotot e saj personale jan\u00eb t\u00eb mrekullueshme, por\" \/>\n<meta property=\"og:url\" content=\"https:\/\/www.visit-ulcinj.com\/blog\/2011\/05\/21\/rezarta-ne-poza-hot-me-ermalin\/\" \/>\n<meta property=\"og:site_name\" content=\"Lajme nga Ulqini\" \/>\n<meta property=\"article:published_time\" content=\"2011-05-21T12:35:24+00:00\" \/>\n<meta property=\"og:image\" content=\"https:\/\/www.visit-ulcinj.com\/blog\/wp-content\/uploads\/2011\/05\/Rezarta-ne-poza-hot-me-Ermalin.1-150x150.jpg\" \/>\n<meta name=\"twitter:label1\" content=\"Written by\" \/>\n\t<meta name=\"twitter:data1\" content=\"ulqini\" \/>\n\t<meta name=\"twitter:label2\" content=\"Est. reading time\" \/>\n\t<meta name=\"twitter:data2\" content=\"1 minute\" \/>\n<script type=\"application\/ld+json\" class=\"yoast-schema-graph\">{\"@context\":\"https:\/\/schema.org\",\"@graph\":[{\"@type\":\"WebSite\",\"@id\":\"https:\/\/www.visit-ulcinj.com\/blog\/#website\",\"url\":\"https:\/\/www.visit-ulcinj.com\/blog\/\",\"name\":\"Lajme nga Ulqini\",\"description\":\"Lajme,Vijesti,Ulqini,Ulqin,Crna Gora,Mali i Zi\",\"potentialAction\":[{\"@type\":\"SearchAction\",\"target\":{\"@type\":\"EntryPoint\",\"urlTemplate\":\"https:\/\/www.visit-ulcinj.com\/blog\/?s={search_term_string}\"},\"query-input\":\"required name=search_term_string\"}],\"inLanguage\":\"en-US\"},{\"@type\":\"ImageObject\",\"inLanguage\":\"en-US\",\"@id\":\"https:\/\/www.visit-ulcinj.com\/blog\/2011\/05\/21\/rezarta-ne-poza-hot-me-ermalin\/#primaryimage\",\"url\":\"http:\/\/www.visit-ulcinj.com\/blog\/wp-content\/uploads\/2011\/05\/Rezarta-ne-poza-hot-me-Ermalin.1.jpg\",\"contentUrl\":\"http:\/\/www.visit-ulcinj.com\/blog\/wp-content\/uploads\/2011\/05\/Rezarta-ne-poza-hot-me-Ermalin.1.jpg\"},{\"@type\":\"WebPage\",\"@id\":\"https:\/\/www.visit-ulcinj.com\/blog\/2011\/05\/21\/rezarta-ne-poza-hot-me-ermalin\/#webpage\",\"url\":\"https:\/\/www.visit-ulcinj.com\/blog\/2011\/05\/21\/rezarta-ne-poza-hot-me-ermalin\/\",\"name\":\"Rezarta, n\u00eb poza hot me Ermalin - Lajme nga Ulqini\",\"isPartOf\":{\"@id\":\"https:\/\/www.visit-ulcinj.com\/blog\/#website\"},\"primaryImageOfPage\":{\"@id\":\"https:\/\/www.visit-ulcinj.com\/blog\/2011\/05\/21\/rezarta-ne-poza-hot-me-ermalin\/#primaryimage\"},\"datePublished\":\"2011-05-21T12:35:24+00:00\",\"dateModified\":\"2011-05-21T12:35:24+00:00\",\"author\":{\"@id\":\"https:\/\/www.visit-ulcinj.com\/blog\/#\/schema\/person\/dcab619c614d3038751c63bc2aadc06d\"},\"description\":\"T\u00eb gjith\u00eb e njohin tashm\u00eb pasionin e madh t\u00eb Rezarta Shkurt\u00ebs p\u00ebr fotografin\u00eb, po aq sa edhe p\u00ebr muzik\u00ebn. Fotot e saj personale jan\u00eb t\u00eb mrekullueshme, por\",\"breadcrumb\":{\"@id\":\"https:\/\/www.visit-ulcinj.com\/blog\/2011\/05\/21\/rezarta-ne-poza-hot-me-ermalin\/#breadcrumb\"},\"inLanguage\":\"en-US\",\"potentialAction\":[{\"@type\":\"ReadAction\",\"target\":[\"https:\/\/www.visit-ulcinj.com\/blog\/2011\/05\/21\/rezarta-ne-poza-hot-me-ermalin\/\"]}]},{\"@type\":\"BreadcrumbList\",\"@id\":\"https:\/\/www.visit-ulcinj.com\/blog\/2011\/05\/21\/rezarta-ne-poza-hot-me-ermalin\/#breadcrumb\",\"itemListElement\":[{\"@type\":\"ListItem\",\"position\":1,\"name\":\"Rezarta, n\u00eb poza hot me Ermalin\"}]},{\"@type\":\"Person\",\"@id\":\"https:\/\/www.visit-ulcinj.com\/blog\/#\/schema\/person\/dcab619c614d3038751c63bc2aadc06d\",\"name\":\"ulqini\",\"sameAs\":[\"http:\/\/www.visit-ulcinj.com\"],\"url\":\"https:\/\/www.visit-ulcinj.com\/blog\/author\/admin\/\"}]}<\/script>\n<!-- \/ Yoast SEO plugin. -->","yoast_head_json":{"title":"Rezarta, n\u00eb poza hot me Ermalin - Lajme nga Ulqini","description":"T\u00eb gjith\u00eb e njohin tashm\u00eb pasionin e madh t\u00eb Rezarta Shkurt\u00ebs p\u00ebr fotografin\u00eb, po aq sa edhe p\u00ebr muzik\u00ebn. Fotot e saj personale jan\u00eb t\u00eb mrekullueshme, por","robots":{"index":"index","follow":"follow","max-snippet":"max-snippet:-1","max-image-preview":"max-image-preview:large","max-video-preview":"max-video-preview:-1"},"canonical":"https:\/\/www.visit-ulcinj.com\/blog\/2011\/05\/21\/rezarta-ne-poza-hot-me-ermalin\/","og_locale":"en_US","og_type":"article","og_title":"Rezarta, n\u00eb poza hot me Ermalin - Lajme nga Ulqini","og_description":"T\u00eb gjith\u00eb e njohin tashm\u00eb pasionin e madh t\u00eb Rezarta Shkurt\u00ebs p\u00ebr fotografin\u00eb, po aq sa edhe p\u00ebr muzik\u00ebn. Fotot e saj personale jan\u00eb t\u00eb mrekullueshme, por","og_url":"https:\/\/www.visit-ulcinj.com\/blog\/2011\/05\/21\/rezarta-ne-poza-hot-me-ermalin\/","og_site_name":"Lajme nga Ulqini","article_published_time":"2011-05-21T12:35:24+00:00","og_image":[{"url":"https:\/\/www.visit-ulcinj.com\/blog\/wp-content\/uploads\/2011\/05\/Rezarta-ne-poza-hot-me-Ermalin.1-150x150.jpg"}],"twitter_misc":{"Written by":"ulqini","Est. reading time":"1 minute"},"schema":{"@context":"https:\/\/schema.org","@graph":[{"@type":"WebSite","@id":"https:\/\/www.visit-ulcinj.com\/blog\/#website","url":"https:\/\/www.visit-ulcinj.com\/blog\/","name":"Lajme nga Ulqini","description":"Lajme,Vijesti,Ulqini,Ulqin,Crna Gora,Mali i Zi","potentialAction":[{"@type":"SearchAction","target":{"@type":"EntryPoint","urlTemplate":"https:\/\/www.visit-ulcinj.com\/blog\/?s={search_term_string}"},"query-input":"required name=search_term_string"}],"inLanguage":"en-US"},{"@type":"ImageObject","inLanguage":"en-US","@id":"https:\/\/www.visit-ulcinj.com\/blog\/2011\/05\/21\/rezarta-ne-poza-hot-me-ermalin\/#primaryimage","url":"http:\/\/www.visit-ulcinj.com\/blog\/wp-content\/uploads\/2011\/05\/Rezarta-ne-poza-hot-me-Ermalin.1.jpg","contentUrl":"http:\/\/www.visit-ulcinj.com\/blog\/wp-content\/uploads\/2011\/05\/Rezarta-ne-poza-hot-me-Ermalin.1.jpg"},{"@type":"WebPage","@id":"https:\/\/www.visit-ulcinj.com\/blog\/2011\/05\/21\/rezarta-ne-poza-hot-me-ermalin\/#webpage","url":"https:\/\/www.visit-ulcinj.com\/blog\/2011\/05\/21\/rezarta-ne-poza-hot-me-ermalin\/","name":"Rezarta, n\u00eb poza hot me Ermalin - Lajme nga Ulqini","isPartOf":{"@id":"https:\/\/www.visit-ulcinj.com\/blog\/#website"},"primaryImageOfPage":{"@id":"https:\/\/www.visit-ulcinj.com\/blog\/2011\/05\/21\/rezarta-ne-poza-hot-me-ermalin\/#primaryimage"},"datePublished":"2011-05-21T12:35:24+00:00","dateModified":"2011-05-21T12:35:24+00:00","author":{"@id":"https:\/\/www.visit-ulcinj.com\/blog\/#\/schema\/person\/dcab619c614d3038751c63bc2aadc06d"},"description":"T\u00eb gjith\u00eb e njohin tashm\u00eb pasionin e madh t\u00eb Rezarta Shkurt\u00ebs p\u00ebr fotografin\u00eb, po aq sa edhe p\u00ebr muzik\u00ebn. Fotot e saj personale jan\u00eb t\u00eb mrekullueshme, por","breadcrumb":{"@id":"https:\/\/www.visit-ulcinj.com\/blog\/2011\/05\/21\/rezarta-ne-poza-hot-me-ermalin\/#breadcrumb"},"inLanguage":"en-US","potentialAction":[{"@type":"ReadAction","target":["https:\/\/www.visit-ulcinj.com\/blog\/2011\/05\/21\/rezarta-ne-poza-hot-me-ermalin\/"]}]},{"@type":"BreadcrumbList","@id":"https:\/\/www.visit-ulcinj.com\/blog\/2011\/05\/21\/rezarta-ne-poza-hot-me-ermalin\/#breadcrumb","itemListElement":[{"@type":"ListItem","position":1,"name":"Rezarta, n\u00eb poza hot me Ermalin"}]},{"@type":"Person","@id":"https:\/\/www.visit-ulcinj.com\/blog\/#\/schema\/person\/dcab619c614d3038751c63bc2aadc06d","name":"ulqini","sameAs":["http:\/\/www.visit-ulcinj.com"],"url":"https:\/\/www.visit-ulcinj.com\/blog\/author\/admin\/"}]}},"jetpack_featured_media_url":"","jetpack_sharing_enabled":true,"jetpack_shortlink":"https:\/\/wp.me\/pe6lTn-cb5","_links":{"self":[{"href":"https:\/\/www.visit-ulcinj.com\/blog\/wp-json\/wp\/v2\/posts\/46815"}],"collection":[{"href":"https:\/\/www.visit-ulcinj.com\/blog\/wp-json\/wp\/v2\/posts"}],"about":[{"href":"https:\/\/www.visit-ulcinj.com\/blog\/wp-json\/wp\/v2\/types\/post"}],"author":[{"embeddable":true,"href":"https:\/\/www.visit-ulcinj.com\/blog\/wp-json\/wp\/v2\/users\/1"}],"replies":[{"embeddable":true,"href":"https:\/\/www.visit-ulcinj.com\/blog\/wp-json\/wp\/v2\/comments?post=46815"}],"version-history":[{"count":0,"href":"https:\/\/www.visit-ulcinj.com\/blog\/wp-json\/wp\/v2\/posts\/46815\/revisions"}],"wp:attachment":[{"href":"https:\/\/www.visit-ulcinj.com\/blog\/wp-json\/wp\/v2\/media?parent=46815"}],"wp:term":[{"taxonomy":"category","embeddable":true,"href":"https:\/\/www.visit-ulcinj.com\/blog\/wp-json\/wp\/v2\/categories?post=46815"},{"taxonomy":"post_tag","embeddable":true,"href":"https:\/\/www.visit-ulcinj.com\/blog\/wp-json\/wp\/v2\/tags?post=46815"}],"curies":[{"name":"wp","href":"https:\/\/api.w.org\/{rel}","templated":true}]}}