{"id":46821,"date":"2011-05-21T13:53:26","date_gmt":"2011-05-21T12:53:26","guid":{"rendered":"http:\/\/www.visit-ulcinj.com\/blog\/?p=46821"},"modified":"2011-05-21T13:56:40","modified_gmt":"2011-05-21T12:56:40","slug":"ermal-fejzullahu-realizon-videon-oj-nafaka-jeme","status":"publish","type":"post","link":"https:\/\/www.visit-ulcinj.com\/blog\/2011\/05\/21\/ermal-fejzullahu-realizon-videon-oj-nafaka-jeme\/","title":{"rendered":"Ermal Fejzullahu realizon videon &#8211; Oj nafaka jeme"},"content":{"rendered":"<p><!--YouTube Error: bad URL entered--><br \/>\n<a href=\"http:\/\/www.visit-ulcinj.com\/blog\/wp-content\/uploads\/2011\/05\/Ermal-Fejzullahu.jpg\"><img loading=\"lazy\" class=\"alignleft size-full wp-image-46822\" title=\"Ermal-Fejzullahu\" src=\"http:\/\/www.visit-ulcinj.com\/blog\/wp-content\/uploads\/2011\/05\/Ermal-Fejzullahu.jpg\" alt=\"\" width=\"302\" height=\"342\" \/><\/a>Ermali ka realizuar s\u00eb fundi edhe videon e k\u00ebng\u00ebs s\u00eb tij m\u00eb t\u00eb re \u201cOj nafaka jeme\u201d.<\/p>\n<p>Videoklipi \u00ebsht\u00eb xhiruar nga produksioni \u201cMax Production\u201d n\u00eb Tiran\u00eb dhe pritet t\u00eb jet\u00eb nj\u00eb hit veror n\u00eb televizionet muzikore shqiptare.<\/p>\n<p>Ermali gjithashtu k\u00ebto dit\u00eb \u00ebsht\u00eb i angazhuar edhe me p\u00ebrfundimin e klipit t\u00eb k\u00ebng\u00ebs duet me Nora Istrefin, me t\u00eb cilin realizim \u00ebsht\u00eb shprehur mjaft i k\u00ebnaqur.<\/p>\n<p>&nbsp;<\/p>\n<p>&nbsp;<\/p>\n","protected":false},"excerpt":{"rendered":"<p>Ermali ka realizuar s\u00eb fundi edhe videon e k\u00ebng\u00ebs s\u00eb tij m\u00eb t\u00eb re \u201cOj nafaka jeme\u201d. Videoklipi \u00ebsht\u00eb xhiruar nga produksioni \u201cMax Production\u201d n\u00eb Tiran\u00eb dhe pritet t\u00eb jet\u00eb nj\u00eb hit veror n\u00eb televizionet muzikore shqiptare. Ermali gjithashtu k\u00ebto dit\u00eb \u00ebsht\u00eb i angazhuar edhe me p\u00ebrfundimin e klipit t\u00eb k\u00ebng\u00ebs duet me Nora Istrefin, [&hellip;]<\/p>\n","protected":false},"author":1,"featured_media":0,"comment_status":"open","ping_status":"closed","sticky":false,"template":"","format":"standard","meta":{"spay_email":"","jetpack_publicize_message":"","jetpack_is_tweetstorm":false,"jetpack_publicize_feature_enabled":true},"categories":[1],"tags":[7453],"jetpack_publicize_connections":[],"yoast_head":"<!-- This site is optimized with the Yoast SEO plugin v19.1 - https:\/\/yoast.com\/wordpress\/plugins\/seo\/ -->\n<title>Ermal Fejzullahu realizon videon - Oj nafaka jeme - Lajme nga Ulqini<\/title>\n<meta name=\"description\" content=\"Ermali ka realizuar s\u00eb fundi edhe videon e k\u00ebng\u00ebs s\u00eb tij m\u00eb t\u00eb re \u201cOj nafaka jeme\u201d. Videoklipi \u00ebsht\u00eb xhiruar nga produksioni \u201cMax Production\u201d n\u00eb Tiran\u00eb\" \/>\n<meta name=\"robots\" content=\"index, follow, max-snippet:-1, max-image-preview:large, max-video-preview:-1\" \/>\n<link rel=\"canonical\" href=\"https:\/\/www.visit-ulcinj.com\/blog\/2011\/05\/21\/ermal-fejzullahu-realizon-videon-oj-nafaka-jeme\/\" \/>\n<meta property=\"og:locale\" content=\"en_US\" \/>\n<meta property=\"og:type\" content=\"article\" \/>\n<meta property=\"og:title\" content=\"Ermal Fejzullahu realizon videon - Oj nafaka jeme - Lajme nga Ulqini\" \/>\n<meta property=\"og:description\" content=\"Ermali ka realizuar s\u00eb fundi edhe videon e k\u00ebng\u00ebs s\u00eb tij m\u00eb t\u00eb re \u201cOj nafaka jeme\u201d. Videoklipi \u00ebsht\u00eb xhiruar nga produksioni \u201cMax Production\u201d n\u00eb Tiran\u00eb\" \/>\n<meta property=\"og:url\" content=\"https:\/\/www.visit-ulcinj.com\/blog\/2011\/05\/21\/ermal-fejzullahu-realizon-videon-oj-nafaka-jeme\/\" \/>\n<meta property=\"og:site_name\" content=\"Lajme nga Ulqini\" \/>\n<meta property=\"article:published_time\" content=\"2011-05-21T12:53:26+00:00\" \/>\n<meta property=\"article:modified_time\" content=\"2011-05-21T12:56:40+00:00\" \/>\n<meta property=\"og:image\" content=\"http:\/\/www.visit-ulcinj.com\/blog\/wp-content\/uploads\/2011\/05\/Ermal-Fejzullahu.jpg\" \/>\n<meta name=\"twitter:label1\" content=\"Written by\" \/>\n\t<meta name=\"twitter:data1\" content=\"ulqini\" \/>\n<script type=\"application\/ld+json\" class=\"yoast-schema-graph\">{\"@context\":\"https:\/\/schema.org\",\"@graph\":[{\"@type\":\"WebSite\",\"@id\":\"https:\/\/www.visit-ulcinj.com\/blog\/#website\",\"url\":\"https:\/\/www.visit-ulcinj.com\/blog\/\",\"name\":\"Lajme nga Ulqini\",\"description\":\"Lajme,Vijesti,Ulqini,Ulqin,Crna Gora,Mali i Zi\",\"potentialAction\":[{\"@type\":\"SearchAction\",\"target\":{\"@type\":\"EntryPoint\",\"urlTemplate\":\"https:\/\/www.visit-ulcinj.com\/blog\/?s={search_term_string}\"},\"query-input\":\"required name=search_term_string\"}],\"inLanguage\":\"en-US\"},{\"@type\":\"ImageObject\",\"inLanguage\":\"en-US\",\"@id\":\"https:\/\/www.visit-ulcinj.com\/blog\/2011\/05\/21\/ermal-fejzullahu-realizon-videon-oj-nafaka-jeme\/#primaryimage\",\"url\":\"http:\/\/www.visit-ulcinj.com\/blog\/wp-content\/uploads\/2011\/05\/Ermal-Fejzullahu.jpg\",\"contentUrl\":\"http:\/\/www.visit-ulcinj.com\/blog\/wp-content\/uploads\/2011\/05\/Ermal-Fejzullahu.jpg\"},{\"@type\":\"WebPage\",\"@id\":\"https:\/\/www.visit-ulcinj.com\/blog\/2011\/05\/21\/ermal-fejzullahu-realizon-videon-oj-nafaka-jeme\/#webpage\",\"url\":\"https:\/\/www.visit-ulcinj.com\/blog\/2011\/05\/21\/ermal-fejzullahu-realizon-videon-oj-nafaka-jeme\/\",\"name\":\"Ermal Fejzullahu realizon videon - Oj nafaka jeme - Lajme nga Ulqini\",\"isPartOf\":{\"@id\":\"https:\/\/www.visit-ulcinj.com\/blog\/#website\"},\"primaryImageOfPage\":{\"@id\":\"https:\/\/www.visit-ulcinj.com\/blog\/2011\/05\/21\/ermal-fejzullahu-realizon-videon-oj-nafaka-jeme\/#primaryimage\"},\"datePublished\":\"2011-05-21T12:53:26+00:00\",\"dateModified\":\"2011-05-21T12:56:40+00:00\",\"author\":{\"@id\":\"https:\/\/www.visit-ulcinj.com\/blog\/#\/schema\/person\/dcab619c614d3038751c63bc2aadc06d\"},\"description\":\"Ermali ka realizuar s\u00eb fundi edhe videon e k\u00ebng\u00ebs s\u00eb tij m\u00eb t\u00eb re \u201cOj nafaka jeme\u201d. Videoklipi \u00ebsht\u00eb xhiruar nga produksioni \u201cMax Production\u201d n\u00eb Tiran\u00eb\",\"breadcrumb\":{\"@id\":\"https:\/\/www.visit-ulcinj.com\/blog\/2011\/05\/21\/ermal-fejzullahu-realizon-videon-oj-nafaka-jeme\/#breadcrumb\"},\"inLanguage\":\"en-US\",\"potentialAction\":[{\"@type\":\"ReadAction\",\"target\":[\"https:\/\/www.visit-ulcinj.com\/blog\/2011\/05\/21\/ermal-fejzullahu-realizon-videon-oj-nafaka-jeme\/\"]}]},{\"@type\":\"BreadcrumbList\",\"@id\":\"https:\/\/www.visit-ulcinj.com\/blog\/2011\/05\/21\/ermal-fejzullahu-realizon-videon-oj-nafaka-jeme\/#breadcrumb\",\"itemListElement\":[{\"@type\":\"ListItem\",\"position\":1,\"name\":\"Ermal Fejzullahu realizon videon &#8211; Oj nafaka jeme\"}]},{\"@type\":\"Person\",\"@id\":\"https:\/\/www.visit-ulcinj.com\/blog\/#\/schema\/person\/dcab619c614d3038751c63bc2aadc06d\",\"name\":\"ulqini\",\"sameAs\":[\"http:\/\/www.visit-ulcinj.com\"],\"url\":\"https:\/\/www.visit-ulcinj.com\/blog\/author\/admin\/\"}]}<\/script>\n<!-- \/ Yoast SEO plugin. -->","yoast_head_json":{"title":"Ermal Fejzullahu realizon videon - Oj nafaka jeme - Lajme nga Ulqini","description":"Ermali ka realizuar s\u00eb fundi edhe videon e k\u00ebng\u00ebs s\u00eb tij m\u00eb t\u00eb re \u201cOj nafaka jeme\u201d. Videoklipi \u00ebsht\u00eb xhiruar nga produksioni \u201cMax Production\u201d n\u00eb Tiran\u00eb","robots":{"index":"index","follow":"follow","max-snippet":"max-snippet:-1","max-image-preview":"max-image-preview:large","max-video-preview":"max-video-preview:-1"},"canonical":"https:\/\/www.visit-ulcinj.com\/blog\/2011\/05\/21\/ermal-fejzullahu-realizon-videon-oj-nafaka-jeme\/","og_locale":"en_US","og_type":"article","og_title":"Ermal Fejzullahu realizon videon - Oj nafaka jeme - Lajme nga Ulqini","og_description":"Ermali ka realizuar s\u00eb fundi edhe videon e k\u00ebng\u00ebs s\u00eb tij m\u00eb t\u00eb re \u201cOj nafaka jeme\u201d. Videoklipi \u00ebsht\u00eb xhiruar nga produksioni \u201cMax Production\u201d n\u00eb Tiran\u00eb","og_url":"https:\/\/www.visit-ulcinj.com\/blog\/2011\/05\/21\/ermal-fejzullahu-realizon-videon-oj-nafaka-jeme\/","og_site_name":"Lajme nga Ulqini","article_published_time":"2011-05-21T12:53:26+00:00","article_modified_time":"2011-05-21T12:56:40+00:00","og_image":[{"url":"http:\/\/www.visit-ulcinj.com\/blog\/wp-content\/uploads\/2011\/05\/Ermal-Fejzullahu.jpg"}],"twitter_misc":{"Written by":"ulqini"},"schema":{"@context":"https:\/\/schema.org","@graph":[{"@type":"WebSite","@id":"https:\/\/www.visit-ulcinj.com\/blog\/#website","url":"https:\/\/www.visit-ulcinj.com\/blog\/","name":"Lajme nga Ulqini","description":"Lajme,Vijesti,Ulqini,Ulqin,Crna Gora,Mali i Zi","potentialAction":[{"@type":"SearchAction","target":{"@type":"EntryPoint","urlTemplate":"https:\/\/www.visit-ulcinj.com\/blog\/?s={search_term_string}"},"query-input":"required name=search_term_string"}],"inLanguage":"en-US"},{"@type":"ImageObject","inLanguage":"en-US","@id":"https:\/\/www.visit-ulcinj.com\/blog\/2011\/05\/21\/ermal-fejzullahu-realizon-videon-oj-nafaka-jeme\/#primaryimage","url":"http:\/\/www.visit-ulcinj.com\/blog\/wp-content\/uploads\/2011\/05\/Ermal-Fejzullahu.jpg","contentUrl":"http:\/\/www.visit-ulcinj.com\/blog\/wp-content\/uploads\/2011\/05\/Ermal-Fejzullahu.jpg"},{"@type":"WebPage","@id":"https:\/\/www.visit-ulcinj.com\/blog\/2011\/05\/21\/ermal-fejzullahu-realizon-videon-oj-nafaka-jeme\/#webpage","url":"https:\/\/www.visit-ulcinj.com\/blog\/2011\/05\/21\/ermal-fejzullahu-realizon-videon-oj-nafaka-jeme\/","name":"Ermal Fejzullahu realizon videon - Oj nafaka jeme - Lajme nga Ulqini","isPartOf":{"@id":"https:\/\/www.visit-ulcinj.com\/blog\/#website"},"primaryImageOfPage":{"@id":"https:\/\/www.visit-ulcinj.com\/blog\/2011\/05\/21\/ermal-fejzullahu-realizon-videon-oj-nafaka-jeme\/#primaryimage"},"datePublished":"2011-05-21T12:53:26+00:00","dateModified":"2011-05-21T12:56:40+00:00","author":{"@id":"https:\/\/www.visit-ulcinj.com\/blog\/#\/schema\/person\/dcab619c614d3038751c63bc2aadc06d"},"description":"Ermali ka realizuar s\u00eb fundi edhe videon e k\u00ebng\u00ebs s\u00eb tij m\u00eb t\u00eb re \u201cOj nafaka jeme\u201d. Videoklipi \u00ebsht\u00eb xhiruar nga produksioni \u201cMax Production\u201d n\u00eb Tiran\u00eb","breadcrumb":{"@id":"https:\/\/www.visit-ulcinj.com\/blog\/2011\/05\/21\/ermal-fejzullahu-realizon-videon-oj-nafaka-jeme\/#breadcrumb"},"inLanguage":"en-US","potentialAction":[{"@type":"ReadAction","target":["https:\/\/www.visit-ulcinj.com\/blog\/2011\/05\/21\/ermal-fejzullahu-realizon-videon-oj-nafaka-jeme\/"]}]},{"@type":"BreadcrumbList","@id":"https:\/\/www.visit-ulcinj.com\/blog\/2011\/05\/21\/ermal-fejzullahu-realizon-videon-oj-nafaka-jeme\/#breadcrumb","itemListElement":[{"@type":"ListItem","position":1,"name":"Ermal Fejzullahu realizon videon &#8211; Oj nafaka jeme"}]},{"@type":"Person","@id":"https:\/\/www.visit-ulcinj.com\/blog\/#\/schema\/person\/dcab619c614d3038751c63bc2aadc06d","name":"ulqini","sameAs":["http:\/\/www.visit-ulcinj.com"],"url":"https:\/\/www.visit-ulcinj.com\/blog\/author\/admin\/"}]}},"jetpack_featured_media_url":"","jetpack_sharing_enabled":true,"jetpack_shortlink":"https:\/\/wp.me\/pe6lTn-cbb","_links":{"self":[{"href":"https:\/\/www.visit-ulcinj.com\/blog\/wp-json\/wp\/v2\/posts\/46821"}],"collection":[{"href":"https:\/\/www.visit-ulcinj.com\/blog\/wp-json\/wp\/v2\/posts"}],"about":[{"href":"https:\/\/www.visit-ulcinj.com\/blog\/wp-json\/wp\/v2\/types\/post"}],"author":[{"embeddable":true,"href":"https:\/\/www.visit-ulcinj.com\/blog\/wp-json\/wp\/v2\/users\/1"}],"replies":[{"embeddable":true,"href":"https:\/\/www.visit-ulcinj.com\/blog\/wp-json\/wp\/v2\/comments?post=46821"}],"version-history":[{"count":0,"href":"https:\/\/www.visit-ulcinj.com\/blog\/wp-json\/wp\/v2\/posts\/46821\/revisions"}],"wp:attachment":[{"href":"https:\/\/www.visit-ulcinj.com\/blog\/wp-json\/wp\/v2\/media?parent=46821"}],"wp:term":[{"taxonomy":"category","embeddable":true,"href":"https:\/\/www.visit-ulcinj.com\/blog\/wp-json\/wp\/v2\/categories?post=46821"},{"taxonomy":"post_tag","embeddable":true,"href":"https:\/\/www.visit-ulcinj.com\/blog\/wp-json\/wp\/v2\/tags?post=46821"}],"curies":[{"name":"wp","href":"https:\/\/api.w.org\/{rel}","templated":true}]}}