{"id":46837,"date":"2011-05-21T21:17:05","date_gmt":"2011-05-21T20:17:05","guid":{"rendered":"http:\/\/www.visit-ulcinj.com\/blog\/?p=46837"},"modified":"2011-05-21T21:17:51","modified_gmt":"2011-05-21T20:17:51","slug":"hajdinaga-cistih-ruku","status":"publish","type":"post","link":"https:\/\/www.visit-ulcinj.com\/blog\/2011\/05\/21\/hajdinaga-cistih-ruku\/","title":{"rendered":"Hajdinaga \u010distih ruku"},"content":{"rendered":"<p><a href=\"http:\/\/www.visit-ulcinj.com\/blog\/wp-content\/uploads\/2011\/05\/Gzim-Hajdinaga-cistih-ruku-grada-ulcinja.jpg\"><img loading=\"lazy\" class=\"alignleft size-full wp-image-46838\" title=\"Gzim-Hajdinaga-cistih ruku grada ulcinja\" src=\"http:\/\/www.visit-ulcinj.com\/blog\/wp-content\/uploads\/2011\/05\/Gzim-Hajdinaga-cistih-ruku-grada-ulcinja.jpg\" alt=\"\" width=\"508\" height=\"380\" srcset=\"https:\/\/www.visit-ulcinj.com\/blog\/wp-content\/uploads\/2011\/05\/Gzim-Hajdinaga-cistih-ruku-grada-ulcinja.jpg 640w, https:\/\/www.visit-ulcinj.com\/blog\/wp-content\/uploads\/2011\/05\/Gzim-Hajdinaga-cistih-ruku-grada-ulcinja-300x225.jpg 300w\" sizes=\"(max-width: 508px) 100vw, 508px\" \/><\/a><br \/>\n<strong>Pobjeda saznaje: Nema razloga za pokretanje postupka krivi\u010dne odgovornosti ulcinjskog gradona\u010delnika<\/strong><\/p>\n<p>Neka svako radi svoj posao u skladu sa ovla\u0161\u0107enjima, uz punu zakonsku odgovornost. Zato i ne komentari\u0161em \u010dinjenicu da ljudi iz nadle\u017enih dr\u017eavnih organa obavljaju kontrolu, jer nemam nikakvih razloga za uznemirenost, ka\u017ee ulcinjski gradona\u010delnik<\/p>\n<p>ULCINJ \u2013 Nema indicija koje bi mogle biti osnov za otvaranje procesa utvr\u0111ivanja eventualne krivi\u010dne odgovornosti ulcinjskog gradona\u010delnika Gzima Hajdinage, saznanja su do kojih je Pobjeda do\u0161la zahvaljuju\u0107i jednom od \u010dlanova tima iz policijskog sektora za privredni kriminal.<\/p>\n<p>Sagovornik se, dodu\u0161e, ogra\u0111uje \u010dinjenicom da cjelokupne predistra\u017ene radnje nijesu okon\u010dane, ali se sa veoma visokim stepenom sigurnosti mo\u017ee re\u0107i da je, \u0161to se ovog procesa ti\u010de, Gzim Hajdinaga \u2013 \u010distih ruku.<\/p>\n<p><strong>Svako svoj posao<\/strong><\/p>\n<p>O ostalim detaljima vezanim za eventualnu odgovornost pojedinih Hajdinaginih saradnika iz vrhova op\u0161tinskog \u010dinovni\u010dkog aparata, sagovornik nije \u017eelio da govori, a moglo bi biti veoma zanimljivo \u0161to informacije ne cure ni iz drugih, do skoro prili\u010dno \u201epristupa\u010dnih\u201c izvora. Ni\u0161ta novo nijesmo uspjeli da saznamo ni od ulcinjskog gradona\u010delnika koji je za na\u0161 list kazao:<\/p>\n<p>&#8211; Neka svako radi svoj posao u skladu sa ovla\u0161\u0107enjima, uz punu zakonsku odgovornost. Zato i ne komentari\u0161em \u010dinjenicu da ljudi iz nadle\u017enih dr\u017eavnih organa obavljaju kontrolu, jer nemam nikakvih razloga za uznemirenost. Niti mene, niti moje saradnike, njihovo prisustvo ne ometa u bilo \u010demu.<\/p>\n<p>Hajdinaga dodaje da je mirne savjesti i \u010distih ruku, a sve \u0161to je radio u proteklih pet godina mandata u skladu je sa zakonom. Svakako, i sa programskim okvirima vladaju\u0107e koalicije u Ulcinju.<\/p>\n<p><strong>Politi\u010dki i ljudski<\/strong><\/p>\n<p>Na dodatno pitanje kako do\u017eivljava povremeno veoma te\u0161ke optu\u017ebe iz opozicionih redova, Hajdinaga odgovara:<\/p>\n<p>&#8211; Prirodno je pravo pa \u010dak, moglo bi se re\u0107i, i obaveza svake opozicije \u2013 i male i velike \u2013 da kritikuje \u0161to \u010de\u0161\u0107e i \u0161to o\u0161trije. Ali, onog trenutka, kada ta kritika pre\u0111e lniju elementarne korektnosti i pretvori se u bla\u0107enje i udarce \u201eispod pojasa\u201c, onda to vi\u0161e nije ni politika ni me\u0111ustrana\u010dko nadmetanje. Nije mi, naravno, prijatno kada slu\u0161am apsolutno neutemeljene optu\u017ebe i razna podmetanja, ali \u0161ta je \u2013 tu je. Jasno mi je da sam opoziciji omiljena meta, jer sam na neposrednim izborima prije pet godina dobio veliku podr\u0161ku Ulcinjana i ubjedljivo pobijedio njihove kandidate. Tako\u0111e, koalicija Demokratske unije Albanaca i DPS pobje\u0111uje i na parlamentarnim izborima. No, ponavljam \u2013 nije ni politi\u010dki, a ni ljudski korektno blatiti, klevetati i udarati \u201eispod pojasa\u201c. To ne mo\u017ee donijeti koristi nikome, a mo\u017ee \u0161tetiti svakome.<\/p>\n<p><strong>Ponovo gradona\u010delnik<\/strong><\/p>\n<p>Petogodi\u0161nji mandat ulcinjskom gradona\u010delniku Gzimu Hajdinagi isti\u010de krajem septembra. No, kako sada izgleda, na toj funkciji osta\u0107e jo\u0161 jedan mandat, jer su koalicioni kapaciteti DPS, DUA i PDP sasvim dovoljni da im tripartitni dogovori ne mogu biti ugro\u017eeni, bez obzira na stavove opozicionih stranaka i partija.<\/p>\n<p>Da podsjetimo: dogovorom DPS i DUA, uz saglasnost PDP koja je na posljednjim parlamentarnim izborima bila koalicioni parner DUA, funkcija predsjednika op\u0161tine pripada dvjema nacionalnim partijama Albanaca, a prvog \u010dovjeka skup\u0161tine DPS-u. Tako je na tu funkciju izabran Ljui\u0111 \u0160krelja, ina\u010de predsjednik ulcinjskog odbora DPS, Hajdinaga \u0107e, gotovo je izvjesno, i dalje biti gradona\u010delnik.<\/p>\n<p>Najvi\u0161i organi DUA, potvr\u0111eno je Pobjedi, ve\u0107 su donijeli takvu odluku, a nesporna je i saglasnost koalicionog partnera &#8211; PDP.<\/p>\n<p><strong><a href=\"http:\/\/www.pobjeda.me\/citanje.php?datum=2011-05-21&amp;id=209530\" target=\"_blank\">Pi\u0161e Radomir Tomi\u0107<br \/>\nPobjeda<\/a><\/strong><\/p>\n<p>&nbsp;<\/p>\n","protected":false},"excerpt":{"rendered":"<p>Pobjeda saznaje: Nema razloga za pokretanje postupka krivi\u010dne odgovornosti ulcinjskog gradona\u010delnika Neka svako radi svoj posao u skladu sa ovla\u0161\u0107enjima, uz punu zakonsku odgovornost. Zato i ne komentari\u0161em \u010dinjenicu da ljudi iz nadle\u017enih dr\u017eavnih organa obavljaju kontrolu, jer nemam nikakvih razloga za uznemirenost, ka\u017ee ulcinjski gradona\u010delnik ULCINJ \u2013 Nema indicija koje bi mogle biti osnov [&hellip;]<\/p>\n","protected":false},"author":1,"featured_media":0,"comment_status":"open","ping_status":"closed","sticky":false,"template":"","format":"standard","meta":{"spay_email":"","jetpack_publicize_message":"","jetpack_is_tweetstorm":false,"jetpack_publicize_feature_enabled":true},"categories":[8337],"tags":[150,140,19],"jetpack_publicize_connections":[],"yoast_head":"<!-- This site is optimized with the Yoast SEO plugin v19.1 - https:\/\/yoast.com\/wordpress\/plugins\/seo\/ -->\n<title>Hajdinaga \u010distih ruku - Lajme nga Ulqini<\/title>\n<meta name=\"description\" content=\"Pobjeda saznaje: Nema razloga za pokretanje postupka krivi\u010dne odgovornosti ulcinjskog gradona\u010delnika Neka svako radi svoj posao u skladu sa ovla\u0161\u0107enjima,\" \/>\n<meta name=\"robots\" content=\"index, follow, max-snippet:-1, max-image-preview:large, max-video-preview:-1\" \/>\n<link rel=\"canonical\" href=\"https:\/\/www.visit-ulcinj.com\/blog\/2011\/05\/21\/hajdinaga-cistih-ruku\/\" \/>\n<meta property=\"og:locale\" content=\"en_US\" \/>\n<meta property=\"og:type\" content=\"article\" \/>\n<meta property=\"og:title\" content=\"Hajdinaga \u010distih ruku - Lajme nga Ulqini\" \/>\n<meta property=\"og:description\" content=\"Pobjeda saznaje: Nema razloga za pokretanje postupka krivi\u010dne odgovornosti ulcinjskog gradona\u010delnika Neka svako radi svoj posao u skladu sa ovla\u0161\u0107enjima,\" \/>\n<meta property=\"og:url\" content=\"https:\/\/www.visit-ulcinj.com\/blog\/2011\/05\/21\/hajdinaga-cistih-ruku\/\" \/>\n<meta property=\"og:site_name\" content=\"Lajme nga Ulqini\" \/>\n<meta property=\"article:published_time\" content=\"2011-05-21T20:17:05+00:00\" \/>\n<meta property=\"article:modified_time\" content=\"2011-05-21T20:17:51+00:00\" \/>\n<meta property=\"og:image\" content=\"http:\/\/www.visit-ulcinj.com\/blog\/wp-content\/uploads\/2011\/05\/Gzim-Hajdinaga-cistih-ruku-grada-ulcinja.jpg\" \/>\n<meta name=\"twitter:label1\" content=\"Written by\" \/>\n\t<meta name=\"twitter:data1\" content=\"ulqini\" \/>\n\t<meta name=\"twitter:label2\" content=\"Est. reading time\" \/>\n\t<meta name=\"twitter:data2\" content=\"3 minutes\" \/>\n<script type=\"application\/ld+json\" class=\"yoast-schema-graph\">{\"@context\":\"https:\/\/schema.org\",\"@graph\":[{\"@type\":\"WebSite\",\"@id\":\"https:\/\/www.visit-ulcinj.com\/blog\/#website\",\"url\":\"https:\/\/www.visit-ulcinj.com\/blog\/\",\"name\":\"Lajme nga Ulqini\",\"description\":\"Lajme,Vijesti,Ulqini,Ulqin,Crna Gora,Mali i Zi\",\"potentialAction\":[{\"@type\":\"SearchAction\",\"target\":{\"@type\":\"EntryPoint\",\"urlTemplate\":\"https:\/\/www.visit-ulcinj.com\/blog\/?s={search_term_string}\"},\"query-input\":\"required name=search_term_string\"}],\"inLanguage\":\"en-US\"},{\"@type\":\"ImageObject\",\"inLanguage\":\"en-US\",\"@id\":\"https:\/\/www.visit-ulcinj.com\/blog\/2011\/05\/21\/hajdinaga-cistih-ruku\/#primaryimage\",\"url\":\"https:\/\/www.visit-ulcinj.com\/blog\/wp-content\/uploads\/2011\/05\/Gzim-Hajdinaga-cistih-ruku-grada-ulcinja.jpg\",\"contentUrl\":\"https:\/\/www.visit-ulcinj.com\/blog\/wp-content\/uploads\/2011\/05\/Gzim-Hajdinaga-cistih-ruku-grada-ulcinja.jpg\",\"width\":\"640\",\"height\":\"480\"},{\"@type\":\"WebPage\",\"@id\":\"https:\/\/www.visit-ulcinj.com\/blog\/2011\/05\/21\/hajdinaga-cistih-ruku\/#webpage\",\"url\":\"https:\/\/www.visit-ulcinj.com\/blog\/2011\/05\/21\/hajdinaga-cistih-ruku\/\",\"name\":\"Hajdinaga \u010distih ruku - Lajme nga Ulqini\",\"isPartOf\":{\"@id\":\"https:\/\/www.visit-ulcinj.com\/blog\/#website\"},\"primaryImageOfPage\":{\"@id\":\"https:\/\/www.visit-ulcinj.com\/blog\/2011\/05\/21\/hajdinaga-cistih-ruku\/#primaryimage\"},\"datePublished\":\"2011-05-21T20:17:05+00:00\",\"dateModified\":\"2011-05-21T20:17:51+00:00\",\"author\":{\"@id\":\"https:\/\/www.visit-ulcinj.com\/blog\/#\/schema\/person\/dcab619c614d3038751c63bc2aadc06d\"},\"description\":\"Pobjeda saznaje: Nema razloga za pokretanje postupka krivi\u010dne odgovornosti ulcinjskog gradona\u010delnika Neka svako radi svoj posao u skladu sa ovla\u0161\u0107enjima,\",\"breadcrumb\":{\"@id\":\"https:\/\/www.visit-ulcinj.com\/blog\/2011\/05\/21\/hajdinaga-cistih-ruku\/#breadcrumb\"},\"inLanguage\":\"en-US\",\"potentialAction\":[{\"@type\":\"ReadAction\",\"target\":[\"https:\/\/www.visit-ulcinj.com\/blog\/2011\/05\/21\/hajdinaga-cistih-ruku\/\"]}]},{\"@type\":\"BreadcrumbList\",\"@id\":\"https:\/\/www.visit-ulcinj.com\/blog\/2011\/05\/21\/hajdinaga-cistih-ruku\/#breadcrumb\",\"itemListElement\":[{\"@type\":\"ListItem\",\"position\":1,\"name\":\"Hajdinaga \u010distih ruku\"}]},{\"@type\":\"Person\",\"@id\":\"https:\/\/www.visit-ulcinj.com\/blog\/#\/schema\/person\/dcab619c614d3038751c63bc2aadc06d\",\"name\":\"ulqini\",\"sameAs\":[\"http:\/\/www.visit-ulcinj.com\"],\"url\":\"https:\/\/www.visit-ulcinj.com\/blog\/author\/admin\/\"}]}<\/script>\n<!-- \/ Yoast SEO plugin. -->","yoast_head_json":{"title":"Hajdinaga \u010distih ruku - Lajme nga Ulqini","description":"Pobjeda saznaje: Nema razloga za pokretanje postupka krivi\u010dne odgovornosti ulcinjskog gradona\u010delnika Neka svako radi svoj posao u skladu sa ovla\u0161\u0107enjima,","robots":{"index":"index","follow":"follow","max-snippet":"max-snippet:-1","max-image-preview":"max-image-preview:large","max-video-preview":"max-video-preview:-1"},"canonical":"https:\/\/www.visit-ulcinj.com\/blog\/2011\/05\/21\/hajdinaga-cistih-ruku\/","og_locale":"en_US","og_type":"article","og_title":"Hajdinaga \u010distih ruku - Lajme nga Ulqini","og_description":"Pobjeda saznaje: Nema razloga za pokretanje postupka krivi\u010dne odgovornosti ulcinjskog gradona\u010delnika Neka svako radi svoj posao u skladu sa ovla\u0161\u0107enjima,","og_url":"https:\/\/www.visit-ulcinj.com\/blog\/2011\/05\/21\/hajdinaga-cistih-ruku\/","og_site_name":"Lajme nga Ulqini","article_published_time":"2011-05-21T20:17:05+00:00","article_modified_time":"2011-05-21T20:17:51+00:00","og_image":[{"url":"http:\/\/www.visit-ulcinj.com\/blog\/wp-content\/uploads\/2011\/05\/Gzim-Hajdinaga-cistih-ruku-grada-ulcinja.jpg"}],"twitter_misc":{"Written by":"ulqini","Est. reading time":"3 minutes"},"schema":{"@context":"https:\/\/schema.org","@graph":[{"@type":"WebSite","@id":"https:\/\/www.visit-ulcinj.com\/blog\/#website","url":"https:\/\/www.visit-ulcinj.com\/blog\/","name":"Lajme nga Ulqini","description":"Lajme,Vijesti,Ulqini,Ulqin,Crna Gora,Mali i Zi","potentialAction":[{"@type":"SearchAction","target":{"@type":"EntryPoint","urlTemplate":"https:\/\/www.visit-ulcinj.com\/blog\/?s={search_term_string}"},"query-input":"required name=search_term_string"}],"inLanguage":"en-US"},{"@type":"ImageObject","inLanguage":"en-US","@id":"https:\/\/www.visit-ulcinj.com\/blog\/2011\/05\/21\/hajdinaga-cistih-ruku\/#primaryimage","url":"https:\/\/www.visit-ulcinj.com\/blog\/wp-content\/uploads\/2011\/05\/Gzim-Hajdinaga-cistih-ruku-grada-ulcinja.jpg","contentUrl":"https:\/\/www.visit-ulcinj.com\/blog\/wp-content\/uploads\/2011\/05\/Gzim-Hajdinaga-cistih-ruku-grada-ulcinja.jpg","width":"640","height":"480"},{"@type":"WebPage","@id":"https:\/\/www.visit-ulcinj.com\/blog\/2011\/05\/21\/hajdinaga-cistih-ruku\/#webpage","url":"https:\/\/www.visit-ulcinj.com\/blog\/2011\/05\/21\/hajdinaga-cistih-ruku\/","name":"Hajdinaga \u010distih ruku - Lajme nga Ulqini","isPartOf":{"@id":"https:\/\/www.visit-ulcinj.com\/blog\/#website"},"primaryImageOfPage":{"@id":"https:\/\/www.visit-ulcinj.com\/blog\/2011\/05\/21\/hajdinaga-cistih-ruku\/#primaryimage"},"datePublished":"2011-05-21T20:17:05+00:00","dateModified":"2011-05-21T20:17:51+00:00","author":{"@id":"https:\/\/www.visit-ulcinj.com\/blog\/#\/schema\/person\/dcab619c614d3038751c63bc2aadc06d"},"description":"Pobjeda saznaje: Nema razloga za pokretanje postupka krivi\u010dne odgovornosti ulcinjskog gradona\u010delnika Neka svako radi svoj posao u skladu sa ovla\u0161\u0107enjima,","breadcrumb":{"@id":"https:\/\/www.visit-ulcinj.com\/blog\/2011\/05\/21\/hajdinaga-cistih-ruku\/#breadcrumb"},"inLanguage":"en-US","potentialAction":[{"@type":"ReadAction","target":["https:\/\/www.visit-ulcinj.com\/blog\/2011\/05\/21\/hajdinaga-cistih-ruku\/"]}]},{"@type":"BreadcrumbList","@id":"https:\/\/www.visit-ulcinj.com\/blog\/2011\/05\/21\/hajdinaga-cistih-ruku\/#breadcrumb","itemListElement":[{"@type":"ListItem","position":1,"name":"Hajdinaga \u010distih ruku"}]},{"@type":"Person","@id":"https:\/\/www.visit-ulcinj.com\/blog\/#\/schema\/person\/dcab619c614d3038751c63bc2aadc06d","name":"ulqini","sameAs":["http:\/\/www.visit-ulcinj.com"],"url":"https:\/\/www.visit-ulcinj.com\/blog\/author\/admin\/"}]}},"jetpack_featured_media_url":"","jetpack_sharing_enabled":true,"jetpack_shortlink":"https:\/\/wp.me\/pe6lTn-cbr","_links":{"self":[{"href":"https:\/\/www.visit-ulcinj.com\/blog\/wp-json\/wp\/v2\/posts\/46837"}],"collection":[{"href":"https:\/\/www.visit-ulcinj.com\/blog\/wp-json\/wp\/v2\/posts"}],"about":[{"href":"https:\/\/www.visit-ulcinj.com\/blog\/wp-json\/wp\/v2\/types\/post"}],"author":[{"embeddable":true,"href":"https:\/\/www.visit-ulcinj.com\/blog\/wp-json\/wp\/v2\/users\/1"}],"replies":[{"embeddable":true,"href":"https:\/\/www.visit-ulcinj.com\/blog\/wp-json\/wp\/v2\/comments?post=46837"}],"version-history":[{"count":0,"href":"https:\/\/www.visit-ulcinj.com\/blog\/wp-json\/wp\/v2\/posts\/46837\/revisions"}],"wp:attachment":[{"href":"https:\/\/www.visit-ulcinj.com\/blog\/wp-json\/wp\/v2\/media?parent=46837"}],"wp:term":[{"taxonomy":"category","embeddable":true,"href":"https:\/\/www.visit-ulcinj.com\/blog\/wp-json\/wp\/v2\/categories?post=46837"},{"taxonomy":"post_tag","embeddable":true,"href":"https:\/\/www.visit-ulcinj.com\/blog\/wp-json\/wp\/v2\/tags?post=46837"}],"curies":[{"name":"wp","href":"https:\/\/api.w.org\/{rel}","templated":true}]}}