{"id":46842,"date":"2011-05-21T21:33:16","date_gmt":"2011-05-21T20:33:16","guid":{"rendered":"http:\/\/www.visit-ulcinj.com\/blog\/?p=46842"},"modified":"2011-05-26T19:23:28","modified_gmt":"2011-05-26T18:23:28","slug":"shkolla-e-vjeter-ne-katerkolle-simbol-i-dijes-dhe-vetedijes-2","status":"publish","type":"post","link":"https:\/\/www.visit-ulcinj.com\/blog\/2011\/05\/21\/shkolla-e-vjeter-ne-katerkolle-simbol-i-dijes-dhe-vetedijes-2\/","title":{"rendered":"Shkolla e vjet\u00ebr n\u00eb Kat\u00ebrkoll\u00eb simbol i dijes dhe vet\u00ebdijes"},"content":{"rendered":"<p><strong> <\/strong><\/p>\n<p><strong><\/p>\n<div id=\"attachment_46843\" style=\"width: 518px\" class=\"wp-caption alignleft\"><a href=\"http:\/\/www.visit-ulcinj.com\/blog\/wp-content\/uploads\/2011\/05\/Haxhi-Taipi-Xhemal-Hoxha-Rrukije-Lika-Shaba-dhe-z.Shaban-Hoxha.jpg\"><img aria-describedby=\"caption-attachment-46843\" loading=\"lazy\" class=\"size-full wp-image-46843 \" title=\"Haxhi Taipi, Xhemal Hoxha, Rrukije Lika Shaba dhe z.Shaban Hoxha\" src=\"http:\/\/www.visit-ulcinj.com\/blog\/wp-content\/uploads\/2011\/05\/Haxhi-Taipi-Xhemal-Hoxha-Rrukije-Lika-Shaba-dhe-z.Shaban-Hoxha.jpg\" alt=\"\" width=\"508\" height=\"380\" \/><\/a><p id=\"caption-attachment-46843\" class=\"wp-caption-text\">M\u00ebsuesit veteran: Haxhi Taipi, Xhemal Hoxha, Rrukije Lika Shaba dhe sekretari i par\u00eb i shkoll\u00ebs s\u00eb vjet\u00ebr n\u00eb Kat\u00ebrkoll\u00eb z.Shaban Hoxha n\u00eb oborr t\u00eb shkoll\u00ebs s\u00eb vjet\u00ebr.<\/p><\/div>\n<p><\/strong><\/p>\n<p><strong>(pjes\u00eb nga skenari i dokumentarit kushtuar k\u00ebsaj shkolle)<\/strong><\/p>\n<p>Ky gur dhe ky mur n\u00eb t\u00eb\u00a0kaluar\u00ebn e tyre tjerrin t\u00eb\u00a0bukuren .Prandaj dua q\u00eb\u00a0vetja ime t\u00eb m\u00eb kthej\u00a0borxhin e dit\u00ebve t\u00eb mia t\u00eb\u00a0kaluara k\u00ebtu.E kaluara nuk\u00a0ka ikur, por dikush e largoi\u00a0n\u00eb padukshm\u00ebri dhe k\u00ebshtu\u00a0mbeti peng i koh\u00ebs.\u00a0Un\u00eb s&#8217;mund t&#8217;i l\u00eb anash lulet\u00a0q\u00eb dikur i ujita me lot, se\u00a0duke l\u00ebn\u00eb anash lulet m\u00eb t\u00eb\u00a0bukura, nga blet\u00ebt pun\u00ebtore\u00a0b\u00ebhen miza t\u00eb m\u00ebrzitshme,\u00a0n\u00eb kosharet e zbrazta sot\u00a0lodrojn\u00eb minjt\u00eb , n\u00eb t\u00eb kater\u00a0an\u00ebt e mendjes asnj\u00eb po\u00e7ar\u00a0nuk e mban m\u00eb pesh\u00ebn e\u00a0h umb j e s , p e s h \u00eb n e\u00a0dhimbjes.<\/p>\n<p><strong><a href=\"http:\/\/www.facebook.com\/notes\/flower-avdiu\/shkolla-e-vjeter-n%C3%AB-katerkoll%C3%AB-simbol-i-dijes-dhe-vet%C3%ABdijes\/10150199705672250\" target=\"_blank\">Luljeta Avdiu Cura\u00a0Facebook<\/a><\/strong><\/p>\n<p>&nbsp;<\/p>\n","protected":false},"excerpt":{"rendered":"<p>(pjes\u00eb nga skenari i dokumentarit kushtuar k\u00ebsaj shkolle) Ky gur dhe ky mur n\u00eb t\u00eb\u00a0kaluar\u00ebn e tyre tjerrin t\u00eb\u00a0bukuren .Prandaj dua q\u00eb\u00a0vetja ime t\u00eb m\u00eb kthej\u00a0borxhin e dit\u00ebve t\u00eb mia t\u00eb\u00a0kaluara k\u00ebtu.E kaluara nuk\u00a0ka ikur, por dikush e largoi\u00a0n\u00eb padukshm\u00ebri dhe k\u00ebshtu\u00a0mbeti peng i koh\u00ebs.\u00a0Un\u00eb s&#8217;mund t&#8217;i l\u00eb anash lulet\u00a0q\u00eb dikur i ujita me lot, [&hellip;]<\/p>\n","protected":false},"author":1,"featured_media":0,"comment_status":"open","ping_status":"closed","sticky":false,"template":"","format":"standard","meta":{"spay_email":"","jetpack_publicize_message":"","jetpack_is_tweetstorm":false,"jetpack_publicize_feature_enabled":true},"categories":[11],"tags":[14351,212,14353,14354,12340,17070,17071,17657,17632,14652,3642,13243,17637,17356,14358,15391,3506,214,17658,14360,14361,14362,14363,3507,2158,3500,14364,3327,3512,17072,5116,95,17636,15141,14366,79,17073,17079,17074,1653,17638,14367,14663,14368,14369,18285,14370,2083,14371,14372,17075,17076,17077,14375,1655,19,17078,200,18,561,15357,18286,14376],"jetpack_publicize_connections":[],"yoast_head":"<!-- This site is optimized with the Yoast SEO plugin v19.1 - https:\/\/yoast.com\/wordpress\/plugins\/seo\/ -->\n<title>Shkolla e vjet\u00ebr n\u00eb Kat\u00ebrkoll\u00eb simbol i dijes dhe vet\u00ebdijes - Lajme nga Ulqini<\/title>\n<meta name=\"description\" content=\"(pjes\u00eb nga skenari i dokumentarit kushtuar k\u00ebsaj shkolle) Ky gur dhe ky mur n\u00eb t\u00eb\u00a0kaluar\u00ebn e tyre tjerrin t\u00eb\u00a0bukuren .Prandaj dua q\u00eb\u00a0vetja ime t\u00eb m\u00eb\" \/>\n<meta name=\"robots\" content=\"index, follow, max-snippet:-1, max-image-preview:large, max-video-preview:-1\" \/>\n<link rel=\"canonical\" href=\"https:\/\/www.visit-ulcinj.com\/blog\/2011\/05\/21\/shkolla-e-vjeter-ne-katerkolle-simbol-i-dijes-dhe-vetedijes-2\/\" \/>\n<meta property=\"og:locale\" content=\"en_US\" \/>\n<meta property=\"og:type\" content=\"article\" \/>\n<meta property=\"og:title\" content=\"Shkolla e vjet\u00ebr n\u00eb Kat\u00ebrkoll\u00eb simbol i dijes dhe vet\u00ebdijes - Lajme nga Ulqini\" \/>\n<meta property=\"og:description\" content=\"(pjes\u00eb nga skenari i dokumentarit kushtuar k\u00ebsaj shkolle) Ky gur dhe ky mur n\u00eb t\u00eb\u00a0kaluar\u00ebn e tyre tjerrin t\u00eb\u00a0bukuren .Prandaj dua q\u00eb\u00a0vetja ime t\u00eb m\u00eb\" \/>\n<meta property=\"og:url\" content=\"https:\/\/www.visit-ulcinj.com\/blog\/2011\/05\/21\/shkolla-e-vjeter-ne-katerkolle-simbol-i-dijes-dhe-vetedijes-2\/\" \/>\n<meta property=\"og:site_name\" content=\"Lajme nga Ulqini\" \/>\n<meta property=\"article:published_time\" content=\"2011-05-21T20:33:16+00:00\" \/>\n<meta property=\"article:modified_time\" content=\"2011-05-26T18:23:28+00:00\" \/>\n<meta property=\"og:image\" content=\"http:\/\/www.visit-ulcinj.com\/blog\/wp-content\/uploads\/2011\/05\/Haxhi-Taipi-Xhemal-Hoxha-Rrukije-Lika-Shaba-dhe-z.Shaban-Hoxha.jpg\" \/>\n<meta name=\"twitter:label1\" content=\"Written by\" \/>\n\t<meta name=\"twitter:data1\" content=\"ulqini\" \/>\n\t<meta name=\"twitter:label2\" content=\"Est. reading time\" \/>\n\t<meta name=\"twitter:data2\" content=\"1 minute\" \/>\n<script type=\"application\/ld+json\" class=\"yoast-schema-graph\">{\"@context\":\"https:\/\/schema.org\",\"@graph\":[{\"@type\":\"WebSite\",\"@id\":\"https:\/\/www.visit-ulcinj.com\/blog\/#website\",\"url\":\"https:\/\/www.visit-ulcinj.com\/blog\/\",\"name\":\"Lajme nga Ulqini\",\"description\":\"Lajme,Vijesti,Ulqini,Ulqin,Crna Gora,Mali i Zi\",\"potentialAction\":[{\"@type\":\"SearchAction\",\"target\":{\"@type\":\"EntryPoint\",\"urlTemplate\":\"https:\/\/www.visit-ulcinj.com\/blog\/?s={search_term_string}\"},\"query-input\":\"required name=search_term_string\"}],\"inLanguage\":\"en-US\"},{\"@type\":\"ImageObject\",\"inLanguage\":\"en-US\",\"@id\":\"https:\/\/www.visit-ulcinj.com\/blog\/2011\/05\/21\/shkolla-e-vjeter-ne-katerkolle-simbol-i-dijes-dhe-vetedijes-2\/#primaryimage\",\"url\":\"https:\/\/www.visit-ulcinj.com\/blog\/wp-content\/uploads\/2011\/05\/Haxhi-Taipi-Xhemal-Hoxha-Rrukije-Lika-Shaba-dhe-z.Shaban-Hoxha.jpg\",\"contentUrl\":\"https:\/\/www.visit-ulcinj.com\/blog\/wp-content\/uploads\/2011\/05\/Haxhi-Taipi-Xhemal-Hoxha-Rrukije-Lika-Shaba-dhe-z.Shaban-Hoxha.jpg\",\"width\":\"720\",\"height\":\"486\",\"caption\":\"M\u00ebsuesit veteran: Haxhi Taipi, Xhemal Hoxha, Rrukije Lika Shaba dhe sekretari i par\u00eb i shkoll\u00ebs s\u00eb vjet\u00ebr n\u00eb Kat\u00ebrkoll\u00eb z.Shaban Hoxha n\u00eb oborr t\u00eb shkoll\u00ebs s\u00eb vjet\u00ebr.\"},{\"@type\":\"WebPage\",\"@id\":\"https:\/\/www.visit-ulcinj.com\/blog\/2011\/05\/21\/shkolla-e-vjeter-ne-katerkolle-simbol-i-dijes-dhe-vetedijes-2\/#webpage\",\"url\":\"https:\/\/www.visit-ulcinj.com\/blog\/2011\/05\/21\/shkolla-e-vjeter-ne-katerkolle-simbol-i-dijes-dhe-vetedijes-2\/\",\"name\":\"Shkolla e vjet\u00ebr n\u00eb Kat\u00ebrkoll\u00eb simbol i dijes dhe vet\u00ebdijes - Lajme nga Ulqini\",\"isPartOf\":{\"@id\":\"https:\/\/www.visit-ulcinj.com\/blog\/#website\"},\"primaryImageOfPage\":{\"@id\":\"https:\/\/www.visit-ulcinj.com\/blog\/2011\/05\/21\/shkolla-e-vjeter-ne-katerkolle-simbol-i-dijes-dhe-vetedijes-2\/#primaryimage\"},\"datePublished\":\"2011-05-21T20:33:16+00:00\",\"dateModified\":\"2011-05-26T18:23:28+00:00\",\"author\":{\"@id\":\"https:\/\/www.visit-ulcinj.com\/blog\/#\/schema\/person\/dcab619c614d3038751c63bc2aadc06d\"},\"description\":\"(pjes\u00eb nga skenari i dokumentarit kushtuar k\u00ebsaj shkolle) Ky gur dhe ky mur n\u00eb t\u00eb\u00a0kaluar\u00ebn e tyre tjerrin t\u00eb\u00a0bukuren .Prandaj dua q\u00eb\u00a0vetja ime t\u00eb m\u00eb\",\"breadcrumb\":{\"@id\":\"https:\/\/www.visit-ulcinj.com\/blog\/2011\/05\/21\/shkolla-e-vjeter-ne-katerkolle-simbol-i-dijes-dhe-vetedijes-2\/#breadcrumb\"},\"inLanguage\":\"en-US\",\"potentialAction\":[{\"@type\":\"ReadAction\",\"target\":[\"https:\/\/www.visit-ulcinj.com\/blog\/2011\/05\/21\/shkolla-e-vjeter-ne-katerkolle-simbol-i-dijes-dhe-vetedijes-2\/\"]}]},{\"@type\":\"BreadcrumbList\",\"@id\":\"https:\/\/www.visit-ulcinj.com\/blog\/2011\/05\/21\/shkolla-e-vjeter-ne-katerkolle-simbol-i-dijes-dhe-vetedijes-2\/#breadcrumb\",\"itemListElement\":[{\"@type\":\"ListItem\",\"position\":1,\"name\":\"Shkolla e vjet\u00ebr n\u00eb Kat\u00ebrkoll\u00eb simbol i dijes dhe vet\u00ebdijes\"}]},{\"@type\":\"Person\",\"@id\":\"https:\/\/www.visit-ulcinj.com\/blog\/#\/schema\/person\/dcab619c614d3038751c63bc2aadc06d\",\"name\":\"ulqini\",\"sameAs\":[\"http:\/\/www.visit-ulcinj.com\"],\"url\":\"https:\/\/www.visit-ulcinj.com\/blog\/author\/admin\/\"}]}<\/script>\n<!-- \/ Yoast SEO plugin. -->","yoast_head_json":{"title":"Shkolla e vjet\u00ebr n\u00eb Kat\u00ebrkoll\u00eb simbol i dijes dhe vet\u00ebdijes - Lajme nga Ulqini","description":"(pjes\u00eb nga skenari i dokumentarit kushtuar k\u00ebsaj shkolle) Ky gur dhe ky mur n\u00eb t\u00eb\u00a0kaluar\u00ebn e tyre tjerrin t\u00eb\u00a0bukuren .Prandaj dua q\u00eb\u00a0vetja ime t\u00eb m\u00eb","robots":{"index":"index","follow":"follow","max-snippet":"max-snippet:-1","max-image-preview":"max-image-preview:large","max-video-preview":"max-video-preview:-1"},"canonical":"https:\/\/www.visit-ulcinj.com\/blog\/2011\/05\/21\/shkolla-e-vjeter-ne-katerkolle-simbol-i-dijes-dhe-vetedijes-2\/","og_locale":"en_US","og_type":"article","og_title":"Shkolla e vjet\u00ebr n\u00eb Kat\u00ebrkoll\u00eb simbol i dijes dhe vet\u00ebdijes - Lajme nga Ulqini","og_description":"(pjes\u00eb nga skenari i dokumentarit kushtuar k\u00ebsaj shkolle) Ky gur dhe ky mur n\u00eb t\u00eb\u00a0kaluar\u00ebn e tyre tjerrin t\u00eb\u00a0bukuren .Prandaj dua q\u00eb\u00a0vetja ime t\u00eb m\u00eb","og_url":"https:\/\/www.visit-ulcinj.com\/blog\/2011\/05\/21\/shkolla-e-vjeter-ne-katerkolle-simbol-i-dijes-dhe-vetedijes-2\/","og_site_name":"Lajme nga Ulqini","article_published_time":"2011-05-21T20:33:16+00:00","article_modified_time":"2011-05-26T18:23:28+00:00","og_image":[{"url":"http:\/\/www.visit-ulcinj.com\/blog\/wp-content\/uploads\/2011\/05\/Haxhi-Taipi-Xhemal-Hoxha-Rrukije-Lika-Shaba-dhe-z.Shaban-Hoxha.jpg"}],"twitter_misc":{"Written by":"ulqini","Est. reading time":"1 minute"},"schema":{"@context":"https:\/\/schema.org","@graph":[{"@type":"WebSite","@id":"https:\/\/www.visit-ulcinj.com\/blog\/#website","url":"https:\/\/www.visit-ulcinj.com\/blog\/","name":"Lajme nga Ulqini","description":"Lajme,Vijesti,Ulqini,Ulqin,Crna Gora,Mali i Zi","potentialAction":[{"@type":"SearchAction","target":{"@type":"EntryPoint","urlTemplate":"https:\/\/www.visit-ulcinj.com\/blog\/?s={search_term_string}"},"query-input":"required name=search_term_string"}],"inLanguage":"en-US"},{"@type":"ImageObject","inLanguage":"en-US","@id":"https:\/\/www.visit-ulcinj.com\/blog\/2011\/05\/21\/shkolla-e-vjeter-ne-katerkolle-simbol-i-dijes-dhe-vetedijes-2\/#primaryimage","url":"https:\/\/www.visit-ulcinj.com\/blog\/wp-content\/uploads\/2011\/05\/Haxhi-Taipi-Xhemal-Hoxha-Rrukije-Lika-Shaba-dhe-z.Shaban-Hoxha.jpg","contentUrl":"https:\/\/www.visit-ulcinj.com\/blog\/wp-content\/uploads\/2011\/05\/Haxhi-Taipi-Xhemal-Hoxha-Rrukije-Lika-Shaba-dhe-z.Shaban-Hoxha.jpg","width":"720","height":"486","caption":"M\u00ebsuesit veteran: Haxhi Taipi, Xhemal Hoxha, Rrukije Lika Shaba dhe sekretari i par\u00eb i shkoll\u00ebs s\u00eb vjet\u00ebr n\u00eb Kat\u00ebrkoll\u00eb z.Shaban Hoxha n\u00eb oborr t\u00eb shkoll\u00ebs s\u00eb vjet\u00ebr."},{"@type":"WebPage","@id":"https:\/\/www.visit-ulcinj.com\/blog\/2011\/05\/21\/shkolla-e-vjeter-ne-katerkolle-simbol-i-dijes-dhe-vetedijes-2\/#webpage","url":"https:\/\/www.visit-ulcinj.com\/blog\/2011\/05\/21\/shkolla-e-vjeter-ne-katerkolle-simbol-i-dijes-dhe-vetedijes-2\/","name":"Shkolla e vjet\u00ebr n\u00eb Kat\u00ebrkoll\u00eb simbol i dijes dhe vet\u00ebdijes - Lajme nga Ulqini","isPartOf":{"@id":"https:\/\/www.visit-ulcinj.com\/blog\/#website"},"primaryImageOfPage":{"@id":"https:\/\/www.visit-ulcinj.com\/blog\/2011\/05\/21\/shkolla-e-vjeter-ne-katerkolle-simbol-i-dijes-dhe-vetedijes-2\/#primaryimage"},"datePublished":"2011-05-21T20:33:16+00:00","dateModified":"2011-05-26T18:23:28+00:00","author":{"@id":"https:\/\/www.visit-ulcinj.com\/blog\/#\/schema\/person\/dcab619c614d3038751c63bc2aadc06d"},"description":"(pjes\u00eb nga skenari i dokumentarit kushtuar k\u00ebsaj shkolle) Ky gur dhe ky mur n\u00eb t\u00eb\u00a0kaluar\u00ebn e tyre tjerrin t\u00eb\u00a0bukuren .Prandaj dua q\u00eb\u00a0vetja ime t\u00eb m\u00eb","breadcrumb":{"@id":"https:\/\/www.visit-ulcinj.com\/blog\/2011\/05\/21\/shkolla-e-vjeter-ne-katerkolle-simbol-i-dijes-dhe-vetedijes-2\/#breadcrumb"},"inLanguage":"en-US","potentialAction":[{"@type":"ReadAction","target":["https:\/\/www.visit-ulcinj.com\/blog\/2011\/05\/21\/shkolla-e-vjeter-ne-katerkolle-simbol-i-dijes-dhe-vetedijes-2\/"]}]},{"@type":"BreadcrumbList","@id":"https:\/\/www.visit-ulcinj.com\/blog\/2011\/05\/21\/shkolla-e-vjeter-ne-katerkolle-simbol-i-dijes-dhe-vetedijes-2\/#breadcrumb","itemListElement":[{"@type":"ListItem","position":1,"name":"Shkolla e vjet\u00ebr n\u00eb Kat\u00ebrkoll\u00eb simbol i dijes dhe vet\u00ebdijes"}]},{"@type":"Person","@id":"https:\/\/www.visit-ulcinj.com\/blog\/#\/schema\/person\/dcab619c614d3038751c63bc2aadc06d","name":"ulqini","sameAs":["http:\/\/www.visit-ulcinj.com"],"url":"https:\/\/www.visit-ulcinj.com\/blog\/author\/admin\/"}]}},"jetpack_featured_media_url":"","jetpack_sharing_enabled":true,"jetpack_shortlink":"https:\/\/wp.me\/pe6lTn-cbw","_links":{"self":[{"href":"https:\/\/www.visit-ulcinj.com\/blog\/wp-json\/wp\/v2\/posts\/46842"}],"collection":[{"href":"https:\/\/www.visit-ulcinj.com\/blog\/wp-json\/wp\/v2\/posts"}],"about":[{"href":"https:\/\/www.visit-ulcinj.com\/blog\/wp-json\/wp\/v2\/types\/post"}],"author":[{"embeddable":true,"href":"https:\/\/www.visit-ulcinj.com\/blog\/wp-json\/wp\/v2\/users\/1"}],"replies":[{"embeddable":true,"href":"https:\/\/www.visit-ulcinj.com\/blog\/wp-json\/wp\/v2\/comments?post=46842"}],"version-history":[{"count":0,"href":"https:\/\/www.visit-ulcinj.com\/blog\/wp-json\/wp\/v2\/posts\/46842\/revisions"}],"wp:attachment":[{"href":"https:\/\/www.visit-ulcinj.com\/blog\/wp-json\/wp\/v2\/media?parent=46842"}],"wp:term":[{"taxonomy":"category","embeddable":true,"href":"https:\/\/www.visit-ulcinj.com\/blog\/wp-json\/wp\/v2\/categories?post=46842"},{"taxonomy":"post_tag","embeddable":true,"href":"https:\/\/www.visit-ulcinj.com\/blog\/wp-json\/wp\/v2\/tags?post=46842"}],"curies":[{"name":"wp","href":"https:\/\/api.w.org\/{rel}","templated":true}]}}