{"id":46867,"date":"2011-05-24T18:59:35","date_gmt":"2011-05-24T17:59:35","guid":{"rendered":"http:\/\/www.visit-ulcinj.com\/blog\/?p=46867"},"modified":"2011-05-24T18:59:43","modified_gmt":"2011-05-24T17:59:43","slug":"ngriten-cmimet-e-transportit-per-durres-e-ulqin","status":"publish","type":"post","link":"https:\/\/www.visit-ulcinj.com\/blog\/2011\/05\/24\/ngriten-cmimet-e-transportit-per-durres-e-ulqin\/","title":{"rendered":"Ngriten \u00e7mimet e transportit p\u00ebr Durr\u00ebs e Ulqin ?!"},"content":{"rendered":"<p><a href=\"http:\/\/www.visit-ulcinj.com\/blog\/wp-content\/uploads\/2011\/05\/bARILEVA-TOUR.jpg\"><img loading=\"lazy\" class=\"alignleft size-full wp-image-46868\" title=\"bARILEVA TOUR\" src=\"http:\/\/www.visit-ulcinj.com\/blog\/wp-content\/uploads\/2011\/05\/bARILEVA-TOUR.jpg\" alt=\"\" width=\"508\" height=\"180\" \/><\/a>Transportuesit ( Agjensionet ) turistik t\u00eb Kosov\u00ebs ( e pse mos ta b\u00ebjn\u00eb t\u00eb nj\u00ebjt\u00ebn gj\u00eb edhe ata t\u00eb Shqip\u00ebris\u00eb e Malit t\u00eb Zi ? ) kan\u00eb paralajm\u00ebruar ngritjen e \u00e7mimit p\u00ebr udh\u00ebtimet me autobus deri n\u00eb Durr\u00ebs e Ulqin ( e pse jo edhe deri n\u00eb Vlor\u00eb, Tiran\u00eb, Sarand\u00eb\u2026). K\u00ebto biznese turistike kan\u00eb deklaruar dy arsye p\u00ebr shtrenjtim: \u201c Qiraja \u201c e autostrad\u00ebs ( n\u00ebse fillon aplikimi me t\u00eb nisur stina turistike ?! ) dhe ngritja e \u00e7mimit t\u00eb karburanteve ( \u00e7mime k\u00ebto q\u00eb kan\u00eb nisur t\u00eb stabilizohen me tendenc\u00eb uljeje ?! ).<\/p>\n<p>&nbsp;<\/p>\n<p><strong>\u00c7kado q\u00eb do t\u00eb shohish ose do t\u00eb d\u00ebgjosh t\u00eb ket\u00eb ndodhur n\u00eb Kosov\u00eb thuaj: Mashallah !!!<\/strong><\/p>\n<p>&nbsp;<\/p>\n<p>T\u00eb pakt\u00ebn n\u00eb k\u00ebt\u00eb m\u00ebnyr\u00eb t\u00eb ndjellim ose t\u00eb imagjinojm\u00eb t\u00eb mir\u00ebn ?!<\/p>\n<p>&nbsp;<\/p>\n<p>Ky shtrenjtim do t\u00eb jet\u00eb n\u00eb shkall\u00eb 25 \u2013 30 % . Ngritja e paralajm\u00ebruar do t\u00eb ishte shum\u00eb m\u00eb e lart\u00eb se kostot shtes\u00eb t\u00eb karburanteve dhe t\u00eb \u201c qiras\u00eb s\u00eb autostrad\u00ebs.<\/p>\n<p>\u00cbsht\u00eb shum\u00eb indikative se si jan\u00eb paralajm\u00ebruar ngritjet: Gati nj\u00ebz\u00ebri q\u00eb t\u00eb b\u00ebn t\u00eb dyshosh n\u00eb marr\u00ebveshje e kurdisje \u00e7mimi n\u00eb trajt\u00eb karteli, si t\u00eb oligopoleve me synim monopilizimi t\u00eb tregut ?! \u00cbsht\u00eb p\u00ebr t u habitur me ngulmt\u00ebsin\u00eb dhe munges\u00ebn e p\u00ebrgjegj\u00ebsis\u00eb p\u00ebr k\u00ebt\u00eb deklarim, n\u00eb k\u00ebt\u00eb frym\u00eb, q\u00eb \u201c i vie era \u201c marr\u00ebveshje ?! P\u00ebr k\u00ebt\u00eb, u tha,\u00a0\u00a0\u201c\u2026do t\u00eb vendos\u00eb Shoqata Turistike e Kosov\u00ebs\u2026\u201d por nuk sakt\u00ebsohet se cila sepse jan\u00eb disa Shoqata ? Pun\u00eb p\u00ebr \u201c hetime \u201c nga Komisioni i konkurrenc\u00ebs.<\/p>\n<p>&nbsp;<\/p>\n<p>Edhe sot e k\u00ebsaj rradhe po e them: Akoma nuk \u00ebsht\u00eb momenti p\u00ebr aplikimin e\u00a0\u00a0taks\u00ebs ( \u201c qiras\u00eb \u201c ) p\u00ebr shfryt\u00ebzimin e austrad\u00ebs. Mos t\u00eb harrojm\u00eb, politizimi dhe inaugurimi pompoz i sh\u00ebrbei politik\u00ebs,e kjo d\u00ebshmon se kjo RRUG\u00cb E KOMBIT \u00ebsht\u00eb edhe \u201c monument \u201c politik. UDHA E KOMBIT sjell\u00eb edhe shum\u00eb dobi t\u00eb tjera ekonomike, sociale, kulturore, turistike\u2026dhe Qeveria e Shqip\u00ebrise nuk do t\u00eb duheshte t\u00eb ishte n\u00eb zor aq t\u00eb madh, q\u00eb shi n\u00eb k\u00ebt\u00eb moment, ta aplikoj\u00eb k\u00ebt\u00eb lloj takse ?<\/p>\n<p>&nbsp;<\/p>\n<p>Si p\u00ebr shum\u00eb gj\u00ebra nga sfera e Turizmit pata k\u00ebrkuar takime e bised\u00eb me Ministrat e Turizmit n\u00eb Shqip\u00ebri e Mal t\u00eb Zi\u2026Por, nuk e di\u2026ndoshta do t\u00eb realizohet ky takim ( siccc ?! ).<\/p>\n<p>Bisht\u00ebrimi i p\u00ebrgjigjes d\u00ebshmon p\u00ebr \u201c interesimin \u201c e Dy Ministrave dhe p\u00ebr \u201c p\u00ebrkushtimin e dashurin\u00eb \u201c ndaj turistit v\u00eblla nga Kosova ?!<\/p>\n<p>Kjo poashtu d\u00ebshmon p\u00ebr &#8221; breng\u00ebn &#8221; e tyre n\u00ebse taksat dhe \u00e7mimet e reja p\u00ebr transport me autobus do t\u00eb ndikojn\u00eb dhe sa do t\u00eb ndikojn\u00eb n\u00eb uljen e interesimit t\u00eb turist\u00ebve p\u00ebr t i kaluar pushimet n\u00eb rivier\u00ebn e Shqip\u00ebris\u00eb, aq m\u00eb par\u00eb n\u00ebse e dim\u00eb se oferta e &#8221; konkurrenc\u00ebs &#8221; \u00ebsht\u00eb shum\u00eb m\u00eb e lir\u00eb ?!<\/p>\n<p>&nbsp;<\/p>\n<p>Por, lidhur me \u201c qiran\u00eb \u201c, nj\u00ebsoj heshtin edhe Qeveria e Kosov\u00ebs, edhe Ministrit\u00eb relevante ?! Nuk k\u00ebrkoj detyrimisht ta kund\u00ebrshtojn\u00eb taks\u00ebn por, t\u00eb pakt\u00ebn, t\u00eb deklarohen p\u00ebr k\u00ebt\u00eb \u00e7\u00ebshtje \u2013 sepse na e kan\u00eb bor\u00e7.<\/p>\n<p>&nbsp;<\/p>\n<p>T i\u00a0\u00a0k\u00ebthehem \u00e7mimeve. Duke i njohur pronar\u00ebt e Kompanive \/ Agjensive t\u00eb transportit e t\u00eb turizmit\u00a0\u00a0mendoj se edhe n\u00ebse do t\u00eb aplikohet \u201c qiraja \u201c ngritje \u00e7mimesh nuk do t\u00eb ket\u00eb. Ju kujtohet zingjiri i kapriqios dhe i hakmarrjes mes tyre para dy vitesh kur \u00e7mimet u ul\u00ebn deri n\u00eb 5 \u20ac \/ nj\u00eb kahje deri n\u00eb Durr\u00ebs ?<\/p>\n<p>Kur t\u00eb nis \u201c gara ( tradicionale )\u201c me\u00a0\u00a0aditiv\u00eb\u00a0\u00a0t\u00eb theksuar inatesh e nd\u00ebrk\u00ebmb\u00ebcash, me shkall\u00eb civilizimi e kulture afariste q\u00eb nuk k\u00ebnaq\u00eb edhe aq \u201c standardet \u201c, biznesmen\u00ebt e turizmit ( disa, jo t\u00eb gjith\u00eb ) do t i harrojn\u00eb e do t i han\u00eb fjal\u00ebt, do t i\u00a0\u00a0sulen gar\u00ebs s\u00eb vetshkat\u00ebrrimit duke i l\u00ebn\u00eb klient\u00ebt, pal\u00ebt, udh\u00ebtar\u00ebt, turist\u00ebt\u2026konsumuesit e sh\u00ebrbimeve t\u00eb tyre me shijen e hidhur t\u00eb munges\u00ebs s\u00eb organizimit, t\u00eb nivelit t\u00eb padinjitet\u2026?!<\/p>\n<p>&nbsp;<\/p>\n<p>Biznesi i Turizmit si nj\u00eb lloj supestrukture n\u00eb ekonomi, si fush\u00eb biznesi q\u00eb p\u00ebrfituesve i sjell\u00eb k\u00ebnaq\u00ebsi e realizim \u00ebndrrash, nuk do t\u00eb duheshte\u00a0\u00a0t i \u201c q\u00ebras\u00eb \u201c klient\u00ebt e vet me \u201c marifete \u201c t\u00eb tilla q\u00eb kund\u00ebrmojn\u00eb pa dinjitet, as t i \u201c publikojn\u00eb \u201c t\u00eb palarat n\u00eb nj\u00eb biznes i cili, siq \u00ebsht\u00eb th\u00ebn\u00eb popullor\u00e7e: \u00cbsht\u00eb p\u00ebr zotni, duhet t\u00eb punohet zotnishi dhe t\u00eb reflektoj\u00eb zotnill\u00ebk !.<\/p>\n<p>Po pra, kush \u00ebsht\u00eb zotri do t\u00eb dij\u00eb ta identifikoj\u00eb edhe zotriun edhe t\u00eb sillet e t\u00eb komunkoj\u00eb si zot\u00ebri.<\/p>\n<p>Turizmi \u00ebsht\u00eb i till\u00eb, do kulture, civilizim e edukate\u2026edhe njer\u00ebzore, edhe afariste.<\/p>\n<p>Konsumatorit kjo i nevoitet.<\/p>\n<p>&nbsp;<\/p>\n<p><strong>Selatin Ka\u00e7aniku, dhe<\/strong><\/p>\n<p><strong>KONSUMATORI, Prishtin\u00eb, Kosov\u00eb,<\/strong><\/p>\n<p>&nbsp;<\/p>\n","protected":false},"excerpt":{"rendered":"<p>Transportuesit ( Agjensionet ) turistik t\u00eb Kosov\u00ebs ( e pse mos ta b\u00ebjn\u00eb t\u00eb nj\u00ebjt\u00ebn gj\u00eb edhe ata t\u00eb Shqip\u00ebris\u00eb e Malit t\u00eb Zi ? ) kan\u00eb paralajm\u00ebruar ngritjen e \u00e7mimit p\u00ebr udh\u00ebtimet me autobus deri n\u00eb Durr\u00ebs e Ulqin ( e pse jo edhe deri n\u00eb Vlor\u00eb, Tiran\u00eb, Sarand\u00eb\u2026). K\u00ebto biznese turistike kan\u00eb deklaruar [&hellip;]<\/p>\n","protected":false},"author":1,"featured_media":0,"comment_status":"open","ping_status":"closed","sticky":false,"template":"","format":"standard","meta":{"spay_email":"","jetpack_publicize_message":"","jetpack_is_tweetstorm":false,"jetpack_publicize_feature_enabled":true},"categories":[14],"tags":[18288,200],"jetpack_publicize_connections":[],"yoast_head":"<!-- This site is optimized with the Yoast SEO plugin v19.1 - https:\/\/yoast.com\/wordpress\/plugins\/seo\/ -->\n<title>Ngriten \u00e7mimet e transportit p\u00ebr Durr\u00ebs e Ulqin ?! - Lajme nga Ulqini<\/title>\n<meta name=\"description\" content=\"Transportuesit ( Agjensionet ) turistik t\u00eb Kosov\u00ebs ( e pse mos ta b\u00ebjn\u00eb t\u00eb nj\u00ebjt\u00ebn gj\u00eb edhe ata t\u00eb Shqip\u00ebris\u00eb e Malit t\u00eb Zi ? ) kan\u00eb paralajm\u00ebruar\" \/>\n<meta name=\"robots\" content=\"index, follow, max-snippet:-1, max-image-preview:large, max-video-preview:-1\" \/>\n<link rel=\"canonical\" href=\"https:\/\/www.visit-ulcinj.com\/blog\/2011\/05\/24\/ngriten-cmimet-e-transportit-per-durres-e-ulqin\/\" \/>\n<meta property=\"og:locale\" content=\"en_US\" \/>\n<meta property=\"og:type\" content=\"article\" \/>\n<meta property=\"og:title\" content=\"Ngriten \u00e7mimet e transportit p\u00ebr Durr\u00ebs e Ulqin ?! - Lajme nga Ulqini\" \/>\n<meta property=\"og:description\" content=\"Transportuesit ( Agjensionet ) turistik t\u00eb Kosov\u00ebs ( e pse mos ta b\u00ebjn\u00eb t\u00eb nj\u00ebjt\u00ebn gj\u00eb edhe ata t\u00eb Shqip\u00ebris\u00eb e Malit t\u00eb Zi ? ) kan\u00eb paralajm\u00ebruar\" \/>\n<meta property=\"og:url\" content=\"https:\/\/www.visit-ulcinj.com\/blog\/2011\/05\/24\/ngriten-cmimet-e-transportit-per-durres-e-ulqin\/\" \/>\n<meta property=\"og:site_name\" content=\"Lajme nga Ulqini\" \/>\n<meta property=\"article:published_time\" content=\"2011-05-24T17:59:35+00:00\" \/>\n<meta property=\"article:modified_time\" content=\"2011-05-24T17:59:43+00:00\" \/>\n<meta property=\"og:image\" content=\"http:\/\/www.visit-ulcinj.com\/blog\/wp-content\/uploads\/2011\/05\/bARILEVA-TOUR.jpg\" \/>\n<meta name=\"twitter:label1\" content=\"Written by\" \/>\n\t<meta name=\"twitter:data1\" content=\"ulqini\" \/>\n\t<meta name=\"twitter:label2\" content=\"Est. reading time\" \/>\n\t<meta name=\"twitter:data2\" content=\"4 minutes\" \/>\n<script type=\"application\/ld+json\" class=\"yoast-schema-graph\">{\"@context\":\"https:\/\/schema.org\",\"@graph\":[{\"@type\":\"WebSite\",\"@id\":\"https:\/\/www.visit-ulcinj.com\/blog\/#website\",\"url\":\"https:\/\/www.visit-ulcinj.com\/blog\/\",\"name\":\"Lajme nga Ulqini\",\"description\":\"Lajme,Vijesti,Ulqini,Ulqin,Crna Gora,Mali i Zi\",\"potentialAction\":[{\"@type\":\"SearchAction\",\"target\":{\"@type\":\"EntryPoint\",\"urlTemplate\":\"https:\/\/www.visit-ulcinj.com\/blog\/?s={search_term_string}\"},\"query-input\":\"required name=search_term_string\"}],\"inLanguage\":\"en-US\"},{\"@type\":\"ImageObject\",\"inLanguage\":\"en-US\",\"@id\":\"https:\/\/www.visit-ulcinj.com\/blog\/2011\/05\/24\/ngriten-cmimet-e-transportit-per-durres-e-ulqin\/#primaryimage\",\"url\":\"https:\/\/www.visit-ulcinj.com\/blog\/wp-content\/uploads\/2011\/05\/bARILEVA-TOUR.jpg\",\"contentUrl\":\"https:\/\/www.visit-ulcinj.com\/blog\/wp-content\/uploads\/2011\/05\/bARILEVA-TOUR.jpg\",\"width\":\"748\",\"height\":\"144\"},{\"@type\":\"WebPage\",\"@id\":\"https:\/\/www.visit-ulcinj.com\/blog\/2011\/05\/24\/ngriten-cmimet-e-transportit-per-durres-e-ulqin\/#webpage\",\"url\":\"https:\/\/www.visit-ulcinj.com\/blog\/2011\/05\/24\/ngriten-cmimet-e-transportit-per-durres-e-ulqin\/\",\"name\":\"Ngriten \u00e7mimet e transportit p\u00ebr Durr\u00ebs e Ulqin ?! - Lajme nga Ulqini\",\"isPartOf\":{\"@id\":\"https:\/\/www.visit-ulcinj.com\/blog\/#website\"},\"primaryImageOfPage\":{\"@id\":\"https:\/\/www.visit-ulcinj.com\/blog\/2011\/05\/24\/ngriten-cmimet-e-transportit-per-durres-e-ulqin\/#primaryimage\"},\"datePublished\":\"2011-05-24T17:59:35+00:00\",\"dateModified\":\"2011-05-24T17:59:43+00:00\",\"author\":{\"@id\":\"https:\/\/www.visit-ulcinj.com\/blog\/#\/schema\/person\/dcab619c614d3038751c63bc2aadc06d\"},\"description\":\"Transportuesit ( Agjensionet ) turistik t\u00eb Kosov\u00ebs ( e pse mos ta b\u00ebjn\u00eb t\u00eb nj\u00ebjt\u00ebn gj\u00eb edhe ata t\u00eb Shqip\u00ebris\u00eb e Malit t\u00eb Zi ? ) kan\u00eb paralajm\u00ebruar\",\"breadcrumb\":{\"@id\":\"https:\/\/www.visit-ulcinj.com\/blog\/2011\/05\/24\/ngriten-cmimet-e-transportit-per-durres-e-ulqin\/#breadcrumb\"},\"inLanguage\":\"en-US\",\"potentialAction\":[{\"@type\":\"ReadAction\",\"target\":[\"https:\/\/www.visit-ulcinj.com\/blog\/2011\/05\/24\/ngriten-cmimet-e-transportit-per-durres-e-ulqin\/\"]}]},{\"@type\":\"BreadcrumbList\",\"@id\":\"https:\/\/www.visit-ulcinj.com\/blog\/2011\/05\/24\/ngriten-cmimet-e-transportit-per-durres-e-ulqin\/#breadcrumb\",\"itemListElement\":[{\"@type\":\"ListItem\",\"position\":1,\"name\":\"Ngriten \u00e7mimet e transportit p\u00ebr Durr\u00ebs e Ulqin ?!\"}]},{\"@type\":\"Person\",\"@id\":\"https:\/\/www.visit-ulcinj.com\/blog\/#\/schema\/person\/dcab619c614d3038751c63bc2aadc06d\",\"name\":\"ulqini\",\"sameAs\":[\"http:\/\/www.visit-ulcinj.com\"],\"url\":\"https:\/\/www.visit-ulcinj.com\/blog\/author\/admin\/\"}]}<\/script>\n<!-- \/ Yoast SEO plugin. -->","yoast_head_json":{"title":"Ngriten \u00e7mimet e transportit p\u00ebr Durr\u00ebs e Ulqin ?! - Lajme nga Ulqini","description":"Transportuesit ( Agjensionet ) turistik t\u00eb Kosov\u00ebs ( e pse mos ta b\u00ebjn\u00eb t\u00eb nj\u00ebjt\u00ebn gj\u00eb edhe ata t\u00eb Shqip\u00ebris\u00eb e Malit t\u00eb Zi ? ) kan\u00eb paralajm\u00ebruar","robots":{"index":"index","follow":"follow","max-snippet":"max-snippet:-1","max-image-preview":"max-image-preview:large","max-video-preview":"max-video-preview:-1"},"canonical":"https:\/\/www.visit-ulcinj.com\/blog\/2011\/05\/24\/ngriten-cmimet-e-transportit-per-durres-e-ulqin\/","og_locale":"en_US","og_type":"article","og_title":"Ngriten \u00e7mimet e transportit p\u00ebr Durr\u00ebs e Ulqin ?! - Lajme nga Ulqini","og_description":"Transportuesit ( Agjensionet ) turistik t\u00eb Kosov\u00ebs ( e pse mos ta b\u00ebjn\u00eb t\u00eb nj\u00ebjt\u00ebn gj\u00eb edhe ata t\u00eb Shqip\u00ebris\u00eb e Malit t\u00eb Zi ? ) kan\u00eb paralajm\u00ebruar","og_url":"https:\/\/www.visit-ulcinj.com\/blog\/2011\/05\/24\/ngriten-cmimet-e-transportit-per-durres-e-ulqin\/","og_site_name":"Lajme nga Ulqini","article_published_time":"2011-05-24T17:59:35+00:00","article_modified_time":"2011-05-24T17:59:43+00:00","og_image":[{"url":"http:\/\/www.visit-ulcinj.com\/blog\/wp-content\/uploads\/2011\/05\/bARILEVA-TOUR.jpg"}],"twitter_misc":{"Written by":"ulqini","Est. reading time":"4 minutes"},"schema":{"@context":"https:\/\/schema.org","@graph":[{"@type":"WebSite","@id":"https:\/\/www.visit-ulcinj.com\/blog\/#website","url":"https:\/\/www.visit-ulcinj.com\/blog\/","name":"Lajme nga Ulqini","description":"Lajme,Vijesti,Ulqini,Ulqin,Crna Gora,Mali i Zi","potentialAction":[{"@type":"SearchAction","target":{"@type":"EntryPoint","urlTemplate":"https:\/\/www.visit-ulcinj.com\/blog\/?s={search_term_string}"},"query-input":"required name=search_term_string"}],"inLanguage":"en-US"},{"@type":"ImageObject","inLanguage":"en-US","@id":"https:\/\/www.visit-ulcinj.com\/blog\/2011\/05\/24\/ngriten-cmimet-e-transportit-per-durres-e-ulqin\/#primaryimage","url":"https:\/\/www.visit-ulcinj.com\/blog\/wp-content\/uploads\/2011\/05\/bARILEVA-TOUR.jpg","contentUrl":"https:\/\/www.visit-ulcinj.com\/blog\/wp-content\/uploads\/2011\/05\/bARILEVA-TOUR.jpg","width":"748","height":"144"},{"@type":"WebPage","@id":"https:\/\/www.visit-ulcinj.com\/blog\/2011\/05\/24\/ngriten-cmimet-e-transportit-per-durres-e-ulqin\/#webpage","url":"https:\/\/www.visit-ulcinj.com\/blog\/2011\/05\/24\/ngriten-cmimet-e-transportit-per-durres-e-ulqin\/","name":"Ngriten \u00e7mimet e transportit p\u00ebr Durr\u00ebs e Ulqin ?! - Lajme nga Ulqini","isPartOf":{"@id":"https:\/\/www.visit-ulcinj.com\/blog\/#website"},"primaryImageOfPage":{"@id":"https:\/\/www.visit-ulcinj.com\/blog\/2011\/05\/24\/ngriten-cmimet-e-transportit-per-durres-e-ulqin\/#primaryimage"},"datePublished":"2011-05-24T17:59:35+00:00","dateModified":"2011-05-24T17:59:43+00:00","author":{"@id":"https:\/\/www.visit-ulcinj.com\/blog\/#\/schema\/person\/dcab619c614d3038751c63bc2aadc06d"},"description":"Transportuesit ( Agjensionet ) turistik t\u00eb Kosov\u00ebs ( e pse mos ta b\u00ebjn\u00eb t\u00eb nj\u00ebjt\u00ebn gj\u00eb edhe ata t\u00eb Shqip\u00ebris\u00eb e Malit t\u00eb Zi ? ) kan\u00eb paralajm\u00ebruar","breadcrumb":{"@id":"https:\/\/www.visit-ulcinj.com\/blog\/2011\/05\/24\/ngriten-cmimet-e-transportit-per-durres-e-ulqin\/#breadcrumb"},"inLanguage":"en-US","potentialAction":[{"@type":"ReadAction","target":["https:\/\/www.visit-ulcinj.com\/blog\/2011\/05\/24\/ngriten-cmimet-e-transportit-per-durres-e-ulqin\/"]}]},{"@type":"BreadcrumbList","@id":"https:\/\/www.visit-ulcinj.com\/blog\/2011\/05\/24\/ngriten-cmimet-e-transportit-per-durres-e-ulqin\/#breadcrumb","itemListElement":[{"@type":"ListItem","position":1,"name":"Ngriten \u00e7mimet e transportit p\u00ebr Durr\u00ebs e Ulqin ?!"}]},{"@type":"Person","@id":"https:\/\/www.visit-ulcinj.com\/blog\/#\/schema\/person\/dcab619c614d3038751c63bc2aadc06d","name":"ulqini","sameAs":["http:\/\/www.visit-ulcinj.com"],"url":"https:\/\/www.visit-ulcinj.com\/blog\/author\/admin\/"}]}},"jetpack_featured_media_url":"","jetpack_sharing_enabled":true,"jetpack_shortlink":"https:\/\/wp.me\/pe6lTn-cbV","_links":{"self":[{"href":"https:\/\/www.visit-ulcinj.com\/blog\/wp-json\/wp\/v2\/posts\/46867"}],"collection":[{"href":"https:\/\/www.visit-ulcinj.com\/blog\/wp-json\/wp\/v2\/posts"}],"about":[{"href":"https:\/\/www.visit-ulcinj.com\/blog\/wp-json\/wp\/v2\/types\/post"}],"author":[{"embeddable":true,"href":"https:\/\/www.visit-ulcinj.com\/blog\/wp-json\/wp\/v2\/users\/1"}],"replies":[{"embeddable":true,"href":"https:\/\/www.visit-ulcinj.com\/blog\/wp-json\/wp\/v2\/comments?post=46867"}],"version-history":[{"count":0,"href":"https:\/\/www.visit-ulcinj.com\/blog\/wp-json\/wp\/v2\/posts\/46867\/revisions"}],"wp:attachment":[{"href":"https:\/\/www.visit-ulcinj.com\/blog\/wp-json\/wp\/v2\/media?parent=46867"}],"wp:term":[{"taxonomy":"category","embeddable":true,"href":"https:\/\/www.visit-ulcinj.com\/blog\/wp-json\/wp\/v2\/categories?post=46867"},{"taxonomy":"post_tag","embeddable":true,"href":"https:\/\/www.visit-ulcinj.com\/blog\/wp-json\/wp\/v2\/tags?post=46867"}],"curies":[{"name":"wp","href":"https:\/\/api.w.org\/{rel}","templated":true}]}}