{"id":46871,"date":"2011-05-25T12:15:27","date_gmt":"2011-05-25T11:15:27","guid":{"rendered":"http:\/\/www.visit-ulcinj.com\/blog\/?p=46871"},"modified":"2011-06-01T15:50:08","modified_gmt":"2011-06-01T14:50:08","slug":"kryetari-i-komunes-se-ulqinit-z-gezim-hajdinaga-ishte-i-pranishem-ne-perurimin-e-ures-se-re-mbi-lumin-buna-ne-shkoder","status":"publish","type":"post","link":"https:\/\/www.visit-ulcinj.com\/blog\/2011\/05\/25\/kryetari-i-komunes-se-ulqinit-z-gezim-hajdinaga-ishte-i-pranishem-ne-perurimin-e-ures-se-re-mbi-lumin-buna-ne-shkoder\/","title":{"rendered":"Kryetari i Komun\u00ebs s\u00eb Ulqinit z. G\u00ebzim Hajdinaga, ishte i pranish\u00ebm  n\u00eb p\u00ebrurimin e ur\u00ebs s\u00eb re mbi Lumin Buna n\u00eb Shkod\u00ebr"},"content":{"rendered":"<p><a href=\"http:\/\/www.visit-ulcinj.com\/blog\/wp-content\/uploads\/2011\/05\/Kryetari-i-Komunes-se-Ulqinit-z.-Gezim-Hajdinagane-perurimin-e-ures-se-re-mbi-Lumin-Buna-ne-Shkoder.jpg\"><img loading=\"lazy\" class=\"alignleft size-full wp-image-46872\" title=\"Kryetari i Komunes se Ulqinit z. Gezim Hajdinaga,ne perurimin e ures se re mbi Lumin Buna ne Shkoder\" src=\"http:\/\/www.visit-ulcinj.com\/blog\/wp-content\/uploads\/2011\/05\/Kryetari-i-Komunes-se-Ulqinit-z.-Gezim-Hajdinagane-perurimin-e-ures-se-re-mbi-Lumin-Buna-ne-Shkoder.jpg\" alt=\"\" width=\"508\" height=\"380\" \/><\/a>N\u00eb ceremonin\u00eb e p\u00ebrurimit merrnin pjes\u00eb kryeministri Berisha, kryeparlamentarja z.nj Jozefina Topalli, ministri i Pun\u00ebve Publike, Transportit dhe Telekomunikacionit z. Sokol Olldashi, ministri p\u00ebr t\u00eb drejtat e njeriut dhe pakicave t\u00eb Malit t\u00eb Zi z. Ferhat Dinosha, kryetari i Komun\u00ebs s\u00eb Ulqinit z. G\u00ebzim Hajdinaga dhe personalitete t\u00eb tjera t\u00eb larta shtet\u00ebrore dhe ata t\u00eb qytetit t\u00eb Shkodr\u00ebs. Ura mbi Bun\u00eb ka nj\u00eb sistem hapjeje dhe mbylljeje, i cili nuk pengon lundrimin n\u00eb lum\u00eb. Me nj\u00eb gjat\u00ebsi prej 2755 metrash dhe gjer\u00ebsi 135 met\u00ebr, ura ka hap\u00ebsir\u00eb p\u00ebr dy drejtime l\u00ebvizjeje dhe dy trotuare an\u00ebsore. Punimet p\u00ebr nd\u00ebrtimin e saj kan\u00eb nisur q\u00eb n\u00eb maj t\u00eb 2008-s dhe ishin parashikuar t\u00eb p\u00ebrfundonin n\u00eb dhjetorin e 2010-s. Ura, e cila \u00ebsht\u00eb cil\u00ebsuar si nj\u00eb vep\u00ebr me r\u00ebnd\u00ebsi t\u00eb ve\u00e7ant\u00eb infrastrukturore, z\u00ebvend\u00ebson ur\u00ebn e vjet\u00ebr t\u00eb nd\u00ebrtuar q\u00eb n\u00eb vitin 1911. Financuese e projektit \u00ebsht\u00eb Banka Islamike p\u00ebr Zhvillim, nd\u00ebrsa kontraktori \u00ebsht\u00eb nj\u00eb firm\u00eb kuvajtiane. Kryetari Hajdinaga edhe me k\u00ebt\u00eb rast zhvilloi takime me krer\u00ebt shtet\u00ebrore t\u00eb Shqip\u00ebris\u00eb, dhe vler\u00ebsoi lart\u00eb bashk\u00ebpunimin nd\u00ebrmjet dy shteteve, Malit t\u00eb Zi dhe Shqip\u00ebris\u00eb, respektivisht Ulqinit dhe Shkodr\u00ebs.<\/p>\n<p><strong>Municipality of Ulcinj \/ Ulqin<br \/>\nArsllan Hajdinaga<br \/>\n\n\t\t<style type=\"text\/css\">\n\t\t\t#gallery-1 {\n\t\t\t\tmargin: auto;\n\t\t\t}\n\t\t\t#gallery-1 .gallery-item {\n\t\t\t\tfloat: left;\n\t\t\t\tmargin-top: 10px;\n\t\t\t\ttext-align: center;\n\t\t\t\twidth: 33%;\n\t\t\t}\n\t\t\t#gallery-1 img {\n\t\t\t\tborder: 2px solid #cfcfcf;\n\t\t\t}\n\t\t\t#gallery-1 .gallery-caption {\n\t\t\t\tmargin-left: 0;\n\t\t\t}\n\t\t\t\/* see gallery_shortcode() in wp-includes\/media.php *\/\n\t\t<\/style>\n\t\t<div id='gallery-1' class='gallery galleryid-46871 gallery-columns-3 gallery-size-thumbnail'><dl class='gallery-item'>\n\t\t\t<dt class='gallery-icon landscape'>\n\t\t\t\t<a href='https:\/\/www.visit-ulcinj.com\/blog\/wp-content\/uploads\/2011\/05\/Kryetari-i-Komunes-se-Ulqinit-z.-Gezim-Hajdinagane-perurimin-e-ures-se-re-mbi-Lumin-Buna-ne-Shkoder.jpg'><img width=\"150\" height=\"150\" src=\"https:\/\/www.visit-ulcinj.com\/blog\/wp-content\/uploads\/2011\/05\/Kryetari-i-Komunes-se-Ulqinit-z.-Gezim-Hajdinagane-perurimin-e-ures-se-re-mbi-Lumin-Buna-ne-Shkoder-150x150.jpg\" class=\"attachment-thumbnail size-thumbnail\" alt=\"\" loading=\"lazy\" \/><\/a>\n\t\t\t<\/dt><\/dl><dl class='gallery-item'>\n\t\t\t<dt class='gallery-icon landscape'>\n\t\t\t\t<a href='https:\/\/www.visit-ulcinj.com\/blog\/wp-content\/uploads\/2011\/05\/Kryetari-i-Komunes-se-Ulqinit-z.-Gezim-Hajdinagane-perurimin-e-ures-se-re-mbi-Lumin-Buna-ne-Shkoder.1.jpg'><img width=\"150\" height=\"150\" src=\"https:\/\/www.visit-ulcinj.com\/blog\/wp-content\/uploads\/2011\/05\/Kryetari-i-Komunes-se-Ulqinit-z.-Gezim-Hajdinagane-perurimin-e-ures-se-re-mbi-Lumin-Buna-ne-Shkoder.1-150x150.jpg\" class=\"attachment-thumbnail size-thumbnail\" alt=\"\" loading=\"lazy\" \/><\/a>\n\t\t\t<\/dt><\/dl><dl class='gallery-item'>\n\t\t\t<dt class='gallery-icon landscape'>\n\t\t\t\t<a href='https:\/\/www.visit-ulcinj.com\/blog\/wp-content\/uploads\/2011\/05\/Kryetari-i-Komunes-se-Ulqinit-z.-Gezim-Hajdinagane-perurimin-e-ures-se-re-mbi-Lumin-Buna-ne-Shkoder.2.jpg'><img width=\"150\" height=\"150\" src=\"https:\/\/www.visit-ulcinj.com\/blog\/wp-content\/uploads\/2011\/05\/Kryetari-i-Komunes-se-Ulqinit-z.-Gezim-Hajdinagane-perurimin-e-ures-se-re-mbi-Lumin-Buna-ne-Shkoder.2-150x150.jpg\" class=\"attachment-thumbnail size-thumbnail\" alt=\"\" loading=\"lazy\" \/><\/a>\n\t\t\t<\/dt><\/dl><br style=\"clear: both\" \/><dl class='gallery-item'>\n\t\t\t<dt class='gallery-icon landscape'>\n\t\t\t\t<a href='https:\/\/www.visit-ulcinj.com\/blog\/wp-content\/uploads\/2011\/05\/Kryetari-i-Komunes-se-Ulqinit-z.-Gezim-Hajdinagane-perurimin-e-ures-se-re-mbi-Lumin-Buna-ne-Shkoder.3.jpg'><img width=\"150\" height=\"150\" src=\"https:\/\/www.visit-ulcinj.com\/blog\/wp-content\/uploads\/2011\/05\/Kryetari-i-Komunes-se-Ulqinit-z.-Gezim-Hajdinagane-perurimin-e-ures-se-re-mbi-Lumin-Buna-ne-Shkoder.3-150x150.jpg\" class=\"attachment-thumbnail size-thumbnail\" alt=\"\" loading=\"lazy\" \/><\/a>\n\t\t\t<\/dt><\/dl><dl class='gallery-item'>\n\t\t\t<dt class='gallery-icon landscape'>\n\t\t\t\t<a href='https:\/\/www.visit-ulcinj.com\/blog\/wp-content\/uploads\/2011\/05\/Kryetari-i-Komunes-se-Ulqinit-z.-Gezim-Hajdinagane-perurimin-e-ures-se-re-mbi-Lumin-Buna-ne-Shkoder.4.jpg'><img width=\"150\" height=\"150\" src=\"https:\/\/www.visit-ulcinj.com\/blog\/wp-content\/uploads\/2011\/05\/Kryetari-i-Komunes-se-Ulqinit-z.-Gezim-Hajdinagane-perurimin-e-ures-se-re-mbi-Lumin-Buna-ne-Shkoder.4-150x150.jpg\" class=\"attachment-thumbnail size-thumbnail\" alt=\"\" loading=\"lazy\" \/><\/a>\n\t\t\t<\/dt><\/dl><dl class='gallery-item'>\n\t\t\t<dt class='gallery-icon landscape'>\n\t\t\t\t<a href='https:\/\/www.visit-ulcinj.com\/blog\/wp-content\/uploads\/2011\/05\/Kryetari-i-Komunes-se-Ulqinit-z.-Gezim-Hajdinagane-perurimin-e-ures-se-re-mbi-Lumin-Buna-ne-Shkoder.5.jpg'><img width=\"150\" height=\"150\" src=\"https:\/\/www.visit-ulcinj.com\/blog\/wp-content\/uploads\/2011\/05\/Kryetari-i-Komunes-se-Ulqinit-z.-Gezim-Hajdinagane-perurimin-e-ures-se-re-mbi-Lumin-Buna-ne-Shkoder.5-150x150.jpg\" class=\"attachment-thumbnail size-thumbnail\" alt=\"\" loading=\"lazy\" \/><\/a>\n\t\t\t<\/dt><\/dl><br style=\"clear: both\" \/><dl class='gallery-item'>\n\t\t\t<dt class='gallery-icon landscape'>\n\t\t\t\t<a href='https:\/\/www.visit-ulcinj.com\/blog\/wp-content\/uploads\/2011\/05\/Kryetari-i-Komunes-se-Ulqinit-z.-Gezim-Hajdinagane-perurimin-e-ures-se-re-mbi-Lumin-Buna-ne-Shkoder.6.jpg'><img width=\"150\" height=\"150\" src=\"https:\/\/www.visit-ulcinj.com\/blog\/wp-content\/uploads\/2011\/05\/Kryetari-i-Komunes-se-Ulqinit-z.-Gezim-Hajdinagane-perurimin-e-ures-se-re-mbi-Lumin-Buna-ne-Shkoder.6-150x150.jpg\" class=\"attachment-thumbnail size-thumbnail\" alt=\"\" loading=\"lazy\" \/><\/a>\n\t\t\t<\/dt><\/dl><dl class='gallery-item'>\n\t\t\t<dt class='gallery-icon landscape'>\n\t\t\t\t<a href='https:\/\/www.visit-ulcinj.com\/blog\/wp-content\/uploads\/2011\/05\/Kryetari-i-Komunes-se-Ulqinit-z.-Gezim-Hajdinagane-perurimin-e-ures-se-re-mbi-Lumin-Buna-ne-Shkoder.7.jpg'><img width=\"150\" height=\"150\" src=\"https:\/\/www.visit-ulcinj.com\/blog\/wp-content\/uploads\/2011\/05\/Kryetari-i-Komunes-se-Ulqinit-z.-Gezim-Hajdinagane-perurimin-e-ures-se-re-mbi-Lumin-Buna-ne-Shkoder.7-150x150.jpg\" class=\"attachment-thumbnail size-thumbnail\" alt=\"\" loading=\"lazy\" \/><\/a>\n\t\t\t<\/dt><\/dl><dl class='gallery-item'>\n\t\t\t<dt class='gallery-icon landscape'>\n\t\t\t\t<a href='https:\/\/www.visit-ulcinj.com\/blog\/wp-content\/uploads\/2011\/05\/Kryetari-i-Komunes-se-Ulqinit-z.-Gezim-Hajdinagane-perurimin-e-ures-se-re-mbi-Lumin-Buna-ne-Shkoder.8.jpg'><img width=\"150\" height=\"150\" src=\"https:\/\/www.visit-ulcinj.com\/blog\/wp-content\/uploads\/2011\/05\/Kryetari-i-Komunes-se-Ulqinit-z.-Gezim-Hajdinagane-perurimin-e-ures-se-re-mbi-Lumin-Buna-ne-Shkoder.8-150x150.jpg\" class=\"attachment-thumbnail size-thumbnail\" alt=\"\" loading=\"lazy\" \/><\/a>\n\t\t\t<\/dt><\/dl><br style=\"clear: both\" \/>\n\t\t<\/div>\n<br \/>\n<\/strong><br \/>\n<!--YouTube Error: bad URL entered--><\/p>\n","protected":false},"excerpt":{"rendered":"<p>N\u00eb ceremonin\u00eb e p\u00ebrurimit merrnin pjes\u00eb kryeministri Berisha, kryeparlamentarja z.nj Jozefina Topalli, ministri i Pun\u00ebve Publike, Transportit dhe Telekomunikacionit z. Sokol Olldashi, ministri p\u00ebr t\u00eb drejtat e njeriut dhe pakicave t\u00eb Malit t\u00eb Zi z. Ferhat Dinosha, kryetari i Komun\u00ebs s\u00eb Ulqinit z. G\u00ebzim Hajdinaga dhe personalitete t\u00eb tjera t\u00eb larta shtet\u00ebrore dhe ata t\u00eb [&hellip;]<\/p>\n","protected":false},"author":1,"featured_media":0,"comment_status":"open","ping_status":"closed","sticky":false,"template":"","format":"standard","meta":{"spay_email":"","jetpack_publicize_message":"","jetpack_is_tweetstorm":false,"jetpack_publicize_feature_enabled":true},"categories":[1,6],"tags":[212,17828,17834,17811,17831,14353,17808,14354,12340,17840,17839,17835,17814,17810,17816,17071,17807,3516,14652,17837,17827,14358,222,17802,17812,17803,18266,17820,17825,17817,17805,3713,17823,17832,3506,17818,214,17680,14362,14363,3507,17800,498,3500,2668,18290,14364,17799,3327,17841,17826,15213,3512,17806,18289,17838,95,17813,17804,15141,17836,14366,18292,79,17073,18294,1653,1909,14367,17801,14663,17822,14368,14369,17824,14370,18291,2083,14371,41,3617,14372,17844,17821,13413,17830,17077,18295,14375,17833,17829,18293,200,18,17819,17809,14376],"jetpack_publicize_connections":[],"yoast_head":"<!-- This site is optimized with the Yoast SEO plugin v19.1 - https:\/\/yoast.com\/wordpress\/plugins\/seo\/ -->\n<title>Kryetari i Komun\u00ebs s\u00eb Ulqinit z. G\u00ebzim Hajdinaga, ishte i pranish\u00ebm n\u00eb p\u00ebrurimin e ur\u00ebs s\u00eb re mbi Lumin Buna n\u00eb Shkod\u00ebr - Lajme nga Ulqini<\/title>\n<meta name=\"description\" content=\"N\u00eb ceremonin\u00eb e p\u00ebrurimit merrnin pjes\u00eb kryeministri Berisha, kryeparlamentarja z.nj Jozefina Topalli, ministri i Pun\u00ebve Publike, Transportit dhe\" \/>\n<meta name=\"robots\" content=\"index, follow, max-snippet:-1, max-image-preview:large, max-video-preview:-1\" \/>\n<link rel=\"canonical\" href=\"https:\/\/www.visit-ulcinj.com\/blog\/2011\/05\/25\/kryetari-i-komunes-se-ulqinit-z-gezim-hajdinaga-ishte-i-pranishem-ne-perurimin-e-ures-se-re-mbi-lumin-buna-ne-shkoder\/\" \/>\n<meta property=\"og:locale\" content=\"en_US\" \/>\n<meta property=\"og:type\" content=\"article\" \/>\n<meta property=\"og:title\" content=\"Kryetari i Komun\u00ebs s\u00eb Ulqinit z. G\u00ebzim Hajdinaga, ishte i pranish\u00ebm n\u00eb p\u00ebrurimin e ur\u00ebs s\u00eb re mbi Lumin Buna n\u00eb Shkod\u00ebr - Lajme nga Ulqini\" \/>\n<meta property=\"og:description\" content=\"N\u00eb ceremonin\u00eb e p\u00ebrurimit merrnin pjes\u00eb kryeministri Berisha, kryeparlamentarja z.nj Jozefina Topalli, ministri i Pun\u00ebve Publike, Transportit dhe\" \/>\n<meta property=\"og:url\" content=\"https:\/\/www.visit-ulcinj.com\/blog\/2011\/05\/25\/kryetari-i-komunes-se-ulqinit-z-gezim-hajdinaga-ishte-i-pranishem-ne-perurimin-e-ures-se-re-mbi-lumin-buna-ne-shkoder\/\" \/>\n<meta property=\"og:site_name\" content=\"Lajme nga Ulqini\" \/>\n<meta property=\"article:published_time\" content=\"2011-05-25T11:15:27+00:00\" \/>\n<meta property=\"article:modified_time\" content=\"2011-06-01T14:50:08+00:00\" \/>\n<meta property=\"og:image\" content=\"https:\/\/www.visit-ulcinj.com\/blog\/wp-content\/uploads\/2011\/05\/Kryetari-i-Komunes-se-Ulqinit-z.-Gezim-Hajdinagane-perurimin-e-ures-se-re-mbi-Lumin-Buna-ne-Shkoder-150x150.jpg\" \/>\n<meta name=\"twitter:label1\" content=\"Written by\" \/>\n\t<meta name=\"twitter:data1\" content=\"ulqini\" \/>\n\t<meta name=\"twitter:label2\" content=\"Est. reading time\" \/>\n\t<meta name=\"twitter:data2\" content=\"1 minute\" \/>\n<script type=\"application\/ld+json\" class=\"yoast-schema-graph\">{\"@context\":\"https:\/\/schema.org\",\"@graph\":[{\"@type\":\"WebSite\",\"@id\":\"https:\/\/www.visit-ulcinj.com\/blog\/#website\",\"url\":\"https:\/\/www.visit-ulcinj.com\/blog\/\",\"name\":\"Lajme nga Ulqini\",\"description\":\"Lajme,Vijesti,Ulqini,Ulqin,Crna Gora,Mali i Zi\",\"potentialAction\":[{\"@type\":\"SearchAction\",\"target\":{\"@type\":\"EntryPoint\",\"urlTemplate\":\"https:\/\/www.visit-ulcinj.com\/blog\/?s={search_term_string}\"},\"query-input\":\"required name=search_term_string\"}],\"inLanguage\":\"en-US\"},{\"@type\":\"ImageObject\",\"inLanguage\":\"en-US\",\"@id\":\"https:\/\/www.visit-ulcinj.com\/blog\/2011\/05\/25\/kryetari-i-komunes-se-ulqinit-z-gezim-hajdinaga-ishte-i-pranishem-ne-perurimin-e-ures-se-re-mbi-lumin-buna-ne-shkoder\/#primaryimage\",\"url\":\"https:\/\/www.visit-ulcinj.com\/blog\/wp-content\/uploads\/2011\/05\/Kryetari-i-Komunes-se-Ulqinit-z.-Gezim-Hajdinagane-perurimin-e-ures-se-re-mbi-Lumin-Buna-ne-Shkoder.jpg\",\"contentUrl\":\"https:\/\/www.visit-ulcinj.com\/blog\/wp-content\/uploads\/2011\/05\/Kryetari-i-Komunes-se-Ulqinit-z.-Gezim-Hajdinagane-perurimin-e-ures-se-re-mbi-Lumin-Buna-ne-Shkoder.jpg\",\"width\":\"800\",\"height\":\"533\"},{\"@type\":\"WebPage\",\"@id\":\"https:\/\/www.visit-ulcinj.com\/blog\/2011\/05\/25\/kryetari-i-komunes-se-ulqinit-z-gezim-hajdinaga-ishte-i-pranishem-ne-perurimin-e-ures-se-re-mbi-lumin-buna-ne-shkoder\/#webpage\",\"url\":\"https:\/\/www.visit-ulcinj.com\/blog\/2011\/05\/25\/kryetari-i-komunes-se-ulqinit-z-gezim-hajdinaga-ishte-i-pranishem-ne-perurimin-e-ures-se-re-mbi-lumin-buna-ne-shkoder\/\",\"name\":\"Kryetari i Komun\u00ebs s\u00eb Ulqinit z. G\u00ebzim Hajdinaga, ishte i pranish\u00ebm n\u00eb p\u00ebrurimin e ur\u00ebs s\u00eb re mbi Lumin Buna n\u00eb Shkod\u00ebr - Lajme nga Ulqini\",\"isPartOf\":{\"@id\":\"https:\/\/www.visit-ulcinj.com\/blog\/#website\"},\"primaryImageOfPage\":{\"@id\":\"https:\/\/www.visit-ulcinj.com\/blog\/2011\/05\/25\/kryetari-i-komunes-se-ulqinit-z-gezim-hajdinaga-ishte-i-pranishem-ne-perurimin-e-ures-se-re-mbi-lumin-buna-ne-shkoder\/#primaryimage\"},\"datePublished\":\"2011-05-25T11:15:27+00:00\",\"dateModified\":\"2011-06-01T14:50:08+00:00\",\"author\":{\"@id\":\"https:\/\/www.visit-ulcinj.com\/blog\/#\/schema\/person\/dcab619c614d3038751c63bc2aadc06d\"},\"description\":\"N\u00eb ceremonin\u00eb e p\u00ebrurimit merrnin pjes\u00eb kryeministri Berisha, kryeparlamentarja z.nj Jozefina Topalli, ministri i Pun\u00ebve Publike, Transportit dhe\",\"breadcrumb\":{\"@id\":\"https:\/\/www.visit-ulcinj.com\/blog\/2011\/05\/25\/kryetari-i-komunes-se-ulqinit-z-gezim-hajdinaga-ishte-i-pranishem-ne-perurimin-e-ures-se-re-mbi-lumin-buna-ne-shkoder\/#breadcrumb\"},\"inLanguage\":\"en-US\",\"potentialAction\":[{\"@type\":\"ReadAction\",\"target\":[\"https:\/\/www.visit-ulcinj.com\/blog\/2011\/05\/25\/kryetari-i-komunes-se-ulqinit-z-gezim-hajdinaga-ishte-i-pranishem-ne-perurimin-e-ures-se-re-mbi-lumin-buna-ne-shkoder\/\"]}]},{\"@type\":\"BreadcrumbList\",\"@id\":\"https:\/\/www.visit-ulcinj.com\/blog\/2011\/05\/25\/kryetari-i-komunes-se-ulqinit-z-gezim-hajdinaga-ishte-i-pranishem-ne-perurimin-e-ures-se-re-mbi-lumin-buna-ne-shkoder\/#breadcrumb\",\"itemListElement\":[{\"@type\":\"ListItem\",\"position\":1,\"name\":\"Kryetari i Komun\u00ebs s\u00eb Ulqinit z. G\u00ebzim Hajdinaga, ishte i pranish\u00ebm n\u00eb p\u00ebrurimin e ur\u00ebs s\u00eb re mbi Lumin Buna n\u00eb Shkod\u00ebr\"}]},{\"@type\":\"Person\",\"@id\":\"https:\/\/www.visit-ulcinj.com\/blog\/#\/schema\/person\/dcab619c614d3038751c63bc2aadc06d\",\"name\":\"ulqini\",\"sameAs\":[\"http:\/\/www.visit-ulcinj.com\"],\"url\":\"https:\/\/www.visit-ulcinj.com\/blog\/author\/admin\/\"}]}<\/script>\n<!-- \/ Yoast SEO plugin. -->","yoast_head_json":{"title":"Kryetari i Komun\u00ebs s\u00eb Ulqinit z. G\u00ebzim Hajdinaga, ishte i pranish\u00ebm n\u00eb p\u00ebrurimin e ur\u00ebs s\u00eb re mbi Lumin Buna n\u00eb Shkod\u00ebr - Lajme nga Ulqini","description":"N\u00eb ceremonin\u00eb e p\u00ebrurimit merrnin pjes\u00eb kryeministri Berisha, kryeparlamentarja z.nj Jozefina Topalli, ministri i Pun\u00ebve Publike, Transportit dhe","robots":{"index":"index","follow":"follow","max-snippet":"max-snippet:-1","max-image-preview":"max-image-preview:large","max-video-preview":"max-video-preview:-1"},"canonical":"https:\/\/www.visit-ulcinj.com\/blog\/2011\/05\/25\/kryetari-i-komunes-se-ulqinit-z-gezim-hajdinaga-ishte-i-pranishem-ne-perurimin-e-ures-se-re-mbi-lumin-buna-ne-shkoder\/","og_locale":"en_US","og_type":"article","og_title":"Kryetari i Komun\u00ebs s\u00eb Ulqinit z. G\u00ebzim Hajdinaga, ishte i pranish\u00ebm n\u00eb p\u00ebrurimin e ur\u00ebs s\u00eb re mbi Lumin Buna n\u00eb Shkod\u00ebr - Lajme nga Ulqini","og_description":"N\u00eb ceremonin\u00eb e p\u00ebrurimit merrnin pjes\u00eb kryeministri Berisha, kryeparlamentarja z.nj Jozefina Topalli, ministri i Pun\u00ebve Publike, Transportit dhe","og_url":"https:\/\/www.visit-ulcinj.com\/blog\/2011\/05\/25\/kryetari-i-komunes-se-ulqinit-z-gezim-hajdinaga-ishte-i-pranishem-ne-perurimin-e-ures-se-re-mbi-lumin-buna-ne-shkoder\/","og_site_name":"Lajme nga Ulqini","article_published_time":"2011-05-25T11:15:27+00:00","article_modified_time":"2011-06-01T14:50:08+00:00","og_image":[{"url":"https:\/\/www.visit-ulcinj.com\/blog\/wp-content\/uploads\/2011\/05\/Kryetari-i-Komunes-se-Ulqinit-z.-Gezim-Hajdinagane-perurimin-e-ures-se-re-mbi-Lumin-Buna-ne-Shkoder-150x150.jpg"}],"twitter_misc":{"Written by":"ulqini","Est. reading time":"1 minute"},"schema":{"@context":"https:\/\/schema.org","@graph":[{"@type":"WebSite","@id":"https:\/\/www.visit-ulcinj.com\/blog\/#website","url":"https:\/\/www.visit-ulcinj.com\/blog\/","name":"Lajme nga Ulqini","description":"Lajme,Vijesti,Ulqini,Ulqin,Crna Gora,Mali i Zi","potentialAction":[{"@type":"SearchAction","target":{"@type":"EntryPoint","urlTemplate":"https:\/\/www.visit-ulcinj.com\/blog\/?s={search_term_string}"},"query-input":"required name=search_term_string"}],"inLanguage":"en-US"},{"@type":"ImageObject","inLanguage":"en-US","@id":"https:\/\/www.visit-ulcinj.com\/blog\/2011\/05\/25\/kryetari-i-komunes-se-ulqinit-z-gezim-hajdinaga-ishte-i-pranishem-ne-perurimin-e-ures-se-re-mbi-lumin-buna-ne-shkoder\/#primaryimage","url":"https:\/\/www.visit-ulcinj.com\/blog\/wp-content\/uploads\/2011\/05\/Kryetari-i-Komunes-se-Ulqinit-z.-Gezim-Hajdinagane-perurimin-e-ures-se-re-mbi-Lumin-Buna-ne-Shkoder.jpg","contentUrl":"https:\/\/www.visit-ulcinj.com\/blog\/wp-content\/uploads\/2011\/05\/Kryetari-i-Komunes-se-Ulqinit-z.-Gezim-Hajdinagane-perurimin-e-ures-se-re-mbi-Lumin-Buna-ne-Shkoder.jpg","width":"800","height":"533"},{"@type":"WebPage","@id":"https:\/\/www.visit-ulcinj.com\/blog\/2011\/05\/25\/kryetari-i-komunes-se-ulqinit-z-gezim-hajdinaga-ishte-i-pranishem-ne-perurimin-e-ures-se-re-mbi-lumin-buna-ne-shkoder\/#webpage","url":"https:\/\/www.visit-ulcinj.com\/blog\/2011\/05\/25\/kryetari-i-komunes-se-ulqinit-z-gezim-hajdinaga-ishte-i-pranishem-ne-perurimin-e-ures-se-re-mbi-lumin-buna-ne-shkoder\/","name":"Kryetari i Komun\u00ebs s\u00eb Ulqinit z. G\u00ebzim Hajdinaga, ishte i pranish\u00ebm n\u00eb p\u00ebrurimin e ur\u00ebs s\u00eb re mbi Lumin Buna n\u00eb Shkod\u00ebr - Lajme nga Ulqini","isPartOf":{"@id":"https:\/\/www.visit-ulcinj.com\/blog\/#website"},"primaryImageOfPage":{"@id":"https:\/\/www.visit-ulcinj.com\/blog\/2011\/05\/25\/kryetari-i-komunes-se-ulqinit-z-gezim-hajdinaga-ishte-i-pranishem-ne-perurimin-e-ures-se-re-mbi-lumin-buna-ne-shkoder\/#primaryimage"},"datePublished":"2011-05-25T11:15:27+00:00","dateModified":"2011-06-01T14:50:08+00:00","author":{"@id":"https:\/\/www.visit-ulcinj.com\/blog\/#\/schema\/person\/dcab619c614d3038751c63bc2aadc06d"},"description":"N\u00eb ceremonin\u00eb e p\u00ebrurimit merrnin pjes\u00eb kryeministri Berisha, kryeparlamentarja z.nj Jozefina Topalli, ministri i Pun\u00ebve Publike, Transportit dhe","breadcrumb":{"@id":"https:\/\/www.visit-ulcinj.com\/blog\/2011\/05\/25\/kryetari-i-komunes-se-ulqinit-z-gezim-hajdinaga-ishte-i-pranishem-ne-perurimin-e-ures-se-re-mbi-lumin-buna-ne-shkoder\/#breadcrumb"},"inLanguage":"en-US","potentialAction":[{"@type":"ReadAction","target":["https:\/\/www.visit-ulcinj.com\/blog\/2011\/05\/25\/kryetari-i-komunes-se-ulqinit-z-gezim-hajdinaga-ishte-i-pranishem-ne-perurimin-e-ures-se-re-mbi-lumin-buna-ne-shkoder\/"]}]},{"@type":"BreadcrumbList","@id":"https:\/\/www.visit-ulcinj.com\/blog\/2011\/05\/25\/kryetari-i-komunes-se-ulqinit-z-gezim-hajdinaga-ishte-i-pranishem-ne-perurimin-e-ures-se-re-mbi-lumin-buna-ne-shkoder\/#breadcrumb","itemListElement":[{"@type":"ListItem","position":1,"name":"Kryetari i Komun\u00ebs s\u00eb Ulqinit z. G\u00ebzim Hajdinaga, ishte i pranish\u00ebm n\u00eb p\u00ebrurimin e ur\u00ebs s\u00eb re mbi Lumin Buna n\u00eb Shkod\u00ebr"}]},{"@type":"Person","@id":"https:\/\/www.visit-ulcinj.com\/blog\/#\/schema\/person\/dcab619c614d3038751c63bc2aadc06d","name":"ulqini","sameAs":["http:\/\/www.visit-ulcinj.com"],"url":"https:\/\/www.visit-ulcinj.com\/blog\/author\/admin\/"}]}},"jetpack_featured_media_url":"","jetpack_sharing_enabled":true,"jetpack_shortlink":"https:\/\/wp.me\/pe6lTn-cbZ","_links":{"self":[{"href":"https:\/\/www.visit-ulcinj.com\/blog\/wp-json\/wp\/v2\/posts\/46871"}],"collection":[{"href":"https:\/\/www.visit-ulcinj.com\/blog\/wp-json\/wp\/v2\/posts"}],"about":[{"href":"https:\/\/www.visit-ulcinj.com\/blog\/wp-json\/wp\/v2\/types\/post"}],"author":[{"embeddable":true,"href":"https:\/\/www.visit-ulcinj.com\/blog\/wp-json\/wp\/v2\/users\/1"}],"replies":[{"embeddable":true,"href":"https:\/\/www.visit-ulcinj.com\/blog\/wp-json\/wp\/v2\/comments?post=46871"}],"version-history":[{"count":0,"href":"https:\/\/www.visit-ulcinj.com\/blog\/wp-json\/wp\/v2\/posts\/46871\/revisions"}],"wp:attachment":[{"href":"https:\/\/www.visit-ulcinj.com\/blog\/wp-json\/wp\/v2\/media?parent=46871"}],"wp:term":[{"taxonomy":"category","embeddable":true,"href":"https:\/\/www.visit-ulcinj.com\/blog\/wp-json\/wp\/v2\/categories?post=46871"},{"taxonomy":"post_tag","embeddable":true,"href":"https:\/\/www.visit-ulcinj.com\/blog\/wp-json\/wp\/v2\/tags?post=46871"}],"curies":[{"name":"wp","href":"https:\/\/api.w.org\/{rel}","templated":true}]}}