{"id":46886,"date":"2011-05-25T12:45:03","date_gmt":"2011-05-25T11:45:03","guid":{"rendered":"http:\/\/www.visit-ulcinj.com\/blog\/?p=46886"},"modified":"2011-05-25T12:45:41","modified_gmt":"2011-05-25T11:45:41","slug":"klubi-i-karatese-ulqini-u-kurorezua-me-77-medalje","status":"publish","type":"post","link":"https:\/\/www.visit-ulcinj.com\/blog\/2011\/05\/25\/klubi-i-karatese-ulqini-u-kurorezua-me-77-medalje\/","title":{"rendered":"Klubi i Karates\u00eb Ulqini u kuror\u00ebzua me 77 medalje"},"content":{"rendered":"<p><strong><a href=\"http:\/\/www.visit-ulcinj.com\/blog\/wp-content\/uploads\/2011\/05\/Perfaqesim-dinjitoz-i-Klubit-te-Karatese-Ulqini.jpg\"><img loading=\"lazy\" class=\"alignleft size-large wp-image-46890\" title=\"Perfaqesim  dinjitoz i Klubit te Karatese Ulqini\" src=\"http:\/\/www.visit-ulcinj.com\/blog\/wp-content\/uploads\/2011\/05\/Perfaqesim-dinjitoz-i-Klubit-te-Karatese-Ulqini-1024x768.jpg\" alt=\"\" width=\"508\" height=\"380\" srcset=\"https:\/\/www.visit-ulcinj.com\/blog\/wp-content\/uploads\/2011\/05\/Perfaqesim-dinjitoz-i-Klubit-te-Karatese-Ulqini-1024x768.jpg 1024w, https:\/\/www.visit-ulcinj.com\/blog\/wp-content\/uploads\/2011\/05\/Perfaqesim-dinjitoz-i-Klubit-te-Karatese-Ulqini-300x225.jpg 300w\" sizes=\"(max-width: 508px) 100vw, 508px\" \/><\/a>P\u00ebrfaq\u00ebsim\u00a0 dinjitoz i Klubit t\u00eb Karates\u00eb \u201cUlqini\u201d<\/strong><\/p>\n<p>T\u00eb shtun\u00ebn, m\u00eb 21 maj 2011 n\u00eb Podgoric\u00eb u mbajt Turneu i par\u00eb tradicional i karates\u00eb \u201cMontenegro open 2011\u201d me rastin e Dit\u00ebs s\u00eb Pavar\u00ebsis\u00eb s\u00eb Malit t\u00eb Zi.<\/p>\n<p>N\u00eb k\u00ebt\u00eb turne mor\u00ebn pjes\u00eb 27 klube t\u00eb karates\u00eb me rreth 600 garues nga Bosna, Serbia, Kroacia dhe nga Mali i Zi.<\/p>\n<p>Garuesit e KK \u201cUlqini\u201d arrit\u00ebn t\u00eb fitojn\u00eb plot 77 medalje: 25 medalje t\u00eb arta (21 n\u00eb disiplinat individuale dhe 4 ekipe t\u00eb arta), 23 medalje\u00a0 t\u00eb argjendta (19 n\u00eb disiplinat individuale dhe 4 ekipe) dhe 29 t\u00eb bronzta (25 n\u00eb disiplinat individuale dhe 4 ekipe). Duhet t\u00eb cekim se ne paraqit\u00ebm aq ekipe sa ishin t\u00eb parapara me Rregulloren e k\u00ebsaj gare, pra 12 ekipe dhe t\u00eb gjitha u kuror\u00ebzuan me medalje: 4 u shpall\u00ebn kampion, 4 n\u00ebnkampion dhe 4 u kuror\u00ebzuan me medaljen e bronzt\u00eb.<\/p>\n<p>-Jemi t\u00eb k\u00ebnaqur me k\u00ebt\u00eb rezultat q\u00eb kemi arritur. Ishim duksh\u00ebm m\u00eb t\u00eb mir\u00ebt e turneut, si me paraqitje, ashtu edhe me numrin e medaljeve t\u00eb fituara, por kjo nuk do t\u00eb thot\u00eb q\u00eb do t\u00eb ndalemi k\u00ebtu. Ne na presin dhe disa gara t\u00eb tjera deri n\u00eb fund t\u00eb k\u00ebtij sezoni, si\u00e7 jan\u00eb Kampionati i Malit t\u00eb Zi p\u00ebr pionier\u00eb dhe shpresa n\u00eb luft\u00ebra, Kupa e Malit t\u00eb Zi p\u00ebr kadet\u00eb, junior\u00eb dhe senior\u00eb dhe 3 turne nd\u00ebrkomb\u00ebtar\u00eb &#8211; \u201cDubrovnik open 2011\u201d, \u201cPresheva Open 2011\u201d, \u201cZahir Pajaziti\u201d n\u00eb Orllan t\u00eb Kosov\u00ebs dhe \u201cChampion Open 2011\u201d n\u00eb Novi Pazar. Jemi t\u00eb sigurt\u00eb se edhe nga k\u00ebto gara do t\u00eb kthehemi fitimtar\u00eb dhe do t\u00eb mbyllim sezonin e par\u00eb t\u00eb garave plot suksese t\u00eb panum\u00ebrta, &#8211; shprehen trajner\u00ebt e klubit Naim Duraku, Anell Beganoviq, Kujtim Sukaliq dhe kryetrajneri Ruzhdi Rama. Nj\u00ebherit ata apelojn\u00eb te t\u00eb gjith\u00eb qytetar\u00ebt dhe institucionet shtet\u00ebrore dhe ato private q\u00eb t\u2019i ndihmojn\u00eb t\u00eb rinjt\u00eb tan\u00eb, t\u00eb cil\u00ebt po na prezentojn\u00eb me dinjitet \u00e7dokund q\u00eb marrin pjes\u00eb. Natyrisht q\u00eb paraqitja e tyre \u00ebsht\u00eb edhe reklama m\u00eb e mir\u00eb p\u00ebr qytetin ton\u00eb para sezonit turistik.<\/p>\n<p>&nbsp;<\/p>\n<p>-Klubi yn\u00eb n\u00eb k\u00ebt\u00eb gar\u00eb mori pjes\u00eb me 62 garues t\u00eb t\u00eb gjitha gjeneratave, prej atyre m\u00eb t\u00eb reja e deri n\u00eb senior\u00eb.<\/p>\n<p>Nga Klubi i karates\u00eb \u201cUlqini\u201d n\u00eb k\u00ebt\u00eb Turne me medalje t\u00eb arta u shp\u00ebrblyen k\u00ebta garues: n\u00eb disiplinat individuale dhe ekipore me nga dy medalje t\u00eb arta u kuror\u00ebzuan\u00a0 Eliza Salihu, Radica Dashiq, Antigona Rama, Venesa Nuhi, Ena Kova\u00e7eviq, Ilir Muja dhe Dardan Ceka, me nga nj\u00eb medalje t\u00eb arta u kuror\u00ebzuan\u00a0 Aldin Buliq, Diell\u00ebza Rama, Lulzim Suma, Fiona Kraja, Alban Suma, Dul Zeneli, Argjend Rizaja, Kristian Junkoviq, Ensar Marshiq, Egzona Nika, Marko Daboviq, Katarina Marnikoviq, Nderim Cuca, Lavdim Tula, Sretena Gjuriq, Hantie Ibro\u00e7i, Albion Duraku, Allmir Hajdari dhe Petar Barlloviq.<\/p>\n<p>P\u00ebrve\u00e7 k\u00ebtyre medaljeve k\u00ebta garues u kuror\u00ebzuan edhe me medalje t\u00eb tjera.<\/p>\n<p>Me medalje t\u00eb argjendta dhe t\u00eb bronzta u shp\u00ebrblyen k\u00ebta garues:<\/p>\n<p>Fiona Kraja, Emro Bajrami, Riad Tula, Admir Luka, Angjella Marnikoviq, Edin Kraja, Arben Elezoviq, Behlul Peroviq, Egzon Kraja, Stefan Radoviq, Gabriell Kerquku, Denis Meqikukiq, Ridvan Xhurreta, Albert Rudoviq, Pjeter Hot, Christopher Rudoviq, Butrint Nimanbegu, Nermin Suma, Adnan kuqi, Bledar Seferi, Blerdi Kapllani, Idriz Sadiku, Hysen Rama, Erion Nika, Jeton Luka dhe Valentino Sadiku.<\/p>\n<p>&nbsp;<\/p>\n<p>Udh\u00ebheq\u00ebsia e klubit t\u00eb karates\u00eb \u201cUlqini\u201d fal\u00ebnderon sponzorin\u00a0 \u201cFinal trade\u201d.<\/p>\n<p><strong> <\/strong><\/p>\n<p><strong>Sh\u00ebrbimi informativ i Klubit t\u00eb Karates &#8220;Ulqini&#8221;<br \/>\n\n\t\t<style type=\"text\/css\">\n\t\t\t#gallery-1 {\n\t\t\t\tmargin: auto;\n\t\t\t}\n\t\t\t#gallery-1 .gallery-item {\n\t\t\t\tfloat: left;\n\t\t\t\tmargin-top: 10px;\n\t\t\t\ttext-align: center;\n\t\t\t\twidth: 33%;\n\t\t\t}\n\t\t\t#gallery-1 img {\n\t\t\t\tborder: 2px solid #cfcfcf;\n\t\t\t}\n\t\t\t#gallery-1 .gallery-caption {\n\t\t\t\tmargin-left: 0;\n\t\t\t}\n\t\t\t\/* see gallery_shortcode() in wp-includes\/media.php *\/\n\t\t<\/style>\n\t\t<div id='gallery-1' class='gallery galleryid-46886 gallery-columns-3 gallery-size-thumbnail'><dl class='gallery-item'>\n\t\t\t<dt class='gallery-icon landscape'>\n\t\t\t\t<a href='https:\/\/www.visit-ulcinj.com\/blog\/wp-content\/uploads\/2011\/05\/Perfaqesim-dinjitoz-i-Klubit-te-Karatese-Ulqini.1.jpg'><img width=\"150\" height=\"150\" src=\"https:\/\/www.visit-ulcinj.com\/blog\/wp-content\/uploads\/2011\/05\/Perfaqesim-dinjitoz-i-Klubit-te-Karatese-Ulqini.1-150x150.jpg\" class=\"attachment-thumbnail size-thumbnail\" alt=\"\" loading=\"lazy\" \/><\/a>\n\t\t\t<\/dt><\/dl><dl class='gallery-item'>\n\t\t\t<dt class='gallery-icon portrait'>\n\t\t\t\t<a href='https:\/\/www.visit-ulcinj.com\/blog\/wp-content\/uploads\/2011\/05\/Perfaqesim-dinjitoz-i-Klubit-te-Karatese-Ulqini.2.jpg'><img width=\"150\" height=\"150\" src=\"https:\/\/www.visit-ulcinj.com\/blog\/wp-content\/uploads\/2011\/05\/Perfaqesim-dinjitoz-i-Klubit-te-Karatese-Ulqini.2-150x150.jpg\" class=\"attachment-thumbnail size-thumbnail\" alt=\"\" loading=\"lazy\" \/><\/a>\n\t\t\t<\/dt><\/dl><dl class='gallery-item'>\n\t\t\t<dt class='gallery-icon portrait'>\n\t\t\t\t<a href='https:\/\/www.visit-ulcinj.com\/blog\/wp-content\/uploads\/2011\/05\/Perfaqesim-dinjitoz-i-Klubit-te-Karatese-Ulqini.3.jpg'><img width=\"150\" height=\"150\" src=\"https:\/\/www.visit-ulcinj.com\/blog\/wp-content\/uploads\/2011\/05\/Perfaqesim-dinjitoz-i-Klubit-te-Karatese-Ulqini.3-150x150.jpg\" class=\"attachment-thumbnail size-thumbnail\" alt=\"\" loading=\"lazy\" \/><\/a>\n\t\t\t<\/dt><\/dl><br style=\"clear: both\" \/><dl class='gallery-item'>\n\t\t\t<dt class='gallery-icon landscape'>\n\t\t\t\t<a href='https:\/\/www.visit-ulcinj.com\/blog\/wp-content\/uploads\/2011\/05\/Perfaqesim-dinjitoz-i-Klubit-te-Karatese-Ulqini.jpg'><img width=\"150\" height=\"150\" src=\"https:\/\/www.visit-ulcinj.com\/blog\/wp-content\/uploads\/2011\/05\/Perfaqesim-dinjitoz-i-Klubit-te-Karatese-Ulqini-150x150.jpg\" class=\"attachment-thumbnail size-thumbnail\" alt=\"\" loading=\"lazy\" \/><\/a>\n\t\t\t<\/dt><\/dl><dl class='gallery-item'>\n\t\t\t<dt class='gallery-icon landscape'>\n\t\t\t\t<a href='https:\/\/www.visit-ulcinj.com\/blog\/wp-content\/uploads\/2011\/05\/Perfaqesim-dinjitoz-i-Klubit-te-Karatese-Ulqini.4.jpg'><img width=\"150\" height=\"150\" src=\"https:\/\/www.visit-ulcinj.com\/blog\/wp-content\/uploads\/2011\/05\/Perfaqesim-dinjitoz-i-Klubit-te-Karatese-Ulqini.4-150x150.jpg\" class=\"attachment-thumbnail size-thumbnail\" alt=\"\" loading=\"lazy\" \/><\/a>\n\t\t\t<\/dt><\/dl>\n\t\t\t<br style='clear: both' \/>\n\t\t<\/div>\n<br \/>\n<\/strong><br \/>\n<!--YouTube Error: bad URL entered--><\/p>\n","protected":false},"excerpt":{"rendered":"<p>P\u00ebrfaq\u00ebsim\u00a0 dinjitoz i Klubit t\u00eb Karates\u00eb \u201cUlqini\u201d T\u00eb shtun\u00ebn, m\u00eb 21 maj 2011 n\u00eb Podgoric\u00eb u mbajt Turneu i par\u00eb tradicional i karates\u00eb \u201cMontenegro open 2011\u201d me rastin e Dit\u00ebs s\u00eb Pavar\u00ebsis\u00eb s\u00eb Malit t\u00eb Zi. N\u00eb k\u00ebt\u00eb turne mor\u00ebn pjes\u00eb 27 klube t\u00eb karates\u00eb me rreth 600 garues nga Bosna, Serbia, Kroacia dhe nga [&hellip;]<\/p>\n","protected":false},"author":1,"featured_media":0,"comment_status":"open","ping_status":"closed","sticky":false,"template":"","format":"standard","meta":{"spay_email":"","jetpack_publicize_message":"","jetpack_is_tweetstorm":false,"jetpack_publicize_feature_enabled":true},"categories":[3],"tags":[18296,14707],"jetpack_publicize_connections":[],"yoast_head":"<!-- This site is optimized with the Yoast SEO plugin v19.1 - https:\/\/yoast.com\/wordpress\/plugins\/seo\/ -->\n<title>Klubi i Karates\u00eb Ulqini u kuror\u00ebzua me 77 medalje   - Lajme nga Ulqini<\/title>\n<meta name=\"description\" content=\"P\u00ebrfaq\u00ebsim\u00a0 dinjitoz i Klubit t\u00eb Karates\u00eb \u201cUlqini\u201d T\u00eb shtun\u00ebn, m\u00eb 21 maj 2011 n\u00eb Podgoric\u00eb u mbajt Turneu i par\u00eb tradicional i karates\u00eb \u201cMontenegro open\" \/>\n<meta name=\"robots\" content=\"index, follow, max-snippet:-1, max-image-preview:large, max-video-preview:-1\" \/>\n<link rel=\"canonical\" href=\"https:\/\/www.visit-ulcinj.com\/blog\/2011\/05\/25\/klubi-i-karatese-ulqini-u-kurorezua-me-77-medalje\/\" \/>\n<meta property=\"og:locale\" content=\"en_US\" \/>\n<meta property=\"og:type\" content=\"article\" \/>\n<meta property=\"og:title\" content=\"Klubi i Karates\u00eb Ulqini u kuror\u00ebzua me 77 medalje   - Lajme nga Ulqini\" \/>\n<meta property=\"og:description\" content=\"P\u00ebrfaq\u00ebsim\u00a0 dinjitoz i Klubit t\u00eb Karates\u00eb \u201cUlqini\u201d T\u00eb shtun\u00ebn, m\u00eb 21 maj 2011 n\u00eb Podgoric\u00eb u mbajt Turneu i par\u00eb tradicional i karates\u00eb \u201cMontenegro open\" \/>\n<meta property=\"og:url\" content=\"https:\/\/www.visit-ulcinj.com\/blog\/2011\/05\/25\/klubi-i-karatese-ulqini-u-kurorezua-me-77-medalje\/\" \/>\n<meta property=\"og:site_name\" content=\"Lajme nga Ulqini\" \/>\n<meta property=\"article:published_time\" content=\"2011-05-25T11:45:03+00:00\" \/>\n<meta property=\"article:modified_time\" content=\"2011-05-25T11:45:41+00:00\" \/>\n<meta property=\"og:image\" content=\"https:\/\/www.visit-ulcinj.com\/blog\/wp-content\/uploads\/2011\/05\/Perfaqesim-dinjitoz-i-Klubit-te-Karatese-Ulqini.1-150x150.jpg\" \/>\n<meta name=\"twitter:label1\" content=\"Written by\" \/>\n\t<meta name=\"twitter:data1\" content=\"ulqini\" \/>\n\t<meta name=\"twitter:label2\" content=\"Est. reading time\" \/>\n\t<meta name=\"twitter:data2\" content=\"3 minutes\" \/>\n<script type=\"application\/ld+json\" class=\"yoast-schema-graph\">{\"@context\":\"https:\/\/schema.org\",\"@graph\":[{\"@type\":\"WebSite\",\"@id\":\"https:\/\/www.visit-ulcinj.com\/blog\/#website\",\"url\":\"https:\/\/www.visit-ulcinj.com\/blog\/\",\"name\":\"Lajme nga Ulqini\",\"description\":\"Lajme,Vijesti,Ulqini,Ulqin,Crna Gora,Mali i Zi\",\"potentialAction\":[{\"@type\":\"SearchAction\",\"target\":{\"@type\":\"EntryPoint\",\"urlTemplate\":\"https:\/\/www.visit-ulcinj.com\/blog\/?s={search_term_string}\"},\"query-input\":\"required name=search_term_string\"}],\"inLanguage\":\"en-US\"},{\"@type\":\"ImageObject\",\"inLanguage\":\"en-US\",\"@id\":\"https:\/\/www.visit-ulcinj.com\/blog\/2011\/05\/25\/klubi-i-karatese-ulqini-u-kurorezua-me-77-medalje\/#primaryimage\",\"url\":\"https:\/\/www.visit-ulcinj.com\/blog\/wp-content\/uploads\/2011\/05\/Perfaqesim-dinjitoz-i-Klubit-te-Karatese-Ulqini.jpg\",\"contentUrl\":\"https:\/\/www.visit-ulcinj.com\/blog\/wp-content\/uploads\/2011\/05\/Perfaqesim-dinjitoz-i-Klubit-te-Karatese-Ulqini.jpg\",\"width\":\"2592\",\"height\":\"1944\"},{\"@type\":\"WebPage\",\"@id\":\"https:\/\/www.visit-ulcinj.com\/blog\/2011\/05\/25\/klubi-i-karatese-ulqini-u-kurorezua-me-77-medalje\/#webpage\",\"url\":\"https:\/\/www.visit-ulcinj.com\/blog\/2011\/05\/25\/klubi-i-karatese-ulqini-u-kurorezua-me-77-medalje\/\",\"name\":\"Klubi i Karates\u00eb Ulqini u kuror\u00ebzua me 77 medalje - Lajme nga Ulqini\",\"isPartOf\":{\"@id\":\"https:\/\/www.visit-ulcinj.com\/blog\/#website\"},\"primaryImageOfPage\":{\"@id\":\"https:\/\/www.visit-ulcinj.com\/blog\/2011\/05\/25\/klubi-i-karatese-ulqini-u-kurorezua-me-77-medalje\/#primaryimage\"},\"datePublished\":\"2011-05-25T11:45:03+00:00\",\"dateModified\":\"2011-05-25T11:45:41+00:00\",\"author\":{\"@id\":\"https:\/\/www.visit-ulcinj.com\/blog\/#\/schema\/person\/dcab619c614d3038751c63bc2aadc06d\"},\"description\":\"P\u00ebrfaq\u00ebsim\u00a0 dinjitoz i Klubit t\u00eb Karates\u00eb \u201cUlqini\u201d T\u00eb shtun\u00ebn, m\u00eb 21 maj 2011 n\u00eb Podgoric\u00eb u mbajt Turneu i par\u00eb tradicional i karates\u00eb \u201cMontenegro open\",\"breadcrumb\":{\"@id\":\"https:\/\/www.visit-ulcinj.com\/blog\/2011\/05\/25\/klubi-i-karatese-ulqini-u-kurorezua-me-77-medalje\/#breadcrumb\"},\"inLanguage\":\"en-US\",\"potentialAction\":[{\"@type\":\"ReadAction\",\"target\":[\"https:\/\/www.visit-ulcinj.com\/blog\/2011\/05\/25\/klubi-i-karatese-ulqini-u-kurorezua-me-77-medalje\/\"]}]},{\"@type\":\"BreadcrumbList\",\"@id\":\"https:\/\/www.visit-ulcinj.com\/blog\/2011\/05\/25\/klubi-i-karatese-ulqini-u-kurorezua-me-77-medalje\/#breadcrumb\",\"itemListElement\":[{\"@type\":\"ListItem\",\"position\":1,\"name\":\"Klubi i Karates\u00eb Ulqini u kuror\u00ebzua me 77 medalje\"}]},{\"@type\":\"Person\",\"@id\":\"https:\/\/www.visit-ulcinj.com\/blog\/#\/schema\/person\/dcab619c614d3038751c63bc2aadc06d\",\"name\":\"ulqini\",\"sameAs\":[\"http:\/\/www.visit-ulcinj.com\"],\"url\":\"https:\/\/www.visit-ulcinj.com\/blog\/author\/admin\/\"}]}<\/script>\n<!-- \/ Yoast SEO plugin. -->","yoast_head_json":{"title":"Klubi i Karates\u00eb Ulqini u kuror\u00ebzua me 77 medalje   - Lajme nga Ulqini","description":"P\u00ebrfaq\u00ebsim\u00a0 dinjitoz i Klubit t\u00eb Karates\u00eb \u201cUlqini\u201d T\u00eb shtun\u00ebn, m\u00eb 21 maj 2011 n\u00eb Podgoric\u00eb u mbajt Turneu i par\u00eb tradicional i karates\u00eb \u201cMontenegro open","robots":{"index":"index","follow":"follow","max-snippet":"max-snippet:-1","max-image-preview":"max-image-preview:large","max-video-preview":"max-video-preview:-1"},"canonical":"https:\/\/www.visit-ulcinj.com\/blog\/2011\/05\/25\/klubi-i-karatese-ulqini-u-kurorezua-me-77-medalje\/","og_locale":"en_US","og_type":"article","og_title":"Klubi i Karates\u00eb Ulqini u kuror\u00ebzua me 77 medalje   - Lajme nga Ulqini","og_description":"P\u00ebrfaq\u00ebsim\u00a0 dinjitoz i Klubit t\u00eb Karates\u00eb \u201cUlqini\u201d T\u00eb shtun\u00ebn, m\u00eb 21 maj 2011 n\u00eb Podgoric\u00eb u mbajt Turneu i par\u00eb tradicional i karates\u00eb \u201cMontenegro open","og_url":"https:\/\/www.visit-ulcinj.com\/blog\/2011\/05\/25\/klubi-i-karatese-ulqini-u-kurorezua-me-77-medalje\/","og_site_name":"Lajme nga Ulqini","article_published_time":"2011-05-25T11:45:03+00:00","article_modified_time":"2011-05-25T11:45:41+00:00","og_image":[{"url":"https:\/\/www.visit-ulcinj.com\/blog\/wp-content\/uploads\/2011\/05\/Perfaqesim-dinjitoz-i-Klubit-te-Karatese-Ulqini.1-150x150.jpg"}],"twitter_misc":{"Written by":"ulqini","Est. reading time":"3 minutes"},"schema":{"@context":"https:\/\/schema.org","@graph":[{"@type":"WebSite","@id":"https:\/\/www.visit-ulcinj.com\/blog\/#website","url":"https:\/\/www.visit-ulcinj.com\/blog\/","name":"Lajme nga Ulqini","description":"Lajme,Vijesti,Ulqini,Ulqin,Crna Gora,Mali i Zi","potentialAction":[{"@type":"SearchAction","target":{"@type":"EntryPoint","urlTemplate":"https:\/\/www.visit-ulcinj.com\/blog\/?s={search_term_string}"},"query-input":"required name=search_term_string"}],"inLanguage":"en-US"},{"@type":"ImageObject","inLanguage":"en-US","@id":"https:\/\/www.visit-ulcinj.com\/blog\/2011\/05\/25\/klubi-i-karatese-ulqini-u-kurorezua-me-77-medalje\/#primaryimage","url":"https:\/\/www.visit-ulcinj.com\/blog\/wp-content\/uploads\/2011\/05\/Perfaqesim-dinjitoz-i-Klubit-te-Karatese-Ulqini.jpg","contentUrl":"https:\/\/www.visit-ulcinj.com\/blog\/wp-content\/uploads\/2011\/05\/Perfaqesim-dinjitoz-i-Klubit-te-Karatese-Ulqini.jpg","width":"2592","height":"1944"},{"@type":"WebPage","@id":"https:\/\/www.visit-ulcinj.com\/blog\/2011\/05\/25\/klubi-i-karatese-ulqini-u-kurorezua-me-77-medalje\/#webpage","url":"https:\/\/www.visit-ulcinj.com\/blog\/2011\/05\/25\/klubi-i-karatese-ulqini-u-kurorezua-me-77-medalje\/","name":"Klubi i Karates\u00eb Ulqini u kuror\u00ebzua me 77 medalje - Lajme nga Ulqini","isPartOf":{"@id":"https:\/\/www.visit-ulcinj.com\/blog\/#website"},"primaryImageOfPage":{"@id":"https:\/\/www.visit-ulcinj.com\/blog\/2011\/05\/25\/klubi-i-karatese-ulqini-u-kurorezua-me-77-medalje\/#primaryimage"},"datePublished":"2011-05-25T11:45:03+00:00","dateModified":"2011-05-25T11:45:41+00:00","author":{"@id":"https:\/\/www.visit-ulcinj.com\/blog\/#\/schema\/person\/dcab619c614d3038751c63bc2aadc06d"},"description":"P\u00ebrfaq\u00ebsim\u00a0 dinjitoz i Klubit t\u00eb Karates\u00eb \u201cUlqini\u201d T\u00eb shtun\u00ebn, m\u00eb 21 maj 2011 n\u00eb Podgoric\u00eb u mbajt Turneu i par\u00eb tradicional i karates\u00eb \u201cMontenegro open","breadcrumb":{"@id":"https:\/\/www.visit-ulcinj.com\/blog\/2011\/05\/25\/klubi-i-karatese-ulqini-u-kurorezua-me-77-medalje\/#breadcrumb"},"inLanguage":"en-US","potentialAction":[{"@type":"ReadAction","target":["https:\/\/www.visit-ulcinj.com\/blog\/2011\/05\/25\/klubi-i-karatese-ulqini-u-kurorezua-me-77-medalje\/"]}]},{"@type":"BreadcrumbList","@id":"https:\/\/www.visit-ulcinj.com\/blog\/2011\/05\/25\/klubi-i-karatese-ulqini-u-kurorezua-me-77-medalje\/#breadcrumb","itemListElement":[{"@type":"ListItem","position":1,"name":"Klubi i Karates\u00eb Ulqini u kuror\u00ebzua me 77 medalje"}]},{"@type":"Person","@id":"https:\/\/www.visit-ulcinj.com\/blog\/#\/schema\/person\/dcab619c614d3038751c63bc2aadc06d","name":"ulqini","sameAs":["http:\/\/www.visit-ulcinj.com"],"url":"https:\/\/www.visit-ulcinj.com\/blog\/author\/admin\/"}]}},"jetpack_featured_media_url":"","jetpack_sharing_enabled":true,"jetpack_shortlink":"https:\/\/wp.me\/pe6lTn-cce","_links":{"self":[{"href":"https:\/\/www.visit-ulcinj.com\/blog\/wp-json\/wp\/v2\/posts\/46886"}],"collection":[{"href":"https:\/\/www.visit-ulcinj.com\/blog\/wp-json\/wp\/v2\/posts"}],"about":[{"href":"https:\/\/www.visit-ulcinj.com\/blog\/wp-json\/wp\/v2\/types\/post"}],"author":[{"embeddable":true,"href":"https:\/\/www.visit-ulcinj.com\/blog\/wp-json\/wp\/v2\/users\/1"}],"replies":[{"embeddable":true,"href":"https:\/\/www.visit-ulcinj.com\/blog\/wp-json\/wp\/v2\/comments?post=46886"}],"version-history":[{"count":0,"href":"https:\/\/www.visit-ulcinj.com\/blog\/wp-json\/wp\/v2\/posts\/46886\/revisions"}],"wp:attachment":[{"href":"https:\/\/www.visit-ulcinj.com\/blog\/wp-json\/wp\/v2\/media?parent=46886"}],"wp:term":[{"taxonomy":"category","embeddable":true,"href":"https:\/\/www.visit-ulcinj.com\/blog\/wp-json\/wp\/v2\/categories?post=46886"},{"taxonomy":"post_tag","embeddable":true,"href":"https:\/\/www.visit-ulcinj.com\/blog\/wp-json\/wp\/v2\/tags?post=46886"}],"curies":[{"name":"wp","href":"https:\/\/api.w.org\/{rel}","templated":true}]}}