{"id":46913,"date":"2011-05-26T10:29:15","date_gmt":"2011-05-26T09:29:15","guid":{"rendered":"http:\/\/www.visit-ulcinj.com\/blog\/?p=46913"},"modified":"2011-05-26T10:36:01","modified_gmt":"2011-05-26T09:36:01","slug":"demarkacioni-me-malin-e-zi-perfundon-deri-ne-fund-te-vitit","status":"publish","type":"post","link":"https:\/\/www.visit-ulcinj.com\/blog\/2011\/05\/26\/demarkacioni-me-malin-e-zi-perfundon-deri-ne-fund-te-vitit\/","title":{"rendered":"Demarkacioni me Malin e Zi p\u00ebrfundon deri n\u00eb fund t\u00eb vitit"},"content":{"rendered":"<p><strong><a href=\"http:\/\/www.visit-ulcinj.com\/blog\/wp-content\/uploads\/2011\/05\/Hajredin-Kuqi_Dusko-Markovic.jpg\"><img loading=\"lazy\" class=\"alignleft size-full wp-image-46915\" title=\"Hajredin Kuqi_Dusko Markovic\" src=\"http:\/\/www.visit-ulcinj.com\/blog\/wp-content\/uploads\/2011\/05\/Hajredin-Kuqi_Dusko-Markovic.jpg\" alt=\"\" width=\"508\" height=\"340\" \/><\/a>Z\u00ebvend\u00ebskryeministri, nj\u00ebher\u00ebsh minist\u00ebr i Drejt\u00ebsis\u00eb, Hajredin Ku\u00e7i gjat\u00eb q\u00ebndrimit n\u00eb Mal t\u00eb Zi ra dakord me homologun e tij, Dushko Markovic q\u00eb deri n\u00eb fund t\u00eb k\u00ebtij viti, Kosova dhe Mali i Zi t\u2019i n\u00ebnshkruajn\u00eb tri marr\u00ebveshje, at\u00eb p\u00ebr ekstradim, transferim t\u00eb personave t\u00eb d\u00ebnuar dhe bashk\u00ebpunim gjyq\u00ebsor n\u00eb \u00e7\u00ebshtje penale.<\/strong><\/p>\n<p>N\u00eb njoftimin p\u00ebr media thuhet se u bisedua edhe p\u00ebr demarkacionin e kufirit Kosov\u00eb\u2013 Mali i Zi, i cili do t\u00eb p\u00ebrfundoj\u00eb po ashtu deri n\u00eb fund t\u00eb vitit.<\/p>\n<p>Tem\u00eb tjet\u00ebr e k\u00ebtij takimi ishte rregullimi i \u00e7\u00ebshtjes s\u00eb pakic\u00ebs malazeze n\u00eb Kosov\u00eb, ku z\u00ebvend\u00ebskryeministri Ku\u00e7i e siguroj\u00eb homologun e tij, Markovic, se pakica malazeze do t\u00eb ket\u00eb trajtim t\u00eb nj\u00ebjt\u00eb si t\u00eb gjith\u00eb shtetasit e tjer\u00eb t\u00eb Kosov\u00ebs.<\/p>\n<p>Ku\u00e7i u takua edhe me kryetaren e Gjykat\u00ebs Supreme t\u00eb Malit t\u00eb Zi, Vesna Medenica. N\u00eb k\u00ebt\u00eb takim mor\u00ebn pjes\u00eb edhe kryetari i K\u00ebshillit Prokurorial, nj\u00ebher\u00ebsh kryeprokuror i Kosov\u00ebs, Ismet Kabashi, kryetari i K\u00ebshillit Gjyq\u00ebsor t\u00eb Kosov\u00ebs, Enver Peci dhe kryetari i Gjykat\u00ebs Supreme t\u00eb Kosov\u00ebs, Fejzullah Hasani.<\/p>\n<p><strong>Telegrafi<\/strong><\/p>\n","protected":false},"excerpt":{"rendered":"<p>Z\u00ebvend\u00ebskryeministri, nj\u00ebher\u00ebsh minist\u00ebr i Drejt\u00ebsis\u00eb, Hajredin Ku\u00e7i gjat\u00eb q\u00ebndrimit n\u00eb Mal t\u00eb Zi ra dakord me homologun e tij, Dushko Markovic q\u00eb deri n\u00eb fund t\u00eb k\u00ebtij viti, Kosova dhe Mali i Zi t\u2019i n\u00ebnshkruajn\u00eb tri marr\u00ebveshje, at\u00eb p\u00ebr ekstradim, transferim t\u00eb personave t\u00eb d\u00ebnuar dhe bashk\u00ebpunim gjyq\u00ebsor n\u00eb \u00e7\u00ebshtje penale. N\u00eb njoftimin p\u00ebr media [&hellip;]<\/p>\n","protected":false},"author":1,"featured_media":0,"comment_status":"open","ping_status":"closed","sticky":false,"template":"","format":"standard","meta":{"spay_email":"","jetpack_publicize_message":"","jetpack_is_tweetstorm":false,"jetpack_publicize_feature_enabled":true},"categories":[14],"tags":[18299,18298],"jetpack_publicize_connections":[],"yoast_head":"<!-- This site is optimized with the Yoast SEO plugin v19.1 - https:\/\/yoast.com\/wordpress\/plugins\/seo\/ -->\n<title>Demarkacioni me Malin e Zi p\u00ebrfundon deri n\u00eb fund t\u00eb vitit - Lajme nga Ulqini<\/title>\n<meta name=\"description\" content=\"Z\u00ebvend\u00ebskryeministri, nj\u00ebher\u00ebsh minist\u00ebr i Drejt\u00ebsis\u00eb, Hajredin Ku\u00e7i gjat\u00eb q\u00ebndrimit n\u00eb Mal t\u00eb Zi ra dakord me homologun e tij, Dushko Markovic q\u00eb deri n\u00eb\" \/>\n<meta name=\"robots\" content=\"index, follow, max-snippet:-1, max-image-preview:large, max-video-preview:-1\" \/>\n<link rel=\"canonical\" href=\"https:\/\/www.visit-ulcinj.com\/blog\/2011\/05\/26\/demarkacioni-me-malin-e-zi-perfundon-deri-ne-fund-te-vitit\/\" \/>\n<meta property=\"og:locale\" content=\"en_US\" \/>\n<meta property=\"og:type\" content=\"article\" \/>\n<meta property=\"og:title\" content=\"Demarkacioni me Malin e Zi p\u00ebrfundon deri n\u00eb fund t\u00eb vitit - Lajme nga Ulqini\" \/>\n<meta property=\"og:description\" content=\"Z\u00ebvend\u00ebskryeministri, nj\u00ebher\u00ebsh minist\u00ebr i Drejt\u00ebsis\u00eb, Hajredin Ku\u00e7i gjat\u00eb q\u00ebndrimit n\u00eb Mal t\u00eb Zi ra dakord me homologun e tij, Dushko Markovic q\u00eb deri n\u00eb\" \/>\n<meta property=\"og:url\" content=\"https:\/\/www.visit-ulcinj.com\/blog\/2011\/05\/26\/demarkacioni-me-malin-e-zi-perfundon-deri-ne-fund-te-vitit\/\" \/>\n<meta property=\"og:site_name\" content=\"Lajme nga Ulqini\" \/>\n<meta property=\"article:published_time\" content=\"2011-05-26T09:29:15+00:00\" \/>\n<meta property=\"article:modified_time\" content=\"2011-05-26T09:36:01+00:00\" \/>\n<meta property=\"og:image\" content=\"http:\/\/www.visit-ulcinj.com\/blog\/wp-content\/uploads\/2011\/05\/Hajredin-Kuqi_Dusko-Markovic.jpg\" \/>\n<meta name=\"twitter:label1\" content=\"Written by\" \/>\n\t<meta name=\"twitter:data1\" content=\"ulqini\" \/>\n\t<meta name=\"twitter:label2\" content=\"Est. reading time\" \/>\n\t<meta name=\"twitter:data2\" content=\"1 minute\" \/>\n<script type=\"application\/ld+json\" class=\"yoast-schema-graph\">{\"@context\":\"https:\/\/schema.org\",\"@graph\":[{\"@type\":\"WebSite\",\"@id\":\"https:\/\/www.visit-ulcinj.com\/blog\/#website\",\"url\":\"https:\/\/www.visit-ulcinj.com\/blog\/\",\"name\":\"Lajme nga Ulqini\",\"description\":\"Lajme,Vijesti,Ulqini,Ulqin,Crna Gora,Mali i Zi\",\"potentialAction\":[{\"@type\":\"SearchAction\",\"target\":{\"@type\":\"EntryPoint\",\"urlTemplate\":\"https:\/\/www.visit-ulcinj.com\/blog\/?s={search_term_string}\"},\"query-input\":\"required name=search_term_string\"}],\"inLanguage\":\"en-US\"},{\"@type\":\"ImageObject\",\"inLanguage\":\"en-US\",\"@id\":\"https:\/\/www.visit-ulcinj.com\/blog\/2011\/05\/26\/demarkacioni-me-malin-e-zi-perfundon-deri-ne-fund-te-vitit\/#primaryimage\",\"url\":\"https:\/\/www.visit-ulcinj.com\/blog\/wp-content\/uploads\/2011\/05\/Hajredin-Kuqi_Dusko-Markovic.jpg\",\"contentUrl\":\"https:\/\/www.visit-ulcinj.com\/blog\/wp-content\/uploads\/2011\/05\/Hajredin-Kuqi_Dusko-Markovic.jpg\",\"width\":\"470\",\"height\":\"309\"},{\"@type\":\"WebPage\",\"@id\":\"https:\/\/www.visit-ulcinj.com\/blog\/2011\/05\/26\/demarkacioni-me-malin-e-zi-perfundon-deri-ne-fund-te-vitit\/#webpage\",\"url\":\"https:\/\/www.visit-ulcinj.com\/blog\/2011\/05\/26\/demarkacioni-me-malin-e-zi-perfundon-deri-ne-fund-te-vitit\/\",\"name\":\"Demarkacioni me Malin e Zi p\u00ebrfundon deri n\u00eb fund t\u00eb vitit - Lajme nga Ulqini\",\"isPartOf\":{\"@id\":\"https:\/\/www.visit-ulcinj.com\/blog\/#website\"},\"primaryImageOfPage\":{\"@id\":\"https:\/\/www.visit-ulcinj.com\/blog\/2011\/05\/26\/demarkacioni-me-malin-e-zi-perfundon-deri-ne-fund-te-vitit\/#primaryimage\"},\"datePublished\":\"2011-05-26T09:29:15+00:00\",\"dateModified\":\"2011-05-26T09:36:01+00:00\",\"author\":{\"@id\":\"https:\/\/www.visit-ulcinj.com\/blog\/#\/schema\/person\/dcab619c614d3038751c63bc2aadc06d\"},\"description\":\"Z\u00ebvend\u00ebskryeministri, nj\u00ebher\u00ebsh minist\u00ebr i Drejt\u00ebsis\u00eb, Hajredin Ku\u00e7i gjat\u00eb q\u00ebndrimit n\u00eb Mal t\u00eb Zi ra dakord me homologun e tij, Dushko Markovic q\u00eb deri n\u00eb\",\"breadcrumb\":{\"@id\":\"https:\/\/www.visit-ulcinj.com\/blog\/2011\/05\/26\/demarkacioni-me-malin-e-zi-perfundon-deri-ne-fund-te-vitit\/#breadcrumb\"},\"inLanguage\":\"en-US\",\"potentialAction\":[{\"@type\":\"ReadAction\",\"target\":[\"https:\/\/www.visit-ulcinj.com\/blog\/2011\/05\/26\/demarkacioni-me-malin-e-zi-perfundon-deri-ne-fund-te-vitit\/\"]}]},{\"@type\":\"BreadcrumbList\",\"@id\":\"https:\/\/www.visit-ulcinj.com\/blog\/2011\/05\/26\/demarkacioni-me-malin-e-zi-perfundon-deri-ne-fund-te-vitit\/#breadcrumb\",\"itemListElement\":[{\"@type\":\"ListItem\",\"position\":1,\"name\":\"Demarkacioni me Malin e Zi p\u00ebrfundon deri n\u00eb fund t\u00eb vitit\"}]},{\"@type\":\"Person\",\"@id\":\"https:\/\/www.visit-ulcinj.com\/blog\/#\/schema\/person\/dcab619c614d3038751c63bc2aadc06d\",\"name\":\"ulqini\",\"sameAs\":[\"http:\/\/www.visit-ulcinj.com\"],\"url\":\"https:\/\/www.visit-ulcinj.com\/blog\/author\/admin\/\"}]}<\/script>\n<!-- \/ Yoast SEO plugin. -->","yoast_head_json":{"title":"Demarkacioni me Malin e Zi p\u00ebrfundon deri n\u00eb fund t\u00eb vitit - Lajme nga Ulqini","description":"Z\u00ebvend\u00ebskryeministri, nj\u00ebher\u00ebsh minist\u00ebr i Drejt\u00ebsis\u00eb, Hajredin Ku\u00e7i gjat\u00eb q\u00ebndrimit n\u00eb Mal t\u00eb Zi ra dakord me homologun e tij, Dushko Markovic q\u00eb deri n\u00eb","robots":{"index":"index","follow":"follow","max-snippet":"max-snippet:-1","max-image-preview":"max-image-preview:large","max-video-preview":"max-video-preview:-1"},"canonical":"https:\/\/www.visit-ulcinj.com\/blog\/2011\/05\/26\/demarkacioni-me-malin-e-zi-perfundon-deri-ne-fund-te-vitit\/","og_locale":"en_US","og_type":"article","og_title":"Demarkacioni me Malin e Zi p\u00ebrfundon deri n\u00eb fund t\u00eb vitit - Lajme nga Ulqini","og_description":"Z\u00ebvend\u00ebskryeministri, nj\u00ebher\u00ebsh minist\u00ebr i Drejt\u00ebsis\u00eb, Hajredin Ku\u00e7i gjat\u00eb q\u00ebndrimit n\u00eb Mal t\u00eb Zi ra dakord me homologun e tij, Dushko Markovic q\u00eb deri n\u00eb","og_url":"https:\/\/www.visit-ulcinj.com\/blog\/2011\/05\/26\/demarkacioni-me-malin-e-zi-perfundon-deri-ne-fund-te-vitit\/","og_site_name":"Lajme nga Ulqini","article_published_time":"2011-05-26T09:29:15+00:00","article_modified_time":"2011-05-26T09:36:01+00:00","og_image":[{"url":"http:\/\/www.visit-ulcinj.com\/blog\/wp-content\/uploads\/2011\/05\/Hajredin-Kuqi_Dusko-Markovic.jpg"}],"twitter_misc":{"Written by":"ulqini","Est. reading time":"1 minute"},"schema":{"@context":"https:\/\/schema.org","@graph":[{"@type":"WebSite","@id":"https:\/\/www.visit-ulcinj.com\/blog\/#website","url":"https:\/\/www.visit-ulcinj.com\/blog\/","name":"Lajme nga Ulqini","description":"Lajme,Vijesti,Ulqini,Ulqin,Crna Gora,Mali i Zi","potentialAction":[{"@type":"SearchAction","target":{"@type":"EntryPoint","urlTemplate":"https:\/\/www.visit-ulcinj.com\/blog\/?s={search_term_string}"},"query-input":"required name=search_term_string"}],"inLanguage":"en-US"},{"@type":"ImageObject","inLanguage":"en-US","@id":"https:\/\/www.visit-ulcinj.com\/blog\/2011\/05\/26\/demarkacioni-me-malin-e-zi-perfundon-deri-ne-fund-te-vitit\/#primaryimage","url":"https:\/\/www.visit-ulcinj.com\/blog\/wp-content\/uploads\/2011\/05\/Hajredin-Kuqi_Dusko-Markovic.jpg","contentUrl":"https:\/\/www.visit-ulcinj.com\/blog\/wp-content\/uploads\/2011\/05\/Hajredin-Kuqi_Dusko-Markovic.jpg","width":"470","height":"309"},{"@type":"WebPage","@id":"https:\/\/www.visit-ulcinj.com\/blog\/2011\/05\/26\/demarkacioni-me-malin-e-zi-perfundon-deri-ne-fund-te-vitit\/#webpage","url":"https:\/\/www.visit-ulcinj.com\/blog\/2011\/05\/26\/demarkacioni-me-malin-e-zi-perfundon-deri-ne-fund-te-vitit\/","name":"Demarkacioni me Malin e Zi p\u00ebrfundon deri n\u00eb fund t\u00eb vitit - Lajme nga Ulqini","isPartOf":{"@id":"https:\/\/www.visit-ulcinj.com\/blog\/#website"},"primaryImageOfPage":{"@id":"https:\/\/www.visit-ulcinj.com\/blog\/2011\/05\/26\/demarkacioni-me-malin-e-zi-perfundon-deri-ne-fund-te-vitit\/#primaryimage"},"datePublished":"2011-05-26T09:29:15+00:00","dateModified":"2011-05-26T09:36:01+00:00","author":{"@id":"https:\/\/www.visit-ulcinj.com\/blog\/#\/schema\/person\/dcab619c614d3038751c63bc2aadc06d"},"description":"Z\u00ebvend\u00ebskryeministri, nj\u00ebher\u00ebsh minist\u00ebr i Drejt\u00ebsis\u00eb, Hajredin Ku\u00e7i gjat\u00eb q\u00ebndrimit n\u00eb Mal t\u00eb Zi ra dakord me homologun e tij, Dushko Markovic q\u00eb deri n\u00eb","breadcrumb":{"@id":"https:\/\/www.visit-ulcinj.com\/blog\/2011\/05\/26\/demarkacioni-me-malin-e-zi-perfundon-deri-ne-fund-te-vitit\/#breadcrumb"},"inLanguage":"en-US","potentialAction":[{"@type":"ReadAction","target":["https:\/\/www.visit-ulcinj.com\/blog\/2011\/05\/26\/demarkacioni-me-malin-e-zi-perfundon-deri-ne-fund-te-vitit\/"]}]},{"@type":"BreadcrumbList","@id":"https:\/\/www.visit-ulcinj.com\/blog\/2011\/05\/26\/demarkacioni-me-malin-e-zi-perfundon-deri-ne-fund-te-vitit\/#breadcrumb","itemListElement":[{"@type":"ListItem","position":1,"name":"Demarkacioni me Malin e Zi p\u00ebrfundon deri n\u00eb fund t\u00eb vitit"}]},{"@type":"Person","@id":"https:\/\/www.visit-ulcinj.com\/blog\/#\/schema\/person\/dcab619c614d3038751c63bc2aadc06d","name":"ulqini","sameAs":["http:\/\/www.visit-ulcinj.com"],"url":"https:\/\/www.visit-ulcinj.com\/blog\/author\/admin\/"}]}},"jetpack_featured_media_url":"","jetpack_sharing_enabled":true,"jetpack_shortlink":"https:\/\/wp.me\/pe6lTn-ccF","_links":{"self":[{"href":"https:\/\/www.visit-ulcinj.com\/blog\/wp-json\/wp\/v2\/posts\/46913"}],"collection":[{"href":"https:\/\/www.visit-ulcinj.com\/blog\/wp-json\/wp\/v2\/posts"}],"about":[{"href":"https:\/\/www.visit-ulcinj.com\/blog\/wp-json\/wp\/v2\/types\/post"}],"author":[{"embeddable":true,"href":"https:\/\/www.visit-ulcinj.com\/blog\/wp-json\/wp\/v2\/users\/1"}],"replies":[{"embeddable":true,"href":"https:\/\/www.visit-ulcinj.com\/blog\/wp-json\/wp\/v2\/comments?post=46913"}],"version-history":[{"count":0,"href":"https:\/\/www.visit-ulcinj.com\/blog\/wp-json\/wp\/v2\/posts\/46913\/revisions"}],"wp:attachment":[{"href":"https:\/\/www.visit-ulcinj.com\/blog\/wp-json\/wp\/v2\/media?parent=46913"}],"wp:term":[{"taxonomy":"category","embeddable":true,"href":"https:\/\/www.visit-ulcinj.com\/blog\/wp-json\/wp\/v2\/categories?post=46913"},{"taxonomy":"post_tag","embeddable":true,"href":"https:\/\/www.visit-ulcinj.com\/blog\/wp-json\/wp\/v2\/tags?post=46913"}],"curies":[{"name":"wp","href":"https:\/\/api.w.org\/{rel}","templated":true}]}}