{"id":46921,"date":"2011-05-26T11:21:33","date_gmt":"2011-05-26T10:21:33","guid":{"rendered":"http:\/\/www.visit-ulcinj.com\/blog\/?p=46921"},"modified":"2011-05-26T19:08:53","modified_gmt":"2011-05-26T18:08:53","slug":"amir-hollaj-ishte-i-pranishem-konferencen-e-bill-klintonit","status":"publish","type":"post","link":"https:\/\/www.visit-ulcinj.com\/blog\/2011\/05\/26\/amir-hollaj-ishte-i-pranishem-konferencen-e-bill-klintonit\/","title":{"rendered":"Amir Hollaj ishte i pranish\u00ebm konferenc\u00ebn e Bill Klintonit"},"content":{"rendered":"<p><a href=\"http:\/\/www.visit-ulcinj.com\/blog\/wp-content\/uploads\/2011\/05\/Amir-Hollaj-ishte-i-pranishem-konferencen-e-Bill-Klintonit_Balkan-Networking_Budva.jpg\"><img loading=\"lazy\" class=\"alignleft size-full wp-image-46927\" title=\"Amir Hollaj ishte i pranishem konferencen e Bill Klintonit_Balkan Networking_Budva\" src=\"http:\/\/www.visit-ulcinj.com\/blog\/wp-content\/uploads\/2011\/05\/Amir-Hollaj-ishte-i-pranishem-konferencen-e-Bill-Klintonit_Balkan-Networking_Budva.jpg\" alt=\"\" width=\"508\" height=\"380\" \/><\/a>Deputeti i Koalicionit shqiptar \u201cPerspektiva\u201d, Amir Hollaj, dy dit\u00eb para se jep\u00eb dor\u00ebheqjen nga funksioni i deputetit ,qendroi ne Budve duke ndjek konferenc\u00ebn e Bill Klintonit \u201cBalkan Networking\u201d,.<br \/>\nN\u00eb konferenc\u00ebn \u201cBalkan Networking\u201d,q\u00eb u\u00a0 zhvillua n\u00eb Budva nga fondacioni ATLAS,t\u00eb pranish\u00ebm ishin \u00a0edhe\u00a0 ministri i Mjedisit t\u00eb Shqiperis, Fatmir Mediu, me ftes\u00eb t\u00eb kryeministrit malazez,sikurse dhe dy ish-krer\u00ebt e shtetit Rexhep Mejdani\u00a0<em><\/em> dhe Alfred Moisiu.<\/p>\n<p>N\u00eb mbledhjen e \u00a0dit\u00ebs \u00a0se mart\u00eb po ashtu \u00ebsht\u00eb njoftuar se deputeti i koalicionit shqiptar\u00eb PERSPEKTIVA ,Amir Hollaj ka dh\u00ebn\u00eb dor\u00ebheqje , kurse sipas marr\u00ebveshjes brenda koalicionit at\u00eb do t\u00eb duhej ta z\u00ebvend\u00ebsoj\u00eb lideri i inisitiv\u00ebs qytetare Vasel Sinishtaj. Hollaj, ka kryer edhe funksionin e shefit t\u00eb Klubit t\u00eb posa formuar t\u00eb deputet\u00ebve t\u00eb partive shqiptare n\u00eb Kuvendin e Malit t\u00eb Zi.<br \/>\n<a href=\"http:\/\/www.facebook.com\/profile.php?id=100000183657577\" target=\"_blank\"><strong>Fotografijat jan t\u00eb marura nga Amir Hollaj Facebook<\/strong><\/a><\/p>\n<p><strong>H.B<\/strong><br \/>\n<strong>Lajme nga Ulqini<\/strong><br \/>\n\n\t\t<style type=\"text\/css\">\n\t\t\t#gallery-1 {\n\t\t\t\tmargin: auto;\n\t\t\t}\n\t\t\t#gallery-1 .gallery-item {\n\t\t\t\tfloat: left;\n\t\t\t\tmargin-top: 10px;\n\t\t\t\ttext-align: center;\n\t\t\t\twidth: 33%;\n\t\t\t}\n\t\t\t#gallery-1 img {\n\t\t\t\tborder: 2px solid #cfcfcf;\n\t\t\t}\n\t\t\t#gallery-1 .gallery-caption {\n\t\t\t\tmargin-left: 0;\n\t\t\t}\n\t\t\t\/* see gallery_shortcode() in wp-includes\/media.php *\/\n\t\t<\/style>\n\t\t<div id='gallery-1' class='gallery galleryid-46921 gallery-columns-3 gallery-size-thumbnail'><dl class='gallery-item'>\n\t\t\t<dt class='gallery-icon landscape'>\n\t\t\t\t<a href='https:\/\/www.visit-ulcinj.com\/blog\/wp-content\/uploads\/2011\/05\/Amir-Hollaj-ishte-i-pranishem-konferencen-e-Bill-Klintonit_Balkan-Networking_Budva.1.jpg'><img width=\"150\" height=\"150\" src=\"https:\/\/www.visit-ulcinj.com\/blog\/wp-content\/uploads\/2011\/05\/Amir-Hollaj-ishte-i-pranishem-konferencen-e-Bill-Klintonit_Balkan-Networking_Budva.1-150x150.jpg\" class=\"attachment-thumbnail size-thumbnail\" alt=\"\" loading=\"lazy\" \/><\/a>\n\t\t\t<\/dt><\/dl><dl class='gallery-item'>\n\t\t\t<dt class='gallery-icon landscape'>\n\t\t\t\t<a href='https:\/\/www.visit-ulcinj.com\/blog\/wp-content\/uploads\/2011\/05\/Amir-Hollaj-ishte-i-pranishem-konferencen-e-Bill-Klintonit_Balkan-Networking_Budva.2.jpg'><img width=\"150\" height=\"150\" src=\"https:\/\/www.visit-ulcinj.com\/blog\/wp-content\/uploads\/2011\/05\/Amir-Hollaj-ishte-i-pranishem-konferencen-e-Bill-Klintonit_Balkan-Networking_Budva.2-150x150.jpg\" class=\"attachment-thumbnail size-thumbnail\" alt=\"\" loading=\"lazy\" \/><\/a>\n\t\t\t<\/dt><\/dl><dl class='gallery-item'>\n\t\t\t<dt class='gallery-icon landscape'>\n\t\t\t\t<a href='https:\/\/www.visit-ulcinj.com\/blog\/wp-content\/uploads\/2011\/05\/Amir-Hollaj-ishte-i-pranishem-konferencen-e-Bill-Klintonit_Balkan-Networking_Budva.3.jpg'><img width=\"150\" height=\"150\" src=\"https:\/\/www.visit-ulcinj.com\/blog\/wp-content\/uploads\/2011\/05\/Amir-Hollaj-ishte-i-pranishem-konferencen-e-Bill-Klintonit_Balkan-Networking_Budva.3-150x150.jpg\" class=\"attachment-thumbnail size-thumbnail\" alt=\"\" loading=\"lazy\" \/><\/a>\n\t\t\t<\/dt><\/dl><br style=\"clear: both\" \/><dl class='gallery-item'>\n\t\t\t<dt class='gallery-icon landscape'>\n\t\t\t\t<a href='https:\/\/www.visit-ulcinj.com\/blog\/wp-content\/uploads\/2011\/05\/Amir-Hollaj-ishte-i-pranishem-konferencen-e-Bill-Klintonit_Balkan-Networking_Budva.4.jpg'><img width=\"150\" height=\"150\" src=\"https:\/\/www.visit-ulcinj.com\/blog\/wp-content\/uploads\/2011\/05\/Amir-Hollaj-ishte-i-pranishem-konferencen-e-Bill-Klintonit_Balkan-Networking_Budva.4-150x150.jpg\" class=\"attachment-thumbnail size-thumbnail\" alt=\"\" loading=\"lazy\" \/><\/a>\n\t\t\t<\/dt><\/dl><dl class='gallery-item'>\n\t\t\t<dt class='gallery-icon landscape'>\n\t\t\t\t<a href='https:\/\/www.visit-ulcinj.com\/blog\/wp-content\/uploads\/2011\/05\/Amir-Hollaj-ishte-i-pranishem-konferencen-e-Bill-Klintonit_Balkan-Networking_Budva.5.jpg'><img width=\"150\" height=\"150\" src=\"https:\/\/www.visit-ulcinj.com\/blog\/wp-content\/uploads\/2011\/05\/Amir-Hollaj-ishte-i-pranishem-konferencen-e-Bill-Klintonit_Balkan-Networking_Budva.5-150x150.jpg\" class=\"attachment-thumbnail size-thumbnail\" alt=\"\" loading=\"lazy\" \/><\/a>\n\t\t\t<\/dt><\/dl><dl class='gallery-item'>\n\t\t\t<dt class='gallery-icon landscape'>\n\t\t\t\t<a href='https:\/\/www.visit-ulcinj.com\/blog\/wp-content\/uploads\/2011\/05\/Amir-Hollaj-ishte-i-pranishem-konferencen-e-Bill-Klintonit_Balkan-Networking_Budva.jpg'><img width=\"150\" height=\"150\" src=\"https:\/\/www.visit-ulcinj.com\/blog\/wp-content\/uploads\/2011\/05\/Amir-Hollaj-ishte-i-pranishem-konferencen-e-Bill-Klintonit_Balkan-Networking_Budva-150x150.jpg\" class=\"attachment-thumbnail size-thumbnail\" alt=\"\" loading=\"lazy\" \/><\/a>\n\t\t\t<\/dt><\/dl><br style=\"clear: both\" \/>\n\t\t<\/div>\n<br \/>\n<!--YouTube Error: bad URL entered--><\/p>\n","protected":false},"excerpt":{"rendered":"<p>Deputeti i Koalicionit shqiptar \u201cPerspektiva\u201d, Amir Hollaj, dy dit\u00eb para se jep\u00eb dor\u00ebheqjen nga funksioni i deputetit ,qendroi ne Budve duke ndjek konferenc\u00ebn e Bill Klintonit \u201cBalkan Networking\u201d,. N\u00eb konferenc\u00ebn \u201cBalkan Networking\u201d,q\u00eb u\u00a0 zhvillua n\u00eb Budva nga fondacioni ATLAS,t\u00eb pranish\u00ebm ishin \u00a0edhe\u00a0 ministri i Mjedisit t\u00eb Shqiperis, Fatmir Mediu, me ftes\u00eb t\u00eb kryeministrit malazez,sikurse dhe [&hellip;]<\/p>\n","protected":false},"author":1,"featured_media":0,"comment_status":"open","ping_status":"closed","sticky":false,"template":"","format":"standard","meta":{"spay_email":"","jetpack_publicize_message":"","jetpack_is_tweetstorm":false,"jetpack_publicize_feature_enabled":true},"categories":[13],"tags":[9845,1303,6250,21,13461,18300,200,348,18301],"jetpack_publicize_connections":[],"yoast_head":"<!-- This site is optimized with the Yoast SEO plugin v19.1 - https:\/\/yoast.com\/wordpress\/plugins\/seo\/ -->\n<title>Amir Hollaj ishte i pranish\u00ebm konferenc\u00ebn e Bill Klintonit - Lajme nga Ulqini<\/title>\n<meta name=\"description\" content=\"Deputeti i Koalicionit shqiptar \u201cPerspektiva\u201d, Amir Hollaj, dy dit\u00eb para se jep\u00eb dor\u00ebheqjen nga funksioni i deputetit ,qendroi ne Budve duke ndjek\" \/>\n<meta name=\"robots\" content=\"index, follow, max-snippet:-1, max-image-preview:large, max-video-preview:-1\" \/>\n<link rel=\"canonical\" href=\"https:\/\/www.visit-ulcinj.com\/blog\/2011\/05\/26\/amir-hollaj-ishte-i-pranishem-konferencen-e-bill-klintonit\/\" \/>\n<meta property=\"og:locale\" content=\"en_US\" \/>\n<meta property=\"og:type\" content=\"article\" \/>\n<meta property=\"og:title\" content=\"Amir Hollaj ishte i pranish\u00ebm konferenc\u00ebn e Bill Klintonit - Lajme nga Ulqini\" \/>\n<meta property=\"og:description\" content=\"Deputeti i Koalicionit shqiptar \u201cPerspektiva\u201d, Amir Hollaj, dy dit\u00eb para se jep\u00eb dor\u00ebheqjen nga funksioni i deputetit ,qendroi ne Budve duke ndjek\" \/>\n<meta property=\"og:url\" content=\"https:\/\/www.visit-ulcinj.com\/blog\/2011\/05\/26\/amir-hollaj-ishte-i-pranishem-konferencen-e-bill-klintonit\/\" \/>\n<meta property=\"og:site_name\" content=\"Lajme nga Ulqini\" \/>\n<meta property=\"article:published_time\" content=\"2011-05-26T10:21:33+00:00\" \/>\n<meta property=\"article:modified_time\" content=\"2011-05-26T18:08:53+00:00\" \/>\n<meta property=\"og:image\" content=\"https:\/\/www.visit-ulcinj.com\/blog\/wp-content\/uploads\/2011\/05\/Amir-Hollaj-ishte-i-pranishem-konferencen-e-Bill-Klintonit_Balkan-Networking_Budva.1-150x150.jpg\" \/>\n<meta name=\"twitter:label1\" content=\"Written by\" \/>\n\t<meta name=\"twitter:data1\" content=\"ulqini\" \/>\n\t<meta name=\"twitter:label2\" content=\"Est. reading time\" \/>\n\t<meta name=\"twitter:data2\" content=\"1 minute\" \/>\n<script type=\"application\/ld+json\" class=\"yoast-schema-graph\">{\"@context\":\"https:\/\/schema.org\",\"@graph\":[{\"@type\":\"WebSite\",\"@id\":\"https:\/\/www.visit-ulcinj.com\/blog\/#website\",\"url\":\"https:\/\/www.visit-ulcinj.com\/blog\/\",\"name\":\"Lajme nga Ulqini\",\"description\":\"Lajme,Vijesti,Ulqini,Ulqin,Crna Gora,Mali i Zi\",\"potentialAction\":[{\"@type\":\"SearchAction\",\"target\":{\"@type\":\"EntryPoint\",\"urlTemplate\":\"https:\/\/www.visit-ulcinj.com\/blog\/?s={search_term_string}\"},\"query-input\":\"required name=search_term_string\"}],\"inLanguage\":\"en-US\"},{\"@type\":\"ImageObject\",\"inLanguage\":\"en-US\",\"@id\":\"https:\/\/www.visit-ulcinj.com\/blog\/2011\/05\/26\/amir-hollaj-ishte-i-pranishem-konferencen-e-bill-klintonit\/#primaryimage\",\"url\":\"https:\/\/www.visit-ulcinj.com\/blog\/wp-content\/uploads\/2011\/05\/Amir-Hollaj-ishte-i-pranishem-konferencen-e-Bill-Klintonit_Balkan-Networking_Budva.jpg\",\"contentUrl\":\"https:\/\/www.visit-ulcinj.com\/blog\/wp-content\/uploads\/2011\/05\/Amir-Hollaj-ishte-i-pranishem-konferencen-e-Bill-Klintonit_Balkan-Networking_Budva.jpg\",\"width\":\"720\",\"height\":\"468\"},{\"@type\":\"WebPage\",\"@id\":\"https:\/\/www.visit-ulcinj.com\/blog\/2011\/05\/26\/amir-hollaj-ishte-i-pranishem-konferencen-e-bill-klintonit\/#webpage\",\"url\":\"https:\/\/www.visit-ulcinj.com\/blog\/2011\/05\/26\/amir-hollaj-ishte-i-pranishem-konferencen-e-bill-klintonit\/\",\"name\":\"Amir Hollaj ishte i pranish\u00ebm konferenc\u00ebn e Bill Klintonit - Lajme nga Ulqini\",\"isPartOf\":{\"@id\":\"https:\/\/www.visit-ulcinj.com\/blog\/#website\"},\"primaryImageOfPage\":{\"@id\":\"https:\/\/www.visit-ulcinj.com\/blog\/2011\/05\/26\/amir-hollaj-ishte-i-pranishem-konferencen-e-bill-klintonit\/#primaryimage\"},\"datePublished\":\"2011-05-26T10:21:33+00:00\",\"dateModified\":\"2011-05-26T18:08:53+00:00\",\"author\":{\"@id\":\"https:\/\/www.visit-ulcinj.com\/blog\/#\/schema\/person\/dcab619c614d3038751c63bc2aadc06d\"},\"description\":\"Deputeti i Koalicionit shqiptar \u201cPerspektiva\u201d, Amir Hollaj, dy dit\u00eb para se jep\u00eb dor\u00ebheqjen nga funksioni i deputetit ,qendroi ne Budve duke ndjek\",\"breadcrumb\":{\"@id\":\"https:\/\/www.visit-ulcinj.com\/blog\/2011\/05\/26\/amir-hollaj-ishte-i-pranishem-konferencen-e-bill-klintonit\/#breadcrumb\"},\"inLanguage\":\"en-US\",\"potentialAction\":[{\"@type\":\"ReadAction\",\"target\":[\"https:\/\/www.visit-ulcinj.com\/blog\/2011\/05\/26\/amir-hollaj-ishte-i-pranishem-konferencen-e-bill-klintonit\/\"]}]},{\"@type\":\"BreadcrumbList\",\"@id\":\"https:\/\/www.visit-ulcinj.com\/blog\/2011\/05\/26\/amir-hollaj-ishte-i-pranishem-konferencen-e-bill-klintonit\/#breadcrumb\",\"itemListElement\":[{\"@type\":\"ListItem\",\"position\":1,\"name\":\"Amir Hollaj ishte i pranish\u00ebm konferenc\u00ebn e Bill Klintonit\"}]},{\"@type\":\"Person\",\"@id\":\"https:\/\/www.visit-ulcinj.com\/blog\/#\/schema\/person\/dcab619c614d3038751c63bc2aadc06d\",\"name\":\"ulqini\",\"sameAs\":[\"http:\/\/www.visit-ulcinj.com\"],\"url\":\"https:\/\/www.visit-ulcinj.com\/blog\/author\/admin\/\"}]}<\/script>\n<!-- \/ Yoast SEO plugin. -->","yoast_head_json":{"title":"Amir Hollaj ishte i pranish\u00ebm konferenc\u00ebn e Bill Klintonit - Lajme nga Ulqini","description":"Deputeti i Koalicionit shqiptar \u201cPerspektiva\u201d, Amir Hollaj, dy dit\u00eb para se jep\u00eb dor\u00ebheqjen nga funksioni i deputetit ,qendroi ne Budve duke ndjek","robots":{"index":"index","follow":"follow","max-snippet":"max-snippet:-1","max-image-preview":"max-image-preview:large","max-video-preview":"max-video-preview:-1"},"canonical":"https:\/\/www.visit-ulcinj.com\/blog\/2011\/05\/26\/amir-hollaj-ishte-i-pranishem-konferencen-e-bill-klintonit\/","og_locale":"en_US","og_type":"article","og_title":"Amir Hollaj ishte i pranish\u00ebm konferenc\u00ebn e Bill Klintonit - Lajme nga Ulqini","og_description":"Deputeti i Koalicionit shqiptar \u201cPerspektiva\u201d, Amir Hollaj, dy dit\u00eb para se jep\u00eb dor\u00ebheqjen nga funksioni i deputetit ,qendroi ne Budve duke ndjek","og_url":"https:\/\/www.visit-ulcinj.com\/blog\/2011\/05\/26\/amir-hollaj-ishte-i-pranishem-konferencen-e-bill-klintonit\/","og_site_name":"Lajme nga Ulqini","article_published_time":"2011-05-26T10:21:33+00:00","article_modified_time":"2011-05-26T18:08:53+00:00","og_image":[{"url":"https:\/\/www.visit-ulcinj.com\/blog\/wp-content\/uploads\/2011\/05\/Amir-Hollaj-ishte-i-pranishem-konferencen-e-Bill-Klintonit_Balkan-Networking_Budva.1-150x150.jpg"}],"twitter_misc":{"Written by":"ulqini","Est. reading time":"1 minute"},"schema":{"@context":"https:\/\/schema.org","@graph":[{"@type":"WebSite","@id":"https:\/\/www.visit-ulcinj.com\/blog\/#website","url":"https:\/\/www.visit-ulcinj.com\/blog\/","name":"Lajme nga Ulqini","description":"Lajme,Vijesti,Ulqini,Ulqin,Crna Gora,Mali i Zi","potentialAction":[{"@type":"SearchAction","target":{"@type":"EntryPoint","urlTemplate":"https:\/\/www.visit-ulcinj.com\/blog\/?s={search_term_string}"},"query-input":"required name=search_term_string"}],"inLanguage":"en-US"},{"@type":"ImageObject","inLanguage":"en-US","@id":"https:\/\/www.visit-ulcinj.com\/blog\/2011\/05\/26\/amir-hollaj-ishte-i-pranishem-konferencen-e-bill-klintonit\/#primaryimage","url":"https:\/\/www.visit-ulcinj.com\/blog\/wp-content\/uploads\/2011\/05\/Amir-Hollaj-ishte-i-pranishem-konferencen-e-Bill-Klintonit_Balkan-Networking_Budva.jpg","contentUrl":"https:\/\/www.visit-ulcinj.com\/blog\/wp-content\/uploads\/2011\/05\/Amir-Hollaj-ishte-i-pranishem-konferencen-e-Bill-Klintonit_Balkan-Networking_Budva.jpg","width":"720","height":"468"},{"@type":"WebPage","@id":"https:\/\/www.visit-ulcinj.com\/blog\/2011\/05\/26\/amir-hollaj-ishte-i-pranishem-konferencen-e-bill-klintonit\/#webpage","url":"https:\/\/www.visit-ulcinj.com\/blog\/2011\/05\/26\/amir-hollaj-ishte-i-pranishem-konferencen-e-bill-klintonit\/","name":"Amir Hollaj ishte i pranish\u00ebm konferenc\u00ebn e Bill Klintonit - Lajme nga Ulqini","isPartOf":{"@id":"https:\/\/www.visit-ulcinj.com\/blog\/#website"},"primaryImageOfPage":{"@id":"https:\/\/www.visit-ulcinj.com\/blog\/2011\/05\/26\/amir-hollaj-ishte-i-pranishem-konferencen-e-bill-klintonit\/#primaryimage"},"datePublished":"2011-05-26T10:21:33+00:00","dateModified":"2011-05-26T18:08:53+00:00","author":{"@id":"https:\/\/www.visit-ulcinj.com\/blog\/#\/schema\/person\/dcab619c614d3038751c63bc2aadc06d"},"description":"Deputeti i Koalicionit shqiptar \u201cPerspektiva\u201d, Amir Hollaj, dy dit\u00eb para se jep\u00eb dor\u00ebheqjen nga funksioni i deputetit ,qendroi ne Budve duke ndjek","breadcrumb":{"@id":"https:\/\/www.visit-ulcinj.com\/blog\/2011\/05\/26\/amir-hollaj-ishte-i-pranishem-konferencen-e-bill-klintonit\/#breadcrumb"},"inLanguage":"en-US","potentialAction":[{"@type":"ReadAction","target":["https:\/\/www.visit-ulcinj.com\/blog\/2011\/05\/26\/amir-hollaj-ishte-i-pranishem-konferencen-e-bill-klintonit\/"]}]},{"@type":"BreadcrumbList","@id":"https:\/\/www.visit-ulcinj.com\/blog\/2011\/05\/26\/amir-hollaj-ishte-i-pranishem-konferencen-e-bill-klintonit\/#breadcrumb","itemListElement":[{"@type":"ListItem","position":1,"name":"Amir Hollaj ishte i pranish\u00ebm konferenc\u00ebn e Bill Klintonit"}]},{"@type":"Person","@id":"https:\/\/www.visit-ulcinj.com\/blog\/#\/schema\/person\/dcab619c614d3038751c63bc2aadc06d","name":"ulqini","sameAs":["http:\/\/www.visit-ulcinj.com"],"url":"https:\/\/www.visit-ulcinj.com\/blog\/author\/admin\/"}]}},"jetpack_featured_media_url":"","jetpack_sharing_enabled":true,"jetpack_shortlink":"https:\/\/wp.me\/pe6lTn-ccN","_links":{"self":[{"href":"https:\/\/www.visit-ulcinj.com\/blog\/wp-json\/wp\/v2\/posts\/46921"}],"collection":[{"href":"https:\/\/www.visit-ulcinj.com\/blog\/wp-json\/wp\/v2\/posts"}],"about":[{"href":"https:\/\/www.visit-ulcinj.com\/blog\/wp-json\/wp\/v2\/types\/post"}],"author":[{"embeddable":true,"href":"https:\/\/www.visit-ulcinj.com\/blog\/wp-json\/wp\/v2\/users\/1"}],"replies":[{"embeddable":true,"href":"https:\/\/www.visit-ulcinj.com\/blog\/wp-json\/wp\/v2\/comments?post=46921"}],"version-history":[{"count":0,"href":"https:\/\/www.visit-ulcinj.com\/blog\/wp-json\/wp\/v2\/posts\/46921\/revisions"}],"wp:attachment":[{"href":"https:\/\/www.visit-ulcinj.com\/blog\/wp-json\/wp\/v2\/media?parent=46921"}],"wp:term":[{"taxonomy":"category","embeddable":true,"href":"https:\/\/www.visit-ulcinj.com\/blog\/wp-json\/wp\/v2\/categories?post=46921"},{"taxonomy":"post_tag","embeddable":true,"href":"https:\/\/www.visit-ulcinj.com\/blog\/wp-json\/wp\/v2\/tags?post=46921"}],"curies":[{"name":"wp","href":"https:\/\/api.w.org\/{rel}","templated":true}]}}