{"id":46935,"date":"2011-05-26T19:03:02","date_gmt":"2011-05-26T18:03:02","guid":{"rendered":"http:\/\/www.visit-ulcinj.com\/blog\/?p=46935"},"modified":"2011-06-01T15:51:23","modified_gmt":"2011-06-01T14:51:23","slug":"kumtese-cka-propozojne-dps-sdp-dhe-snp-per-popujt-pakice","status":"publish","type":"post","link":"https:\/\/www.visit-ulcinj.com\/blog\/2011\/05\/26\/kumtese-cka-propozojne-dps-sdp-dhe-snp-per-popujt-pakice\/","title":{"rendered":"Kumtes\u00eb: \u00c7ka propozojn\u00eb DPS, SDP dhe SNP p\u00ebr popujt pakic\u00eb"},"content":{"rendered":"<p><strong><a href=\"http:\/\/www.visit-ulcinj.com\/blog\/wp-content\/uploads\/2011\/05\/FORCA-E-RE-DEMOKRATIKE-ULQIN.jpg\"><img loading=\"lazy\" class=\"alignleft size-full wp-image-46936\" title=\"FORCA E RE DEMOKRATIKE ULQIN\" src=\"http:\/\/www.visit-ulcinj.com\/blog\/wp-content\/uploads\/2011\/05\/FORCA-E-RE-DEMOKRATIKE-ULQIN.jpg\" alt=\"\" width=\"508\" height=\"380\" srcset=\"https:\/\/www.visit-ulcinj.com\/blog\/wp-content\/uploads\/2011\/05\/FORCA-E-RE-DEMOKRATIKE-ULQIN.jpg 720w, https:\/\/www.visit-ulcinj.com\/blog\/wp-content\/uploads\/2011\/05\/FORCA-E-RE-DEMOKRATIKE-ULQIN-300x225.jpg 300w\" sizes=\"(max-width: 508px) 100vw, 508px\" \/><\/a>Ulqin, 26.05.2011<\/strong><\/p>\n<p><strong>Nr: 115 \/ 11<\/strong><\/p>\n<p>Interpretimi i q\u00ebndrimeve dhe vendimeve t\u00eb Komisionit Venecian lidhur me ligjin zgjedhor\u00eb t\u00eb Malit t\u00eb Zi shtij\u00ebn huti dhe brengosje tek qytetar\u00ebt e posa\u00e7\u00ebrisht tek popujt pakic\u00eb t\u00eb cil\u00ebt duhet t\u00eb jen\u00eb posa\u00e7\u00ebrisht t\u00eb trajtuar dhe respektuar me masa afirmative<\/p>\n<p>Kushtetuta e Malit t\u00eb Zi \u00ebsht\u00eb e qart\u00eb dhe garanton p\u00ebrfaq\u00ebsimin autentik t\u00eb popujve pakic\u00eb. Gjithashtu, ligji p\u00ebr t\u00eb drejtat e pakicave garanton p\u00ebrfaq\u00ebsimin proporcional dhe t\u00eb drejtat e arritura, k\u00ebshtu q\u00eb q\u00ebndrimet e p\u00ebrfaq\u00ebsueseve t\u00eb partive shqiptare jan\u00eb t\u00eb qarta<\/p>\n<p><strong>P\u00ebrse p\u00ebrfaq\u00ebsuesit e partive opozitare shqiptare nuk e p\u00ebrkrahin propozimin e ri?<\/strong><\/p>\n<p>Prej pes\u00eb mandateve t\u00eb deritanishme, sipas propozimit t\u00eb ri parashihet q\u00eb shqiptar\u00ebt mund t\u00eb ken\u00eb me s\u00eb shumti dy vende n\u00eb Parlamentin e Malit te Zi, do t\u00eb thot\u00eb tre mandate m\u00eb pak\u00eb se sa numri i p\u00ebrfaq\u00ebsueseve tani.<\/p>\n<p>Komisioni Venecian ka dh\u00ebn\u00eb propozime dhe sugjerime dhe n\u00eb pik\u00ebn 15, q\u00ebndrimet dhe rekomandimet konstaton se ky \u00ebsht\u00eb momenti q\u00eb t\u00eb hartohet nj\u00eb tekst i qart\u00eb i Ligjit.<\/p>\n<p>Komisioni Venecian nuk mund t\u00eb kuptoj\u00eb se dikush mund t\u00eb propozoj\u00eb kufizimin prej 3% p\u00ebr popujt pakic\u00eb dhe t\u00eb gjitha votat mbi k\u00ebt\u00eb p\u00ebrqindje shkojn\u00eb bosh.<\/p>\n<p>N\u00eb megjithat\u00eb shpresojm\u00eb se do t\u00eb gjendet propozimi i arsyesh\u00ebm i cili do t\u00eb siguroj\u00eb llogaritjen e secil\u00ebs vot\u00eb dhe jo t\u00eb miratohet propozimi i cili anashkalon pakicat q\u00eb formuan k\u00ebt\u00eb shtet.<\/p>\n<p>&nbsp;<\/p>\n<p><strong>Sh\u00ebrbimi p\u00ebr informim i Forc\u00ebs<br \/>\n<!--YouTube Error: bad URL entered--><\/strong><\/p>\n","protected":false},"excerpt":{"rendered":"<p>Ulqin, 26.05.2011 Nr: 115 \/ 11 Interpretimi i q\u00ebndrimeve dhe vendimeve t\u00eb Komisionit Venecian lidhur me ligjin zgjedhor\u00eb t\u00eb Malit t\u00eb Zi shtij\u00ebn huti dhe brengosje tek qytetar\u00ebt e posa\u00e7\u00ebrisht tek popujt pakic\u00eb t\u00eb cil\u00ebt duhet t\u00eb jen\u00eb posa\u00e7\u00ebrisht t\u00eb trajtuar dhe respektuar me masa afirmative Kushtetuta e Malit t\u00eb Zi \u00ebsht\u00eb e qart\u00eb dhe [&hellip;]<\/p>\n","protected":false},"author":1,"featured_media":0,"comment_status":"open","ping_status":"closed","sticky":false,"template":"","format":"standard","meta":{"spay_email":"","jetpack_publicize_message":"","jetpack_is_tweetstorm":false,"jetpack_publicize_feature_enabled":true},"categories":[11],"tags":[874,200],"jetpack_publicize_connections":[],"yoast_head":"<!-- This site is optimized with the Yoast SEO plugin v19.1 - https:\/\/yoast.com\/wordpress\/plugins\/seo\/ -->\n<title>Kumtes\u00eb: \u00c7ka propozojn\u00eb DPS, SDP dhe SNP p\u00ebr popujt pakic\u00eb - Lajme nga Ulqini<\/title>\n<meta name=\"description\" content=\"Ulqin, 26.05.2011 Nr: 115 \/ 11 Interpretimi i q\u00ebndrimeve dhe vendimeve t\u00eb Komisionit Venecian lidhur me ligjin zgjedhor\u00eb t\u00eb Malit t\u00eb Zi shtij\u00ebn huti dhe\" \/>\n<meta name=\"robots\" content=\"index, follow, max-snippet:-1, max-image-preview:large, max-video-preview:-1\" \/>\n<link rel=\"canonical\" href=\"https:\/\/www.visit-ulcinj.com\/blog\/2011\/05\/26\/kumtese-cka-propozojne-dps-sdp-dhe-snp-per-popujt-pakice\/\" \/>\n<meta property=\"og:locale\" content=\"en_US\" \/>\n<meta property=\"og:type\" content=\"article\" \/>\n<meta property=\"og:title\" content=\"Kumtes\u00eb: \u00c7ka propozojn\u00eb DPS, SDP dhe SNP p\u00ebr popujt pakic\u00eb - Lajme nga Ulqini\" \/>\n<meta property=\"og:description\" content=\"Ulqin, 26.05.2011 Nr: 115 \/ 11 Interpretimi i q\u00ebndrimeve dhe vendimeve t\u00eb Komisionit Venecian lidhur me ligjin zgjedhor\u00eb t\u00eb Malit t\u00eb Zi shtij\u00ebn huti dhe\" \/>\n<meta property=\"og:url\" content=\"https:\/\/www.visit-ulcinj.com\/blog\/2011\/05\/26\/kumtese-cka-propozojne-dps-sdp-dhe-snp-per-popujt-pakice\/\" \/>\n<meta property=\"og:site_name\" content=\"Lajme nga Ulqini\" \/>\n<meta property=\"article:published_time\" content=\"2011-05-26T18:03:02+00:00\" \/>\n<meta property=\"article:modified_time\" content=\"2011-06-01T14:51:23+00:00\" \/>\n<meta property=\"og:image\" content=\"http:\/\/www.visit-ulcinj.com\/blog\/wp-content\/uploads\/2011\/05\/FORCA-E-RE-DEMOKRATIKE-ULQIN.jpg\" \/>\n<meta name=\"twitter:label1\" content=\"Written by\" \/>\n\t<meta name=\"twitter:data1\" content=\"ulqini\" \/>\n\t<meta name=\"twitter:label2\" content=\"Est. reading time\" \/>\n\t<meta name=\"twitter:data2\" content=\"1 minute\" \/>\n<script type=\"application\/ld+json\" class=\"yoast-schema-graph\">{\"@context\":\"https:\/\/schema.org\",\"@graph\":[{\"@type\":\"WebSite\",\"@id\":\"https:\/\/www.visit-ulcinj.com\/blog\/#website\",\"url\":\"https:\/\/www.visit-ulcinj.com\/blog\/\",\"name\":\"Lajme nga Ulqini\",\"description\":\"Lajme,Vijesti,Ulqini,Ulqin,Crna Gora,Mali i Zi\",\"potentialAction\":[{\"@type\":\"SearchAction\",\"target\":{\"@type\":\"EntryPoint\",\"urlTemplate\":\"https:\/\/www.visit-ulcinj.com\/blog\/?s={search_term_string}\"},\"query-input\":\"required name=search_term_string\"}],\"inLanguage\":\"en-US\"},{\"@type\":\"ImageObject\",\"inLanguage\":\"en-US\",\"@id\":\"https:\/\/www.visit-ulcinj.com\/blog\/2011\/05\/26\/kumtese-cka-propozojne-dps-sdp-dhe-snp-per-popujt-pakice\/#primaryimage\",\"url\":\"https:\/\/www.visit-ulcinj.com\/blog\/wp-content\/uploads\/2011\/05\/FORCA-E-RE-DEMOKRATIKE-ULQIN.jpg\",\"contentUrl\":\"https:\/\/www.visit-ulcinj.com\/blog\/wp-content\/uploads\/2011\/05\/FORCA-E-RE-DEMOKRATIKE-ULQIN.jpg\",\"width\":\"720\",\"height\":\"540\"},{\"@type\":\"WebPage\",\"@id\":\"https:\/\/www.visit-ulcinj.com\/blog\/2011\/05\/26\/kumtese-cka-propozojne-dps-sdp-dhe-snp-per-popujt-pakice\/#webpage\",\"url\":\"https:\/\/www.visit-ulcinj.com\/blog\/2011\/05\/26\/kumtese-cka-propozojne-dps-sdp-dhe-snp-per-popujt-pakice\/\",\"name\":\"Kumtes\u00eb: \u00c7ka propozojn\u00eb DPS, SDP dhe SNP p\u00ebr popujt pakic\u00eb - Lajme nga Ulqini\",\"isPartOf\":{\"@id\":\"https:\/\/www.visit-ulcinj.com\/blog\/#website\"},\"primaryImageOfPage\":{\"@id\":\"https:\/\/www.visit-ulcinj.com\/blog\/2011\/05\/26\/kumtese-cka-propozojne-dps-sdp-dhe-snp-per-popujt-pakice\/#primaryimage\"},\"datePublished\":\"2011-05-26T18:03:02+00:00\",\"dateModified\":\"2011-06-01T14:51:23+00:00\",\"author\":{\"@id\":\"https:\/\/www.visit-ulcinj.com\/blog\/#\/schema\/person\/dcab619c614d3038751c63bc2aadc06d\"},\"description\":\"Ulqin, 26.05.2011 Nr: 115 \/ 11 Interpretimi i q\u00ebndrimeve dhe vendimeve t\u00eb Komisionit Venecian lidhur me ligjin zgjedhor\u00eb t\u00eb Malit t\u00eb Zi shtij\u00ebn huti dhe\",\"breadcrumb\":{\"@id\":\"https:\/\/www.visit-ulcinj.com\/blog\/2011\/05\/26\/kumtese-cka-propozojne-dps-sdp-dhe-snp-per-popujt-pakice\/#breadcrumb\"},\"inLanguage\":\"en-US\",\"potentialAction\":[{\"@type\":\"ReadAction\",\"target\":[\"https:\/\/www.visit-ulcinj.com\/blog\/2011\/05\/26\/kumtese-cka-propozojne-dps-sdp-dhe-snp-per-popujt-pakice\/\"]}]},{\"@type\":\"BreadcrumbList\",\"@id\":\"https:\/\/www.visit-ulcinj.com\/blog\/2011\/05\/26\/kumtese-cka-propozojne-dps-sdp-dhe-snp-per-popujt-pakice\/#breadcrumb\",\"itemListElement\":[{\"@type\":\"ListItem\",\"position\":1,\"name\":\"Kumtes\u00eb: \u00c7ka propozojn\u00eb DPS, SDP dhe SNP p\u00ebr popujt pakic\u00eb\"}]},{\"@type\":\"Person\",\"@id\":\"https:\/\/www.visit-ulcinj.com\/blog\/#\/schema\/person\/dcab619c614d3038751c63bc2aadc06d\",\"name\":\"ulqini\",\"sameAs\":[\"http:\/\/www.visit-ulcinj.com\"],\"url\":\"https:\/\/www.visit-ulcinj.com\/blog\/author\/admin\/\"}]}<\/script>\n<!-- \/ Yoast SEO plugin. -->","yoast_head_json":{"title":"Kumtes\u00eb: \u00c7ka propozojn\u00eb DPS, SDP dhe SNP p\u00ebr popujt pakic\u00eb - Lajme nga Ulqini","description":"Ulqin, 26.05.2011 Nr: 115 \/ 11 Interpretimi i q\u00ebndrimeve dhe vendimeve t\u00eb Komisionit Venecian lidhur me ligjin zgjedhor\u00eb t\u00eb Malit t\u00eb Zi shtij\u00ebn huti dhe","robots":{"index":"index","follow":"follow","max-snippet":"max-snippet:-1","max-image-preview":"max-image-preview:large","max-video-preview":"max-video-preview:-1"},"canonical":"https:\/\/www.visit-ulcinj.com\/blog\/2011\/05\/26\/kumtese-cka-propozojne-dps-sdp-dhe-snp-per-popujt-pakice\/","og_locale":"en_US","og_type":"article","og_title":"Kumtes\u00eb: \u00c7ka propozojn\u00eb DPS, SDP dhe SNP p\u00ebr popujt pakic\u00eb - Lajme nga Ulqini","og_description":"Ulqin, 26.05.2011 Nr: 115 \/ 11 Interpretimi i q\u00ebndrimeve dhe vendimeve t\u00eb Komisionit Venecian lidhur me ligjin zgjedhor\u00eb t\u00eb Malit t\u00eb Zi shtij\u00ebn huti dhe","og_url":"https:\/\/www.visit-ulcinj.com\/blog\/2011\/05\/26\/kumtese-cka-propozojne-dps-sdp-dhe-snp-per-popujt-pakice\/","og_site_name":"Lajme nga Ulqini","article_published_time":"2011-05-26T18:03:02+00:00","article_modified_time":"2011-06-01T14:51:23+00:00","og_image":[{"url":"http:\/\/www.visit-ulcinj.com\/blog\/wp-content\/uploads\/2011\/05\/FORCA-E-RE-DEMOKRATIKE-ULQIN.jpg"}],"twitter_misc":{"Written by":"ulqini","Est. reading time":"1 minute"},"schema":{"@context":"https:\/\/schema.org","@graph":[{"@type":"WebSite","@id":"https:\/\/www.visit-ulcinj.com\/blog\/#website","url":"https:\/\/www.visit-ulcinj.com\/blog\/","name":"Lajme nga Ulqini","description":"Lajme,Vijesti,Ulqini,Ulqin,Crna Gora,Mali i Zi","potentialAction":[{"@type":"SearchAction","target":{"@type":"EntryPoint","urlTemplate":"https:\/\/www.visit-ulcinj.com\/blog\/?s={search_term_string}"},"query-input":"required name=search_term_string"}],"inLanguage":"en-US"},{"@type":"ImageObject","inLanguage":"en-US","@id":"https:\/\/www.visit-ulcinj.com\/blog\/2011\/05\/26\/kumtese-cka-propozojne-dps-sdp-dhe-snp-per-popujt-pakice\/#primaryimage","url":"https:\/\/www.visit-ulcinj.com\/blog\/wp-content\/uploads\/2011\/05\/FORCA-E-RE-DEMOKRATIKE-ULQIN.jpg","contentUrl":"https:\/\/www.visit-ulcinj.com\/blog\/wp-content\/uploads\/2011\/05\/FORCA-E-RE-DEMOKRATIKE-ULQIN.jpg","width":"720","height":"540"},{"@type":"WebPage","@id":"https:\/\/www.visit-ulcinj.com\/blog\/2011\/05\/26\/kumtese-cka-propozojne-dps-sdp-dhe-snp-per-popujt-pakice\/#webpage","url":"https:\/\/www.visit-ulcinj.com\/blog\/2011\/05\/26\/kumtese-cka-propozojne-dps-sdp-dhe-snp-per-popujt-pakice\/","name":"Kumtes\u00eb: \u00c7ka propozojn\u00eb DPS, SDP dhe SNP p\u00ebr popujt pakic\u00eb - Lajme nga Ulqini","isPartOf":{"@id":"https:\/\/www.visit-ulcinj.com\/blog\/#website"},"primaryImageOfPage":{"@id":"https:\/\/www.visit-ulcinj.com\/blog\/2011\/05\/26\/kumtese-cka-propozojne-dps-sdp-dhe-snp-per-popujt-pakice\/#primaryimage"},"datePublished":"2011-05-26T18:03:02+00:00","dateModified":"2011-06-01T14:51:23+00:00","author":{"@id":"https:\/\/www.visit-ulcinj.com\/blog\/#\/schema\/person\/dcab619c614d3038751c63bc2aadc06d"},"description":"Ulqin, 26.05.2011 Nr: 115 \/ 11 Interpretimi i q\u00ebndrimeve dhe vendimeve t\u00eb Komisionit Venecian lidhur me ligjin zgjedhor\u00eb t\u00eb Malit t\u00eb Zi shtij\u00ebn huti dhe","breadcrumb":{"@id":"https:\/\/www.visit-ulcinj.com\/blog\/2011\/05\/26\/kumtese-cka-propozojne-dps-sdp-dhe-snp-per-popujt-pakice\/#breadcrumb"},"inLanguage":"en-US","potentialAction":[{"@type":"ReadAction","target":["https:\/\/www.visit-ulcinj.com\/blog\/2011\/05\/26\/kumtese-cka-propozojne-dps-sdp-dhe-snp-per-popujt-pakice\/"]}]},{"@type":"BreadcrumbList","@id":"https:\/\/www.visit-ulcinj.com\/blog\/2011\/05\/26\/kumtese-cka-propozojne-dps-sdp-dhe-snp-per-popujt-pakice\/#breadcrumb","itemListElement":[{"@type":"ListItem","position":1,"name":"Kumtes\u00eb: \u00c7ka propozojn\u00eb DPS, SDP dhe SNP p\u00ebr popujt pakic\u00eb"}]},{"@type":"Person","@id":"https:\/\/www.visit-ulcinj.com\/blog\/#\/schema\/person\/dcab619c614d3038751c63bc2aadc06d","name":"ulqini","sameAs":["http:\/\/www.visit-ulcinj.com"],"url":"https:\/\/www.visit-ulcinj.com\/blog\/author\/admin\/"}]}},"jetpack_featured_media_url":"","jetpack_sharing_enabled":true,"jetpack_shortlink":"https:\/\/wp.me\/pe6lTn-cd1","_links":{"self":[{"href":"https:\/\/www.visit-ulcinj.com\/blog\/wp-json\/wp\/v2\/posts\/46935"}],"collection":[{"href":"https:\/\/www.visit-ulcinj.com\/blog\/wp-json\/wp\/v2\/posts"}],"about":[{"href":"https:\/\/www.visit-ulcinj.com\/blog\/wp-json\/wp\/v2\/types\/post"}],"author":[{"embeddable":true,"href":"https:\/\/www.visit-ulcinj.com\/blog\/wp-json\/wp\/v2\/users\/1"}],"replies":[{"embeddable":true,"href":"https:\/\/www.visit-ulcinj.com\/blog\/wp-json\/wp\/v2\/comments?post=46935"}],"version-history":[{"count":0,"href":"https:\/\/www.visit-ulcinj.com\/blog\/wp-json\/wp\/v2\/posts\/46935\/revisions"}],"wp:attachment":[{"href":"https:\/\/www.visit-ulcinj.com\/blog\/wp-json\/wp\/v2\/media?parent=46935"}],"wp:term":[{"taxonomy":"category","embeddable":true,"href":"https:\/\/www.visit-ulcinj.com\/blog\/wp-json\/wp\/v2\/categories?post=46935"},{"taxonomy":"post_tag","embeddable":true,"href":"https:\/\/www.visit-ulcinj.com\/blog\/wp-json\/wp\/v2\/tags?post=46935"}],"curies":[{"name":"wp","href":"https:\/\/api.w.org\/{rel}","templated":true}]}}